{"id":26345,"date":"2020-05-18T13:20:55","date_gmt":"2020-05-18T13:20:55","guid":{"rendered":"https:\/\/jorgezanoni.com.br\/2019\/?p=26345"},"modified":"2020-05-18T13:20:55","modified_gmt":"2020-05-18T13:20:55","slug":"marido-e-suspeito-de-matar-esposa-a-pauladas-em-panorama","status":"publish","type":"post","link":"https:\/\/jorgezanoni.com.br\/2019\/marido-e-suspeito-de-matar-esposa-a-pauladas-em-panorama\/","title":{"rendered":"Marido \u00e9 suspeito de matar esposa a pauladas em Panorama"},"content":{"rendered":"<p style=\"text-align: justify;\"><strong>Uma mulher morreu, em\u00a0Panorama, ap\u00f3s ser agredida a pauladas pelo pr\u00f3prio marido. A ocorr\u00eancia foi registrada por volta das 21h deste domingo (17). O homem segue foragido da pol\u00edcia.<\/strong><\/p>\n<p style=\"text-align: justify;\">O corpo de Franciele Martins Domingues da Concei\u00e7\u00e3o v\u00edtima foi localizado em um terreno no bairro Marrecas, com ferimentos na cabe\u00e7a. De acordo com o delegado Alessandro Baroni, o agressor Elias Henrique Pereira de Azevedo, de 34 anos, teria batido na v\u00edtima com um cabo de machado.<\/p>\n<p style=\"text-align: justify;\">Durante a briga, a v\u00edtima pulou o muro e tentou fugir da casa, mas o agressor a alcan\u00e7ou.<\/p>\n<p style=\"text-align: justify;\"><img loading=\"lazy\" decoding=\"async\" class=\"aligncenter\" src=\"https:\/\/scontent-gru1-1.xx.fbcdn.net\/v\/t1.0-9\/98272830_732551090883918_99644525462421504_n.jpg?_nc_cat=103&amp;_nc_sid=8024bb&amp;_nc_ohc=lAueVxGiSRMAX9XVf2K&amp;_nc_ht=scontent-gru1-1.xx&amp;oh=bb5e3f766d28a8bc3502c1162fee91a4&amp;oe=5EE71CCE\" alt=\"A imagem pode conter: 1 pessoa, close-up\" width=\"294\" height=\"490\" \/><\/p>\n<p style=\"text-align: justify;\">Quando foi localizada, a mulher ainda estava viva e foi socorrida ao Pronto-Socorro local, mas n\u00e3o resistiu e morreu.<\/p>\n<p style=\"text-align: justify;\">Ainda conforme o delegado, j\u00e1 havia um hist\u00f3rico de agress\u00e3o familiar entre eles.<\/p>\n<p style=\"text-align: justify;\">A per\u00edcia foi at\u00e9 o local e um inqu\u00e9rito policial foi aberto pela Pol\u00edcia Civil. O fato foi registrado como homic\u00eddio qualificado e feminic\u00eddio.<\/p>\n<p style=\"text-align: justify;\">Fonte: G1 e Panorama Not\u00edcias<\/p>\n<p style=\"text-align: justify;\">\n","protected":false},"excerpt":{"rendered":"<p>Uma mulher morreu, em\u00a0Panorama, ap\u00f3s ser agredida a pauladas pelo pr\u00f3prio marido. A ocorr\u00eancia foi registrada por volta das 21h deste domingo (17). O homem segue foragido da pol\u00edcia. O corpo de Franciele Martins Domingues da Concei\u00e7\u00e3o v\u00edtima foi localizado em um terreno no bairro Marrecas, com ferimentos na cabe\u00e7a. De acordo com o delegado [&hellip;]<\/p>\n","protected":false},"author":1,"featured_media":26346,"comment_status":"closed","ping_status":"open","sticky":false,"template":"","format":"standard","meta":{"footnotes":""},"categories":[110,2],"tags":[],"class_list":["post-26345","post","type-post","status-publish","format-standard","has-post-thumbnail","hentry","category-noticiasdestaque","category-policial"],"_links":{"self":[{"href":"https:\/\/jorgezanoni.com.br\/2019\/wp-json\/wp\/v2\/posts\/26345","targetHints":{"allow":["GET"]}}],"collection":[{"href":"https:\/\/jorgezanoni.com.br\/2019\/wp-json\/wp\/v2\/posts"}],"about":[{"href":"https:\/\/jorgezanoni.com.br\/2019\/wp-json\/wp\/v2\/types\/post"}],"author":[{"embeddable":true,"href":"https:\/\/jorgezanoni.com.br\/2019\/wp-json\/wp\/v2\/users\/1"}],"replies":[{"embeddable":true,"href":"https:\/\/jorgezanoni.com.br\/2019\/wp-json\/wp\/v2\/comments?post=26345"}],"version-history":[{"count":0,"href":"https:\/\/jorgezanoni.com.br\/2019\/wp-json\/wp\/v2\/posts\/26345\/revisions"}],"wp:featuredmedia":[{"embeddable":true,"href":"https:\/\/jorgezanoni.com.br\/2019\/wp-json\/wp\/v2\/media\/26346"}],"wp:attachment":[{"href":"https:\/\/jorgezanoni.com.br\/2019\/wp-json\/wp\/v2\/media?parent=26345"}],"wp:term":[{"taxonomy":"category","embeddable":true,"href":"https:\/\/jorgezanoni.com.br\/2019\/wp-json\/wp\/v2\/categories?post=26345"},{"taxonomy":"post_tag","embeddable":true,"href":"https:\/\/jorgezanoni.com.br\/2019\/wp-json\/wp\/v2\/tags?post=26345"}],"curies":[{"name":"wp","href":"https:\/\/api.w.org\/{rel}","templated":true}]}}