{"id":26339,"date":"2020-05-18T00:26:25","date_gmt":"2020-05-18T00:26:25","guid":{"rendered":"https:\/\/jorgezanoni.com.br\/2019\/?p=26339"},"modified":"2020-05-18T00:26:25","modified_gmt":"2020-05-18T00:26:25","slug":"governo-publica-calendario-da-2a-parcela-do-auxilio-emergencial","status":"publish","type":"post","link":"https:\/\/jorgezanoni.com.br\/2019\/governo-publica-calendario-da-2a-parcela-do-auxilio-emergencial\/","title":{"rendered":"Governo publica calend\u00e1rio da 2\u00aa parcela do Aux\u00edlio Emergencial"},"content":{"rendered":"<h2 class=\"content-head__subtitle\" style=\"text-align: justify;\"><strong>Pagamentos, que est\u00e3o mais de 2 semanas atrasados, come\u00e7am a partir de segunda-feira (18) e seguem at\u00e9 13 de junho. Governo tamb\u00e9m alterou recebimento para quem indicou conta j\u00e1 existente, e restringiu uso da poupan\u00e7a digital da Caixa.<\/strong><\/h2>\n<div class=\"mc-column content-text active-extra-styles \" data-block-type=\"unstyled\" data-block-weight=\"48\" data-block-id=\"2\">\n<p class=\"content-text__container \" style=\"text-align: justify;\" data-track-category=\"Link no Texto\" data-track-links=\"\">O calend\u00e1rio do pagamento da 2\u00aa parcela do\u00a0<a href=\"https:\/\/g1.globo.com\/economia\/auxilio-emergencial\/\"><strong>Aux\u00edlio Emergencial\u00a0<\/strong><\/a>foi publicado no<a href=\"http:\/\/www.in.gov.br\/en\/web\/dou\/-\/portaria-n-386-de-14-de-maio-de-2020-256966838\" target=\"_blank\" rel=\"noopener noreferrer\">\u00a0Di\u00e1rio Oficial da Uni\u00e3o desta sexta-feira (15)<\/a>. O cronograma come\u00e7a a partir de segunda-feira (18) e seguir\u00e1 at\u00e9 13 de junho.\u00a0<strong>O calend\u00e1rio da terceira parcela, que estava prevista para maio, continua sem defini\u00e7\u00e3o<\/strong>.<\/p>\n<\/div>\n<div class=\"wall protected-content\">\n<div class=\"mc-column content-text active-extra-styles \" style=\"text-align: justify;\" data-block-type=\"unstyled\" data-block-weight=\"36\" data-block-id=\"3\">\n<p class=\"content-text__container \" data-track-category=\"Link no Texto\" data-track-links=\"\">O calend\u00e1rio da segunda parcela tamb\u00e9m\u00a0<strong>vale apenas para quem recebeu a primeira parcela at\u00e9 30 de abril<\/strong>. O governo n\u00e3o informou quando vai pagar a segunda parcela para quem receber a primeira depois desta data.<\/p>\n<\/div>\n<div class=\"mc-column content-text active-extra-styles \" style=\"text-align: justify;\" data-block-type=\"unstyled\" data-block-weight=\"7\" data-block-id=\"4\">\n<p class=\"content-text__container \" data-track-category=\"Link no Texto\" data-track-links=\"\"><strong>Veja os calend\u00e1rios mais abaixo nesta reportagem<\/strong><\/p>\n<\/div>\n<div class=\"mc-column content-text active-extra-styles \" style=\"text-align: justify;\" data-block-type=\"unstyled\" data-block-weight=\"18\" data-block-id=\"5\">\n<p class=\"content-text__container \" data-track-category=\"Link no Texto\" data-track-links=\"\">Tamb\u00e9m nesta sexta, foi<a href=\"https:\/\/g1.globo.com\/politica\/noticia\/2020\/05\/15\/auxilio-emergencial-bolsonaro-sanciona-com-vetos-lei-que-amplia-beneficiarios.ghtml\">\u00a0sancionada a lei que amplia o grupo de pessoas aptas<\/a>\u00a0a receber o benef\u00edcio.<\/p>\n<\/div>\n<div class=\"mc-column content-text active-extra-styles\" style=\"text-align: justify;\" data-block-type=\"raw\" data-block-weight=\"6\" data-block-id=\"6\">\n<ul class=\"content-unordered-list\">\n<li><a href=\"https:\/\/g1.globo.com\/economia\/auxilio-emergencial\/\">SAIBA TUDO SOBRE O AUX\u00cdLIO EMERGENCIAL<\/a><\/li>\n<\/ul>\n<\/div>\n<div class=\"mc-column content-text active-extra-styles\" style=\"text-align: justify;\" data-block-type=\"raw\" data-block-weight=\"3\" data-block-id=\"7\">\n<div class=\"content-intertitle\">\n<h2>Mudan\u00e7as no recebimento<\/h2>\n<\/div>\n<\/div>\n<div class=\"mc-column content-text active-extra-styles \" style=\"text-align: justify;\" data-block-type=\"unstyled\" data-block-weight=\"30\" data-block-id=\"8\">\n<p class=\"content-text__container \" data-track-category=\"Link no Texto\" data-track-links=\"\">A portaria que definiu o calend\u00e1rio tamb\u00e9m alterou a forma de recebimento dos recursos pelos dos trabalhadores:\u00a0<a href=\"https:\/\/g1.globo.com\/economia\/noticia\/2020\/05\/15\/auxilio-emergencial-segunda-parcela-pagamento-sera-feito-em-poupanca-digital-para-todos-os-beneficiarios.ghtml\">a segunda parcela ser\u00e1 depositada em poupan\u00e7a digital na Caixa para todos<\/a>.<\/p>\n<\/div>\n<div class=\"mc-column content-text active-extra-styles \" style=\"text-align: justify;\" data-block-type=\"unstyled\" data-block-weight=\"24\" data-block-id=\"9\">\n<p class=\"content-text__container \" data-track-category=\"Link no Texto\" data-track-links=\"\">Esses recursos\u00a0<strong>v\u00e3o poder ser usados, inicialmente, apenas digitalmente<\/strong>\u00a0(para pagamentos de contas, boletos e compras por meio de cart\u00e3o de d\u00e9bito virtual)<\/p>\n<\/div>\n<div class=\"mc-column content-text active-extra-styles \" style=\"text-align: justify;\" data-block-type=\"unstyled\" data-block-weight=\"51\" data-block-id=\"10\">\n<p class=\"content-text__container \" data-track-category=\"Link no Texto\" data-track-links=\"\">A partir de 30 de maio (veja o calend\u00e1rio 3 abaixo), a Caixa come\u00e7a a liberar saques e transfer\u00eancias a partir dessas contas. Para os trabalhadores que receberam a primeira parcela em outra conta, o dinheiro que ainda estiver na poupan\u00e7a digital ser\u00e1 transferido automaticamente nas datas desse mesmo calend\u00e1rio.<\/p>\n<\/div>\n<div class=\"mc-column content-text active-extra-styles\" style=\"text-align: justify;\" data-block-type=\"raw\" data-block-weight=\"6\" data-block-id=\"12\">\n<div class=\"content-intertitle\">\n<h2>Mudan\u00e7as no uso da poupan\u00e7a social<\/h2>\n<\/div>\n<\/div>\n<div class=\"mc-column content-text active-extra-styles \" style=\"text-align: justify;\" data-block-type=\"unstyled\" data-block-weight=\"26\" data-block-id=\"13\">\n<p class=\"content-text__container \" data-track-category=\"Link no Texto\" data-track-links=\"\">De acordo com a portaria, os trabalhadores\u00a0<a href=\"https:\/\/g1.globo.com\/economia\/noticia\/2020\/05\/15\/auxilio-emergencial-segunda-parcela-portaria-restringe-transferencias-a-partir-de-poupancas-digitais.ghtml\">n\u00e3o poder\u00e3o transferir os recursos da segunda parcela do Aux\u00edlio Emergencial depositados em conta poupan\u00e7a digital da Caixa<\/a>.<\/p>\n<\/div>\n<div class=\"mc-column content-text active-extra-styles \" style=\"text-align: justify;\" data-block-type=\"unstyled\" data-block-weight=\"65\" data-block-id=\"14\">\n<p class=\"content-text__container \" data-track-category=\"Link no Texto\" data-track-links=\"\"><strong>No pagamento da primeira parcela<\/strong>, a Caixa informou que com o aplicativo Caixa TEM, por meio do qual o trabalhador movimenta os recursos da poupan\u00e7a digital, o trabalhador poderia efetuar transfer\u00eancias ilimitadas entre contas da Caixa ou realizar gratuitamente at\u00e9 tr\u00eas transfer\u00eancias para outros bancos a cada m\u00eas, pelos pr\u00f3ximos 90 dias. Al\u00e9m disso, poderia pagar boletos e contas de \u00e1gua, luz, telefone, entre outras.<\/p>\n<\/div>\n<div class=\"mc-column content-text active-extra-styles \" style=\"text-align: justify;\" data-block-type=\"unstyled\" data-block-weight=\"40\" data-block-id=\"15\">\n<p class=\"content-text__container \" data-track-category=\"Link no Texto\" data-track-links=\"\">A portaria atual, no entanto, define que os recursos &#8220;<strong>estar\u00e3o dispon\u00edveis apenas para o pagamento de contas, de boletos e para realiza\u00e7\u00e3o de compras por meio de cart\u00e3o de d\u00e9bito virtual<\/strong>.&#8221; As transfer\u00eancias ser\u00e3o liberadas nas mesmas datas dos saques.<\/p>\n<\/div>\n<div class=\"mc-column content-text active-extra-styles\" style=\"text-align: justify;\" data-block-type=\"raw\" data-block-weight=\"3\" data-block-id=\"16\">\n<div class=\"content-intertitle\">\n<h2><strong>S\u00e3o 3 calend\u00e1rios:<\/strong><\/h2>\n<\/div>\n<\/div>\n<div class=\"mc-column content-text active-extra-styles\" style=\"text-align: justify;\" data-block-type=\"raw\" data-block-weight=\"28\" data-block-id=\"17\">\n<ol class=\"content-ordered-list theme-ordered-list-color-primary\">\n<li>um para recebimento em poupan\u00e7a social<\/li>\n<li>um para saque em esp\u00e9cie para benefici\u00e1rios do Bolsa Fam\u00edlia<\/li>\n<li>um para saque em esp\u00e9cie para poupan\u00e7a social e transfer\u00eancia de recursos<\/li>\n<\/ol>\n<\/div>\n<div class=\"mc-column content-text active-extra-styles \" style=\"text-align: justify;\" data-block-type=\"unstyled\" data-block-weight=\"42\" data-block-id=\"18\">\n<p class=\"content-text__container \" data-track-category=\"Link no Texto\" data-track-links=\"\">Segundo portaria sobre o calend\u00e1rio, assinada pelo ministro Onyx Lorenzoni, quem recebeu a 1\u00aa parcela at\u00e9 30 de abril receber\u00e1 o cr\u00e9dito da segunda parcela em poupan\u00e7a social digital\u00a0<strong>a partir de quarta-feira (20)<\/strong>, de acordo com a data de nascimento.<\/p>\n<\/div>\n<div class=\"mc-column content-text active-extra-styles \" style=\"text-align: justify;\" data-block-type=\"unstyled\" data-block-weight=\"55\" data-block-id=\"19\">\n<p class=\"content-text__container \" data-track-category=\"Link no Texto\" data-track-links=\"\">Inicialmente, os recursos estar\u00e3o dispon\u00edveis\u00a0<strong>apenas em na poupan\u00e7a social digital para movimenta\u00e7\u00f5es digitais<\/strong>: pagamento de contas, de boletos e realiza\u00e7\u00e3o de compras por meio de cart\u00e3o de d\u00e9bito virtual.\u00a0<strong>Os saques em esp\u00e9cie para esse p\u00fablico poder\u00e3o ser feitos s\u00f3 a partir de 30 de maio<\/strong>, tamb\u00e9m de acordo com a data de nascimento.<\/p>\n<\/div>\n<div class=\"mc-column content-text active-extra-styles \" style=\"text-align: justify;\" data-block-type=\"unstyled\" data-block-weight=\"51\" data-block-id=\"20\">\n<p class=\"content-text__container \" data-track-category=\"Link no Texto\" data-track-links=\"\">Para\u00a0<strong>quem recebe o Bolsa Fam\u00edlia, o calend\u00e1rio \u00e9 diferente<\/strong>. Os benefici\u00e1rios v\u00e3o receber nas mesmas datas e da mesma forma em que recebem esse benef\u00edcio, nos \u00faltimos 10 dias de maio. J\u00e1 os saques em esp\u00e9cie come\u00e7am na segunda-feira (18) para benefici\u00e1rios com N\u00famero de Identifica\u00e7\u00e3o Social (NIS) 1.<\/p>\n<\/div>\n<div class=\"mc-column content-text active-extra-styles\" style=\"text-align: justify;\" data-block-type=\"raw\" data-block-weight=\"3\" data-block-id=\"22\">\n<div class=\"content-intertitle\">\n<h2>VEJA OS CALEND\u00c1RIOS<\/h2>\n<\/div>\n<\/div>\n<div class=\"mc-column content-text active-extra-styles \" style=\"text-align: justify;\" data-block-type=\"unstyled\" data-block-weight=\"7\" data-block-id=\"23\">\n<p class=\"content-text__container \" data-track-category=\"Link no Texto\" data-track-links=\"\"><strong>1. Calend\u00e1rio para dep\u00f3sito em poupan\u00e7a social<\/strong><\/p>\n<\/div>\n<div class=\"row medium-uncollapsed content-media content-photo\" style=\"text-align: justify;\" data-block-type=\"backstage-photo\" data-block-id=\"24\">\n<div class=\"mc-column content-media__container\">\n<figure><img decoding=\"async\" class=\"i-amphtml-fill-content i-amphtml-replaced-content\" src=\"https:\/\/s2.glbimg.com\/s_l3DpJbvMwTJRO5FmOYocuSEbk=\/0x0:1340x700\/984x0\/smart\/filters:strip_icc()\/i.s3.glbimg.com\/v1\/AUTH_59edd422c0c84a879bd37670ae4f538a\/internal_photos\/bs\/2020\/n\/y\/xAxYxIQS2gYzSU181AIA\/rlwxx-dep-sito-em-poupan-a-social-digital-da-caixa.png\" sizes=\"(max-width: 1242px) 648px, 100vw\" srcset=\"https:\/\/s2.glbimg.com\/3BzgjUaEamPjHhHUzqZCG0NzsuE=\/0x0:1340x700\/1000x0\/smart\/filters:strip_icc()\/i.s3.glbimg.com\/v1\/AUTH_59edd422c0c84a879bd37670ae4f538a\/internal_photos\/bs\/2020\/n\/y\/xAxYxIQS2gYzSU181AIA\/rlwxx-dep-sito-em-poupan-a-social-digital-da-caixa.png 1000w, https:\/\/s2.glbimg.com\/s_l3DpJbvMwTJRO5FmOYocuSEbk=\/0x0:1340x700\/984x0\/smart\/filters:strip_icc()\/i.s3.glbimg.com\/v1\/AUTH_59edd422c0c84a879bd37670ae4f538a\/internal_photos\/bs\/2020\/n\/y\/xAxYxIQS2gYzSU181AIA\/rlwxx-dep-sito-em-poupan-a-social-digital-da-caixa.png 984w, https:\/\/s2.glbimg.com\/b95GmMNDbt-WQe8r7WnxXPuBKYo=\/0x0:1340x700\/640x0\/smart\/filters:strip_icc()\/i.s3.glbimg.com\/v1\/AUTH_59edd422c0c84a879bd37670ae4f538a\/internal_photos\/bs\/2020\/n\/y\/xAxYxIQS2gYzSU181AIA\/rlwxx-dep-sito-em-poupan-a-social-digital-da-caixa.png 640w, https:\/\/s2.glbimg.com\/j29-EpjQIvpsgs_RWIVrKD1XJPk=\/0x0:1340x700\/600x0\/smart\/filters:strip_icc()\/i.s3.glbimg.com\/v1\/AUTH_59edd422c0c84a879bd37670ae4f538a\/internal_photos\/bs\/2020\/n\/y\/xAxYxIQS2gYzSU181AIA\/rlwxx-dep-sito-em-poupan-a-social-digital-da-caixa.png 600w\" alt=\" \u2014 Foto: Economia G1\" \/><\/figure>\n<p class=\"content-media__description \">\u2014 Foto: Economia G1<\/p>\n<\/div>\n<\/div>\n<div class=\"mc-column content-text active-extra-styles \" style=\"text-align: justify;\" data-block-type=\"unstyled\" data-block-weight=\"9\" data-block-id=\"25\">\n<p class=\"content-text__container \" data-track-category=\"Link no Texto\" data-track-links=\"\"><strong>2. Calend\u00e1rio para pagamento aos benefici\u00e1rios do Bolsa Fam\u00edlia<\/strong><\/p>\n<\/div>\n<div class=\"row medium-uncollapsed content-media content-photo\" style=\"text-align: justify;\" data-block-type=\"backstage-photo\" data-block-id=\"26\">\n<div class=\"mc-column content-media__container\">\n<figure><img decoding=\"async\" class=\"i-amphtml-fill-content i-amphtml-replaced-content\" src=\"https:\/\/s2.glbimg.com\/FVsI2QD6jUbxKvBUOtKVyMd1vq4=\/0x0:1340x1020\/984x0\/smart\/filters:strip_icc()\/i.s3.glbimg.com\/v1\/AUTH_59edd422c0c84a879bd37670ae4f538a\/internal_photos\/bs\/2020\/a\/X\/ABRWbhS7uf8ybWmHRoFg\/vorub-pagamento-aos-benefici-rios-do-bolsa-fam-lia.png\" sizes=\"(max-width: 1242px) 648px, 100vw\" srcset=\"https:\/\/s2.glbimg.com\/xygGhfRznyW6gzkmkxrtusS3_IU=\/0x0:1340x1020\/1000x0\/smart\/filters:strip_icc()\/i.s3.glbimg.com\/v1\/AUTH_59edd422c0c84a879bd37670ae4f538a\/internal_photos\/bs\/2020\/a\/X\/ABRWbhS7uf8ybWmHRoFg\/vorub-pagamento-aos-benefici-rios-do-bolsa-fam-lia.png 1000w, https:\/\/s2.glbimg.com\/FVsI2QD6jUbxKvBUOtKVyMd1vq4=\/0x0:1340x1020\/984x0\/smart\/filters:strip_icc()\/i.s3.glbimg.com\/v1\/AUTH_59edd422c0c84a879bd37670ae4f538a\/internal_photos\/bs\/2020\/a\/X\/ABRWbhS7uf8ybWmHRoFg\/vorub-pagamento-aos-benefici-rios-do-bolsa-fam-lia.png 984w, https:\/\/s2.glbimg.com\/ucqCm9EH-zAQrq5IVD7E-0qDPjk=\/0x0:1340x1020\/640x0\/smart\/filters:strip_icc()\/i.s3.glbimg.com\/v1\/AUTH_59edd422c0c84a879bd37670ae4f538a\/internal_photos\/bs\/2020\/a\/X\/ABRWbhS7uf8ybWmHRoFg\/vorub-pagamento-aos-benefici-rios-do-bolsa-fam-lia.png 640w, https:\/\/s2.glbimg.com\/VjoDoOfw1UgV7E5KnRnv4ZryeMw=\/0x0:1340x1020\/600x0\/smart\/filters:strip_icc()\/i.s3.glbimg.com\/v1\/AUTH_59edd422c0c84a879bd37670ae4f538a\/internal_photos\/bs\/2020\/a\/X\/ABRWbhS7uf8ybWmHRoFg\/vorub-pagamento-aos-benefici-rios-do-bolsa-fam-lia.png 600w\" alt=\" \u2014 Foto: Economia G1\" \/><\/figure>\n<p class=\"content-media__description \">\u2014 Foto: Economia G1<\/p>\n<\/div>\n<\/div>\n<div class=\"mc-column content-text active-extra-styles \" style=\"text-align: justify;\" data-block-type=\"unstyled\" data-block-weight=\"10\" data-block-id=\"27\">\n<p class=\"content-text__container \" data-track-category=\"Link no Texto\" data-track-links=\"\"><strong>3. Calend\u00e1rio para saque e transfer\u00eancia da poupan\u00e7a social<\/strong><\/p>\n<\/div>\n<div class=\"row medium-uncollapsed content-media content-photo\" style=\"text-align: justify;\" data-block-type=\"backstage-photo\" data-block-id=\"28\">\n<div class=\"mc-column content-media__container\">\n<figure><img decoding=\"async\" class=\"i-amphtml-fill-content i-amphtml-replaced-content\" src=\"https:\/\/s2.glbimg.com\/DwT_mVVdGc_cTMutN5P0x8uE2UE=\/0x0:1340x1180\/984x0\/smart\/filters:strip_icc()\/i.s3.glbimg.com\/v1\/AUTH_59edd422c0c84a879bd37670ae4f538a\/internal_photos\/bs\/2020\/1\/S\/2o4dfyRhCtGJXHTi9iyw\/ntwig-saque-e-transfer-ncia-da-poupan-a-social-nbsp-.png\" sizes=\"(max-width: 1242px) 648px, 100vw\" srcset=\"https:\/\/s2.glbimg.com\/5TYFFVFxZZEdyMCPZpuJfPAparY=\/0x0:1340x1180\/1000x0\/smart\/filters:strip_icc()\/i.s3.glbimg.com\/v1\/AUTH_59edd422c0c84a879bd37670ae4f538a\/internal_photos\/bs\/2020\/1\/S\/2o4dfyRhCtGJXHTi9iyw\/ntwig-saque-e-transfer-ncia-da-poupan-a-social-nbsp-.png 1000w, https:\/\/s2.glbimg.com\/DwT_mVVdGc_cTMutN5P0x8uE2UE=\/0x0:1340x1180\/984x0\/smart\/filters:strip_icc()\/i.s3.glbimg.com\/v1\/AUTH_59edd422c0c84a879bd37670ae4f538a\/internal_photos\/bs\/2020\/1\/S\/2o4dfyRhCtGJXHTi9iyw\/ntwig-saque-e-transfer-ncia-da-poupan-a-social-nbsp-.png 984w, https:\/\/s2.glbimg.com\/XWS2PkTvzEm6kQiGhFOjHgrSQAg=\/0x0:1340x1180\/640x0\/smart\/filters:strip_icc()\/i.s3.glbimg.com\/v1\/AUTH_59edd422c0c84a879bd37670ae4f538a\/internal_photos\/bs\/2020\/1\/S\/2o4dfyRhCtGJXHTi9iyw\/ntwig-saque-e-transfer-ncia-da-poupan-a-social-nbsp-.png 640w, https:\/\/s2.glbimg.com\/A-w1WH16YxlDL6u74EfqyNMPIEQ=\/0x0:1340x1180\/600x0\/smart\/filters:strip_icc()\/i.s3.glbimg.com\/v1\/AUTH_59edd422c0c84a879bd37670ae4f538a\/internal_photos\/bs\/2020\/1\/S\/2o4dfyRhCtGJXHTi9iyw\/ntwig-saque-e-transfer-ncia-da-poupan-a-social-nbsp-.png 600w\" alt=\"Aux\u00edlio Emergencial segunda parcela - saque e transfer\u00eancia da poupan\u00e7a social \u2014 Foto: Economia G1\" \/><\/figure>\n<p class=\"content-media__description \">Aux\u00edlio Emergencial segunda parcela &#8211; saque e transfer\u00eancia da poupan\u00e7a social \u2014 Foto: Economia G1<\/p>\n<\/div>\n<\/div>\n<div class=\"mc-column content-text active-extra-styles\" style=\"text-align: justify;\" data-block-type=\"raw\" data-block-weight=\"9\" data-block-id=\"31\">\n<div class=\"content-intertitle\">\n<h2><strong>58 milh\u00f5es de brasileiros aptos a receber o aux\u00edlio<\/strong><\/h2>\n<\/div>\n<\/div>\n<div class=\"mc-column content-text active-extra-styles \" style=\"text-align: justify;\" data-block-type=\"unstyled\" data-block-weight=\"34\" data-block-id=\"32\">\n<p class=\"content-text__container \" data-track-category=\"Link no Texto\" data-track-links=\"\">A portaria publicada nesta sexta informa que j\u00e1 existem mais de 58 milh\u00f5es de brasileiros aptos a receber o aux\u00edlio, sendo que 28 milh\u00f5es solicitaram a ajuda emergencial atrav\u00e9s do aplicativo do programa.<\/p>\n<\/div>\n<div class=\"mc-column content-text active-extra-styles \" style=\"text-align: justify;\" data-block-type=\"unstyled\" data-block-weight=\"69\" data-block-id=\"33\">\n<p class=\"content-text__container \" data-track-category=\"Link no Texto\" data-track-links=\"\">A Caixa Econ\u00f4mica Federal\u00a0<a href=\"https:\/\/g1.globo.com\/economia\/noticia\/2020\/05\/14\/auxilio-emergencial-caixa-nao-libera-novos-creditos-ha-duas-semanas.ghtml\">completou duas semanas sem liberar novos cr\u00e9ditos do Aux\u00edlio Emergencial<\/a>. O \u00faltimo balan\u00e7o dos pagamentos divulgado pelo banco, \u00e0s 14h de quinta-feira (14), apontava que haviam sido creditados at\u00e9 ent\u00e3o R$ 35,5 bilh\u00f5es a 50 milh\u00f5es de brasileiros &#8211; mesmos n\u00fameros informados desde 30 de abril. Enquanto isso, milh\u00f5es de brasileiros que aguardam o benef\u00edcio seguem sem saber se &#8211; e quando &#8211; ir\u00e3o receber.<\/p>\n<\/div>\n<div class=\"mc-column content-text active-extra-styles \" data-block-type=\"unstyled\" data-block-weight=\"19\" data-block-id=\"34\">\n<p class=\"content-text__container \" style=\"text-align: justify;\" data-track-category=\"Link no Texto\" data-track-links=\"\">A portaria publicada nesta sexta indica que cerca de 8 milh\u00f5es de brasileiros aptos ainda n\u00e3o receberam o aux\u00edlio.<\/p>\n<p style=\"text-align: justify;\" data-track-category=\"Link no Texto\" data-track-links=\"\">Fonte: G1<\/p>\n<\/div>\n<\/div>\n","protected":false},"excerpt":{"rendered":"<p>Pagamentos, que est\u00e3o mais de 2 semanas atrasados, come\u00e7am a partir de segunda-feira (18) e seguem at\u00e9 13 de junho. Governo tamb\u00e9m alterou recebimento para quem indicou conta j\u00e1 existente, e restringiu uso da poupan\u00e7a digital da Caixa. O calend\u00e1rio do pagamento da 2\u00aa parcela do\u00a0Aux\u00edlio Emergencial\u00a0foi publicado no\u00a0Di\u00e1rio Oficial da Uni\u00e3o desta sexta-feira (15). [&hellip;]<\/p>\n","protected":false},"author":1,"featured_media":26340,"comment_status":"closed","ping_status":"open","sticky":false,"template":"","format":"standard","meta":{"footnotes":""},"categories":[110,116],"tags":[],"class_list":["post-26339","post","type-post","status-publish","format-standard","has-post-thumbnail","hentry","category-noticiasdestaque","category-politicaeeconomia"],"_links":{"self":[{"href":"https:\/\/jorgezanoni.com.br\/2019\/wp-json\/wp\/v2\/posts\/26339","targetHints":{"allow":["GET"]}}],"collection":[{"href":"https:\/\/jorgezanoni.com.br\/2019\/wp-json\/wp\/v2\/posts"}],"about":[{"href":"https:\/\/jorgezanoni.com.br\/2019\/wp-json\/wp\/v2\/types\/post"}],"author":[{"embeddable":true,"href":"https:\/\/jorgezanoni.com.br\/2019\/wp-json\/wp\/v2\/users\/1"}],"replies":[{"embeddable":true,"href":"https:\/\/jorgezanoni.com.br\/2019\/wp-json\/wp\/v2\/comments?post=26339"}],"version-history":[{"count":0,"href":"https:\/\/jorgezanoni.com.br\/2019\/wp-json\/wp\/v2\/posts\/26339\/revisions"}],"wp:featuredmedia":[{"embeddable":true,"href":"https:\/\/jorgezanoni.com.br\/2019\/wp-json\/wp\/v2\/media\/26340"}],"wp:attachment":[{"href":"https:\/\/jorgezanoni.com.br\/2019\/wp-json\/wp\/v2\/media?parent=26339"}],"wp:term":[{"taxonomy":"category","embeddable":true,"href":"https:\/\/jorgezanoni.com.br\/2019\/wp-json\/wp\/v2\/categories?post=26339"},{"taxonomy":"post_tag","embeddable":true,"href":"https:\/\/jorgezanoni.com.br\/2019\/wp-json\/wp\/v2\/tags?post=26339"}],"curies":[{"name":"wp","href":"https:\/\/api.w.org\/{rel}","templated":true}]}}