{"id":26336,"date":"2020-05-18T00:00:08","date_gmt":"2020-05-18T00:00:08","guid":{"rendered":"https:\/\/jorgezanoni.com.br\/2019\/?p=26336"},"modified":"2020-05-18T00:00:08","modified_gmt":"2020-05-18T00:00:08","slug":"jovens-morrem-apos-motocicletas-baterem-de-frente-em-vicinal","status":"publish","type":"post","link":"https:\/\/jorgezanoni.com.br\/2019\/jovens-morrem-apos-motocicletas-baterem-de-frente-em-vicinal\/","title":{"rendered":"Jovens morrem ap\u00f3s motocicletas baterem de frente em vicinal"},"content":{"rendered":"<h2 class=\"content-head__subtitle\" style=\"text-align: justify;\"><strong>Acidente foi na via que liga Promiss\u00e3o \u00e0 Guai\u00e7ara na noite de s\u00e1bado (16). V\u00edtimas tinham 22 e 26 anos.<\/strong><\/h2>\n<div class=\"mc-column content-text active-extra-styles \" data-block-type=\"unstyled\" data-block-weight=\"35\" data-block-id=\"2\">\n<p class=\"content-text__container \" style=\"text-align: justify;\" data-track-category=\"Link no Texto\" data-track-links=\"\">Dois jovens, de 22 e 26 anos, morreram ap\u00f3s as motos que pilotavam baterem de frente na Vicinal Kitizo Uityama, que liga Promiss\u00e3o \u00e0 Guai\u00e7ara (SP). O acidente foi na noite deste s\u00e1bado (16).<\/p>\n<\/div>\n<div class=\"wall protected-content\">\n<div class=\"mc-column content-text active-extra-styles \" style=\"text-align: justify;\" data-block-type=\"unstyled\" data-block-weight=\"34\" data-block-id=\"3\">\n<p class=\"content-text__container \" data-track-category=\"Link no Texto\" data-track-links=\"\">De acordo com a pol\u00edcia, cada um pilotava uma moto e seguiam sentido contr\u00e1rio. As v\u00edtimas Maicon Sim\u00e3o Silva, de 26 anos, e Andr\u00e9 Henrique Pereira, de 22, morreram no local do acidente.<\/p>\n<\/div>\n<div class=\"mc-column content-text active-extra-styles \" style=\"text-align: justify;\" data-block-type=\"unstyled\" data-block-weight=\"20\" data-block-id=\"4\">\n<p class=\"content-text__container \" data-track-category=\"Link no Texto\" data-track-links=\"\">Os dois eram moradores de Promiss\u00e3o. Maicon trabalhava como fot\u00f3grafo e modelo, segundo informa\u00e7\u00f5es de seu perfil no Facebook.<\/p>\n<\/div>\n<div class=\"mc-column content-text active-extra-styles \" style=\"text-align: justify;\" data-block-type=\"unstyled\" data-block-weight=\"23\" data-block-id=\"5\">\n<p class=\"content-text__container \" data-track-category=\"Link no Texto\" data-track-links=\"\">A pol\u00edcia foi acionada na madrugada deste domingo (17) e realizou a per\u00edcia no local. As causas da batida frontal ser\u00e3o investigadas.<\/p>\n<\/div>\n<div class=\"row medium-uncollapsed content-media content-photo\" data-block-type=\"backstage-photo\" data-block-id=\"6\">\n<div class=\"mc-column content-media__container\">\n<figure style=\"text-align: justify;\"><img decoding=\"async\" class=\"i-amphtml-fill-content i-amphtml-replaced-content\" src=\"https:\/\/s2.glbimg.com\/eJ6ivPd2c3a2s1PjYfQA6aaYL4w=\/0x0:720x728\/984x0\/smart\/filters:strip_icc()\/i.s3.glbimg.com\/v1\/AUTH_59edd422c0c84a879bd37670ae4f538a\/internal_photos\/bs\/2020\/l\/H\/iPnlCRSpaNjZHpf1p6NQ\/whatsapp-image-2020-05-17-at-11.40.41.jpeg\" sizes=\"(max-width: 1242px) 648px, 100vw\" srcset=\"https:\/\/s2.glbimg.com\/elXTYnD-V4juvz-Kn2giaWPUCZY=\/0x0:720x728\/1000x0\/smart\/filters:strip_icc()\/i.s3.glbimg.com\/v1\/AUTH_59edd422c0c84a879bd37670ae4f538a\/internal_photos\/bs\/2020\/l\/H\/iPnlCRSpaNjZHpf1p6NQ\/whatsapp-image-2020-05-17-at-11.40.41.jpeg 1000w, https:\/\/s2.glbimg.com\/eJ6ivPd2c3a2s1PjYfQA6aaYL4w=\/0x0:720x728\/984x0\/smart\/filters:strip_icc()\/i.s3.glbimg.com\/v1\/AUTH_59edd422c0c84a879bd37670ae4f538a\/internal_photos\/bs\/2020\/l\/H\/iPnlCRSpaNjZHpf1p6NQ\/whatsapp-image-2020-05-17-at-11.40.41.jpeg 984w, https:\/\/s2.glbimg.com\/KB1BXYAiAYbYiiQ51pawDe_xHxU=\/0x0:720x728\/640x0\/smart\/filters:strip_icc()\/i.s3.glbimg.com\/v1\/AUTH_59edd422c0c84a879bd37670ae4f538a\/internal_photos\/bs\/2020\/l\/H\/iPnlCRSpaNjZHpf1p6NQ\/whatsapp-image-2020-05-17-at-11.40.41.jpeg 640w, https:\/\/s2.glbimg.com\/fiOHWFLk6xtRemFSq57CRrjlHsc=\/0x0:720x728\/600x0\/smart\/filters:strip_icc()\/i.s3.glbimg.com\/v1\/AUTH_59edd422c0c84a879bd37670ae4f538a\/internal_photos\/bs\/2020\/l\/H\/iPnlCRSpaNjZHpf1p6NQ\/whatsapp-image-2020-05-17-at-11.40.41.jpeg 600w\" alt=\"Uma das v\u00edtimas, Maicon Sim\u00f5es, trabalhava como fot\u00f3grafo e modelo  \u2014 Foto: Facebook\/Reprodu\u00e7\u00e3o \" \/><\/figure>\n<p class=\"content-media__description \" style=\"text-align: justify;\">Uma das v\u00edtimas, Maicon Sim\u00f5es, trabalhava como fot\u00f3grafo e modelo \u2014 Foto: Facebook\/Reprodu\u00e7\u00e3o<\/p>\n<p style=\"text-align: justify;\">Fonte: G1<\/p>\n<\/div>\n<\/div>\n<\/div>\n","protected":false},"excerpt":{"rendered":"<p>Acidente foi na via que liga Promiss\u00e3o \u00e0 Guai\u00e7ara na noite de s\u00e1bado (16). V\u00edtimas tinham 22 e 26 anos. Dois jovens, de 22 e 26 anos, morreram ap\u00f3s as motos que pilotavam baterem de frente na Vicinal Kitizo Uityama, que liga Promiss\u00e3o \u00e0 Guai\u00e7ara (SP). O acidente foi na noite deste s\u00e1bado (16). De [&hellip;]<\/p>\n","protected":false},"author":1,"featured_media":26337,"comment_status":"closed","ping_status":"open","sticky":false,"template":"","format":"standard","meta":{"footnotes":""},"categories":[170,110],"tags":[],"class_list":["post-26336","post","type-post","status-publish","format-standard","has-post-thumbnail","hentry","category-acidentes","category-noticiasdestaque"],"_links":{"self":[{"href":"https:\/\/jorgezanoni.com.br\/2019\/wp-json\/wp\/v2\/posts\/26336","targetHints":{"allow":["GET"]}}],"collection":[{"href":"https:\/\/jorgezanoni.com.br\/2019\/wp-json\/wp\/v2\/posts"}],"about":[{"href":"https:\/\/jorgezanoni.com.br\/2019\/wp-json\/wp\/v2\/types\/post"}],"author":[{"embeddable":true,"href":"https:\/\/jorgezanoni.com.br\/2019\/wp-json\/wp\/v2\/users\/1"}],"replies":[{"embeddable":true,"href":"https:\/\/jorgezanoni.com.br\/2019\/wp-json\/wp\/v2\/comments?post=26336"}],"version-history":[{"count":0,"href":"https:\/\/jorgezanoni.com.br\/2019\/wp-json\/wp\/v2\/posts\/26336\/revisions"}],"wp:featuredmedia":[{"embeddable":true,"href":"https:\/\/jorgezanoni.com.br\/2019\/wp-json\/wp\/v2\/media\/26337"}],"wp:attachment":[{"href":"https:\/\/jorgezanoni.com.br\/2019\/wp-json\/wp\/v2\/media?parent=26336"}],"wp:term":[{"taxonomy":"category","embeddable":true,"href":"https:\/\/jorgezanoni.com.br\/2019\/wp-json\/wp\/v2\/categories?post=26336"},{"taxonomy":"post_tag","embeddable":true,"href":"https:\/\/jorgezanoni.com.br\/2019\/wp-json\/wp\/v2\/tags?post=26336"}],"curies":[{"name":"wp","href":"https:\/\/api.w.org\/{rel}","templated":true}]}}