{"id":26333,"date":"2020-05-17T23:43:51","date_gmt":"2020-05-17T23:43:51","guid":{"rendered":"https:\/\/jorgezanoni.com.br\/2019\/?p=26333"},"modified":"2020-05-17T23:43:51","modified_gmt":"2020-05-17T23:43:51","slug":"carro-furtado-durante-a-madrugada-e-localizado-queimado-em-presidente-prudente","status":"publish","type":"post","link":"https:\/\/jorgezanoni.com.br\/2019\/carro-furtado-durante-a-madrugada-e-localizado-queimado-em-presidente-prudente\/","title":{"rendered":"Carro furtado durante a madrugada \u00e9 localizado queimado em Presidente Prudente"},"content":{"rendered":"<h2 class=\"content-head__subtitle\" style=\"text-align: justify;\"><strong>Autom\u00f3vel foi subtra\u00eddo em frente de uma resid\u00eancia no Jardim Planaltina e encontrado no Jardim Santana. Propriet\u00e1rio soube do crime ap\u00f3s ser avisado pela Pol\u00edcia Militar.<\/strong><\/h2>\n<div class=\"mc-column content-text active-extra-styles \" data-block-type=\"unstyled\" data-block-weight=\"17\" data-block-id=\"2\">\n<p class=\"content-text__container \" style=\"text-align: justify;\" data-track-category=\"Link no Texto\" data-track-links=\"\">Um carro furtado foi encontrado incendiado no Jardim Santana, em\u00a0<a href=\"https:\/\/g1.globo.com\/sp\/presidente-prudente-regiao\/cidade\/presidente-prudente\/\">Presidente Prudente<\/a>, na manh\u00e3 deste domingo (17).<\/p>\n<\/div>\n<div class=\"wall protected-content\">\n<div class=\"mc-column content-text active-extra-styles \" style=\"text-align: justify;\" data-block-type=\"unstyled\" data-block-weight=\"14\" data-block-id=\"3\">\n<p class=\"content-text__container \" data-track-category=\"Link no Texto\" data-track-links=\"\">De acordo com informa\u00e7\u00f5es da Pol\u00edcia Militar, o autom\u00f3vel foi furtado no Jardim Planaltina.<\/p>\n<\/div>\n<div class=\"mc-column content-text active-extra-styles \" style=\"text-align: justify;\" data-block-type=\"unstyled\" data-block-weight=\"14\" data-block-id=\"4\">\n<p class=\"content-text__container \" data-track-category=\"Link no Texto\" data-track-links=\"\">Uma pessoa viu o inc\u00eandio e acionou a pol\u00edcia e o Corpo de Bombeiros.<\/p>\n<\/div>\n<div class=\"mc-column content-text active-extra-styles \" style=\"text-align: justify;\" data-block-type=\"unstyled\" data-block-weight=\"17\" data-block-id=\"5\">\n<p class=\"content-text__container \" data-track-category=\"Link no Texto\" data-track-links=\"\">Ap\u00f3s consultar a placa do carro, os policiais identificaram o propriet\u00e1rio, que ainda n\u00e3o sabia do furto.<\/p>\n<\/div>\n<div class=\"mc-column content-text active-extra-styles \" style=\"text-align: justify;\" data-block-type=\"unstyled\" data-block-weight=\"24\" data-block-id=\"6\">\n<p class=\"content-text__container \" data-track-category=\"Link no Texto\" data-track-links=\"\">O dono do autom\u00f3vel relatou \u00e0 PM que chegou em casa por volta das 2h e deixou o ve\u00edculo estacionado em frente ao im\u00f3vel.<\/p>\n<\/div>\n<div class=\"mc-column content-text active-extra-styles \" style=\"text-align: justify;\" data-block-type=\"unstyled\" data-block-weight=\"6\" data-block-id=\"7\">\n<p class=\"content-text__container \" data-track-category=\"Link no Texto\" data-track-links=\"\">O local do inc\u00eandio foi periciado.<\/p>\n<\/div>\n<div class=\"mc-column content-text active-extra-styles \" style=\"text-align: justify;\" data-block-type=\"unstyled\" data-block-weight=\"14\" data-block-id=\"8\">\n<p class=\"content-text__container \" data-track-category=\"Link no Texto\" data-track-links=\"\">Ainda conforme a PM, o caso foi registrado na Delegacia Participativa da Pol\u00edcia Civil.<\/p>\n<\/div>\n<div class=\"row medium-uncollapsed content-media content-photo\" style=\"text-align: justify;\" data-block-type=\"backstage-photo\" data-block-id=\"9\">\n<div class=\"mc-column content-media__container\">\n<figure><img decoding=\"async\" class=\"i-amphtml-fill-content i-amphtml-replaced-content\" src=\"https:\/\/s2.glbimg.com\/hmR7xvBVVf6ArilhcuKyfcuB6CE=\/0x0:1280x960\/984x0\/smart\/filters:strip_icc()\/i.s3.glbimg.com\/v1\/AUTH_59edd422c0c84a879bd37670ae4f538a\/internal_photos\/bs\/2020\/f\/8\/ggfqESRXeWq8Jas30Qsg\/whatsapp-image-2020-05-17-at-09.52.19.jpeg\" sizes=\"(max-width: 1242px) 648px, 100vw\" srcset=\"https:\/\/s2.glbimg.com\/nfffZqDLS7f5SmAnF6kFLwvkJvQ=\/0x0:1280x960\/1000x0\/smart\/filters:strip_icc()\/i.s3.glbimg.com\/v1\/AUTH_59edd422c0c84a879bd37670ae4f538a\/internal_photos\/bs\/2020\/f\/8\/ggfqESRXeWq8Jas30Qsg\/whatsapp-image-2020-05-17-at-09.52.19.jpeg 1000w, https:\/\/s2.glbimg.com\/hmR7xvBVVf6ArilhcuKyfcuB6CE=\/0x0:1280x960\/984x0\/smart\/filters:strip_icc()\/i.s3.glbimg.com\/v1\/AUTH_59edd422c0c84a879bd37670ae4f538a\/internal_photos\/bs\/2020\/f\/8\/ggfqESRXeWq8Jas30Qsg\/whatsapp-image-2020-05-17-at-09.52.19.jpeg 984w, https:\/\/s2.glbimg.com\/R3awAQBrKjF2bwRksT3TMEyt92Q=\/0x0:1280x960\/640x0\/smart\/filters:strip_icc()\/i.s3.glbimg.com\/v1\/AUTH_59edd422c0c84a879bd37670ae4f538a\/internal_photos\/bs\/2020\/f\/8\/ggfqESRXeWq8Jas30Qsg\/whatsapp-image-2020-05-17-at-09.52.19.jpeg 640w, https:\/\/s2.glbimg.com\/By0WZvBrDX5_hF5da6ebMN9BOOI=\/0x0:1280x960\/600x0\/smart\/filters:strip_icc()\/i.s3.glbimg.com\/v1\/AUTH_59edd422c0c84a879bd37670ae4f538a\/internal_photos\/bs\/2020\/f\/8\/ggfqESRXeWq8Jas30Qsg\/whatsapp-image-2020-05-17-at-09.52.19.jpeg 600w\" alt=\"Carro furtado foi localizado queimado em Presidente Prudente \u2014 Foto: Pol\u00edcia Militar\" \/><\/figure>\n<p class=\"content-media__description \">Carro furtado foi localizado queimado em Presidente Prudente \u2014 Foto: Pol\u00edcia Militar<\/p>\n<\/div>\n<\/div>\n<div class=\"row medium-uncollapsed content-media content-photo\" style=\"text-align: justify;\" data-block-type=\"backstage-photo\" data-block-id=\"11\">\n<div class=\"mc-column content-media__container\">\n<figure><img decoding=\"async\" class=\"i-amphtml-fill-content i-amphtml-replaced-content\" src=\"https:\/\/s2.glbimg.com\/RQwfYrd6SezVUskaX-dThZ_lLck=\/0x0:1280x960\/984x0\/smart\/filters:strip_icc()\/i.s3.glbimg.com\/v1\/AUTH_59edd422c0c84a879bd37670ae4f538a\/internal_photos\/bs\/2020\/t\/2\/eJ7C6zTCylgk2Hw7IBIA\/whatsapp-image-2020-05-17-at-09.52.18.jpeg\" sizes=\"(max-width: 1242px) 648px, 100vw\" srcset=\"https:\/\/s2.glbimg.com\/2mf-PN_lG2KLbreQsnYWtmc3mzw=\/0x0:1280x960\/1000x0\/smart\/filters:strip_icc()\/i.s3.glbimg.com\/v1\/AUTH_59edd422c0c84a879bd37670ae4f538a\/internal_photos\/bs\/2020\/t\/2\/eJ7C6zTCylgk2Hw7IBIA\/whatsapp-image-2020-05-17-at-09.52.18.jpeg 1000w, https:\/\/s2.glbimg.com\/RQwfYrd6SezVUskaX-dThZ_lLck=\/0x0:1280x960\/984x0\/smart\/filters:strip_icc()\/i.s3.glbimg.com\/v1\/AUTH_59edd422c0c84a879bd37670ae4f538a\/internal_photos\/bs\/2020\/t\/2\/eJ7C6zTCylgk2Hw7IBIA\/whatsapp-image-2020-05-17-at-09.52.18.jpeg 984w, https:\/\/s2.glbimg.com\/JqL5CwjximmPbLJ0VmF7-8A-gwk=\/0x0:1280x960\/640x0\/smart\/filters:strip_icc()\/i.s3.glbimg.com\/v1\/AUTH_59edd422c0c84a879bd37670ae4f538a\/internal_photos\/bs\/2020\/t\/2\/eJ7C6zTCylgk2Hw7IBIA\/whatsapp-image-2020-05-17-at-09.52.18.jpeg 640w, https:\/\/s2.glbimg.com\/FIw0_az9oGs6asyRvVALoNNaB9Y=\/0x0:1280x960\/600x0\/smart\/filters:strip_icc()\/i.s3.glbimg.com\/v1\/AUTH_59edd422c0c84a879bd37670ae4f538a\/internal_photos\/bs\/2020\/t\/2\/eJ7C6zTCylgk2Hw7IBIA\/whatsapp-image-2020-05-17-at-09.52.18.jpeg 600w\" alt=\"Carro furtado foi localizado queimado em Presidente Prudente \u2014 Foto: Pol\u00edcia Militar\" \/><\/figure>\n<p class=\"content-media__description \">Carro furtado foi localizado queimado em Presidente Prudente \u2014 Foto: Pol\u00edcia Militar<\/p>\n<\/div>\n<\/div>\n<div class=\"row medium-uncollapsed content-media content-photo\" style=\"text-align: justify;\" data-block-type=\"backstage-photo\" data-block-id=\"12\">\n<div class=\"mc-column content-media__container\">\n<figure><img decoding=\"async\" class=\"i-amphtml-fill-content i-amphtml-replaced-content\" src=\"https:\/\/s2.glbimg.com\/lQb8ATAAUK2D1iOJQiCJ3AZIeAg=\/0x0:1280x960\/984x0\/smart\/filters:strip_icc()\/i.s3.glbimg.com\/v1\/AUTH_59edd422c0c84a879bd37670ae4f538a\/internal_photos\/bs\/2020\/E\/B\/6tzFtBQIKBmlPdgarmpw\/whatsapp-image-2020-05-17-at-09.52.17-2-.jpeg\" sizes=\"(max-width: 1242px) 648px, 100vw\" srcset=\"https:\/\/s2.glbimg.com\/Y68NPRDIrCToZ7yOoj-ll8A6TFg=\/0x0:1280x960\/1000x0\/smart\/filters:strip_icc()\/i.s3.glbimg.com\/v1\/AUTH_59edd422c0c84a879bd37670ae4f538a\/internal_photos\/bs\/2020\/E\/B\/6tzFtBQIKBmlPdgarmpw\/whatsapp-image-2020-05-17-at-09.52.17-2-.jpeg 1000w, https:\/\/s2.glbimg.com\/lQb8ATAAUK2D1iOJQiCJ3AZIeAg=\/0x0:1280x960\/984x0\/smart\/filters:strip_icc()\/i.s3.glbimg.com\/v1\/AUTH_59edd422c0c84a879bd37670ae4f538a\/internal_photos\/bs\/2020\/E\/B\/6tzFtBQIKBmlPdgarmpw\/whatsapp-image-2020-05-17-at-09.52.17-2-.jpeg 984w, https:\/\/s2.glbimg.com\/9WLcnxYDZlDAAJJQciCTgF4GSDk=\/0x0:1280x960\/640x0\/smart\/filters:strip_icc()\/i.s3.glbimg.com\/v1\/AUTH_59edd422c0c84a879bd37670ae4f538a\/internal_photos\/bs\/2020\/E\/B\/6tzFtBQIKBmlPdgarmpw\/whatsapp-image-2020-05-17-at-09.52.17-2-.jpeg 640w, https:\/\/s2.glbimg.com\/l-YNL1WAecYdinMBC-62iyVSYVw=\/0x0:1280x960\/600x0\/smart\/filters:strip_icc()\/i.s3.glbimg.com\/v1\/AUTH_59edd422c0c84a879bd37670ae4f538a\/internal_photos\/bs\/2020\/E\/B\/6tzFtBQIKBmlPdgarmpw\/whatsapp-image-2020-05-17-at-09.52.17-2-.jpeg 600w\" alt=\"Carro furtado foi localizado queimado em Presidente Prudente \u2014 Foto: Pol\u00edcia Militar\" \/><\/figure>\n<p class=\"content-media__description \">Carro furtado foi localizado queimado em Presidente Prudente \u2014 Foto: Pol\u00edcia Militar<\/p>\n<\/div>\n<\/div>\n<div class=\"row medium-uncollapsed content-media content-photo\" data-block-type=\"backstage-photo\" data-block-id=\"13\">\n<div class=\"mc-column content-media__container\">\n<figure style=\"text-align: justify;\"><img decoding=\"async\" class=\"i-amphtml-fill-content i-amphtml-replaced-content\" src=\"https:\/\/s2.glbimg.com\/GZlSMSC0-w0BYHBJDUiEG3-WzF8=\/0x0:1280x960\/984x0\/smart\/filters:strip_icc()\/i.s3.glbimg.com\/v1\/AUTH_59edd422c0c84a879bd37670ae4f538a\/internal_photos\/bs\/2020\/I\/k\/AltupySHemHFbGfxmbtA\/whatsapp-image-2020-05-17-at-09.52.17.jpeg\" sizes=\"(max-width: 1242px) 648px, 100vw\" srcset=\"https:\/\/s2.glbimg.com\/ReXDvn2xUtBkLTUV1Fky-ri9Dmw=\/0x0:1280x960\/1000x0\/smart\/filters:strip_icc()\/i.s3.glbimg.com\/v1\/AUTH_59edd422c0c84a879bd37670ae4f538a\/internal_photos\/bs\/2020\/I\/k\/AltupySHemHFbGfxmbtA\/whatsapp-image-2020-05-17-at-09.52.17.jpeg 1000w, https:\/\/s2.glbimg.com\/GZlSMSC0-w0BYHBJDUiEG3-WzF8=\/0x0:1280x960\/984x0\/smart\/filters:strip_icc()\/i.s3.glbimg.com\/v1\/AUTH_59edd422c0c84a879bd37670ae4f538a\/internal_photos\/bs\/2020\/I\/k\/AltupySHemHFbGfxmbtA\/whatsapp-image-2020-05-17-at-09.52.17.jpeg 984w, https:\/\/s2.glbimg.com\/txrzMW-IkFJSArjrP4hH-KI93EM=\/0x0:1280x960\/640x0\/smart\/filters:strip_icc()\/i.s3.glbimg.com\/v1\/AUTH_59edd422c0c84a879bd37670ae4f538a\/internal_photos\/bs\/2020\/I\/k\/AltupySHemHFbGfxmbtA\/whatsapp-image-2020-05-17-at-09.52.17.jpeg 640w, https:\/\/s2.glbimg.com\/BFTpPEgEIcDOhKpQzWOT6lOEeOs=\/0x0:1280x960\/600x0\/smart\/filters:strip_icc()\/i.s3.glbimg.com\/v1\/AUTH_59edd422c0c84a879bd37670ae4f538a\/internal_photos\/bs\/2020\/I\/k\/AltupySHemHFbGfxmbtA\/whatsapp-image-2020-05-17-at-09.52.17.jpeg 600w\" alt=\"Carro furtado foi localizado queimado em Presidente Prudente \u2014 Foto: Pol\u00edcia Militar\" \/><\/figure>\n<p class=\"content-media__description \" style=\"text-align: justify;\">Carro furtado foi localizado queimado em Presidente Prudente \u2014 Foto: Pol\u00edcia Militar<\/p>\n<p>Fonte: G1<\/p>\n<\/div>\n<\/div>\n<\/div>\n","protected":false},"excerpt":{"rendered":"<p>Autom\u00f3vel foi subtra\u00eddo em frente de uma resid\u00eancia no Jardim Planaltina e encontrado no Jardim Santana. Propriet\u00e1rio soube do crime ap\u00f3s ser avisado pela Pol\u00edcia Militar. Um carro furtado foi encontrado incendiado no Jardim Santana, em\u00a0Presidente Prudente, na manh\u00e3 deste domingo (17). De acordo com informa\u00e7\u00f5es da Pol\u00edcia Militar, o autom\u00f3vel foi furtado no Jardim [&hellip;]<\/p>\n","protected":false},"author":1,"featured_media":26334,"comment_status":"closed","ping_status":"open","sticky":false,"template":"","format":"standard","meta":{"footnotes":""},"categories":[110,2],"tags":[],"class_list":["post-26333","post","type-post","status-publish","format-standard","has-post-thumbnail","hentry","category-noticiasdestaque","category-policial"],"_links":{"self":[{"href":"https:\/\/jorgezanoni.com.br\/2019\/wp-json\/wp\/v2\/posts\/26333","targetHints":{"allow":["GET"]}}],"collection":[{"href":"https:\/\/jorgezanoni.com.br\/2019\/wp-json\/wp\/v2\/posts"}],"about":[{"href":"https:\/\/jorgezanoni.com.br\/2019\/wp-json\/wp\/v2\/types\/post"}],"author":[{"embeddable":true,"href":"https:\/\/jorgezanoni.com.br\/2019\/wp-json\/wp\/v2\/users\/1"}],"replies":[{"embeddable":true,"href":"https:\/\/jorgezanoni.com.br\/2019\/wp-json\/wp\/v2\/comments?post=26333"}],"version-history":[{"count":0,"href":"https:\/\/jorgezanoni.com.br\/2019\/wp-json\/wp\/v2\/posts\/26333\/revisions"}],"wp:featuredmedia":[{"embeddable":true,"href":"https:\/\/jorgezanoni.com.br\/2019\/wp-json\/wp\/v2\/media\/26334"}],"wp:attachment":[{"href":"https:\/\/jorgezanoni.com.br\/2019\/wp-json\/wp\/v2\/media?parent=26333"}],"wp:term":[{"taxonomy":"category","embeddable":true,"href":"https:\/\/jorgezanoni.com.br\/2019\/wp-json\/wp\/v2\/categories?post=26333"},{"taxonomy":"post_tag","embeddable":true,"href":"https:\/\/jorgezanoni.com.br\/2019\/wp-json\/wp\/v2\/tags?post=26333"}],"curies":[{"name":"wp","href":"https:\/\/api.w.org\/{rel}","templated":true}]}}