{"id":26329,"date":"2020-05-17T19:04:59","date_gmt":"2020-05-17T19:04:59","guid":{"rendered":"https:\/\/jorgezanoni.com.br\/2019\/?p=26329"},"modified":"2020-05-17T19:05:49","modified_gmt":"2020-05-17T19:05:49","slug":"foragido-de-penitenciaria-morre-apos-trocar-tiros-com-a-policia-militar-em-panorama","status":"publish","type":"post","link":"https:\/\/jorgezanoni.com.br\/2019\/foragido-de-penitenciaria-morre-apos-trocar-tiros-com-a-policia-militar-em-panorama\/","title":{"rendered":"Foragido de penitenci\u00e1ria morre ap\u00f3s trocar tiros com a Pol\u00edcia Militar em Panorama"},"content":{"rendered":"<h2 class=\"content-head__subtitle\" style=\"text-align: justify;\"><strong>Homem de 33 anos atirou duas vezes contra integrantes da For\u00e7a T\u00e1tica, que revidaram. Irm\u00e3o do suspeito foi preso anteriormente com um rev\u00f3lver de calibre 38.<\/strong><\/h2>\n<div class=\"mc-column content-text active-extra-styles active-capital-letter\" data-block-type=\"unstyled\" data-block-weight=\"26\" data-block-id=\"1\">\n<p class=\"content-text__container theme-color-primary-first-letter\" style=\"text-align: justify;\" data-track-category=\"Link no Texto\" data-track-links=\"\">Um homem de 33 anos, foragido da Penitenci\u00e1ria de\u00a0<a href=\"https:\/\/g1.globo.com\/sp\/sao-jose-do-rio-preto-aracatuba\/cidade\/valparaiso\/\">Valpara\u00edso (SP)<\/a>, morreu ap\u00f3s trocar tiros com a Pol\u00edcia Militar na madrugada deste domingo (17), em\u00a0<a href=\"https:\/\/g1.globo.com\/sp\/presidente-prudente-regiao\/cidade\/panorama\/\">Panorama<\/a>.<\/p>\n<\/div>\n<div class=\"wall protected-content\">\n<div class=\"mc-column content-text active-extra-styles \" style=\"text-align: justify;\" data-block-type=\"unstyled\" data-block-weight=\"35\" data-block-id=\"2\">\n<p class=\"content-text__container \" data-track-category=\"Link no Texto\" data-track-links=\"\">O delegado da Pol\u00edcia Civil Aderson Mois\u00e9s Vieira informou ao\u00a0<strong>G1\u00a0<\/strong>que a PM recebeu uma den\u00fancia de duas pessoas armadas e de disparo de arma de fogo e uma equipe foi at\u00e9 o local.<\/p>\n<\/div>\n<div class=\"mc-column content-text active-extra-styles \" style=\"text-align: justify;\" data-block-type=\"unstyled\" data-block-weight=\"43\" data-block-id=\"3\">\n<p class=\"content-text__container \" data-track-category=\"Link no Texto\" data-track-links=\"\">Os militares chegaram no cruzamento da Avenida Avelino Bobato com a Rua Jo\u00e3o Vieira e abordaram um homem de 42 anos. Com ele, foi localizado um rev\u00f3lver de calibre 38 com seis muni\u00e7\u00f5es intactas, que foi apreendido. O suspeito foi preso em flagrante.<\/p>\n<\/div>\n<div class=\"mc-column content-text active-extra-styles \" style=\"text-align: justify;\" data-block-type=\"unstyled\" data-block-weight=\"15\" data-block-id=\"4\">\n<p class=\"content-text__container \" data-track-category=\"Link no Texto\" data-track-links=\"\">Posteriormente, uma equipe da For\u00e7a T\u00e1tica iniciou buscas pela cidade para localizar o segundo suspeito.<\/p>\n<\/div>\n<div class=\"mc-column content-text active-extra-styles \" style=\"text-align: justify;\" data-block-type=\"unstyled\" data-block-weight=\"44\" data-block-id=\"5\">\n<p class=\"content-text__container \" data-track-category=\"Link no Texto\" data-track-links=\"\">O homem, de 33 anos, foi localizado escondido em uma resid\u00eancia em constru\u00e7\u00e3o e, ao ver os militares, tentou fugir. Ele pulou o muro de uma casa habitada e atirou duas vezes contra a equipe policial, que revidou com tr\u00eas disparos, segundo o delegado.<\/p>\n<\/div>\n<div class=\"mc-column content-text active-extra-styles \" style=\"text-align: justify;\" data-block-type=\"unstyled\" data-block-weight=\"23\" data-block-id=\"6\">\n<p class=\"content-text__container \" data-track-category=\"Link no Texto\" data-track-links=\"\">Os tiros atingiram a regi\u00e3o abdominal do suspeito. Ele chegou a ser socorrido e encaminhado para o Pronto-socorro da cidade, mas n\u00e3o resistiu.<\/p>\n<\/div>\n<div class=\"mc-column content-text active-extra-styles \" style=\"text-align: justify;\" data-block-type=\"unstyled\" data-block-weight=\"17\" data-block-id=\"7\">\n<p class=\"content-text__container \" data-track-category=\"Link no Texto\" data-track-links=\"\">Conforme Vieira, o homem que morreu era foragido da Penitenci\u00e1ria de Valpara\u00edso e irm\u00e3o do primeiro abordado.<\/p>\n<\/div>\n<div class=\"mc-column content-text active-extra-styles \" style=\"text-align: justify;\" data-block-type=\"unstyled\" data-block-weight=\"41\" data-block-id=\"8\">\n<p class=\"content-text__container \" data-track-category=\"Link no Texto\" data-track-links=\"\">O caso foi registrado como porte ilegal de arma, homic\u00eddio simples em decorr\u00eancia de interven\u00e7\u00e3o policial e disparo de arma de fogo. O delegado afirmou ao\u00a0<strong>G1\u00a0<\/strong>que os militares agiram em leg\u00edtima defesa e no estrito cumprimento do dever legal.<\/p>\n<\/div>\n<div class=\"mc-column content-text active-extra-styles \" data-block-type=\"unstyled\" data-block-weight=\"25\" data-block-id=\"9\">\n<p class=\"content-text__container \" style=\"text-align: justify;\" data-track-category=\"Link no Texto\" data-track-links=\"\">O homem de 42 anos foi preso e permaneceu na Delegacia da Pol\u00edcia Civil de Panorama at\u00e9 ser apresentado em audi\u00eancia de cust\u00f3dia na Justi\u00e7a.<\/p>\n<p style=\"text-align: justify;\" data-track-category=\"Link no Texto\" data-track-links=\"\">Fonte: G1<\/p>\n<\/div>\n<\/div>\n","protected":false},"excerpt":{"rendered":"<p>Homem de 33 anos atirou duas vezes contra integrantes da For\u00e7a T\u00e1tica, que revidaram. Irm\u00e3o do suspeito foi preso anteriormente com um rev\u00f3lver de calibre 38. Um homem de 33 anos, foragido da Penitenci\u00e1ria de\u00a0Valpara\u00edso (SP), morreu ap\u00f3s trocar tiros com a Pol\u00edcia Militar na madrugada deste domingo (17), em\u00a0Panorama. O delegado da Pol\u00edcia Civil [&hellip;]<\/p>\n","protected":false},"author":1,"featured_media":26330,"comment_status":"closed","ping_status":"open","sticky":false,"template":"","format":"standard","meta":{"footnotes":""},"categories":[110,2],"tags":[],"class_list":["post-26329","post","type-post","status-publish","format-standard","has-post-thumbnail","hentry","category-noticiasdestaque","category-policial"],"_links":{"self":[{"href":"https:\/\/jorgezanoni.com.br\/2019\/wp-json\/wp\/v2\/posts\/26329","targetHints":{"allow":["GET"]}}],"collection":[{"href":"https:\/\/jorgezanoni.com.br\/2019\/wp-json\/wp\/v2\/posts"}],"about":[{"href":"https:\/\/jorgezanoni.com.br\/2019\/wp-json\/wp\/v2\/types\/post"}],"author":[{"embeddable":true,"href":"https:\/\/jorgezanoni.com.br\/2019\/wp-json\/wp\/v2\/users\/1"}],"replies":[{"embeddable":true,"href":"https:\/\/jorgezanoni.com.br\/2019\/wp-json\/wp\/v2\/comments?post=26329"}],"version-history":[{"count":0,"href":"https:\/\/jorgezanoni.com.br\/2019\/wp-json\/wp\/v2\/posts\/26329\/revisions"}],"wp:featuredmedia":[{"embeddable":true,"href":"https:\/\/jorgezanoni.com.br\/2019\/wp-json\/wp\/v2\/media\/26330"}],"wp:attachment":[{"href":"https:\/\/jorgezanoni.com.br\/2019\/wp-json\/wp\/v2\/media?parent=26329"}],"wp:term":[{"taxonomy":"category","embeddable":true,"href":"https:\/\/jorgezanoni.com.br\/2019\/wp-json\/wp\/v2\/categories?post=26329"},{"taxonomy":"post_tag","embeddable":true,"href":"https:\/\/jorgezanoni.com.br\/2019\/wp-json\/wp\/v2\/tags?post=26329"}],"curies":[{"name":"wp","href":"https:\/\/api.w.org\/{rel}","templated":true}]}}