{"id":26323,"date":"2020-05-17T14:25:27","date_gmt":"2020-05-17T14:25:27","guid":{"rendered":"https:\/\/jorgezanoni.com.br\/2019\/?p=26323"},"modified":"2020-05-17T14:25:27","modified_gmt":"2020-05-17T14:25:27","slug":"homem-morre-em-acao-na-madrugada-envolvendo-a-forca-tatica-da-pm-em-panorama","status":"publish","type":"post","link":"https:\/\/jorgezanoni.com.br\/2019\/homem-morre-em-acao-na-madrugada-envolvendo-a-forca-tatica-da-pm-em-panorama\/","title":{"rendered":"Homem morre em a\u00e7\u00e3o na madrugada envolvendo a For\u00e7a T\u00e1tica da PM em Panorama"},"content":{"rendered":"<p style=\"text-align: justify;\">Ainda n\u00e3o h\u00e1 uma Nota Oficial da Policia Militar. As informa\u00e7\u00f5es s\u00e3o que uma homem foi morto e outro preso (seriam irm\u00e3os). Fato aconteceu na Vista do Lago entre os bairros jardim Aeroporto e Potiguara.<\/p>\n<p style=\"text-align: justify;\">Fonte: Panorama Not\u00edcias.<\/p>\n<div id=\"fb-root\"><\/div>\n<p><script async=\"1\" defer=\"1\" crossorigin=\"anonymous\" src=\"https:\/\/connect.facebook.net\/en_US\/sdk.js#xfbml=1&amp;version=v7.0\"><\/script><\/p>\n<div class=\"fb-video\" data-href=\"https:\/\/www.facebook.com\/panorama.noticia\/videos\/863764920776031\/\" data-width=\"696\">\n<blockquote cite=\"https:\/\/www.facebook.com\/panorama.noticia\/videos\/863764920776031\/\" class=\"fb-xfbml-parse-ignore\"><p><a href=\"https:\/\/www.facebook.com\/panorama.noticia\/videos\/863764920776031\/\"><\/a><\/p>\n<p>PLANT\u00c3O EXCLUSIVO- HOMEM MORRE EM A\u00c7\u00c3O ENVOLVENDO  A FOR\u00c7A T\u00c1TICA  AGORA DE MADRUGADA EM PANORAMAAt\u00e9 o momento a reportagem n\u00e3o obteve informa\u00e7\u00f5es oficiais da Pol\u00edcia Militar.Atualiza\u00e7\u00e3o: Um morto e um preso( envolvidos seriam  irm\u00e3os).  Regi\u00e3o fica na Vista do Lago entre os bairros Jardim Aeroporto e Potiguara.<\/p>\n<p>Posted by <a href=\"https:\/\/www.facebook.com\/panorama.noticia\/\">Panorama Not\u00edcia<\/a> on Saturday, May 16, 2020<\/p><\/blockquote>\n<\/div>\n","protected":false},"excerpt":{"rendered":"<p>Ainda n\u00e3o h\u00e1 uma Nota Oficial da Policia Militar. As informa\u00e7\u00f5es s\u00e3o que uma homem foi morto e outro preso (seriam irm\u00e3os). Fato aconteceu na Vista do Lago entre os bairros jardim Aeroporto e Potiguara. Fonte: Panorama Not\u00edcias. PLANT\u00c3O EXCLUSIVO- HOMEM MORRE EM A\u00c7\u00c3O ENVOLVENDO A FOR\u00c7A T\u00c1TICA AGORA DE MADRUGADA EM PANORAMAAt\u00e9 o momento [&hellip;]<\/p>\n","protected":false},"author":1,"featured_media":26324,"comment_status":"closed","ping_status":"open","sticky":false,"template":"","format":"video","meta":{"footnotes":""},"categories":[110,169],"tags":[],"class_list":["post-26323","post","type-post","status-publish","format-video","has-post-thumbnail","hentry","category-noticiasdestaque","category-videos","post_format-post-format-video"],"_links":{"self":[{"href":"https:\/\/jorgezanoni.com.br\/2019\/wp-json\/wp\/v2\/posts\/26323","targetHints":{"allow":["GET"]}}],"collection":[{"href":"https:\/\/jorgezanoni.com.br\/2019\/wp-json\/wp\/v2\/posts"}],"about":[{"href":"https:\/\/jorgezanoni.com.br\/2019\/wp-json\/wp\/v2\/types\/post"}],"author":[{"embeddable":true,"href":"https:\/\/jorgezanoni.com.br\/2019\/wp-json\/wp\/v2\/users\/1"}],"replies":[{"embeddable":true,"href":"https:\/\/jorgezanoni.com.br\/2019\/wp-json\/wp\/v2\/comments?post=26323"}],"version-history":[{"count":0,"href":"https:\/\/jorgezanoni.com.br\/2019\/wp-json\/wp\/v2\/posts\/26323\/revisions"}],"wp:featuredmedia":[{"embeddable":true,"href":"https:\/\/jorgezanoni.com.br\/2019\/wp-json\/wp\/v2\/media\/26324"}],"wp:attachment":[{"href":"https:\/\/jorgezanoni.com.br\/2019\/wp-json\/wp\/v2\/media?parent=26323"}],"wp:term":[{"taxonomy":"category","embeddable":true,"href":"https:\/\/jorgezanoni.com.br\/2019\/wp-json\/wp\/v2\/categories?post=26323"},{"taxonomy":"post_tag","embeddable":true,"href":"https:\/\/jorgezanoni.com.br\/2019\/wp-json\/wp\/v2\/tags?post=26323"}],"curies":[{"name":"wp","href":"https:\/\/api.w.org\/{rel}","templated":true}]}}