{"id":26316,"date":"2020-05-17T13:44:14","date_gmt":"2020-05-17T13:44:14","guid":{"rendered":"https:\/\/jorgezanoni.com.br\/2019\/?p=26316"},"modified":"2020-05-17T13:44:14","modified_gmt":"2020-05-17T13:44:14","slug":"reclamacao-da-populacao-morador-de-dracena-e-voluntarios-que-revitalizavam-as-pracas-da-cidade-denunciam-descaso-da-prefeitura-e-parquinhos-abandonados-em-barracao","status":"publish","type":"post","link":"https:\/\/jorgezanoni.com.br\/2019\/reclamacao-da-populacao-morador-de-dracena-e-voluntarios-que-revitalizavam-as-pracas-da-cidade-denunciam-descaso-da-prefeitura-e-parquinhos-abandonados-em-barracao\/","title":{"rendered":"Reclama\u00e7\u00e3o da Popula\u00e7\u00e3o: Morador de Dracena e volunt\u00e1rios que revitalizavam as pra\u00e7as da cidade, denunciam descaso da prefeitura e parquinhos abandonados em barrac\u00e3o."},"content":{"rendered":"<p style=\"text-align: justify;\">Caros amigos, quem tem acompanhado nosso trabalho sabe das dificuldades em conseguir ajuda na comunidade ,por essa dificuldade e a pedido da popula\u00e7\u00e3o decidimos buscar a ajuda da prefeitura, nas primeiras conversas com o prefeito era para ser disponibilizado toda a ajuda necessaria, mas infelizmente n\u00e3o temos conseguido o que foi prometido, recebemos ajuda de alguns materiais b\u00e1sicos, mas depois de muita insist\u00eancia e desconfian\u00e7a. Mesmo assim seguimos firmes e recebemos na maioria das vezes a ajuda da comunidade, diante desses desprezos por parte da prefeitura daremos uma pausa em nosso projeto. Nas \u00faltimas semanas temos procurado ajuda para dar continuidade, mas temos enfrentado descaso, com isso acabou desanimando nosso grupo em seguir adiante, buscamos fazer o melhor para comunidade e mais importante sem gerar custos, quem conhece a mim e minha fam\u00edlia sabe o quanto somos do bem, nosso trabalho \u00e9 feito com muito carinho nas Pra\u00e7as, pintando, limpando fazendo a jardinagem, ro\u00e7ando,plantando, \u00e9 um trabalho dif\u00edcil e Sem interesse algum, apenas querendo a valoriza\u00e7\u00e3o desses espa\u00e7os, sempre pedimos ajuda e quase sempre \u00e9 negado, simplesmente sem justificativa, infelizmente tudo nessa cidade tudo se faz com jogo pol\u00edtico, tudo se v\u00ea para o lado errado, e n\u00f3s n\u00e3o trabalhamos dessa forma, buscamos a ajuda da Prefeitura, pois eles t\u00eam estoques de materiais e j\u00e1 que estamos fazendo trabalho volunt\u00e1rio, melhorias em espa\u00e7os p\u00fablicos a ajuda \u00e9 essencial, descobrimos dentro de um barrac\u00e3o jogado, um monte de brinquedos (Parques infantis) e outros materiais. Isso foi comprado com nosso dinheiro, como voc\u00eas podem ver as fotos abaixo esses materiais novos e guardados para que? Os mesmos j\u00e1 poderiam estar sendo utilizados, \u00e9 desanimador, n\u00f3s corremos atr\u00e1s nos humilhamos para funcion\u00e1rios respons\u00e1veis por fornecer esses materiais, pedimos o b\u00e1sico, pois \u00e9 dinheiro nosso e estamos fazendo para comunidade. Pedimos para autoridades, que nos ajudem e que seja colocado esses parquinhos nas pra\u00e7as, para o lazer e bem-estar das crian\u00e7as carentes, j\u00e1 que foram comprados com o nosso dinheiro, e parem com essa de pensar que objeto p\u00fablico tem dono, n\u00e3o estou aqui criticando o prefeito e n\u00e3o citei nomes nem vereadores, eu e meus amigos estamos cansados, de sermos tratados com estranhezas sem motivos, j\u00e1 fizemos 9 espa\u00e7os p\u00fablicos, e sempre damos satisfa\u00e7\u00f5es de tudo que \u00e9 fornecido, nas nossas redes sociais, s\u00f3 queremos a colabora\u00e7\u00e3o do poder p\u00fablico para que toda comunidade seja beneficiada e tratada com mais aten\u00e7\u00e3o, e n\u00e3o nos pro\u00edba de fazer o bem, N\u00e3o aceitem Migalhas de pol\u00edticos ame nossa Cidade, d\u00ea o melhor por ela, DRACENA \u00e9 nossa DRACENA \u00e9 de todos, Obrigado fiquem com Deus, FA\u00c7AM A DIFEREN\u00c7A independentemente de posi\u00e7\u00f5es pol\u00edticas.<\/p>\n<p>Fonte: https:\/\/www.facebook.com\/andreluiscardoso.cardoso.5 (Andr\u00e9 Cardoso).<\/p>\n<p><img loading=\"lazy\" decoding=\"async\" class=\"alignnone size-full wp-image-26317\" src=\"https:\/\/jorgezanoni.com.br\/2019\/wp-content\/uploads\/2020\/05\/mat.jpg\" alt=\"\" width=\"960\" height=\"540\" srcset=\"https:\/\/jorgezanoni.com.br\/2019\/wp-content\/uploads\/2020\/05\/mat.jpg 960w, https:\/\/jorgezanoni.com.br\/2019\/wp-content\/uploads\/2020\/05\/mat-300x169.jpg 300w, https:\/\/jorgezanoni.com.br\/2019\/wp-content\/uploads\/2020\/05\/mat-768x432.jpg 768w, https:\/\/jorgezanoni.com.br\/2019\/wp-content\/uploads\/2020\/05\/mat-696x392.jpg 696w, https:\/\/jorgezanoni.com.br\/2019\/wp-content\/uploads\/2020\/05\/mat-747x420.jpg 747w\" sizes=\"auto, (max-width: 960px) 100vw, 960px\" \/> <img loading=\"lazy\" decoding=\"async\" class=\"alignnone size-full wp-image-26318\" src=\"https:\/\/jorgezanoni.com.br\/2019\/wp-content\/uploads\/2020\/05\/mat1.jpg\" alt=\"\" width=\"720\" height=\"900\" srcset=\"https:\/\/jorgezanoni.com.br\/2019\/wp-content\/uploads\/2020\/05\/mat1.jpg 720w, https:\/\/jorgezanoni.com.br\/2019\/wp-content\/uploads\/2020\/05\/mat1-240x300.jpg 240w, https:\/\/jorgezanoni.com.br\/2019\/wp-content\/uploads\/2020\/05\/mat1-696x870.jpg 696w, https:\/\/jorgezanoni.com.br\/2019\/wp-content\/uploads\/2020\/05\/mat1-336x420.jpg 336w\" sizes=\"auto, (max-width: 720px) 100vw, 720px\" \/> <img loading=\"lazy\" decoding=\"async\" class=\"alignnone size-full wp-image-26319\" src=\"https:\/\/jorgezanoni.com.br\/2019\/wp-content\/uploads\/2020\/05\/mat2.jpg\" alt=\"\" width=\"720\" height=\"900\" srcset=\"https:\/\/jorgezanoni.com.br\/2019\/wp-content\/uploads\/2020\/05\/mat2.jpg 720w, https:\/\/jorgezanoni.com.br\/2019\/wp-content\/uploads\/2020\/05\/mat2-240x300.jpg 240w, https:\/\/jorgezanoni.com.br\/2019\/wp-content\/uploads\/2020\/05\/mat2-696x870.jpg 696w, https:\/\/jorgezanoni.com.br\/2019\/wp-content\/uploads\/2020\/05\/mat2-336x420.jpg 336w\" sizes=\"auto, (max-width: 720px) 100vw, 720px\" \/><\/p>\n","protected":false},"excerpt":{"rendered":"<p>Caros amigos, quem tem acompanhado nosso trabalho sabe das dificuldades em conseguir ajuda na comunidade ,por essa dificuldade e a pedido da popula\u00e7\u00e3o decidimos buscar a ajuda da prefeitura, nas primeiras conversas com o prefeito era para ser disponibilizado toda a ajuda necessaria, mas infelizmente n\u00e3o temos conseguido o que foi prometido, recebemos ajuda de [&hellip;]<\/p>\n","protected":false},"author":1,"featured_media":26320,"comment_status":"closed","ping_status":"open","sticky":false,"template":"","format":"standard","meta":{"footnotes":""},"categories":[179,184,110],"tags":[],"class_list":["post-26316","post","type-post","status-publish","format-standard","has-post-thumbnail","hentry","category-cidadeseregiao","category-dracena","category-noticiasdestaque"],"_links":{"self":[{"href":"https:\/\/jorgezanoni.com.br\/2019\/wp-json\/wp\/v2\/posts\/26316","targetHints":{"allow":["GET"]}}],"collection":[{"href":"https:\/\/jorgezanoni.com.br\/2019\/wp-json\/wp\/v2\/posts"}],"about":[{"href":"https:\/\/jorgezanoni.com.br\/2019\/wp-json\/wp\/v2\/types\/post"}],"author":[{"embeddable":true,"href":"https:\/\/jorgezanoni.com.br\/2019\/wp-json\/wp\/v2\/users\/1"}],"replies":[{"embeddable":true,"href":"https:\/\/jorgezanoni.com.br\/2019\/wp-json\/wp\/v2\/comments?post=26316"}],"version-history":[{"count":0,"href":"https:\/\/jorgezanoni.com.br\/2019\/wp-json\/wp\/v2\/posts\/26316\/revisions"}],"wp:featuredmedia":[{"embeddable":true,"href":"https:\/\/jorgezanoni.com.br\/2019\/wp-json\/wp\/v2\/media\/26320"}],"wp:attachment":[{"href":"https:\/\/jorgezanoni.com.br\/2019\/wp-json\/wp\/v2\/media?parent=26316"}],"wp:term":[{"taxonomy":"category","embeddable":true,"href":"https:\/\/jorgezanoni.com.br\/2019\/wp-json\/wp\/v2\/categories?post=26316"},{"taxonomy":"post_tag","embeddable":true,"href":"https:\/\/jorgezanoni.com.br\/2019\/wp-json\/wp\/v2\/tags?post=26316"}],"curies":[{"name":"wp","href":"https:\/\/api.w.org\/{rel}","templated":true}]}}