{"id":26301,"date":"2020-05-17T02:11:47","date_gmt":"2020-05-17T02:11:47","guid":{"rendered":"https:\/\/jorgezanoni.com.br\/2019\/?p=26301"},"modified":"2020-05-17T02:11:47","modified_gmt":"2020-05-17T02:11:47","slug":"bombeiros-resgatam-corpos-de-tres-profissionais-de-saude-e-um-piloto-em-queda-de-aviao-no-ceara","status":"publish","type":"post","link":"https:\/\/jorgezanoni.com.br\/2019\/bombeiros-resgatam-corpos-de-tres-profissionais-de-saude-e-um-piloto-em-queda-de-aviao-no-ceara\/","title":{"rendered":"Bombeiros resgatam corpos de tr\u00eas profissionais de sa\u00fade e um piloto em queda de avi\u00e3o no Cear\u00e1"},"content":{"rendered":"<h2 class=\"content-head__subtitle\" style=\"text-align: justify;\"><strong>Uma das v\u00edtimas estava com Covid-19 e estava sendo transferido para Teresina (PI), onde morava a fam\u00edlia.<\/strong><\/h2>\n<div class=\"mc-column content-text active-extra-styles \" data-block-type=\"unstyled\" data-block-weight=\"75\" data-block-id=\"2\">\n<p class=\"content-text__container \" style=\"text-align: justify;\" data-track-category=\"Link no Texto\" data-track-links=\"\">O Corpo de Bombeiros resgatou os corpos das quatro v\u00edtimas do acidente com a\u00a0<a href=\"https:\/\/g1.globo.com\/ce\/ceara\/noticia\/2020\/05\/15\/aviao-de-pequeno-porte-cai-em-mata-em-sao-benedito-no-ceara.ghtml\">aeronave bimotor PT- RMN na noite desta sexta-feira (15), no munic\u00edpio de S\u00e3o Benedito, na Regi\u00e3o da Ibiapaba<\/a>. Dois m\u00e9dicos, o piloto e uma profissional de enfermagem morreram na queda do avi\u00e3o em uma mata entre o S\u00edtio Santa Tereza e o S\u00edtio Meio do Topo. Os corpos seguem para a Per\u00edcia Forense da cidade de Sobral.<\/p>\n<\/div>\n<div class=\"wall protected-content\">\n<div class=\"mc-column content-text active-extra-styles \" style=\"text-align: justify;\" data-block-type=\"unstyled\" data-block-weight=\"47\" data-block-id=\"3\">\n<p class=\"content-text__container \" data-track-category=\"Link no Texto\" data-track-links=\"\">As v\u00edtimas s\u00e3o o comandante Paulo C\u00e9sar Magalh\u00e3es Costa, o m\u00e9dico infectologista Pedro Jos\u00e9 Ferreira de Meneses, que foi diagnosticado com Covid-19 e estava sendo transferido para Teresina (PI), onde mora a fam\u00edlia; Carlo Victor Rodrigues e Samara Aline F\u00e9lix, da equipe m\u00e9dica que acompanhava Meneses.<\/p>\n<\/div>\n<div class=\"mc-column content-text active-extra-styles \" data-block-type=\"unstyled\" data-block-weight=\"50\" data-block-id=\"4\">\n<p class=\"content-text__container \" style=\"text-align: justify;\" data-track-category=\"Link no Texto\" data-track-links=\"\">A aeronave partiu de Teresina levando os dois profissionais de sa\u00fade com destino \u00e0 cidade de Sobral, onde Meneses embarcou e, na volta da cidade cearense para Teresina, aconteceu o acidente, que ser\u00e1 investigado pelo Servi\u00e7o Regional de Investiga\u00e7\u00e3o e Preven\u00e7\u00e3o de Acidentes Aeron\u00e1uticos (Seripa II).<\/p>\n<div class=\"mc-column content-text active-extra-styles \" style=\"text-align: justify;\" data-block-type=\"unstyled\" data-block-weight=\"56\" data-block-id=\"7\">\n<p class=\"content-text__container \" data-track-category=\"Link no Texto\" data-track-links=\"\">A opera\u00e7\u00e3o de resgate come\u00e7ou ainda na noite desta sexta-feira, por\u00e9m, os dez bombeiros que participaram dos trabalhos tiveram de aguardar a chegada de Equipamentos de Prote\u00e7\u00e3o Individual (EPIS) contra Covid-19 e, s\u00f3 no in\u00edcio da manh\u00e3 deste s\u00e1bado, come\u00e7aram a remover os destro\u00e7os da aeronave e escavar para chegar a uma parte que estava soterrada.<\/p>\n<\/div>\n<div class=\"mc-column content-text active-extra-styles \" style=\"text-align: justify;\" data-block-type=\"unstyled\" data-block-weight=\"59\" data-block-id=\"8\">\n<p class=\"content-text__container \" data-track-category=\"Link no Texto\" data-track-links=\"\">&#8220;Iniciamos o trabalho de resgate dos corpos, ainda estamos retirando as partes da aeronave e, ao mesmo tempo, cavando para chegar \u00e0 \u00e1rea que est\u00e1 soterrada. \u00c9 um trabalho minucioso, porque tamb\u00e9m houve vazamento de combust\u00edvel, as m\u00e1quinas que usamos podem provocar fagulhas&#8221;, disse nesta manh\u00e3 o major do Corpo de Bombeiros, Mardens Vasconcelos, que participou diretamente do resgate.<\/p>\n<\/div>\n<div class=\"mc-column content-text active-extra-styles\" style=\"text-align: justify;\" data-block-type=\"raw\" data-block-weight=\"4\" data-block-id=\"9\">\n<div class=\"content-intertitle\">\n<h2>Empresa a\u00e9rea lamenta acidente<\/h2>\n<\/div>\n<\/div>\n<div class=\"mc-column content-text active-extra-styles \" style=\"text-align: justify;\" data-block-type=\"unstyled\" data-block-weight=\"49\" data-block-id=\"10\">\n<p class=\"content-text__container \" data-track-category=\"Link no Texto\" data-track-links=\"\">A empresa Top Line T\u00e1xi A\u00e9reo publicou nota em que lamenta o acidente. &#8220;\u00c9 com profundo pesar que a Top Line T\u00e1xi A\u00e9reo informa novamente sobre o lament\u00e1vel acidente com a aeronave bimotor PT- RMN, ocorrido na cidade de S\u00e3o Benedito-CE, no in\u00edcio da noite desta sexta-feira, 15.05.2020&#8221;.<\/p>\n<\/div>\n<div class=\"mc-column content-text active-extra-styles \" style=\"text-align: justify;\" data-block-type=\"unstyled\" data-block-weight=\"36\" data-block-id=\"11\">\n<p class=\"content-text__container \" data-track-category=\"Link no Texto\" data-track-links=\"\">A empresa confirmou a identidade dos quatro ocupantes e informou ainda que &#8221;imediatamente ap\u00f3s receber a not\u00edcia, encaminhou uma equipe at\u00e9 o local e acionou os \u00f3rg\u00e3os competentes para que as primeiras provid\u00eancias pudessem ser tomadas&#8221;.<\/p>\n<\/div>\n<div class=\"mc-column content-text active-extra-styles\" style=\"text-align: justify;\" data-block-type=\"raw\" data-block-weight=\"3\" data-block-id=\"12\">\n<div class=\"content-intertitle\">\n<h2>Processo de investiga\u00e7\u00e3o<\/h2>\n<\/div>\n<\/div>\n<div class=\"mc-column content-text active-extra-styles \" style=\"text-align: justify;\" data-block-type=\"unstyled\" data-block-weight=\"50\" data-block-id=\"13\">\n<p class=\"content-text__container \" data-track-category=\"Link no Texto\" data-track-links=\"\">J\u00e1 o Centro de Comunica\u00e7\u00e3o Social da Aeron\u00e1utica disse que investigadores do Segundo Servi\u00e7o Regional de Investiga\u00e7\u00e3o e Preven\u00e7\u00e3o de Acidentes Aeron\u00e1uticos (Seripa II), \u00f3rg\u00e3o regional do Centro de Investiga\u00e7\u00e3o e Preven\u00e7\u00e3o de Acidentes Aeron\u00e1uticos (Cenipa), foram acionados para realizar a A\u00e7\u00e3o Inicial da ocorr\u00eancia envolvendo a aeronave.<\/p>\n<\/div>\n<div class=\"mc-column content-text active-extra-styles \" style=\"text-align: justify;\" data-block-type=\"unstyled\" data-block-weight=\"45\" data-block-id=\"14\">\n<p class=\"content-text__container \" data-track-category=\"Link no Texto\" data-track-links=\"\">De acordo com o \u00f3rg\u00e3o, os trabalhos iniciais consistem no processo de investiga\u00e7\u00e3o e possui o objetivo de coletar dados como fotografar cenas, retirar partes da aeronave para an\u00e1lise, reunir documentos e ouvir relatos de pessoas que possam ter observado a sequ\u00eancia de eventos.<\/p>\n<\/div>\n<div data-track-category=\"multicontent\" data-track-action=\"ultimo chunk conteudo\" data-track-noninteraction=\"false\" data-track-scroll=\"view\">\n<div class=\"mc-column content-text active-extra-styles \" data-block-type=\"unstyled\" data-block-weight=\"60\" data-block-id=\"16\">\n<p class=\"content-text__container \" style=\"text-align: justify;\" data-track-category=\"Link no Texto\" data-track-links=\"\">A investiga\u00e7\u00e3o realizada pelo Cenipa tem o objetivo de prevenir que novos acidentes com as mesmas caracter\u00edsticas ocorram. Ainda segundo o \u00f3rg\u00e3o, a &#8220;necessidade de descobrir todos os fatores contribuintes garante a liberdade de tempo para a investiga\u00e7\u00e3o e que a conclus\u00e3o de qualquer investiga\u00e7\u00e3o conduzida pelo Cenipa ter\u00e1 o menor prazo poss\u00edvel, dependendo sempre da complexidade do acidente&#8221;.<\/p>\n<p style=\"text-align: justify;\" data-track-category=\"Link no Texto\" data-track-links=\"\">Fonte: G1<\/p>\n<\/div>\n<\/div>\n<\/div>\n<\/div>\n","protected":false},"excerpt":{"rendered":"<p>Uma das v\u00edtimas estava com Covid-19 e estava sendo transferido para Teresina (PI), onde morava a fam\u00edlia. O Corpo de Bombeiros resgatou os corpos das quatro v\u00edtimas do acidente com a\u00a0aeronave bimotor PT- RMN na noite desta sexta-feira (15), no munic\u00edpio de S\u00e3o Benedito, na Regi\u00e3o da Ibiapaba. Dois m\u00e9dicos, o piloto e uma profissional [&hellip;]<\/p>\n","protected":false},"author":1,"featured_media":26302,"comment_status":"closed","ping_status":"open","sticky":false,"template":"","format":"standard","meta":{"footnotes":""},"categories":[170,110],"tags":[],"class_list":["post-26301","post","type-post","status-publish","format-standard","has-post-thumbnail","hentry","category-acidentes","category-noticiasdestaque"],"_links":{"self":[{"href":"https:\/\/jorgezanoni.com.br\/2019\/wp-json\/wp\/v2\/posts\/26301","targetHints":{"allow":["GET"]}}],"collection":[{"href":"https:\/\/jorgezanoni.com.br\/2019\/wp-json\/wp\/v2\/posts"}],"about":[{"href":"https:\/\/jorgezanoni.com.br\/2019\/wp-json\/wp\/v2\/types\/post"}],"author":[{"embeddable":true,"href":"https:\/\/jorgezanoni.com.br\/2019\/wp-json\/wp\/v2\/users\/1"}],"replies":[{"embeddable":true,"href":"https:\/\/jorgezanoni.com.br\/2019\/wp-json\/wp\/v2\/comments?post=26301"}],"version-history":[{"count":0,"href":"https:\/\/jorgezanoni.com.br\/2019\/wp-json\/wp\/v2\/posts\/26301\/revisions"}],"wp:featuredmedia":[{"embeddable":true,"href":"https:\/\/jorgezanoni.com.br\/2019\/wp-json\/wp\/v2\/media\/26302"}],"wp:attachment":[{"href":"https:\/\/jorgezanoni.com.br\/2019\/wp-json\/wp\/v2\/media?parent=26301"}],"wp:term":[{"taxonomy":"category","embeddable":true,"href":"https:\/\/jorgezanoni.com.br\/2019\/wp-json\/wp\/v2\/categories?post=26301"},{"taxonomy":"post_tag","embeddable":true,"href":"https:\/\/jorgezanoni.com.br\/2019\/wp-json\/wp\/v2\/tags?post=26301"}],"curies":[{"name":"wp","href":"https:\/\/api.w.org\/{rel}","templated":true}]}}