{"id":26295,"date":"2020-05-17T00:02:37","date_gmt":"2020-05-17T00:02:37","guid":{"rendered":"https:\/\/jorgezanoni.com.br\/2019\/?p=26295"},"modified":"2020-05-17T00:03:18","modified_gmt":"2020-05-17T00:03:18","slug":"santa-casa-volta-a-prestar-servicos-de-transporte-de-ambulancia-uti-para-dracena","status":"publish","type":"post","link":"https:\/\/jorgezanoni.com.br\/2019\/santa-casa-volta-a-prestar-servicos-de-transporte-de-ambulancia-uti-para-dracena\/","title":{"rendered":"Santa Casa volta a prestar servi\u00e7os de transporte de Ambul\u00e2ncia UTI para Dracena"},"content":{"rendered":"<p style=\"text-align: justify;\">O Provedor em exerc\u00edcio da SANTA CASA DE DRACENA \u2013 Celso Xavier Santin, na tarde de ontem (13\/05\/2020 \u2013 17h30min.), esteve com o PREFEITO MUNICIPAL DE DRACENA \u2013 Juliano Brito Bertolini, para firmar o termo aditivo de conv\u00eanio, dispondo sobre a presta\u00e7\u00e3o de servi\u00e7os de remo\u00e7\u00e3o por meio da AMBUL\u00c2NCIA UTI.<\/p>\n<p style=\"text-align: justify;\">Trata-se da disponibiliza\u00e7\u00e3o de transporte de paciente que necessitam de remo\u00e7\u00e3o Interhospitalar, ou seja, da unidade hospitalar local para outra unidade de tratamento avan\u00e7ado e de retorno para continuidade de tratamento na SANTA CASA.<\/p>\n<p style=\"text-align: justify;\">O servi\u00e7o de traslado do paciente por via unidade m\u00f3vel de UTI ser\u00e1 realizado com uma equipe composta de motorista, m\u00e9dico, enfermeiro e auxiliar de enfermagem, assegurando<br \/>\nqualidade e seguran\u00e7a na presta\u00e7\u00e3o de servi\u00e7os, tendo o ve\u00edculo equipado com todo suporte necess\u00e1rio, para se disponibilizar mais um servi\u00e7o de traslado especializado \u00e0 disposi\u00e7\u00e3o dos mun\u00edcipes da cidade.<\/p>\n<p style=\"text-align: justify;\">A disponibilidade de mais uma alternativa de remo\u00e7\u00e3o, no entendimento do Prefeito, reestabelece o servi\u00e7o de qualidade que sempre foi prestado pela ambul\u00e2ncia da SANTA CASA, ressaltando o seu contentamento em ter a parceria da SANTA CASA na presta\u00e7\u00e3o de servi\u00e7os de sa\u00fade \u00e0 comunidade local.<\/p>\n<p style=\"text-align: justify;\">O Vice Provedor Celso Santin ressaltou a import\u00e2ncia da disponibilidade deste servi\u00e7o ao Munic\u00edpio, reafirmando o lema de que sem d\u00favida a SANTA CASA DE DRACENA \u00e9 um PATRIM\u00d4NIO DA COMUNIDADE.<\/p>\n<p>Fonte: Santa Casa de Dracena<\/p>\n<p>Imagem Arquivo<\/p>\n","protected":false},"excerpt":{"rendered":"<p>O Provedor em exerc\u00edcio da SANTA CASA DE DRACENA \u2013 Celso Xavier Santin, na tarde de ontem (13\/05\/2020 \u2013 17h30min.), esteve com o PREFEITO MUNICIPAL DE DRACENA \u2013 Juliano Brito Bertolini, para firmar o termo aditivo de conv\u00eanio, dispondo sobre a presta\u00e7\u00e3o de servi\u00e7os de remo\u00e7\u00e3o por meio da AMBUL\u00c2NCIA UTI. Trata-se da disponibiliza\u00e7\u00e3o de [&hellip;]<\/p>\n","protected":false},"author":1,"featured_media":26296,"comment_status":"closed","ping_status":"open","sticky":false,"template":"","format":"standard","meta":{"footnotes":""},"categories":[110,122],"tags":[],"class_list":["post-26295","post","type-post","status-publish","format-standard","has-post-thumbnail","hentry","category-noticiasdestaque","category-saudeeducacaoeconcurso"],"_links":{"self":[{"href":"https:\/\/jorgezanoni.com.br\/2019\/wp-json\/wp\/v2\/posts\/26295","targetHints":{"allow":["GET"]}}],"collection":[{"href":"https:\/\/jorgezanoni.com.br\/2019\/wp-json\/wp\/v2\/posts"}],"about":[{"href":"https:\/\/jorgezanoni.com.br\/2019\/wp-json\/wp\/v2\/types\/post"}],"author":[{"embeddable":true,"href":"https:\/\/jorgezanoni.com.br\/2019\/wp-json\/wp\/v2\/users\/1"}],"replies":[{"embeddable":true,"href":"https:\/\/jorgezanoni.com.br\/2019\/wp-json\/wp\/v2\/comments?post=26295"}],"version-history":[{"count":0,"href":"https:\/\/jorgezanoni.com.br\/2019\/wp-json\/wp\/v2\/posts\/26295\/revisions"}],"wp:featuredmedia":[{"embeddable":true,"href":"https:\/\/jorgezanoni.com.br\/2019\/wp-json\/wp\/v2\/media\/26296"}],"wp:attachment":[{"href":"https:\/\/jorgezanoni.com.br\/2019\/wp-json\/wp\/v2\/media?parent=26295"}],"wp:term":[{"taxonomy":"category","embeddable":true,"href":"https:\/\/jorgezanoni.com.br\/2019\/wp-json\/wp\/v2\/categories?post=26295"},{"taxonomy":"post_tag","embeddable":true,"href":"https:\/\/jorgezanoni.com.br\/2019\/wp-json\/wp\/v2\/tags?post=26295"}],"curies":[{"name":"wp","href":"https:\/\/api.w.org\/{rel}","templated":true}]}}