{"id":26292,"date":"2020-05-16T23:29:55","date_gmt":"2020-05-16T23:29:55","guid":{"rendered":"https:\/\/jorgezanoni.com.br\/2019\/?p=26292"},"modified":"2020-05-16T23:31:27","modified_gmt":"2020-05-16T23:31:27","slug":"apos-furtar-picanha-em-supermercado-homem-e-preso-pela-policia-militar-em-dracena","status":"publish","type":"post","link":"https:\/\/jorgezanoni.com.br\/2019\/apos-furtar-picanha-em-supermercado-homem-e-preso-pela-policia-militar-em-dracena\/","title":{"rendered":"Ap\u00f3s furtar Picanha em Supermercado, homem \u00e9 preso pela Pol\u00edcia Militar em Dracena"},"content":{"rendered":"<p style=\"text-align: justify;\">Na manha de ontem (15), por volta das 08h13min, os Policiais Militares de Dracena foram acionados via Copom para atender ocorr\u00eancia de furto em um supermercado. No local, foram informados que o autor (36 anos) teria acabado de furtar duas pe\u00e7as de carne bovina embaladas a v\u00e1cuo (picanha) no valor de R$163,00, cento e sessenta e tr\u00eas reais, e que tinha sa\u00eddo do interior do mercado com as pe\u00e7as de carne no interior de suas vestes, sendo abordado pelo a\u00e7ougueiro que viu o momento do furto, onde ap\u00f3s isso acionaram a Pol\u00edcia Militar. Diante do fato, foi dada voz de pris\u00e3o em flagrante delito pelo cometimento do crime de furto, permanecendo o autor preso a disposi\u00e7\u00e3o da justi\u00e7a.<\/p>\n<p style=\"text-align: justify;\"><a class=\"_58cn\" href=\"https:\/\/www.facebook.com\/hashtag\/25bpmi?__eep__=6&amp;source=feed_text&amp;epa=HASHTAG&amp;__xts__%5B0%5D=68.ARAy_WB8_X09DhtJwhrVSdtRV8XKc8QlhUMBYhBMNoVb1mpoFqF8pOAdPuHmuGNO-rErEqvoapOXpPJ3vINfu9yuKSXyFSQHLZHiho8PWmdB9rvjCpdUriktufqBO3s0zbfw344mzUl495fcP5iy40-9uj5jimajtWOHpnoSAQvRrzFBiHx_HOdSh2arHO1mCnugAjHj1lt-7cz5ItL4BHkkk12jUvJ6lb0gFc88DSDxLdEcseyQ5MG6GNS1JxlBssOJiZwarKSA9nJsJ_rkLMHAn9InV_Qdc1TvGqm8XHnp3qmXNiarsy7axMn2TGz3QKfhzrIuFOzMLFSUMfmVgMQ&amp;__tn__=%2ANK-R\" data-ft=\"{&quot;type&quot;:104,&quot;tn&quot;:&quot;*N&quot;}\"><span class=\"_5afx\"><span class=\"_58cl _5afz\" aria-label=\"hashtag\">#<\/span><span class=\"_58cm\">25BPMI<\/span><\/span><\/a><br \/>\n<a class=\"_58cn\" href=\"https:\/\/www.facebook.com\/hashtag\/pol%C3%ADciamilitarsp?__eep__=6&amp;source=feed_text&amp;epa=HASHTAG&amp;__xts__%5B0%5D=68.ARAy_WB8_X09DhtJwhrVSdtRV8XKc8QlhUMBYhBMNoVb1mpoFqF8pOAdPuHmuGNO-rErEqvoapOXpPJ3vINfu9yuKSXyFSQHLZHiho8PWmdB9rvjCpdUriktufqBO3s0zbfw344mzUl495fcP5iy40-9uj5jimajtWOHpnoSAQvRrzFBiHx_HOdSh2arHO1mCnugAjHj1lt-7cz5ItL4BHkkk12jUvJ6lb0gFc88DSDxLdEcseyQ5MG6GNS1JxlBssOJiZwarKSA9nJsJ_rkLMHAn9InV_Qdc1TvGqm8XHnp3qmXNiarsy7axMn2TGz3QKfhzrIuFOzMLFSUMfmVgMQ&amp;__tn__=%2ANK-R\" data-ft=\"{&quot;type&quot;:104,&quot;tn&quot;:&quot;*N&quot;}\"><span class=\"_5afx\"><span class=\"_58cl _5afz\" aria-label=\"hashtag\">#<\/span><span class=\"_58cm\">POL\u00cdCIAMILITARSP<\/span><\/span><\/a><br \/>\n<a class=\"_58cn\" href=\"https:\/\/www.facebook.com\/hashtag\/afor%C3%A7ap%C3%BAblicades%C3%A3opaulo?__eep__=6&amp;source=feed_text&amp;epa=HASHTAG&amp;__xts__%5B0%5D=68.ARAy_WB8_X09DhtJwhrVSdtRV8XKc8QlhUMBYhBMNoVb1mpoFqF8pOAdPuHmuGNO-rErEqvoapOXpPJ3vINfu9yuKSXyFSQHLZHiho8PWmdB9rvjCpdUriktufqBO3s0zbfw344mzUl495fcP5iy40-9uj5jimajtWOHpnoSAQvRrzFBiHx_HOdSh2arHO1mCnugAjHj1lt-7cz5ItL4BHkkk12jUvJ6lb0gFc88DSDxLdEcseyQ5MG6GNS1JxlBssOJiZwarKSA9nJsJ_rkLMHAn9InV_Qdc1TvGqm8XHnp3qmXNiarsy7axMn2TGz3QKfhzrIuFOzMLFSUMfmVgMQ&amp;__tn__=%2ANK-R\" data-ft=\"{&quot;type&quot;:104,&quot;tn&quot;:&quot;*N&quot;}\"><span class=\"_5afx\"><span class=\"_58cl _5afz\" aria-label=\"hashtag\">#<\/span><span class=\"_58cm\">AFOR\u00c7AP\u00daBLICADES\u00c3OPAULO<\/span><\/span><\/a><br \/>\nCOMUNICA\u00c7\u00c3O SOCIAL DO 25BPMI<\/p>\n","protected":false},"excerpt":{"rendered":"<p>Na manha de ontem (15), por volta das 08h13min, os Policiais Militares de Dracena foram acionados via Copom para atender ocorr\u00eancia de furto em um supermercado. No local, foram informados que o autor (36 anos) teria acabado de furtar duas pe\u00e7as de carne bovina embaladas a v\u00e1cuo (picanha) no valor de R$163,00, cento e sessenta [&hellip;]<\/p>\n","protected":false},"author":1,"featured_media":26293,"comment_status":"closed","ping_status":"open","sticky":false,"template":"","format":"standard","meta":{"footnotes":""},"categories":[110,2],"tags":[],"class_list":["post-26292","post","type-post","status-publish","format-standard","has-post-thumbnail","hentry","category-noticiasdestaque","category-policial"],"_links":{"self":[{"href":"https:\/\/jorgezanoni.com.br\/2019\/wp-json\/wp\/v2\/posts\/26292","targetHints":{"allow":["GET"]}}],"collection":[{"href":"https:\/\/jorgezanoni.com.br\/2019\/wp-json\/wp\/v2\/posts"}],"about":[{"href":"https:\/\/jorgezanoni.com.br\/2019\/wp-json\/wp\/v2\/types\/post"}],"author":[{"embeddable":true,"href":"https:\/\/jorgezanoni.com.br\/2019\/wp-json\/wp\/v2\/users\/1"}],"replies":[{"embeddable":true,"href":"https:\/\/jorgezanoni.com.br\/2019\/wp-json\/wp\/v2\/comments?post=26292"}],"version-history":[{"count":0,"href":"https:\/\/jorgezanoni.com.br\/2019\/wp-json\/wp\/v2\/posts\/26292\/revisions"}],"wp:featuredmedia":[{"embeddable":true,"href":"https:\/\/jorgezanoni.com.br\/2019\/wp-json\/wp\/v2\/media\/26293"}],"wp:attachment":[{"href":"https:\/\/jorgezanoni.com.br\/2019\/wp-json\/wp\/v2\/media?parent=26292"}],"wp:term":[{"taxonomy":"category","embeddable":true,"href":"https:\/\/jorgezanoni.com.br\/2019\/wp-json\/wp\/v2\/categories?post=26292"},{"taxonomy":"post_tag","embeddable":true,"href":"https:\/\/jorgezanoni.com.br\/2019\/wp-json\/wp\/v2\/tags?post=26292"}],"curies":[{"name":"wp","href":"https:\/\/api.w.org\/{rel}","templated":true}]}}