{"id":26279,"date":"2020-05-16T22:35:13","date_gmt":"2020-05-16T22:35:13","guid":{"rendered":"https:\/\/jorgezanoni.com.br\/2019\/?p=26279"},"modified":"2020-05-16T22:35:13","modified_gmt":"2020-05-16T22:35:13","slug":"reflexoes-sobre-a-pandemia","status":"publish","type":"post","link":"https:\/\/jorgezanoni.com.br\/2019\/reflexoes-sobre-a-pandemia\/","title":{"rendered":"Reflex\u00f5es sobre a Pandemia"},"content":{"rendered":"<p style=\"text-align: justify;\"><strong>REFLEX\u00d5ES SOBRE A PANDEMIA.<\/strong><\/p>\n<p style=\"text-align: justify;\"><strong>*CLAUDIVAL CLEMENTE.<\/strong><\/p>\n<p style=\"text-align: justify;\"><strong>**CLAUDIVAL MOURA CLEMENTE<\/strong><\/p>\n<p style=\"text-align: justify;\">O Brasil est\u00e1 enfrentando tr\u00eas crises simultaneamente: sanit\u00e1ria, pol\u00edtica e econ\u00f4mica. Sanit\u00e1ria decorrente da pandemia do corona v\u00edrus, de ordem planet\u00e1ria, que tem atingido fortemente os pa\u00edses por onde passou, vindo diretamente da China. Nenhuma das teorias at\u00e9 aqui anunciadas confirmam a forma como o v\u00edrus foi espalhado pelo mundo, mas o fato \u00e9 que chegou em todas as partes do planeta terra.<\/p>\n<p style=\"text-align: justify;\">Como se t\u00eam visto pelo mundo todo, a capacidade da contamina\u00e7\u00e3o do v\u00edrus \u00e9 elevada, porque \u00e9 de pessoa a pessoa, viajando pelas got\u00edculas da saliva e entra disfar\u00e7adamente no organismo, indo diretamente aos pulm\u00f5es, provocando algumas complica\u00e7\u00f5es respirat\u00f3rias e, em alguns casos espec\u00edficos, a pessoa infectada necessita de interna\u00e7\u00e3o hospitalar e por vezes, o paciente tem que ser encaminhado para UTI(Unidade de Terapia Intensiva) com utiliza\u00e7\u00e3o de respirador. Por conta deste despreparo, as contamina\u00e7\u00f5es t\u00eam que ser baixadas o m\u00e1ximo poss\u00edvel para evitar o colapso hospitalar.<\/p>\n<p style=\"text-align: justify;\">A crise pol\u00edtica se desdobra em v\u00e1rios pontos da Rep\u00fablica, inicialmente o Chefe do Executivo abrindo m\u00e3o do seu papel de l\u00edder para coordenar as iniciativas de controle da pandemia e se indispondo com os governadores que implantaram o isolamento social, minimizando os efeitos da pandemia e produzindo crises com os ministros do Governo e enfrentando v\u00e1rias decis\u00f5es judiciais contr\u00e1rias ao seu posicionamento, mostrando falta de diplomacia para lidar com os oponentes. Ali\u00e1s, desde o in\u00edcio de sua administra\u00e7\u00e3o se mostrou c\u00e9tico \u00e0 arte de negociar com o Congresso Nacional, pois nem toda a negocia\u00e7\u00e3o implica em corrup\u00e7\u00e3o. Ap\u00f3s os efeitos bomb\u00e1sticos dos \u201cspoilers\u201d(antecipa\u00e7\u00f5es) do v\u00eddeo da reuni\u00e3o com Ministros, foi escancarado uma situa\u00e7\u00e3o que todo brasileiro deve ter acesso, pois, os pagadores de impostos t\u00eam direito a saber o que se passa nas entranhas no poder.<\/p>\n<p style=\"text-align: justify;\">A terceira e n\u00e3o menos importante \u00e9 a crise econ\u00f4mica, decorrente do isolamento social imposto na maioria dos estados e munic\u00edpios, impedindo o funcionamento de estabelecimentos que n\u00e3o s\u00e3o considerados essenciais, tais como farm\u00e1cias, postos de gasolina, supermercados e lojas de artigos para animais, provocando queda nas vendas e consequentemente diminui\u00e7\u00e3o nos valores dos impostos recolhidos. \u00c9 uma nova realidade econ\u00f4mica, com os comerciantes sendo obrigados a realizar vendas pelo celular e pelos aplicativos, com entregas \u00e0 domicilio. Este novo formato de vendas s\u00f3 foi antecipado, pois no futuro n\u00e3o muito distante a maior parte das lojas f\u00edsicas perder\u00e3o o protagonismo comercial, dando lugar ao com\u00e9rcio eletr\u00f4nico. Mas neste momento, a maior parte dos comerciantes n\u00e3o est\u00e1 preparada para uma mudan\u00e7a brusca como esta, provocando alguns transtornos e muitos destes transtornos de forma ser\u00edssima.<\/p>\n<p style=\"text-align: justify;\">A flexibiliza\u00e7\u00e3o do isolamento social \u00e9 um assunto de extrema import\u00e2ncia e n\u00e3o pode ser tratado de maneira banal, preciso que se analise a quantidade de pessoas infectadas com o v\u00edrus e com base nos dados dos infectologistas, analisar se a curva do cont\u00e1gio est\u00e1 em queda ou ainda est\u00e1 no pico da contamina\u00e7\u00e3o.<\/p>\n<p style=\"text-align: justify;\">O Brasil \u00e9 uma federa\u00e7\u00e3o, a Constitui\u00e7\u00e3o assegura que todos os entes federados possuem autonomia administrativa, podendo tomar as pr\u00f3prias decis\u00f5es, como de fato tomam. Contudo, o plano para combate e controle da pandemia poderia ser realizado pela Uni\u00e3o, como foi realizado em outros pa\u00edses que tamb\u00e9m s\u00e3o uma federa\u00e7\u00e3o.<\/p>\n<p style=\"text-align: justify;\">Acusar os governadores e prefeitos de estarem fazendo \u201cpol\u00edtica\u201d \u00e9 diminuir o brilhante trabalho realizado por todos at\u00e9 o presente momento. Todos os protocolos implantados por estas autoridades t\u00eam sido eficazes no combate \u00e0 pandemia e sempre realizado com bases em dados estat\u00edsticos produzidos pelos especialistas. At\u00e9 mesmo o mega rodizio estabelecido na Capital de S\u00e3o Paulo, que prev\u00ea a circula\u00e7\u00e3o de ve\u00edculos em toda a cidade pelo final das placas, ou seja, finais pares s\u00f3 dias pares e finais \u00edmpares s\u00f3 dias \u00edmpares foi mantido pelo Poder Judici\u00e1rio, pois inibe a circula\u00e7\u00e3o desnecess\u00e1ria das pessoas.<\/p>\n<p style=\"text-align: justify;\">Flexibilizar a economia de cima para baixo como pretende o Governo Federal se mostra totalmente inadequado, como tamb\u00e9m ofende a autonomia dos entes federados e a decis\u00e3o do Supremo Tribunal Federal que reafirmou a interpreta\u00e7\u00e3o do contido na Constitui\u00e7\u00e3o Federal, assegurando plena autonomia aos estados, munic\u00edpios e distrito federal.<\/p>\n<p style=\"text-align: justify;\">O massacre contra a imprensa, sustentando como fazem algumas autoridades, que a imprensa s\u00f3 defende o isolamento social da mesma forma \u00e9 um posicionamento que n\u00e3o se mostra verdadeiro, pois os \u00f3rg\u00e3os de imprensa repercutem sempre os v\u00e1rios lados da hist\u00f3ria; por\u00e9m, o que se mostra absolutamente verdadeiro \u00e9 que a maior parte da popula\u00e7\u00e3o apoia integralmente o isolamento social, pois este se mostra eficiente no combate ao corona v\u00edrus.<\/p>\n<p style=\"text-align: justify;\">Continuemos nosso combate ao inimigo mortal e invis\u00edvel, evitando aglomera\u00e7\u00f5es, mantendo dist\u00e2ncia segura entre as pessoas, usando as m\u00e1scaras e mantendo as m\u00e3os limpas com \u00e1gua e sab\u00e3o ou \u00e1lcool gel.<\/p>\n<p style=\"text-align: justify;\">Juntos somos mais fortes, juntos venceremos. O Brasil ir\u00e1 vencer o v\u00edrus. O Brasil precisa de todos n\u00f3s.<\/p>\n<p style=\"text-align: justify;\">Envie d\u00favidas, coment\u00e1rios ou sugest\u00f5es para <a href=\"mailto:bcrcconsultoria@gmail.com\">bcrcconsultoria@gmail.com<\/a>. At\u00e9 a pr\u00f3xima.<\/p>\n<p style=\"text-align: justify;\">*Formado em Direito pela Universidade Estadual de Direito do Norte Pioneiro em Jacarezinho e em Administra\u00e7\u00e3o de Empresas nas Faculdades Integradas de Ourinhos. MBA em Comunica\u00e7\u00e3o Corporativa pela Universidade Est\u00e1cio de S\u00e1(em curso) . S\u00f3cio s\u00eanior da BCRC Consultoria em Comunica\u00e7\u00e3o.<\/p>\n<p style=\"text-align: justify;\">** Revis\u00e3o e colabora\u00e7\u00e3o\u00a0 &#8211; Acad\u00eamico de Administra\u00e7\u00e3o de Empresas na UNICID.<\/p>\n<p>&nbsp;<\/p>\n","protected":false},"excerpt":{"rendered":"<p>REFLEX\u00d5ES SOBRE A PANDEMIA. *CLAUDIVAL CLEMENTE. **CLAUDIVAL MOURA CLEMENTE O Brasil est\u00e1 enfrentando tr\u00eas crises simultaneamente: sanit\u00e1ria, pol\u00edtica e econ\u00f4mica. Sanit\u00e1ria decorrente da pandemia do corona v\u00edrus, de ordem planet\u00e1ria, que tem atingido fortemente os pa\u00edses por onde passou, vindo diretamente da China. Nenhuma das teorias at\u00e9 aqui anunciadas confirmam a forma como o v\u00edrus [&hellip;]<\/p>\n","protected":false},"author":1,"featured_media":26280,"comment_status":"closed","ping_status":"open","sticky":false,"template":"","format":"standard","meta":{"footnotes":""},"categories":[175],"tags":[],"class_list":["post-26279","post","type-post","status-publish","format-standard","has-post-thumbnail","hentry","category-artigos"],"_links":{"self":[{"href":"https:\/\/jorgezanoni.com.br\/2019\/wp-json\/wp\/v2\/posts\/26279","targetHints":{"allow":["GET"]}}],"collection":[{"href":"https:\/\/jorgezanoni.com.br\/2019\/wp-json\/wp\/v2\/posts"}],"about":[{"href":"https:\/\/jorgezanoni.com.br\/2019\/wp-json\/wp\/v2\/types\/post"}],"author":[{"embeddable":true,"href":"https:\/\/jorgezanoni.com.br\/2019\/wp-json\/wp\/v2\/users\/1"}],"replies":[{"embeddable":true,"href":"https:\/\/jorgezanoni.com.br\/2019\/wp-json\/wp\/v2\/comments?post=26279"}],"version-history":[{"count":0,"href":"https:\/\/jorgezanoni.com.br\/2019\/wp-json\/wp\/v2\/posts\/26279\/revisions"}],"wp:featuredmedia":[{"embeddable":true,"href":"https:\/\/jorgezanoni.com.br\/2019\/wp-json\/wp\/v2\/media\/26280"}],"wp:attachment":[{"href":"https:\/\/jorgezanoni.com.br\/2019\/wp-json\/wp\/v2\/media?parent=26279"}],"wp:term":[{"taxonomy":"category","embeddable":true,"href":"https:\/\/jorgezanoni.com.br\/2019\/wp-json\/wp\/v2\/categories?post=26279"},{"taxonomy":"post_tag","embeddable":true,"href":"https:\/\/jorgezanoni.com.br\/2019\/wp-json\/wp\/v2\/tags?post=26279"}],"curies":[{"name":"wp","href":"https:\/\/api.w.org\/{rel}","templated":true}]}}