{"id":26270,"date":"2020-05-16T19:02:31","date_gmt":"2020-05-16T19:02:31","guid":{"rendered":"https:\/\/jorgezanoni.com.br\/2019\/?p=26270"},"modified":"2020-05-16T19:02:31","modified_gmt":"2020-05-16T19:02:31","slug":"reclamacao-da-populacao-bandidos-estao-furtando-residencias-de-idosos-em-jacipora","status":"publish","type":"post","link":"https:\/\/jorgezanoni.com.br\/2019\/reclamacao-da-populacao-bandidos-estao-furtando-residencias-de-idosos-em-jacipora\/","title":{"rendered":"Reclama\u00e7\u00e3o da Popula\u00e7\u00e3o: Bandidos est\u00e3o furtando residencias de idosos em Jacipor\u00e3"},"content":{"rendered":"<div class=\"clearfix _o46 _3erg _29_7 _8lma direction_ltr text_align_ltr\">\n<div id=\"js_yc\" class=\"_3058 _ui9 _hh7 _6ybn _s1- _52mr _3oh-\" data-tooltip-content=\"Sexta 17:41\" data-hover=\"tooltip\" data-tooltip-position=\"left\">\n<div style=\"text-align: justify;\" tabindex=\"0\">Moradores do Distrito de Jacipor\u00e3 est\u00e3o reclamando que est\u00e1 existindo uma onde furtos em resid\u00eancias.<\/div>\n<div tabindex=\"0\"><\/div>\n<div style=\"text-align: justify;\" tabindex=\"0\">Segundo eles, \u00e9 comum encontrarem portas e janelas arrombadas, principalmente de idosos aposentados.<\/div>\n<div tabindex=\"0\"><\/div>\n<div style=\"text-align: justify;\" tabindex=\"0\">Uma das moradores disse que j\u00e1 entrou em contato com a Pol\u00edcia Militar, por\u00e9m a informa\u00e7\u00e3o que obteve \u00e9 que s\u00f3 podem prender em flagrante.<\/div>\n<div tabindex=\"0\"><\/div>\n<div style=\"text-align: justify;\" tabindex=\"0\">Est\u00e3o ent\u00e3o solicitando a administra\u00e7\u00e3o municipal que veja a possibilidade de se contratar um guarda noturno para tentar resolver o problema.<\/div>\n<div tabindex=\"0\"><\/div>\n<div style=\"text-align: justify;\" tabindex=\"0\">Disse outra moradora: Preferimos um guarda noturno do que tantas lombadas nas ruas&#8221;<\/div>\n<div style=\"text-align: justify;\" tabindex=\"0\">Os moradores est\u00e3o em p\u00e2nico, especialmente os idosos, com medo que algo pior possa vir a acontecer, e pedem provid\u00eancias.<\/div>\n<div tabindex=\"0\"><\/div>\n<div style=\"text-align: justify;\" tabindex=\"0\">Jorge Zanoni<\/div>\n<div tabindex=\"0\"><\/div>\n<\/div>\n<div tabindex=\"0\"><\/div>\n<div id=\"js_yc\" class=\"_3058 _ui9 _hh7 _6ybn _s1- _52mr _3oh-\" data-tooltip-content=\"Sexta 17:41\" data-hover=\"tooltip\" data-tooltip-position=\"left\">\n<div tabindex=\"0\"><\/div>\n<\/div>\n<\/div>\n<div class=\"clearfix _o46 _3erg _29_7 direction_ltr text_align_ltr\">\n<div id=\"js_xf\" class=\"_3058 _ui9 _hh7 _6ybn _s1- _52mr _3oh-\" data-tooltip-content=\"Sexta 17:41\" data-hover=\"tooltip\" data-tooltip-position=\"left\">\n<div class=\"_aok _7i2m\" tabindex=\"0\"><\/div>\n<\/div>\n<\/div>\n<div class=\"clearfix _o46 _3erg _29_7 direction_ltr text_align_ltr\"><\/div>\n<div class=\"clearfix _o46 _3erg _29_7 direction_ltr text_align_ltr\">\n<div id=\"js_10z\" class=\"_3058 _ui9 _hh7 _6ybn _s1- _52mr _3oh-\" data-tooltip-content=\"Sexta 17:45\" data-hover=\"tooltip\" data-tooltip-position=\"left\" aria-describedby=\"js_wz\">\n<div class=\"_aok _7i2m\" tabindex=\"0\"><\/div>\n<\/div>\n<\/div>\n","protected":false},"excerpt":{"rendered":"<p>Moradores do Distrito de Jacipor\u00e3 est\u00e3o reclamando que est\u00e1 existindo uma onde furtos em resid\u00eancias. Segundo eles, \u00e9 comum encontrarem portas e janelas arrombadas, principalmente de idosos aposentados. Uma das moradores disse que j\u00e1 entrou em contato com a Pol\u00edcia Militar, por\u00e9m a informa\u00e7\u00e3o que obteve \u00e9 que s\u00f3 podem prender em flagrante. Est\u00e3o ent\u00e3o [&hellip;]<\/p>\n","protected":false},"author":1,"featured_media":26271,"comment_status":"closed","ping_status":"open","sticky":false,"template":"","format":"standard","meta":{"footnotes":""},"categories":[179,184,110],"tags":[],"class_list":["post-26270","post","type-post","status-publish","format-standard","has-post-thumbnail","hentry","category-cidadeseregiao","category-dracena","category-noticiasdestaque"],"_links":{"self":[{"href":"https:\/\/jorgezanoni.com.br\/2019\/wp-json\/wp\/v2\/posts\/26270","targetHints":{"allow":["GET"]}}],"collection":[{"href":"https:\/\/jorgezanoni.com.br\/2019\/wp-json\/wp\/v2\/posts"}],"about":[{"href":"https:\/\/jorgezanoni.com.br\/2019\/wp-json\/wp\/v2\/types\/post"}],"author":[{"embeddable":true,"href":"https:\/\/jorgezanoni.com.br\/2019\/wp-json\/wp\/v2\/users\/1"}],"replies":[{"embeddable":true,"href":"https:\/\/jorgezanoni.com.br\/2019\/wp-json\/wp\/v2\/comments?post=26270"}],"version-history":[{"count":0,"href":"https:\/\/jorgezanoni.com.br\/2019\/wp-json\/wp\/v2\/posts\/26270\/revisions"}],"wp:featuredmedia":[{"embeddable":true,"href":"https:\/\/jorgezanoni.com.br\/2019\/wp-json\/wp\/v2\/media\/26271"}],"wp:attachment":[{"href":"https:\/\/jorgezanoni.com.br\/2019\/wp-json\/wp\/v2\/media?parent=26270"}],"wp:term":[{"taxonomy":"category","embeddable":true,"href":"https:\/\/jorgezanoni.com.br\/2019\/wp-json\/wp\/v2\/categories?post=26270"},{"taxonomy":"post_tag","embeddable":true,"href":"https:\/\/jorgezanoni.com.br\/2019\/wp-json\/wp\/v2\/tags?post=26270"}],"curies":[{"name":"wp","href":"https:\/\/api.w.org\/{rel}","templated":true}]}}