{"id":26213,"date":"2020-05-16T12:11:37","date_gmt":"2020-05-16T12:11:37","guid":{"rendered":"https:\/\/jorgezanoni.com.br\/2019\/?p=26213"},"modified":"2020-05-16T12:11:37","modified_gmt":"2020-05-16T12:11:37","slug":"colisao-frontal-com-vitima-fatal-na-rodovia-da-integracao-proximo-a-monte-castelo","status":"publish","type":"post","link":"https:\/\/jorgezanoni.com.br\/2019\/colisao-frontal-com-vitima-fatal-na-rodovia-da-integracao-proximo-a-monte-castelo\/","title":{"rendered":"Colis\u00e3o frontal com v\u00edtima fatal na rodovia da Integra\u00e7\u00e3o pr\u00f3ximo a Monte Castelo"},"content":{"rendered":"<p style=\"text-align: justify;\"><strong>Acidente envolveu um ve\u00edculo Fiat Uno placas de Tupi Paulista e um Peugeot\/ Furg\u00e3o de Londrina PR. V\u00edtima fatal era motorista do Fiat Uno.<\/strong><\/p>\n<p style=\"text-align: justify;\">No inicio da manh\u00e3 deste s\u00e1bado (16), a Pol\u00edcia Militar Rodovi\u00e1ria, base operacional de Adamantina, registrou um acidente entre dois ve\u00edculos na rodovia General Euclides de Oliveira Figueiredo (Integra\u00e7\u00e3o), SP-563, no Km. 147+800 no munic\u00edpio de Monte Castelo.<\/p>\n<p style=\"text-align: justify;\">Segundo informa\u00e7\u00f5es obtidas junto \u00e0 Pol\u00edcia Rodovi\u00e1ria, o motorista do veiculo Uno placas de Tupi Paulista faleceu no local. Ainda existem 2 pessoas com ferimentos considerados leves.<\/p>\n<p style=\"text-align: justify;\">A Pol\u00edcia Militar Rodovi\u00e1ria, Pol\u00edcia Militar de Monte Castelo, Corpo de Bombeiros de Dracena e Servi\u00e7o da Uba trabalham no local. A Per\u00edcia T\u00e9cnica foi acionada.<\/p>\n<p style=\"text-align: justify;\">O Tr\u00e2nsito est\u00e1 fluindo normalmente. Ainda n\u00e3o foram confirmados os dados e cidade que residia a v\u00edtima fatal. (aguarde informa\u00e7\u00f5es)<\/p>\n<p><img loading=\"lazy\" decoding=\"async\" class=\"alignnone size-full wp-image-26217\" src=\"https:\/\/jorgezanoni.com.br\/2019\/wp-content\/uploads\/2020\/05\/aci3-1.jpg\" alt=\"\" width=\"720\" height=\"1280\" srcset=\"https:\/\/jorgezanoni.com.br\/2019\/wp-content\/uploads\/2020\/05\/aci3-1.jpg 720w, https:\/\/jorgezanoni.com.br\/2019\/wp-content\/uploads\/2020\/05\/aci3-1-169x300.jpg 169w, https:\/\/jorgezanoni.com.br\/2019\/wp-content\/uploads\/2020\/05\/aci3-1-576x1024.jpg 576w, https:\/\/jorgezanoni.com.br\/2019\/wp-content\/uploads\/2020\/05\/aci3-1-696x1237.jpg 696w, https:\/\/jorgezanoni.com.br\/2019\/wp-content\/uploads\/2020\/05\/aci3-1-236x420.jpg 236w\" sizes=\"auto, (max-width: 720px) 100vw, 720px\" \/> <img loading=\"lazy\" decoding=\"async\" class=\"alignnone size-full wp-image-26218\" src=\"https:\/\/jorgezanoni.com.br\/2019\/wp-content\/uploads\/2020\/05\/aci4.jpg\" alt=\"\" width=\"720\" height=\"1280\" srcset=\"https:\/\/jorgezanoni.com.br\/2019\/wp-content\/uploads\/2020\/05\/aci4.jpg 720w, https:\/\/jorgezanoni.com.br\/2019\/wp-content\/uploads\/2020\/05\/aci4-169x300.jpg 169w, https:\/\/jorgezanoni.com.br\/2019\/wp-content\/uploads\/2020\/05\/aci4-576x1024.jpg 576w, https:\/\/jorgezanoni.com.br\/2019\/wp-content\/uploads\/2020\/05\/aci4-696x1237.jpg 696w, https:\/\/jorgezanoni.com.br\/2019\/wp-content\/uploads\/2020\/05\/aci4-236x420.jpg 236w\" sizes=\"auto, (max-width: 720px) 100vw, 720px\" \/> <img loading=\"lazy\" decoding=\"async\" class=\"alignnone size-full wp-image-26219\" src=\"https:\/\/jorgezanoni.com.br\/2019\/wp-content\/uploads\/2020\/05\/acid2.jpg\" alt=\"\" width=\"720\" height=\"1280\" srcset=\"https:\/\/jorgezanoni.com.br\/2019\/wp-content\/uploads\/2020\/05\/acid2.jpg 720w, https:\/\/jorgezanoni.com.br\/2019\/wp-content\/uploads\/2020\/05\/acid2-169x300.jpg 169w, https:\/\/jorgezanoni.com.br\/2019\/wp-content\/uploads\/2020\/05\/acid2-576x1024.jpg 576w, https:\/\/jorgezanoni.com.br\/2019\/wp-content\/uploads\/2020\/05\/acid2-696x1237.jpg 696w, https:\/\/jorgezanoni.com.br\/2019\/wp-content\/uploads\/2020\/05\/acid2-236x420.jpg 236w\" sizes=\"auto, (max-width: 720px) 100vw, 720px\" \/><\/p>\n<p style=\"text-align: justify;\">Jorge Zanoni<\/p>\n<p style=\"text-align: justify;\">Fonte: 2\u00aa Cia. PMR.<\/p>\n<p>&nbsp;<\/p>\n<p>&nbsp;<\/p>\n<div class=\"text_exposed_show\">\n<p>&nbsp;<\/p>\n<p>&nbsp;<\/p>\n<\/div>\n","protected":false},"excerpt":{"rendered":"<p>Acidente envolveu um ve\u00edculo Fiat Uno placas de Tupi Paulista e um Peugeot\/ Furg\u00e3o de Londrina PR. V\u00edtima fatal era motorista do Fiat Uno. No inicio da manh\u00e3 deste s\u00e1bado (16), a Pol\u00edcia Militar Rodovi\u00e1ria, base operacional de Adamantina, registrou um acidente entre dois ve\u00edculos na rodovia General Euclides de Oliveira Figueiredo (Integra\u00e7\u00e3o), SP-563, no [&hellip;]<\/p>\n","protected":false},"author":1,"featured_media":26220,"comment_status":"closed","ping_status":"open","sticky":false,"template":"","format":"standard","meta":{"footnotes":""},"categories":[170,110],"tags":[],"class_list":["post-26213","post","type-post","status-publish","format-standard","has-post-thumbnail","hentry","category-acidentes","category-noticiasdestaque"],"_links":{"self":[{"href":"https:\/\/jorgezanoni.com.br\/2019\/wp-json\/wp\/v2\/posts\/26213","targetHints":{"allow":["GET"]}}],"collection":[{"href":"https:\/\/jorgezanoni.com.br\/2019\/wp-json\/wp\/v2\/posts"}],"about":[{"href":"https:\/\/jorgezanoni.com.br\/2019\/wp-json\/wp\/v2\/types\/post"}],"author":[{"embeddable":true,"href":"https:\/\/jorgezanoni.com.br\/2019\/wp-json\/wp\/v2\/users\/1"}],"replies":[{"embeddable":true,"href":"https:\/\/jorgezanoni.com.br\/2019\/wp-json\/wp\/v2\/comments?post=26213"}],"version-history":[{"count":0,"href":"https:\/\/jorgezanoni.com.br\/2019\/wp-json\/wp\/v2\/posts\/26213\/revisions"}],"wp:featuredmedia":[{"embeddable":true,"href":"https:\/\/jorgezanoni.com.br\/2019\/wp-json\/wp\/v2\/media\/26220"}],"wp:attachment":[{"href":"https:\/\/jorgezanoni.com.br\/2019\/wp-json\/wp\/v2\/media?parent=26213"}],"wp:term":[{"taxonomy":"category","embeddable":true,"href":"https:\/\/jorgezanoni.com.br\/2019\/wp-json\/wp\/v2\/categories?post=26213"},{"taxonomy":"post_tag","embeddable":true,"href":"https:\/\/jorgezanoni.com.br\/2019\/wp-json\/wp\/v2\/tags?post=26213"}],"curies":[{"name":"wp","href":"https:\/\/api.w.org\/{rel}","templated":true}]}}