{"id":26186,"date":"2020-05-15T23:46:11","date_gmt":"2020-05-15T23:46:11","guid":{"rendered":"https:\/\/jorgezanoni.com.br\/2019\/?p=26186"},"modified":"2020-05-15T23:46:11","modified_gmt":"2020-05-15T23:46:11","slug":"teich-deixa-o-ministerio-da-saude-antes-de-completar-um-mes-no-cargo-e-apos-divergir-de-bolsonaro","status":"publish","type":"post","link":"https:\/\/jorgezanoni.com.br\/2019\/teich-deixa-o-ministerio-da-saude-antes-de-completar-um-mes-no-cargo-e-apos-divergir-de-bolsonaro\/","title":{"rendered":"Teich deixa o Minist\u00e9rio da Sa\u00fade antes de completar um m\u00eas no cargo e ap\u00f3s divergir de Bolsonaro"},"content":{"rendered":"<h2 class=\"content-head__subtitle\" style=\"text-align: justify;\"><strong>Nos \u00faltimos dias, ele e o presidente discordaram sobre temas como uso da cloroquina e medidas de isolamento. Nota oficial diz que m\u00e9dico decidiu sair, mas assessores afirmam que ele foi demitido. \u00c9 a segunda troca na pasta durante a pandemia do coronav\u00edrus.<\/strong><\/h2>\n<div class=\"mc-column content-text active-extra-styles \" data-block-type=\"unstyled\" data-block-weight=\"42\" data-block-id=\"2\">\n<p class=\"content-text__container \" style=\"text-align: justify;\" data-track-category=\"Link no Texto\" data-track-links=\"\">O ministro da Sa\u00fade,\u00a0<a href=\"https:\/\/g1.globo.com\/tudo-sobre\/nelson-teich\/\">Nelson Teich<\/a>, deixou o cargo nesta sexta-feira (15),\u00a0<a href=\"https:\/\/g1.globo.com\/politica\/noticia\/2020\/04\/17\/nelson-teich-toma-posse-como-ministro-na-saude.ghtml\">antes de completar um m\u00eas \u00e0 frente da pasta<\/a>. Apesar de uma nota oficial do minist\u00e9rio dizer que ele pediu demiss\u00e3o, assessores da Sa\u00fade afirmaram que o m\u00e9dico foi demitido.<\/p>\n<\/div>\n<div class=\"wall protected-content\">\n<div class=\"mc-column content-text active-extra-styles \" style=\"text-align: justify;\" data-block-type=\"unstyled\" data-block-weight=\"32\" data-block-id=\"3\">\n<p class=\"content-text__container \" data-track-category=\"Link no Texto\" data-track-links=\"\">Mais tarde, em pronunciamento, Teich declarou:\u00a0<a href=\"https:\/\/g1.globo.com\/politica\/noticia\/2020\/05\/15\/a-vida-e-feita-de-escolhas-e-hoje-eu-escolhi-sair-afirma-ministro-nelson-teich.ghtml\">&#8220;A vida \u00e9 feita de escolhas. E hoje eu escolhi sair&#8221;<\/a>. Ele n\u00e3o explicou, no entanto, por que tomou a decis\u00e3o.<\/p>\n<\/div>\n<div class=\"mc-column content-text active-extra-styles \" style=\"text-align: justify;\" data-block-type=\"unstyled\" data-block-weight=\"30\" data-block-id=\"4\">\n<p class=\"content-text__container \" data-track-category=\"Link no Texto\" data-track-links=\"\"><a href=\"https:\/\/g1.globo.com\/politica\/noticia\/2020\/04\/17\/nelson-teich-toma-posse-como-ministro-na-saude.ghtml\">Nelson Teich tomou posse em 17 de abril<\/a>. Essa \u00e9 a segunda sa\u00edda de um ministro da Sa\u00fade em meio \u00e0 pandemia do coronav\u00edrus.\u00a0<a href=\"https:\/\/g1.globo.com\/politica\/noticia\/2020\/04\/16\/mandetta-anuncia-em-rede-social-que-foi-demitido-do-ministerio-da-saude.ghtml\">T<\/a><a href=\"https:\/\/g1.globo.com\/politica\/noticia\/2020\/04\/16\/mandetta-anuncia-em-rede-social-que-foi-demitido-do-ministerio-da-saude.ghtml\">eich havia substitu\u00eddo Luiz Henrique Mandetta<\/a>.<\/p>\n<\/div>\n<div class=\"mc-column content-text active-extra-styles \" style=\"text-align: justify;\" data-block-type=\"unstyled\" data-block-weight=\"23\" data-block-id=\"5\">\n<p class=\"content-text__container \" data-track-category=\"Link no Texto\" data-track-links=\"\"><a href=\"https:\/\/g1.globo.com\/politica\/noticia\/2020\/05\/15\/mandetta-tambem-caiu-apos-discordancias-com-o-presidente-sobre-cloroquina-e-isolamento-vertical.ghtml\">Assim como Mandetta<\/a>, Teich teve discord\u00e2ncias com o presidente\u00a0<a href=\"https:\/\/g1.globo.com\/politica\/politico\/jair-bolsonaro\/\">Jair Bolsonaro<\/a>\u00a0sobre as medidas para combate \u00e0 Covid-19, doen\u00e7a causada pelo coronav\u00edrus.<\/p>\n<\/div>\n<div class=\"mc-column content-text active-extra-styles \" style=\"text-align: justify;\" data-block-type=\"unstyled\" data-block-weight=\"10\" data-block-id=\"6\">\n<p class=\"content-text__container \" data-track-category=\"Link no Texto\" data-track-links=\"\">Nos \u00faltimos dias, o presidente e Teich tiveram desentendimentos sobre:<\/p>\n<\/div>\n<div class=\"mc-column content-text active-extra-styles\" style=\"text-align: justify;\" data-block-type=\"raw\" data-block-weight=\"70\" data-block-id=\"7\">\n<ul class=\"content-unordered-list\">\n<li><a href=\"https:\/\/g1.globo.com\/politica\/noticia\/2020\/05\/13\/apos-teich-fazer-alerta-sobre-cloroquina-bolsonaro-defende-o-medicamento-e-pede-ministros-alinhados-com-ele.ghtml\">o uso da cloroquina no tratamento da Covid-19<\/a>. Bolsonaro quer alterar o protocolo do SUS e permitir a aplica\u00e7\u00e3o do rem\u00e9dio desde o in\u00edcio do tratamento;<\/li>\n<li>o decreto de Bolsonaro que ampliou as atividades essenciais no per\u00edodo da pandemia e incluiu sal\u00f5es de beleza, barbearia e academias de gin\u00e1stica;<\/li>\n<li>e detalhes do plano com diretrizes para a sa\u00edda do isolamento. O presidente defende uma flexibiliza\u00e7\u00e3o mais imediata e mais ampla.<\/li>\n<\/ul>\n<\/div>\n<div class=\"content-ads content-ads--reveal\" style=\"text-align: justify;\" data-block-type=\"ads\" data-block-id=\"8\"><\/div>\n<div class=\"mc-column content-text active-extra-styles \" style=\"text-align: justify;\" data-block-type=\"unstyled\" data-block-weight=\"33\" data-block-id=\"9\">\n<p class=\"content-text__container \" data-track-category=\"Link no Texto\" data-track-links=\"\">Na manh\u00e3 desta sexta, Teich foi ao Pal\u00e1cio do Planalto para uma reuni\u00e3o com Bolsonaro. Em seguida, ele voltou para o pr\u00e9dio do Minist\u00e9rio da Sa\u00fade. A demiss\u00e3o foi anunciada logo depois.<\/p>\n<\/div>\n<div class=\"mc-column content-text active-extra-styles\" data-block-type=\"raw\" data-block-weight=\"41\" data-block-id=\"10\">\n<p style=\"text-align: justify;\">Fonte: G1<\/p>\n<\/div>\n<\/div>\n","protected":false},"excerpt":{"rendered":"<p>Nos \u00faltimos dias, ele e o presidente discordaram sobre temas como uso da cloroquina e medidas de isolamento. Nota oficial diz que m\u00e9dico decidiu sair, mas assessores afirmam que ele foi demitido. \u00c9 a segunda troca na pasta durante a pandemia do coronav\u00edrus. O ministro da Sa\u00fade,\u00a0Nelson Teich, deixou o cargo nesta sexta-feira (15),\u00a0antes de [&hellip;]<\/p>\n","protected":false},"author":1,"featured_media":26187,"comment_status":"closed","ping_status":"open","sticky":false,"template":"","format":"standard","meta":{"footnotes":""},"categories":[110,116],"tags":[],"class_list":["post-26186","post","type-post","status-publish","format-standard","has-post-thumbnail","hentry","category-noticiasdestaque","category-politicaeeconomia"],"_links":{"self":[{"href":"https:\/\/jorgezanoni.com.br\/2019\/wp-json\/wp\/v2\/posts\/26186","targetHints":{"allow":["GET"]}}],"collection":[{"href":"https:\/\/jorgezanoni.com.br\/2019\/wp-json\/wp\/v2\/posts"}],"about":[{"href":"https:\/\/jorgezanoni.com.br\/2019\/wp-json\/wp\/v2\/types\/post"}],"author":[{"embeddable":true,"href":"https:\/\/jorgezanoni.com.br\/2019\/wp-json\/wp\/v2\/users\/1"}],"replies":[{"embeddable":true,"href":"https:\/\/jorgezanoni.com.br\/2019\/wp-json\/wp\/v2\/comments?post=26186"}],"version-history":[{"count":0,"href":"https:\/\/jorgezanoni.com.br\/2019\/wp-json\/wp\/v2\/posts\/26186\/revisions"}],"wp:featuredmedia":[{"embeddable":true,"href":"https:\/\/jorgezanoni.com.br\/2019\/wp-json\/wp\/v2\/media\/26187"}],"wp:attachment":[{"href":"https:\/\/jorgezanoni.com.br\/2019\/wp-json\/wp\/v2\/media?parent=26186"}],"wp:term":[{"taxonomy":"category","embeddable":true,"href":"https:\/\/jorgezanoni.com.br\/2019\/wp-json\/wp\/v2\/categories?post=26186"},{"taxonomy":"post_tag","embeddable":true,"href":"https:\/\/jorgezanoni.com.br\/2019\/wp-json\/wp\/v2\/tags?post=26186"}],"curies":[{"name":"wp","href":"https:\/\/api.w.org\/{rel}","templated":true}]}}