{"id":26183,"date":"2020-05-15T23:17:44","date_gmt":"2020-05-15T23:17:44","guid":{"rendered":"https:\/\/jorgezanoni.com.br\/2019\/?p=26183"},"modified":"2020-05-15T23:17:44","modified_gmt":"2020-05-15T23:17:44","slug":"tce-alerta-por-falta-de-transparencia-em-gastos-do-corona-virus-prefeito-juliano-bertolini-pode-ser-multado","status":"publish","type":"post","link":"https:\/\/jorgezanoni.com.br\/2019\/tce-alerta-por-falta-de-transparencia-em-gastos-do-corona-virus-prefeito-juliano-bertolini-pode-ser-multado\/","title":{"rendered":"TCE alerta: Por falta de transpar\u00eancia em gastos do Corona V\u00edrus, Prefeito Juliano Bertolini pode ser multado"},"content":{"rendered":"<p style=\"text-align: justify;\">Prefeitura de Dracena consta na rela\u00e7\u00e3o do Tribunal de Contas do Estado, publicada na quinta-feira (14) no Di\u00e1rio Oficial do Estado, entre as diversas prefeituras paulistas que n\u00e3o adotaram medidas de transpar\u00eancia e provid\u00eancias necess\u00e1rias para dar publicidade e acesso p\u00fablico aos recursos empregados na pandemia.<\/p>\n<p style=\"text-align: justify;\">No Comunicado de 13\/05\/2020 assinado pelo Presidente do TCE, Edgard Camargo Rodrigues, a Prefeitura de Dracena \u00e9 citada como \u00f3rg\u00e3o que ainda n\u00e3o cumpriu integralmente as exig\u00eancias impostas para a correta transpar\u00eancia dos recursos p\u00fablicos em \u00e9poca de Covid-19.<\/p>\n<p style=\"text-align: justify;\">O prazo para adequa\u00e7\u00e3o \u00e9 de 15 (quinze) dias e o descumprimento das exig\u00eancias legais poder\u00e1 ensejar aplica\u00e7\u00e3o de multas ao Prefeito Juliano Bertolini, que podem chegar a 2 mil UFESPs (o equivalente a R$ 55.220,00), dentre outras san\u00e7\u00f5es administrativas.<\/p>\n<p style=\"text-align: justify;\">Confira no link a seguir, a \u00edntegra do Comunicado contendo os munic\u00edpios que deixaram de prestar conta, ou o fizeram de modo inadequado.\u00a0 Dracena aparece na p\u00e1gina 07.<\/p>\n<p style=\"text-align: justify;\"><a href=\"https:\/\/www.tce.sp.gov.br\/sites\/default\/files\/legislacao\/COMUNICADO-GP-13-2020-PRAZO-V2-PUBLICACAO.pdf\">https:\/\/www.tce.sp.gov.br\/sites\/default\/files\/legislacao\/COMUNICADO-GP-13-2020-PRAZO-V2-PUBLICACAO.pdf<\/a><\/p>\n<p style=\"text-align: justify;\"><a href=\"https:\/\/jornalinterativo.net\/2016\/wp-content\/uploads\/2020\/05\/imagem-1-tce-covid-19.jpg\"><img loading=\"lazy\" decoding=\"async\" class=\"alignnone size-full wp-image-34074 td-animation-stack-type0-1\" src=\"https:\/\/jornalinterativo.net\/2016\/wp-content\/uploads\/2020\/05\/imagem-1-tce-covid-19.jpg\" sizes=\"auto, (max-width: 3284px) 100vw, 3284px\" srcset=\"https:\/\/jornalinterativo.net\/2016\/wp-content\/uploads\/2020\/05\/imagem-1-tce-covid-19.jpg 3284w, https:\/\/jornalinterativo.net\/2016\/wp-content\/uploads\/2020\/05\/imagem-1-tce-covid-19-192x300.jpg 192w, https:\/\/jornalinterativo.net\/2016\/wp-content\/uploads\/2020\/05\/imagem-1-tce-covid-19-768x1202.jpg 768w, https:\/\/jornalinterativo.net\/2016\/wp-content\/uploads\/2020\/05\/imagem-1-tce-covid-19-654x1024.jpg 654w, https:\/\/jornalinterativo.net\/2016\/wp-content\/uploads\/2020\/05\/imagem-1-tce-covid-19-696x1089.jpg 696w, https:\/\/jornalinterativo.net\/2016\/wp-content\/uploads\/2020\/05\/imagem-1-tce-covid-19-1068x1671.jpg 1068w, https:\/\/jornalinterativo.net\/2016\/wp-content\/uploads\/2020\/05\/imagem-1-tce-covid-19-268x420.jpg 268w\" alt=\"\" width=\"3284\" height=\"5138\" \/><\/a><a href=\"https:\/\/jornalinterativo.net\/2016\/wp-content\/uploads\/2020\/05\/imagem-2-covid-19.jpg\"><img loading=\"lazy\" decoding=\"async\" class=\"alignnone size-full wp-image-34075 td-animation-stack-type0-1\" src=\"https:\/\/jornalinterativo.net\/2016\/wp-content\/uploads\/2020\/05\/imagem-2-covid-19.jpg\" sizes=\"auto, (max-width: 3284px) 100vw, 3284px\" srcset=\"https:\/\/jornalinterativo.net\/2016\/wp-content\/uploads\/2020\/05\/imagem-2-covid-19.jpg 3284w, https:\/\/jornalinterativo.net\/2016\/wp-content\/uploads\/2020\/05\/imagem-2-covid-19-192x300.jpg 192w, https:\/\/jornalinterativo.net\/2016\/wp-content\/uploads\/2020\/05\/imagem-2-covid-19-768x1202.jpg 768w, https:\/\/jornalinterativo.net\/2016\/wp-content\/uploads\/2020\/05\/imagem-2-covid-19-654x1024.jpg 654w, https:\/\/jornalinterativo.net\/2016\/wp-content\/uploads\/2020\/05\/imagem-2-covid-19-696x1089.jpg 696w, https:\/\/jornalinterativo.net\/2016\/wp-content\/uploads\/2020\/05\/imagem-2-covid-19-1068x1671.jpg 1068w, https:\/\/jornalinterativo.net\/2016\/wp-content\/uploads\/2020\/05\/imagem-2-covid-19-268x420.jpg 268w\" alt=\"\" width=\"3284\" height=\"5138\" \/><\/a>Por Bruno Brandino<\/p>\n<p style=\"text-align: justify;\">Fonte: https:\/\/jornalinterativo.net\/2016\/tce-alerta-por-falta-de-transparencia-em-gastos-do-corona-virus-prefeito-juliano-bertolini-pode-ser-multado\/<\/p>\n","protected":false},"excerpt":{"rendered":"<p>Prefeitura de Dracena consta na rela\u00e7\u00e3o do Tribunal de Contas do Estado, publicada na quinta-feira (14) no Di\u00e1rio Oficial do Estado, entre as diversas prefeituras paulistas que n\u00e3o adotaram medidas de transpar\u00eancia e provid\u00eancias necess\u00e1rias para dar publicidade e acesso p\u00fablico aos recursos empregados na pandemia. No Comunicado de 13\/05\/2020 assinado pelo Presidente do TCE, [&hellip;]<\/p>\n","protected":false},"author":1,"featured_media":26184,"comment_status":"closed","ping_status":"open","sticky":false,"template":"","format":"standard","meta":{"footnotes":""},"categories":[179,184,110],"tags":[],"class_list":["post-26183","post","type-post","status-publish","format-standard","has-post-thumbnail","hentry","category-cidadeseregiao","category-dracena","category-noticiasdestaque"],"_links":{"self":[{"href":"https:\/\/jorgezanoni.com.br\/2019\/wp-json\/wp\/v2\/posts\/26183","targetHints":{"allow":["GET"]}}],"collection":[{"href":"https:\/\/jorgezanoni.com.br\/2019\/wp-json\/wp\/v2\/posts"}],"about":[{"href":"https:\/\/jorgezanoni.com.br\/2019\/wp-json\/wp\/v2\/types\/post"}],"author":[{"embeddable":true,"href":"https:\/\/jorgezanoni.com.br\/2019\/wp-json\/wp\/v2\/users\/1"}],"replies":[{"embeddable":true,"href":"https:\/\/jorgezanoni.com.br\/2019\/wp-json\/wp\/v2\/comments?post=26183"}],"version-history":[{"count":0,"href":"https:\/\/jorgezanoni.com.br\/2019\/wp-json\/wp\/v2\/posts\/26183\/revisions"}],"wp:featuredmedia":[{"embeddable":true,"href":"https:\/\/jorgezanoni.com.br\/2019\/wp-json\/wp\/v2\/media\/26184"}],"wp:attachment":[{"href":"https:\/\/jorgezanoni.com.br\/2019\/wp-json\/wp\/v2\/media?parent=26183"}],"wp:term":[{"taxonomy":"category","embeddable":true,"href":"https:\/\/jorgezanoni.com.br\/2019\/wp-json\/wp\/v2\/categories?post=26183"},{"taxonomy":"post_tag","embeddable":true,"href":"https:\/\/jorgezanoni.com.br\/2019\/wp-json\/wp\/v2\/tags?post=26183"}],"curies":[{"name":"wp","href":"https:\/\/api.w.org\/{rel}","templated":true}]}}