{"id":26144,"date":"2020-05-14T01:13:17","date_gmt":"2020-05-14T01:13:17","guid":{"rendered":"https:\/\/jorgezanoni.com.br\/2019\/?p=26144"},"modified":"2020-05-14T01:13:17","modified_gmt":"2020-05-14T01:13:17","slug":"vereadores-aprovam-cassacao-do-mandato-do-prefeito-de-agudos","status":"publish","type":"post","link":"https:\/\/jorgezanoni.com.br\/2019\/vereadores-aprovam-cassacao-do-mandato-do-prefeito-de-agudos\/","title":{"rendered":"Vereadores aprovam cassa\u00e7\u00e3o do mandato do prefeito de Agudos"},"content":{"rendered":"<h2 class=\"content-head__subtitle\" style=\"text-align: justify;\"><strong>Com mais de dois ter\u00e7os dos votos necess\u00e1rios, vereadores aprovaram relat\u00f3rio conhecido com \u2018CP da escola abandonada\u2019. Altair Francisco Silva (PRB) alega \u2018persegui\u00e7\u00e3o s\u00f3rdida\u2019 e promete recorrer.<\/strong><\/h2>\n<div class=\"mc-column content-text active-extra-styles \" data-block-type=\"unstyled\" data-block-weight=\"54\" data-block-id=\"2\">\n<p class=\"content-text__container \" style=\"text-align: justify;\" data-track-category=\"Link no Texto\" data-track-links=\"\">A C\u00e2mara de Vereadores de Agudos (SP) aprovou no fim da tarde desta quarta-feira (13), em sess\u00e3o extraordin\u00e1ria, a cassa\u00e7\u00e3o do mandato do prefeito Altair Francisco Silva (PRB). Por maioria regimental de dois ter\u00e7os, ou seja, no m\u00ednimo 9 dos 13 votos, os vereadores aprovaram v\u00e1rios itens do relat\u00f3rio da \u201cCP da escola abandonada\u201d.<\/p>\n<\/div>\n<div class=\"wall protected-content\">\n<div class=\"mc-column content-text active-extra-styles \" style=\"text-align: justify;\" data-block-type=\"unstyled\" data-block-weight=\"33\" data-block-id=\"3\">\n<p class=\"content-text__container \" data-track-category=\"Link no Texto\" data-track-links=\"\">Segundo a acusa\u00e7\u00e3o sustentada pela Comiss\u00e3o Processante, o prefeito \u00e9 acusado de pagar aditivos \u00e0 construtora respons\u00e1vel pelas obras da escola sem justificativa e num valor que ultrapassou os 25% permitidos por lei.<\/p>\n<\/div>\n<div class=\"mc-column content-text active-extra-styles \" style=\"text-align: justify;\" data-block-type=\"unstyled\" data-block-weight=\"17\" data-block-id=\"4\">\n<p class=\"content-text__container \" data-track-category=\"Link no Texto\" data-track-links=\"\">Logo ap\u00f3s a aprova\u00e7\u00e3o da cassa\u00e7\u00e3o, os vereadores j\u00e1 deram posse ao vice-prefeito, Jaime Caputti (Cidadania).<\/p>\n<\/div>\n<div class=\"row medium-uncollapsed content-media content-photo\" style=\"text-align: justify;\" data-block-type=\"backstage-photo\" data-block-id=\"5\">\n<div class=\"mc-column content-media__container\">\n<figure><img decoding=\"async\" class=\"i-amphtml-fill-content i-amphtml-replaced-content\" src=\"https:\/\/s2.glbimg.com\/Ywj9b2DxRMUYHafs7yZYrJ7hQfk=\/0x0:1280x960\/984x0\/smart\/filters:strip_icc()\/i.s3.glbimg.com\/v1\/AUTH_59edd422c0c84a879bd37670ae4f538a\/internal_photos\/bs\/2020\/C\/A\/vGhCHzRoCpuQQ0AXkSAg\/agudos-jaime3.jpeg\" sizes=\"(max-width: 1242px) 648px, 100vw\" srcset=\"https:\/\/s2.glbimg.com\/6iSXltJGWSGeYjezin8dlEoyBro=\/0x0:1280x960\/1000x0\/smart\/filters:strip_icc()\/i.s3.glbimg.com\/v1\/AUTH_59edd422c0c84a879bd37670ae4f538a\/internal_photos\/bs\/2020\/C\/A\/vGhCHzRoCpuQQ0AXkSAg\/agudos-jaime3.jpeg 1000w, https:\/\/s2.glbimg.com\/Ywj9b2DxRMUYHafs7yZYrJ7hQfk=\/0x0:1280x960\/984x0\/smart\/filters:strip_icc()\/i.s3.glbimg.com\/v1\/AUTH_59edd422c0c84a879bd37670ae4f538a\/internal_photos\/bs\/2020\/C\/A\/vGhCHzRoCpuQQ0AXkSAg\/agudos-jaime3.jpeg 984w, https:\/\/s2.glbimg.com\/ezQTWZBgbPMt-AtMbloLzFrCf5I=\/0x0:1280x960\/640x0\/smart\/filters:strip_icc()\/i.s3.glbimg.com\/v1\/AUTH_59edd422c0c84a879bd37670ae4f538a\/internal_photos\/bs\/2020\/C\/A\/vGhCHzRoCpuQQ0AXkSAg\/agudos-jaime3.jpeg 640w, https:\/\/s2.glbimg.com\/Dg9QN34DcphzIfB33aY-4kt6zLs=\/0x0:1280x960\/600x0\/smart\/filters:strip_icc()\/i.s3.glbimg.com\/v1\/AUTH_59edd422c0c84a879bd37670ae4f538a\/internal_photos\/bs\/2020\/C\/A\/vGhCHzRoCpuQQ0AXkSAg\/agudos-jaime3.jpeg 600w\" alt=\"Logo ap\u00f3s a cassa\u00e7\u00e3o, vice-prefeito Jaime Caputti (Cidadania) tomou posse durante sess\u00e3o extraordin\u00e1ria da C\u00e2mara \u2014 Foto: Roberto Wolfart\/TV TEM\" \/><\/figure>\n<p class=\"content-media__description \">Logo ap\u00f3s a cassa\u00e7\u00e3o, vice-prefeito Jaime Caputti (Cidadania) tomou posse durante sess\u00e3o extraordin\u00e1ria da C\u00e2mara \u2014 Foto: Roberto Wolfart\/TV TEM<\/p>\n<\/div>\n<\/div>\n<div class=\"mc-column content-text active-extra-styles \" style=\"text-align: justify;\" data-block-type=\"unstyled\" data-block-weight=\"33\" data-block-id=\"7\">\n<p class=\"content-text__container \" data-track-category=\"Link no Texto\" data-track-links=\"\">Em nota, o prefeito classificou a decis\u00e3o dos vereadores como uma \u201cpersegui\u00e7\u00e3o pol\u00edtica\u201d feita de \u201cforma s\u00f3rdida\u201d por n\u00e3o considerar o \u201cmomento vivido mundialmente, de crise de sa\u00fade\u201d. Ele promete recorrer da decis\u00e3o.<\/p>\n<\/div>\n<div class=\"mc-column content-text active-extra-styles \" style=\"text-align: justify;\" data-block-type=\"unstyled\" data-block-weight=\"55\" data-block-id=\"8\">\n<p class=\"content-text__container \" data-track-category=\"Link no Texto\" data-track-links=\"\">A sess\u00e3o foi realizada em plen\u00e1rio vazio, por conta da quarentena de coronav\u00edris. Altair Francisco Silva disse ainda que tamb\u00e9m n\u00e3o participou da sess\u00e3o junto a seus advogados, uma vez que o decreto estadual de quarentena impede advogados de trabalharem por n\u00e3o estarem inclu\u00eddos em atividades essenciais. O fato, segundo o prefeito, prejudicou sua defesa.<\/p>\n<\/div>\n<div class=\"mc-column content-text active-extra-styles \" style=\"text-align: justify;\" data-block-type=\"unstyled\" data-block-weight=\"41\" data-block-id=\"9\">\n<p class=\"content-text__container \" data-track-category=\"Link no Texto\" data-track-links=\"\">A atual den\u00fancia que terminou em cassa\u00e7\u00e3o tinha sido feita em agosto do ano passado. A Justi\u00e7a chegou a pedir a suspens\u00e3o da CP por falta de defesa. A den\u00fancia foi feita novamente, com mais provas, e o processo p\u00f4de prosseguir.<\/p>\n<\/div>\n<div class=\"mc-column content-text active-extra-styles \" style=\"text-align: justify;\" data-block-type=\"unstyled\" data-block-weight=\"38\" data-block-id=\"10\">\n<p class=\"content-text__container \" data-track-category=\"Link no Texto\" data-track-links=\"\">Desde que assumiu o mandato, Altair Francisco foi alvo de seis den\u00fancias pedindo sua cassa\u00e7\u00e3o, contando com a que foi aprovada nesta quarta. Em uma delas, o prefeito foi cassado, mas voltou ao cargo por decis\u00e3o da Justi\u00e7a.<\/p>\n<figure><img decoding=\"async\" class=\"i-amphtml-fill-content i-amphtml-replaced-content\" src=\"https:\/\/s2.glbimg.com\/UxH1EJfJWTBl89L_0WT6cm8WJPQ=\/52x0:516x300\/984x0\/smart\/filters:strip_icc()\/i.s3.glbimg.com\/v1\/AUTH_59edd422c0c84a879bd37670ae4f538a\/internal_photos\/bs\/2019\/O\/a\/asHTxBTLmC5PNjeOuM7w\/bairro-agudos1.jpg\" sizes=\"(max-width: 1242px) 648px, 100vw\" srcset=\"https:\/\/s2.glbimg.com\/jz0mrJv1S6Ol6n1v6KoPuzpDbIw=\/52x0:516x300\/1000x0\/smart\/filters:strip_icc()\/i.s3.glbimg.com\/v1\/AUTH_59edd422c0c84a879bd37670ae4f538a\/internal_photos\/bs\/2019\/O\/a\/asHTxBTLmC5PNjeOuM7w\/bairro-agudos1.jpg 1000w, https:\/\/s2.glbimg.com\/UxH1EJfJWTBl89L_0WT6cm8WJPQ=\/52x0:516x300\/984x0\/smart\/filters:strip_icc()\/i.s3.glbimg.com\/v1\/AUTH_59edd422c0c84a879bd37670ae4f538a\/internal_photos\/bs\/2019\/O\/a\/asHTxBTLmC5PNjeOuM7w\/bairro-agudos1.jpg 984w, https:\/\/s2.glbimg.com\/I901DBc_mgUmsSvWxUSu7K5g-VY=\/52x0:516x300\/640x0\/smart\/filters:strip_icc()\/i.s3.glbimg.com\/v1\/AUTH_59edd422c0c84a879bd37670ae4f538a\/internal_photos\/bs\/2019\/O\/a\/asHTxBTLmC5PNjeOuM7w\/bairro-agudos1.jpg 640w, https:\/\/s2.glbimg.com\/5MnPqWLYqohEjTOwDCHluUX0s6I=\/52x0:516x300\/600x0\/smart\/filters:strip_icc()\/i.s3.glbimg.com\/v1\/AUTH_59edd422c0c84a879bd37670ae4f538a\/internal_photos\/bs\/2019\/O\/a\/asHTxBTLmC5PNjeOuM7w\/bairro-agudos1.jpg 600w\" alt=\"Prefeito Altair Francisco Silva (PRB) j\u00e1 foi alvo de seis Comiss\u00f5es Processantes desde que assumiu \u2014 Foto: TV TEM\/Reprodu\u00e7\u00e3o\/Arquivo\" \/><\/figure>\n<p class=\"content-media__description \">Prefeito Altair Francisco Silva (PRB) j\u00e1 foi alvo de seis Comiss\u00f5es Processantes desde que assumiu \u2014 Foto: TV TEM\/Reprodu\u00e7\u00e3o\/Arquivo<\/p>\n<\/div>\n<p style=\"text-align: justify;\">Fonte: G1<\/p>\n<div class=\"row medium-uncollapsed content-media content-photo\" data-block-type=\"backstage-photo\" data-block-id=\"11\">\n<div class=\"mc-column content-media__container\" style=\"text-align: justify;\"><\/div>\n<\/div>\n<\/div>\n","protected":false},"excerpt":{"rendered":"<p>Com mais de dois ter\u00e7os dos votos necess\u00e1rios, vereadores aprovaram relat\u00f3rio conhecido com \u2018CP da escola abandonada\u2019. Altair Francisco Silva (PRB) alega \u2018persegui\u00e7\u00e3o s\u00f3rdida\u2019 e promete recorrer. A C\u00e2mara de Vereadores de Agudos (SP) aprovou no fim da tarde desta quarta-feira (13), em sess\u00e3o extraordin\u00e1ria, a cassa\u00e7\u00e3o do mandato do prefeito Altair Francisco Silva (PRB). [&hellip;]<\/p>\n","protected":false},"author":1,"featured_media":26145,"comment_status":"closed","ping_status":"open","sticky":false,"template":"","format":"standard","meta":{"footnotes":""},"categories":[110,116],"tags":[],"class_list":["post-26144","post","type-post","status-publish","format-standard","has-post-thumbnail","hentry","category-noticiasdestaque","category-politicaeeconomia"],"_links":{"self":[{"href":"https:\/\/jorgezanoni.com.br\/2019\/wp-json\/wp\/v2\/posts\/26144","targetHints":{"allow":["GET"]}}],"collection":[{"href":"https:\/\/jorgezanoni.com.br\/2019\/wp-json\/wp\/v2\/posts"}],"about":[{"href":"https:\/\/jorgezanoni.com.br\/2019\/wp-json\/wp\/v2\/types\/post"}],"author":[{"embeddable":true,"href":"https:\/\/jorgezanoni.com.br\/2019\/wp-json\/wp\/v2\/users\/1"}],"replies":[{"embeddable":true,"href":"https:\/\/jorgezanoni.com.br\/2019\/wp-json\/wp\/v2\/comments?post=26144"}],"version-history":[{"count":0,"href":"https:\/\/jorgezanoni.com.br\/2019\/wp-json\/wp\/v2\/posts\/26144\/revisions"}],"wp:featuredmedia":[{"embeddable":true,"href":"https:\/\/jorgezanoni.com.br\/2019\/wp-json\/wp\/v2\/media\/26145"}],"wp:attachment":[{"href":"https:\/\/jorgezanoni.com.br\/2019\/wp-json\/wp\/v2\/media?parent=26144"}],"wp:term":[{"taxonomy":"category","embeddable":true,"href":"https:\/\/jorgezanoni.com.br\/2019\/wp-json\/wp\/v2\/categories?post=26144"},{"taxonomy":"post_tag","embeddable":true,"href":"https:\/\/jorgezanoni.com.br\/2019\/wp-json\/wp\/v2\/tags?post=26144"}],"curies":[{"name":"wp","href":"https:\/\/api.w.org\/{rel}","templated":true}]}}