{"id":26141,"date":"2020-05-14T00:49:21","date_gmt":"2020-05-14T00:49:21","guid":{"rendered":"https:\/\/jorgezanoni.com.br\/2019\/?p=26141"},"modified":"2020-05-14T00:49:21","modified_gmt":"2020-05-14T00:49:21","slug":"governo-do-estado-confirma-para-outubro-jogos-regionais-em-osvaldo-cruz","status":"publish","type":"post","link":"https:\/\/jorgezanoni.com.br\/2019\/governo-do-estado-confirma-para-outubro-jogos-regionais-em-osvaldo-cruz\/","title":{"rendered":"Governo do Estado confirma para outubro Jogos Regionais em Osvaldo Cruz"},"content":{"rendered":"<p style=\"text-align: justify;\">A Secretaria Estadual de Esportes confirmou hoje (13) o novo calend\u00e1rio de eventos sob sua organiza\u00e7\u00e3o, alguns em parceria com as prefeituras paulistas e os Jogos Regionais deste ano, que deveriam ocorrer em julho em Osvaldo Cruz, foram adiados para outubro. No mesmo m\u00eas o munic\u00edpio receber\u00e1 uma competi\u00e7\u00e3o de gin\u00e1stica em setembro.<\/p>\n<p style=\"text-align: justify;\">A primeira das competi\u00e7\u00f5es ser\u00e1 de 4 a 7 de setembro, a 11\u00aa Copa de Gin\u00e1stica R\u00edtmica em Osvaldo Cruz. No ano passado a competi\u00e7\u00e3o contou com 400 atletas em Piraju.<\/p>\n<p style=\"text-align: justify;\">\u00e1 os Jogos Regionais em sua 64\u00ba edi\u00e7\u00e3o est\u00e3o previstos para o per\u00edodo de Jogos Regionais de 1 a 31 de Outubro em todo o Estado para a 1\u00aa, 2\u00aa, 3\u00aa, 4\u00aa, 5\u00aa, 6\u00aa, 7\u00aa e 8\u00aa Regi\u00f5es Esportivas. Osvaldo Cruz, que est\u00e1 na 7\u00aa Regi\u00e3o Esportiva, deve receber as competi\u00e7\u00f5es na segunda quinzena daquele m\u00eas.<\/p>\n<p style=\"text-align: justify;\">A Prefeitura de Osvaldo Cruz sinalizou ao Governo do Estado que \u00e9 sede das duas competi\u00e7\u00f5es e a prioridade ser\u00e1 a adequa\u00e7\u00e3o do Est\u00e1dio Municipal Breno Ribeiro do Val, que teve altera\u00e7\u00f5es no gramado e precisar\u00e1 de adequa\u00e7\u00e3o na pista de atletismo.<\/p>\n<p style=\"text-align: justify;\">Fonte: Assessoria Prefeitura Osvaldo Cruz<\/p>\n","protected":false},"excerpt":{"rendered":"<p>A Secretaria Estadual de Esportes confirmou hoje (13) o novo calend\u00e1rio de eventos sob sua organiza\u00e7\u00e3o, alguns em parceria com as prefeituras paulistas e os Jogos Regionais deste ano, que deveriam ocorrer em julho em Osvaldo Cruz, foram adiados para outubro. No mesmo m\u00eas o munic\u00edpio receber\u00e1 uma competi\u00e7\u00e3o de gin\u00e1stica em setembro. A primeira [&hellip;]<\/p>\n","protected":false},"author":1,"featured_media":26142,"comment_status":"closed","ping_status":"open","sticky":false,"template":"","format":"standard","meta":{"footnotes":""},"categories":[111],"tags":[],"class_list":["post-26141","post","type-post","status-publish","format-standard","has-post-thumbnail","hentry","category-esporteecultura"],"_links":{"self":[{"href":"https:\/\/jorgezanoni.com.br\/2019\/wp-json\/wp\/v2\/posts\/26141","targetHints":{"allow":["GET"]}}],"collection":[{"href":"https:\/\/jorgezanoni.com.br\/2019\/wp-json\/wp\/v2\/posts"}],"about":[{"href":"https:\/\/jorgezanoni.com.br\/2019\/wp-json\/wp\/v2\/types\/post"}],"author":[{"embeddable":true,"href":"https:\/\/jorgezanoni.com.br\/2019\/wp-json\/wp\/v2\/users\/1"}],"replies":[{"embeddable":true,"href":"https:\/\/jorgezanoni.com.br\/2019\/wp-json\/wp\/v2\/comments?post=26141"}],"version-history":[{"count":0,"href":"https:\/\/jorgezanoni.com.br\/2019\/wp-json\/wp\/v2\/posts\/26141\/revisions"}],"wp:featuredmedia":[{"embeddable":true,"href":"https:\/\/jorgezanoni.com.br\/2019\/wp-json\/wp\/v2\/media\/26142"}],"wp:attachment":[{"href":"https:\/\/jorgezanoni.com.br\/2019\/wp-json\/wp\/v2\/media?parent=26141"}],"wp:term":[{"taxonomy":"category","embeddable":true,"href":"https:\/\/jorgezanoni.com.br\/2019\/wp-json\/wp\/v2\/categories?post=26141"},{"taxonomy":"post_tag","embeddable":true,"href":"https:\/\/jorgezanoni.com.br\/2019\/wp-json\/wp\/v2\/tags?post=26141"}],"curies":[{"name":"wp","href":"https:\/\/api.w.org\/{rel}","templated":true}]}}