{"id":26138,"date":"2020-05-14T00:34:53","date_gmt":"2020-05-14T00:34:53","guid":{"rendered":"https:\/\/jorgezanoni.com.br\/2019\/?p=26138"},"modified":"2020-05-14T00:34:53","modified_gmt":"2020-05-14T00:34:53","slug":"artesp-realizou-audiencia-publica-para-concessao-do-aeroporto-de-dracena","status":"publish","type":"post","link":"https:\/\/jorgezanoni.com.br\/2019\/artesp-realizou-audiencia-publica-para-concessao-do-aeroporto-de-dracena\/","title":{"rendered":"ARTESP realizou audi\u00eancia p\u00fablica para concess\u00e3o do aeroporto de Dracena"},"content":{"rendered":"<p style=\"text-align: justify;\">Nesta ter\u00e7a-feira (12), o prefeito de Dracena, participou de uma Audi\u00eancia P\u00fablica, em ambiente virtual, que tratava de \u201cProjeto de Concess\u00e3o para a Presta\u00e7\u00e3o de Servi\u00e7os P\u00fablicos de Opera\u00e7\u00e3o, Manuten\u00e7\u00e3o, explora\u00e7\u00e3o e Amplia\u00e7\u00e3o da Infraestrutura Aeroportu\u00e1ria\u201d de vinte e dois aeroportos da rede estadual, incluindo o Aeroporto Estadual Muliterno, situado em Dracena.<u><\/u><u><\/u><\/p>\n<p style=\"text-align: justify;\">Na audi\u00eancia p\u00fablica, foi apresentada toda a modelagem de como ser\u00e1 o processo de concess\u00e3o, que prev\u00ea investimento de 700 milh\u00f5es de reais somados todos os 22 aeroportos, entre obras e opera\u00e7\u00e3o pela iniciativa privadas ao longo de 30 anos de concess\u00e3o. O Aeroporto Muliterno est\u00e1 no Grupo Noroeste.<\/p>\n<p style=\"text-align: justify;\">Esta etapa do processo \u00e9 fundamental para que no futuro Dracena possa voltar a receber voos de rotas comercias, como j\u00e1 foi no passado.<u><\/u><u><\/u><\/p>\n<p style=\"text-align: justify;\">A administra\u00e7\u00e3o municipal est\u00e1 atenta a este projeto, que at\u00e9 o final de maio deve encerrar a consulta p\u00fablica. Ap\u00f3s isso, est\u00e1 prevista para o final de julho a aprova\u00e7\u00e3o da modelagem final do processo e em dezembro deve ocorrer o leil\u00e3o de concess\u00e3o para administra\u00e7\u00e3o privada dos aeroportos.<\/p>\n<p style=\"text-align: justify;\">Fonte: Diretoria de Comunica\u00e7\u00e3o<\/p>\n","protected":false},"excerpt":{"rendered":"<p>Nesta ter\u00e7a-feira (12), o prefeito de Dracena, participou de uma Audi\u00eancia P\u00fablica, em ambiente virtual, que tratava de \u201cProjeto de Concess\u00e3o para a Presta\u00e7\u00e3o de Servi\u00e7os P\u00fablicos de Opera\u00e7\u00e3o, Manuten\u00e7\u00e3o, explora\u00e7\u00e3o e Amplia\u00e7\u00e3o da Infraestrutura Aeroportu\u00e1ria\u201d de vinte e dois aeroportos da rede estadual, incluindo o Aeroporto Estadual Muliterno, situado em Dracena. Na audi\u00eancia p\u00fablica, [&hellip;]<\/p>\n","protected":false},"author":1,"featured_media":26139,"comment_status":"closed","ping_status":"open","sticky":false,"template":"","format":"standard","meta":{"footnotes":""},"categories":[180,110],"tags":[],"class_list":["post-26138","post","type-post","status-publish","format-standard","has-post-thumbnail","hentry","category-estradastransitoveiculos","category-noticiasdestaque"],"_links":{"self":[{"href":"https:\/\/jorgezanoni.com.br\/2019\/wp-json\/wp\/v2\/posts\/26138","targetHints":{"allow":["GET"]}}],"collection":[{"href":"https:\/\/jorgezanoni.com.br\/2019\/wp-json\/wp\/v2\/posts"}],"about":[{"href":"https:\/\/jorgezanoni.com.br\/2019\/wp-json\/wp\/v2\/types\/post"}],"author":[{"embeddable":true,"href":"https:\/\/jorgezanoni.com.br\/2019\/wp-json\/wp\/v2\/users\/1"}],"replies":[{"embeddable":true,"href":"https:\/\/jorgezanoni.com.br\/2019\/wp-json\/wp\/v2\/comments?post=26138"}],"version-history":[{"count":0,"href":"https:\/\/jorgezanoni.com.br\/2019\/wp-json\/wp\/v2\/posts\/26138\/revisions"}],"wp:featuredmedia":[{"embeddable":true,"href":"https:\/\/jorgezanoni.com.br\/2019\/wp-json\/wp\/v2\/media\/26139"}],"wp:attachment":[{"href":"https:\/\/jorgezanoni.com.br\/2019\/wp-json\/wp\/v2\/media?parent=26138"}],"wp:term":[{"taxonomy":"category","embeddable":true,"href":"https:\/\/jorgezanoni.com.br\/2019\/wp-json\/wp\/v2\/categories?post=26138"},{"taxonomy":"post_tag","embeddable":true,"href":"https:\/\/jorgezanoni.com.br\/2019\/wp-json\/wp\/v2\/tags?post=26138"}],"curies":[{"name":"wp","href":"https:\/\/api.w.org\/{rel}","templated":true}]}}