{"id":26135,"date":"2020-05-14T00:16:15","date_gmt":"2020-05-14T00:16:15","guid":{"rendered":"https:\/\/jorgezanoni.com.br\/2019\/?p=26135"},"modified":"2020-05-14T00:16:49","modified_gmt":"2020-05-14T00:16:49","slug":"policia-ambiental-aborda-veiculo-com-motorista-e-dois-caes-e-apreende-arma-utilizada-em-caca","status":"publish","type":"post","link":"https:\/\/jorgezanoni.com.br\/2019\/policia-ambiental-aborda-veiculo-com-motorista-e-dois-caes-e-apreende-arma-utilizada-em-caca\/","title":{"rendered":"Pol\u00edcia Ambiental aborda ve\u00edculo com motorista e dois c\u00e3es e apreende arma utilizada em ca\u00e7a"},"content":{"rendered":"<p style=\"text-align: justify;\">Nesta quarta-feira (13), durante patrulhamento pela Rodovia Assis Chateaubriand sentido Presidente Prudente no munic\u00edpio de Martin\u00f3polis, uma equipe do 1\u00ba Pelot\u00e3o de Pol\u00edcia Militar Ambiental \u2013 Presidente Prudente avistou um ve\u00edculo Fiat Uno de cor branca saindo do trevo do distrito de Te\u00e7aind\u00e1 e acessando a rodovia sentido munic\u00edpio de Osvaldo Cruz.<\/p>\n<p style=\"text-align: justify;\">No ve\u00edculo havia uma pessoa e dois c\u00e3es, o que chamou a aten\u00e7\u00e3o dos policiais. Como estava no sentido contr\u00e1rio do ve\u00edculo visualizado, a equipe efetuou o retorno e realizou a abordagem.<\/p>\n<p style=\"text-align: justify;\">Durante busca pessoal localizaram cinco cartuchos no bolso da cal\u00e7a do condutor (um homem de 23 anos) e em busca no interior do ve\u00edculo localizaram uma espingarda calibre 24 embaixo do banco traseiro, bem como uma lan\u00e7a no porta malas do ve\u00edculo.<\/p>\n<p style=\"text-align: justify;\">Os materiais encontrados, bem como os c\u00e3es s\u00e3o comumente utilizados na pr\u00e1tica da ca\u00e7a de animais silvestres.<\/p>\n<p style=\"text-align: justify;\">Diante dos fatos foi dada voz de pris\u00e3o porte ilegal de arma de fogo e conduzido o envolvido e os materiais apreendidos at\u00e9 a Delegacia de Pol\u00edcia de Martin\u00f3polis, onde foi ratificada a pris\u00e3o e o envolvido ficou \u00e0 disposi\u00e7\u00e3o da Justi\u00e7a.<\/p>\n<p style=\"text-align: justify;\">Fonte: Folha Regional<\/p>\n","protected":false},"excerpt":{"rendered":"<p>Nesta quarta-feira (13), durante patrulhamento pela Rodovia Assis Chateaubriand sentido Presidente Prudente no munic\u00edpio de Martin\u00f3polis, uma equipe do 1\u00ba Pelot\u00e3o de Pol\u00edcia Militar Ambiental \u2013 Presidente Prudente avistou um ve\u00edculo Fiat Uno de cor branca saindo do trevo do distrito de Te\u00e7aind\u00e1 e acessando a rodovia sentido munic\u00edpio de Osvaldo Cruz. No ve\u00edculo havia [&hellip;]<\/p>\n","protected":false},"author":1,"featured_media":26136,"comment_status":"closed","ping_status":"open","sticky":false,"template":"","format":"standard","meta":{"footnotes":""},"categories":[110,2],"tags":[],"class_list":["post-26135","post","type-post","status-publish","format-standard","has-post-thumbnail","hentry","category-noticiasdestaque","category-policial"],"_links":{"self":[{"href":"https:\/\/jorgezanoni.com.br\/2019\/wp-json\/wp\/v2\/posts\/26135","targetHints":{"allow":["GET"]}}],"collection":[{"href":"https:\/\/jorgezanoni.com.br\/2019\/wp-json\/wp\/v2\/posts"}],"about":[{"href":"https:\/\/jorgezanoni.com.br\/2019\/wp-json\/wp\/v2\/types\/post"}],"author":[{"embeddable":true,"href":"https:\/\/jorgezanoni.com.br\/2019\/wp-json\/wp\/v2\/users\/1"}],"replies":[{"embeddable":true,"href":"https:\/\/jorgezanoni.com.br\/2019\/wp-json\/wp\/v2\/comments?post=26135"}],"version-history":[{"count":0,"href":"https:\/\/jorgezanoni.com.br\/2019\/wp-json\/wp\/v2\/posts\/26135\/revisions"}],"wp:featuredmedia":[{"embeddable":true,"href":"https:\/\/jorgezanoni.com.br\/2019\/wp-json\/wp\/v2\/media\/26136"}],"wp:attachment":[{"href":"https:\/\/jorgezanoni.com.br\/2019\/wp-json\/wp\/v2\/media?parent=26135"}],"wp:term":[{"taxonomy":"category","embeddable":true,"href":"https:\/\/jorgezanoni.com.br\/2019\/wp-json\/wp\/v2\/categories?post=26135"},{"taxonomy":"post_tag","embeddable":true,"href":"https:\/\/jorgezanoni.com.br\/2019\/wp-json\/wp\/v2\/tags?post=26135"}],"curies":[{"name":"wp","href":"https:\/\/api.w.org\/{rel}","templated":true}]}}