{"id":26132,"date":"2020-05-13T23:56:19","date_gmt":"2020-05-13T23:56:19","guid":{"rendered":"https:\/\/jorgezanoni.com.br\/2019\/?p=26132"},"modified":"2020-05-13T23:56:19","modified_gmt":"2020-05-13T23:56:19","slug":"brasil-tem-13-149-mortes-e-188-974-casos-confirmados-de-novo-coronavirus-diz-ministerio","status":"publish","type":"post","link":"https:\/\/jorgezanoni.com.br\/2019\/brasil-tem-13-149-mortes-e-188-974-casos-confirmados-de-novo-coronavirus-diz-ministerio\/","title":{"rendered":"Brasil tem 13.149 mortes e 188.974 casos confirmados de novo coronav\u00edrus, diz minist\u00e9rio"},"content":{"rendered":"<h2 class=\"content-head__subtitle\" style=\"text-align: justify;\"><strong>Em 24 horas, foram confirmadas mais 749 novas mortes.<\/strong><\/h2>\n<div class=\"mc-column content-text active-extra-styles \" data-block-type=\"unstyled\" data-block-weight=\"19\" data-block-id=\"2\">\n<p class=\"content-text__container \" style=\"text-align: justify;\" data-track-category=\"Link no Texto\" data-track-links=\"\">O Minist\u00e9rio da Sa\u00fade divulgou nesta quarta-feira (13) o mais recente balan\u00e7o dos casos de novo coronav\u00edrus no Brasil.<\/p>\n<\/div>\n<div class=\"wall protected-content\">\n<div class=\"mc-column content-text active-extra-styles \" style=\"text-align: justify;\" data-block-type=\"unstyled\" data-block-weight=\"4\" data-block-id=\"3\">\n<p class=\"content-text__container \" data-track-category=\"Link no Texto\" data-track-links=\"\">Os principais dados s\u00e3o:<\/p>\n<\/div>\n<div class=\"mc-column content-text active-extra-styles\" style=\"text-align: justify;\" data-block-type=\"raw\" data-block-weight=\"76\" data-block-id=\"4\">\n<ul class=\"content-unordered-list\">\n<li><strong>13.149 mortes<\/strong>, eram\u00a0<a href=\"https:\/\/g1.globo.com\/bemestar\/coronavirus\/noticia\/2020\/05\/11\/brasil-tem-11519-mortes-e-168331-casos-confirmados-de-novo-coronavirus-diz-ministerio.ghtml\">12.400\u00a0<\/a>na ter\u00e7a-feira (12)<\/li>\n<li>Foram<strong>\u00a0mais 749 novos\u00a0<\/strong>registros de mortes acrescentados em 24 horas<\/li>\n<li><strong>188.974 casos confirmados<\/strong>, eram 177.589 na ter\u00e7a-feira (12)<\/li>\n<li>Foram\u00a0<strong>11.385<\/strong>\u00a0casos inclu\u00eddos no balan\u00e7o em 24 horas, o n\u00famero \u00e9 recorde<\/li>\n<li>S\u00e3o Paulo\u00a0<strong>tem 51.097 casos e 4.118 mortes.<\/strong><\/li>\n<li><strong>Cear\u00e1 passou o Rio de Janeiro em n\u00famero de pessoas infectadas\u00a0<\/strong>e se torna o segundo Estado com mais casos (veja os dados dos\u00a0<strong>outros Estados<\/strong>\u00a0abaixo).<\/li>\n<\/ul>\n<\/div>\n<div class=\"mc-column content-text active-extra-styles \" data-block-type=\"unstyled\" data-block-weight=\"23\" data-block-id=\"5\">\n<p class=\"content-text__container \" style=\"text-align: justify;\" data-track-category=\"Link no Texto\" data-track-links=\"\">D\ufe0fe acordo com o Minist\u00e9rio da Sa\u00fade, h\u00e1\u00a0<strong>97.402 pacientes em acompanhamento<\/strong>\u00a0(51,4% do total dos casos) e outros\u00a0<strong>78.424 recuperados<\/strong>\u00a0(41,5%). \ufe0f<\/p>\n<p style=\"text-align: justify;\" data-track-category=\"Link no Texto\" data-track-links=\"\">Fonte: https:\/\/g1.globo.com\/bemestar\/coronavirus\/noticia\/2020\/05\/13\/brasil-tem-13149-mortes-e-188974-casos-confirmados-de-novo-coronavirus-diz-ministerio.ghtml<\/p>\n<\/div>\n<\/div>\n","protected":false},"excerpt":{"rendered":"<p>Em 24 horas, foram confirmadas mais 749 novas mortes. O Minist\u00e9rio da Sa\u00fade divulgou nesta quarta-feira (13) o mais recente balan\u00e7o dos casos de novo coronav\u00edrus no Brasil. Os principais dados s\u00e3o: 13.149 mortes, eram\u00a012.400\u00a0na ter\u00e7a-feira (12) Foram\u00a0mais 749 novos\u00a0registros de mortes acrescentados em 24 horas 188.974 casos confirmados, eram 177.589 na ter\u00e7a-feira (12) Foram\u00a011.385\u00a0casos [&hellip;]<\/p>\n","protected":false},"author":1,"featured_media":26133,"comment_status":"closed","ping_status":"open","sticky":false,"template":"","format":"standard","meta":{"footnotes":""},"categories":[110,122],"tags":[],"class_list":["post-26132","post","type-post","status-publish","format-standard","has-post-thumbnail","hentry","category-noticiasdestaque","category-saudeeducacaoeconcurso"],"_links":{"self":[{"href":"https:\/\/jorgezanoni.com.br\/2019\/wp-json\/wp\/v2\/posts\/26132","targetHints":{"allow":["GET"]}}],"collection":[{"href":"https:\/\/jorgezanoni.com.br\/2019\/wp-json\/wp\/v2\/posts"}],"about":[{"href":"https:\/\/jorgezanoni.com.br\/2019\/wp-json\/wp\/v2\/types\/post"}],"author":[{"embeddable":true,"href":"https:\/\/jorgezanoni.com.br\/2019\/wp-json\/wp\/v2\/users\/1"}],"replies":[{"embeddable":true,"href":"https:\/\/jorgezanoni.com.br\/2019\/wp-json\/wp\/v2\/comments?post=26132"}],"version-history":[{"count":0,"href":"https:\/\/jorgezanoni.com.br\/2019\/wp-json\/wp\/v2\/posts\/26132\/revisions"}],"wp:featuredmedia":[{"embeddable":true,"href":"https:\/\/jorgezanoni.com.br\/2019\/wp-json\/wp\/v2\/media\/26133"}],"wp:attachment":[{"href":"https:\/\/jorgezanoni.com.br\/2019\/wp-json\/wp\/v2\/media?parent=26132"}],"wp:term":[{"taxonomy":"category","embeddable":true,"href":"https:\/\/jorgezanoni.com.br\/2019\/wp-json\/wp\/v2\/categories?post=26132"},{"taxonomy":"post_tag","embeddable":true,"href":"https:\/\/jorgezanoni.com.br\/2019\/wp-json\/wp\/v2\/tags?post=26132"}],"curies":[{"name":"wp","href":"https:\/\/api.w.org\/{rel}","templated":true}]}}