{"id":26112,"date":"2020-05-13T16:24:18","date_gmt":"2020-05-13T16:24:18","guid":{"rendered":"https:\/\/jorgezanoni.com.br\/2019\/?p=26112"},"modified":"2020-05-13T16:24:18","modified_gmt":"2020-05-13T16:24:18","slug":"dracena-tempersul-intelli-adere-a-campanha-futsal-faz-bem","status":"publish","type":"post","link":"https:\/\/jorgezanoni.com.br\/2019\/dracena-tempersul-intelli-adere-a-campanha-futsal-faz-bem\/","title":{"rendered":"Dracena Tempersul Intelli adere \u00e0 campanha &#8220;Futsal faz bem&#8221;"},"content":{"rendered":"<p style=\"font-weight: 400; text-align: justify;\">Os atletas e dire\u00e7\u00e3o do Dracena Tempersul Intelli aderiram \u00e0 campanha &#8220;Futsal faz bem&#8221;, que busca arrecadar donativos para as pessoas que mais sofrem em virtude da pandemia de coronav\u00edrus.<\/p>\n<p style=\"font-weight: 400; text-align: justify;\">Na Cidade Milagre o posto de recolhimento ser\u00e1 montado na pra\u00e7a Arthur Pagnozzi, s\u00e1bado (23), a partir das 9h.<\/p>\n<p style=\"font-weight: 400; text-align: justify;\">O objetivo da campanha \u00e9 mobilizar os amigos, empres\u00e1rios e amantes do futsal para arrecadar a maior quantidade poss\u00edvel de alimentos, que posteriormente ser\u00e3o entregues \u00e0s fam\u00edlias carentes.<\/p>\n<p style=\"font-weight: 400; text-align: justify;\">Al\u00e9m do time dracenense, fazem parte dessa campanha v\u00e1rias equipes que disputam a Liga Nacional de Futsal: Assoeva (RS), Atl\u00e2ntico (RS), Bras\u00edlia (DF), Campo Mour\u00e3o (PR), Foz Cataratas (PR), Jaragu\u00e1 (SC), Joinville (SC) e Umuarama (PR).<\/p>\n<p style=\"font-weight: 400; text-align: justify;\">&#8220;O futsal \u00e9 uma modalidade que representa muito para a cidade de Dracena. Nada melhor que usarmos a for\u00e7a do time para arrecadar alimentos e ajudar quem mais est\u00e1 precisando neste momento&#8221;, salienta o ala Nen\u00ea.<\/p>\n<p style=\"font-weight: 400; text-align: justify;\">Para o presidente do Dracena Tempersul Intelli, Lucas Batista, &#8220;a pandemia est\u00e1 fazendo com que muitas pessoas tenham dificuldade at\u00e9 mesmo para colocar comida na mesa. Ent\u00e3o entendemos que \u00e9 hora de mobilizarmos a na\u00e7\u00e3o salonista para ajudar&#8221;.<\/p>\n<p style=\"font-weight: 400; text-align: justify;\">Quem n\u00e3o puder levar os alimentos na Pra\u00e7a Arthur Pagnozzi, entre em contato com a equipe pelo Facebook e\/ou Instagram. A diretoria disponibilizar\u00e1 um ve\u00edculo para buscar os donativos.<\/p>\n<p style=\"font-weight: 400; text-align: justify;\"><strong>Preparador f\u00edsico do Dracena Tempersul Intelli discute desafios do treinamento de goleiros em\u00a0<em>live<\/em><\/strong><\/p>\n<p style=\"font-weight: 400; text-align: justify;\"><strong>\u00a0<\/strong><\/p>\n<p style=\"font-weight: 400; text-align: justify;\">Nesta segunda-feira (11), a partir das 17h30, a Liga Paulista de Futsal re\u00fane as principais refer\u00eancias do pa\u00eds em prepara\u00e7\u00e3o f\u00edsica para uma\u00a0<em>live\u00a0<\/em>sobre &#8220;Treinamento para goleiros no alto rendimento&#8221;, no canal do YouTube da entidade (<a href=\"http:\/\/youtube.com\/ligapaulistadefutsal\">youtube.com\/ligapaulistadefutsal<\/a>).<\/p>\n<p style=\"font-weight: 400; text-align: justify;\">O Dracena Tempersul Intelli ser\u00e1 representado pelo preparador f\u00edsico Vitor Viana, que debater\u00e1 com Fred Antunes, da CBFS (Confedera\u00e7\u00e3o Brasileira de Futebol de Sal\u00e3o), Marcelo Purific (Corinthians), Gua\u00edba (Carlos Barbosa), e Igor Braga (Pato Futsal. A media\u00e7\u00e3o ficar\u00e1 a cargo de Gilberto Santos, da Liga Paulista de Futsal.<\/p>\n<p style=\"font-weight: 400; text-align: justify;\">Na l<em>ive\u00a0<\/em>ser\u00e3o debatidos os desafios e as particularidades do treinamento destinado aos goleiros no alto rendimento.<\/p>\n<p style=\"font-weight: 400; text-align: justify;\">&#8220;\u00c9 uma honra discutir a prepara\u00e7\u00e3o de goleiros com profissionais que s\u00e3o refer\u00eancia n\u00e3o s\u00f3 no Brasil, mas tamb\u00e9m no mundo. Certamente teremos a oportunidade de aprender e transmitir um pouco do trabalho realizado no dia a dia da nossa equipe&#8221;, disse Vianna.<\/p>\n<p><img loading=\"lazy\" decoding=\"async\" class=\"alignnone size-full wp-image-26114\" src=\"https:\/\/jorgezanoni.com.br\/2019\/wp-content\/uploads\/2020\/05\/futsal1.jpg\" alt=\"\" width=\"700\" height=\"933\" srcset=\"https:\/\/jorgezanoni.com.br\/2019\/wp-content\/uploads\/2020\/05\/futsal1.jpg 700w, https:\/\/jorgezanoni.com.br\/2019\/wp-content\/uploads\/2020\/05\/futsal1-225x300.jpg 225w, https:\/\/jorgezanoni.com.br\/2019\/wp-content\/uploads\/2020\/05\/futsal1-696x928.jpg 696w, https:\/\/jorgezanoni.com.br\/2019\/wp-content\/uploads\/2020\/05\/futsal1-315x420.jpg 315w\" sizes=\"auto, (max-width: 700px) 100vw, 700px\" \/><\/p>\n<p>Fonte: Assessoria de Imprensa<\/p>\n<p>&nbsp;<\/p>\n<p>&nbsp;<\/p>\n","protected":false},"excerpt":{"rendered":"<p>Os atletas e dire\u00e7\u00e3o do Dracena Tempersul Intelli aderiram \u00e0 campanha &#8220;Futsal faz bem&#8221;, que busca arrecadar donativos para as pessoas que mais sofrem em virtude da pandemia de coronav\u00edrus. Na Cidade Milagre o posto de recolhimento ser\u00e1 montado na pra\u00e7a Arthur Pagnozzi, s\u00e1bado (23), a partir das 9h. O objetivo da campanha \u00e9 mobilizar [&hellip;]<\/p>\n","protected":false},"author":1,"featured_media":26113,"comment_status":"closed","ping_status":"open","sticky":false,"template":"","format":"standard","meta":{"footnotes":""},"categories":[111],"tags":[],"class_list":["post-26112","post","type-post","status-publish","format-standard","has-post-thumbnail","hentry","category-esporteecultura"],"_links":{"self":[{"href":"https:\/\/jorgezanoni.com.br\/2019\/wp-json\/wp\/v2\/posts\/26112","targetHints":{"allow":["GET"]}}],"collection":[{"href":"https:\/\/jorgezanoni.com.br\/2019\/wp-json\/wp\/v2\/posts"}],"about":[{"href":"https:\/\/jorgezanoni.com.br\/2019\/wp-json\/wp\/v2\/types\/post"}],"author":[{"embeddable":true,"href":"https:\/\/jorgezanoni.com.br\/2019\/wp-json\/wp\/v2\/users\/1"}],"replies":[{"embeddable":true,"href":"https:\/\/jorgezanoni.com.br\/2019\/wp-json\/wp\/v2\/comments?post=26112"}],"version-history":[{"count":0,"href":"https:\/\/jorgezanoni.com.br\/2019\/wp-json\/wp\/v2\/posts\/26112\/revisions"}],"wp:featuredmedia":[{"embeddable":true,"href":"https:\/\/jorgezanoni.com.br\/2019\/wp-json\/wp\/v2\/media\/26113"}],"wp:attachment":[{"href":"https:\/\/jorgezanoni.com.br\/2019\/wp-json\/wp\/v2\/media?parent=26112"}],"wp:term":[{"taxonomy":"category","embeddable":true,"href":"https:\/\/jorgezanoni.com.br\/2019\/wp-json\/wp\/v2\/categories?post=26112"},{"taxonomy":"post_tag","embeddable":true,"href":"https:\/\/jorgezanoni.com.br\/2019\/wp-json\/wp\/v2\/tags?post=26112"}],"curies":[{"name":"wp","href":"https:\/\/api.w.org\/{rel}","templated":true}]}}