{"id":26107,"date":"2020-05-13T16:03:28","date_gmt":"2020-05-13T16:03:28","guid":{"rendered":"https:\/\/jorgezanoni.com.br\/2019\/?p=26107"},"modified":"2020-05-13T16:03:28","modified_gmt":"2020-05-13T16:03:28","slug":"fundec-comemora-52-anos","status":"publish","type":"post","link":"https:\/\/jorgezanoni.com.br\/2019\/fundec-comemora-52-anos\/","title":{"rendered":"Fundec comemora 52 anos"},"content":{"rendered":"<p dir=\"ltr\" style=\"text-align: justify;\">A Funda\u00e7\u00e3o Dracenense de Educa\u00e7\u00e3o e Cultura, mantenedora das unidades escolares Col\u00e9gio Anglo-CID, CEP\/UME e Unifadra, completa hoje 52 anos. \u00c9 uma institui\u00e7\u00e3o que tem a finalidade de promover cultura e educa\u00e7\u00e3o para crian\u00e7as, jovens e adultos, nos n\u00edveis fundamental, m\u00e9dio, t\u00e9cnico-profissionalizante e superior. Suas escolas levaram e continuam levando educa\u00e7\u00e3o para milhares de fam\u00edlias, em todas as etapas da vida, hoje para todo o pa\u00eds.<\/p>\n<p dir=\"ltr\" style=\"text-align: justify;\">E essa longa trajet\u00f3ria s\u00f3 foi poss\u00edvel por existirem colaboradores, diretores, professores, alunos e familiares que acreditaram nessa miss\u00e3o de educar e qualificar pessoas em todos os n\u00edveis, com qualidade e responsabilidade social.<\/p>\n<p dir=\"ltr\" style=\"text-align: justify;\">Ao longo de seus 52 anos, foram in\u00fameros programas sociais constru\u00eddos com base em conhecimentos cient\u00edficos de suas unidades escolares. A Fundec mant\u00e9m programas gratuitos para a comunidade como a Cl\u00ednica Psicol\u00f3gica, que est\u00e1 de casa nova, num ambiente maior, mais pr\u00f3ximo do pr\u00e9dio da Unifadra. O local \u00e9 destinado aos alunos do curso de Psicologia que utilizam o espa\u00e7o para a pr\u00e1tica acad\u00eamica e a presta\u00e7\u00e3o de servi\u00e7o \u00e0 comunidade. O Inclus\u00e3o Digital (para crian\u00e7as de 4 e 5 anos) tamb\u00e9m \u00e9 outro programa social mantido pela Fundec.\u00a0 Em parceria com a Prefeitura Municipal, oferece os programas sociais Parkinson, Viva a Vida (para pacientes hipertensos e diab\u00e9ticos), al\u00e9m da UNATI (Universidade Aberta \u00e0 Terceira Idade &#8211; que tamb\u00e9m tem como parceira a UNESP). Pela parceria com a Prefeitura de Dracena, com o Poder Judici\u00e1rio e o IMESC (Instituto de Medicina Social e de Criminologia), os cursos de Psicologia, Enfermagem e Medicina participam da per\u00edcia m\u00e9dica legal e de per\u00edcias de investiga\u00e7\u00e3o de v\u00ednculo gen\u00e9tico (exame de DNA) nos processos judiciais em tramita\u00e7\u00e3o ou nos procedimentos de compet\u00eancia do Centro Judici\u00e1rio de Solu\u00e7\u00e3o de Conflitos e Cidadania (CEJUSC). A comunidade tamb\u00e9m \u00e9 beneficiada com os atendimentos dos alunos de Medicina, Enfermagem e T\u00e9cnico em Enfermagem, que cumprem seus est\u00e1gios pr\u00e1ticos, colaborando de forma direta em diferentes unidades de sa\u00fade da microrregi\u00e3o de Dracena.<\/p>\n<p>A Fundec agradece todas as institui\u00e7\u00f5es parceiras presentes em sua trajet\u00f3ria, em especial \u00e0 Prefeitura Municipal de Dracena, \u00e0 C\u00e2mara Municipal e ao Poder Judici\u00e1rio, que estiveram e est\u00e3o ao seu lado durante as conquistas.<\/p>\n<p>O presidente do Conselho de Curadores da Fundec D\u00e9cio Jos\u00e9 Esteves destacou que a Fundec, comprometida com a educa\u00e7\u00e3o, faz do conhecimento, em suas m\u00faltiplas \u00e1reas e vertentes de investiga\u00e7\u00f5es cient\u00edficas, o seu principal instrumento no territ\u00f3rio do ensinar e do aprender, sem se esquecer do seu bem maior: o aluno. &#8220;A institui\u00e7\u00e3o sempre pautou por uma educa\u00e7\u00e3o humanizada, pois entende que por tr\u00e1s de cada profissional formado existe um ser humano social, dotado da raz\u00e3o e da emo\u00e7\u00e3o&#8221;, acrescentou o presidente.<\/p>\n<p dir=\"ltr\" style=\"text-align: justify;\">O diretor executivo da Fundec destacou que a institui\u00e7\u00e3o tem investido, nos \u00faltimos anos, em estrutura e infraestrutura modernas para suas escolas, com novas tecnologias e elabora\u00e7\u00e3o de projetos pedag\u00f3gicos atuais, aquisi\u00e7\u00e3o de sistemas de ERP (gest\u00e3o integrada) e ferramentas educacionais. &#8220;O mundo vem mudando e estamos acompanhando essa evolu\u00e7\u00e3o, trazendo a educa\u00e7\u00e3o do futuro para nossos alunos&#8221;, comentou Edson Kai.<\/p>\n<p dir=\"ltr\" style=\"text-align: justify;\">Uma grande obra de revitaliza\u00e7\u00e3o de sua estrutura nas unidades Col\u00e9gio Anglo-CID e Unifadra ser\u00e1 conclu\u00edda em breve. Mas a Fundec n\u00e3o p\u00e1ra! O CEP\/UME tamb\u00e9m receber\u00e1 revitaliza\u00e7\u00e3o em sua estrutura.<\/p>\n<p dir=\"ltr\" style=\"text-align: justify;\">\u00a0Nesses \u00faltimos anos, foram feitos investimentos e melhorias em todos os cursos superiores.<\/p>\n<p dir=\"ltr\" style=\"text-align: justify;\">Neste sentido, a institui\u00e7\u00e3o tamb\u00e9m iniciou o processo de internacionaliza\u00e7\u00e3o. Alunos do curso de Psicologia, Pedagogia e Enfermagem t\u00eam realizado interc\u00e2mbios em universidades de Portugal.<\/p>\n<p dir=\"ltr\" style=\"text-align: justify;\">Os cursos de Letras, Educa\u00e7\u00e3o F\u00edsica, Pedagogia, Psicologia, Enfermagem e Servi\u00e7o Social da Faculdade Unifadra de Dracena tamb\u00e9m se destacam no Guia do Estudante (GE), recebendo selos pela qualidade de ensino que promovem.<\/p>\n<p dir=\"ltr\" style=\"text-align: justify;\">Foram e est\u00e3o sendo constru\u00eddos v\u00e1rios laborat\u00f3rios de sa\u00fade totalmente dotados de equipamentos tecnol\u00f3gicos de \u00faltima gera\u00e7\u00e3o e de alto custo, como simuladores real\u00edsticos, mesas simuladoras de anatomia 3D, aparelhos completos para procedimentos e pr\u00e1ticas cir\u00fargicas, equipamentos para habilidades m\u00e9dicas, morfologia, bibliotecas virtuais com acervos digitais, entre outros.<\/p>\n<p dir=\"ltr\" style=\"text-align: justify;\">A aquisi\u00e7\u00e3o de plataformas de ensino a dist\u00e2ncia tem reafirmado o compromisso da Fundec com a melhor educa\u00e7\u00e3o, beneficiando diretamente alunos de todos os cursos superiores e unidades mantidas pela Fundec, trazendo tamb\u00e9m para a equipe administrativa, gestora, professores e estudantes ferramentas como o Google For Education para somar ainda mais.<\/p>\n<p dir=\"ltr\" style=\"text-align: justify;\">S\u00e3o mais de cinco d\u00e9cadas impactando a Educa\u00e7\u00e3o de toda a regi\u00e3o! A Fundec comemora seus 52 anos agradecendo a todos que participaram dessa hist\u00f3ria. S\u00e3o 52 anos de grandiosos motivos de orgulho!<\/p>\n<p style=\"text-align: justify;\"><span style=\"color: #000000; font-family: Arial;\">Foto 001: Enio Garbelini (diretor acad\u00eamico da Unifadra), Julia Portari (diretora do CEP\/UME), Eul\u00e1lia Fava (diretora do Anglo-CID) e Edson Kai (diretor executivo da Fundec). Fotos 002 e 003 : Projeto revitaliza\u00e7\u00e3o da fachada da Unifadra. <\/span><\/p>\n<p><img loading=\"lazy\" decoding=\"async\" class=\"alignnone size-full wp-image-26110\" src=\"https:\/\/jorgezanoni.com.br\/2019\/wp-content\/uploads\/2020\/05\/niver-1.jpg\" alt=\"\" width=\"1280\" height=\"622\" srcset=\"https:\/\/jorgezanoni.com.br\/2019\/wp-content\/uploads\/2020\/05\/niver-1.jpg 1280w, https:\/\/jorgezanoni.com.br\/2019\/wp-content\/uploads\/2020\/05\/niver-1-300x146.jpg 300w, https:\/\/jorgezanoni.com.br\/2019\/wp-content\/uploads\/2020\/05\/niver-1-1024x498.jpg 1024w, https:\/\/jorgezanoni.com.br\/2019\/wp-content\/uploads\/2020\/05\/niver-1-768x373.jpg 768w, https:\/\/jorgezanoni.com.br\/2019\/wp-content\/uploads\/2020\/05\/niver-1-696x338.jpg 696w, https:\/\/jorgezanoni.com.br\/2019\/wp-content\/uploads\/2020\/05\/niver-1-1068x519.jpg 1068w, https:\/\/jorgezanoni.com.br\/2019\/wp-content\/uploads\/2020\/05\/niver-1-864x420.jpg 864w\" sizes=\"auto, (max-width: 1280px) 100vw, 1280px\" \/><\/p>\n<div class=\"gmail_signature\" dir=\"ltr\">\n<div dir=\"ltr\" style=\"text-align: justify;\">Assistente de Comunica\u00e7\u00e3o<br \/>\nFunda\u00e7\u00e3o Dracenense de Educa\u00e7\u00e3o e Cultura<\/div>\n<div dir=\"ltr\">Foto Arquivo<\/div>\n<\/div>\n","protected":false},"excerpt":{"rendered":"<p>A Funda\u00e7\u00e3o Dracenense de Educa\u00e7\u00e3o e Cultura, mantenedora das unidades escolares Col\u00e9gio Anglo-CID, CEP\/UME e Unifadra, completa hoje 52 anos. \u00c9 uma institui\u00e7\u00e3o que tem a finalidade de promover cultura e educa\u00e7\u00e3o para crian\u00e7as, jovens e adultos, nos n\u00edveis fundamental, m\u00e9dio, t\u00e9cnico-profissionalizante e superior. Suas escolas levaram e continuam levando educa\u00e7\u00e3o para milhares de fam\u00edlias, [&hellip;]<\/p>\n","protected":false},"author":1,"featured_media":26109,"comment_status":"closed","ping_status":"open","sticky":false,"template":"","format":"standard","meta":{"footnotes":""},"categories":[122],"tags":[],"class_list":["post-26107","post","type-post","status-publish","format-standard","has-post-thumbnail","hentry","category-saudeeducacaoeconcurso"],"_links":{"self":[{"href":"https:\/\/jorgezanoni.com.br\/2019\/wp-json\/wp\/v2\/posts\/26107","targetHints":{"allow":["GET"]}}],"collection":[{"href":"https:\/\/jorgezanoni.com.br\/2019\/wp-json\/wp\/v2\/posts"}],"about":[{"href":"https:\/\/jorgezanoni.com.br\/2019\/wp-json\/wp\/v2\/types\/post"}],"author":[{"embeddable":true,"href":"https:\/\/jorgezanoni.com.br\/2019\/wp-json\/wp\/v2\/users\/1"}],"replies":[{"embeddable":true,"href":"https:\/\/jorgezanoni.com.br\/2019\/wp-json\/wp\/v2\/comments?post=26107"}],"version-history":[{"count":0,"href":"https:\/\/jorgezanoni.com.br\/2019\/wp-json\/wp\/v2\/posts\/26107\/revisions"}],"wp:featuredmedia":[{"embeddable":true,"href":"https:\/\/jorgezanoni.com.br\/2019\/wp-json\/wp\/v2\/media\/26109"}],"wp:attachment":[{"href":"https:\/\/jorgezanoni.com.br\/2019\/wp-json\/wp\/v2\/media?parent=26107"}],"wp:term":[{"taxonomy":"category","embeddable":true,"href":"https:\/\/jorgezanoni.com.br\/2019\/wp-json\/wp\/v2\/categories?post=26107"},{"taxonomy":"post_tag","embeddable":true,"href":"https:\/\/jorgezanoni.com.br\/2019\/wp-json\/wp\/v2\/tags?post=26107"}],"curies":[{"name":"wp","href":"https:\/\/api.w.org\/{rel}","templated":true}]}}