{"id":26104,"date":"2020-05-13T15:46:04","date_gmt":"2020-05-13T15:46:04","guid":{"rendered":"https:\/\/jorgezanoni.com.br\/2019\/?p=26104"},"modified":"2020-05-13T15:46:04","modified_gmt":"2020-05-13T15:46:04","slug":"fundec-comemora-o-dia-do-enfermeiro","status":"publish","type":"post","link":"https:\/\/jorgezanoni.com.br\/2019\/fundec-comemora-o-dia-do-enfermeiro\/","title":{"rendered":"Fundec comemora o Dia do Enfermeiro"},"content":{"rendered":"<p style=\"text-align: justify;\">O Dia do Enfermeiro \u00e9 comemorado em 12 de maio em todo o mundo. A OMS<br \/>\n\u2013 Organiza\u00e7\u00e3o Mundial da Sa\u00fade declarou 2020 como o Ano Internacional da<br \/>\nEnfermagem, profiss\u00e3o que ganhou grande destaque na luta contra a Covid-19.<br \/>\nNo Brasil, al\u00e9m do Dia do Enfermeiro, no per\u00edodo de 12 e 20 de maio,<br \/>\ncomemora-se a Semana da Enfermagem, data institu\u00edda em meados dos anos<br \/>\n40, em homenagem a dois grandes personagens da Enfermagem no mundo:<br \/>\nFlorence Nigthingale e Ana N\u00e9ri.<br \/>\nA coordenadora do curso de Enfermagem da Unifadra Profa. Dra. Lilian Carla<br \/>\nSossai Pan\u00edcio destacou que o ato de\u00a0cuidar de outra pessoa\u00a0ultrapassa o<br \/>\nmero cumprimento do dever de &#8220;ser enfermeiro&#8221;: representa dedica\u00e7\u00e3o,<br \/>\nresponsabilidade, compet\u00eancia, respeito, \u00e9tica, carinho, amor e uma grande<br \/>\ndose de humanidade.<br \/>\nSer enfermeiro \u00e9 ter o dom de cuidar do pr\u00f3ximo, \u00e9 enfrentar batalhas di\u00e1rias e<br \/>\nter for\u00e7as para os pacientes. Estamos passando um dos momentos mais<br \/>\ndelicados do cen\u00e1rio mundial da sa\u00fade: o enfrentamento de uma pandemia.<br \/>\nPersistir pela vida e manter a esperan\u00e7a dos pacientes s\u00e3o grandes desafios<br \/>\nda profiss\u00e3o. O Enfermeiro coloca sua vida em risco diariamente para cuidar<br \/>\ndas vidas de muitas outras pessoas, em hospitais, unidades de sa\u00fade, cl\u00ednicas<br \/>\ne tantos outros campos de atua\u00e7\u00e3o.<br \/>\nA Fundec parabeniza todos esses profissionais, em especial seus professores<br \/>\ne alunos, pelo Dia do Enfermeiro.<\/p>\n<div class=\"gmail_signature\" dir=\"ltr\">\n<div dir=\"ltr\" style=\"text-align: justify;\">Assistente de Comunica\u00e7\u00e3o<br \/>\nFunda\u00e7\u00e3o Dracenense de Educa\u00e7\u00e3o e Cultura<\/div>\n<\/div>\n","protected":false},"excerpt":{"rendered":"<p>O Dia do Enfermeiro \u00e9 comemorado em 12 de maio em todo o mundo. A OMS \u2013 Organiza\u00e7\u00e3o Mundial da Sa\u00fade declarou 2020 como o Ano Internacional da Enfermagem, profiss\u00e3o que ganhou grande destaque na luta contra a Covid-19. No Brasil, al\u00e9m do Dia do Enfermeiro, no per\u00edodo de 12 e 20 de maio, comemora-se [&hellip;]<\/p>\n","protected":false},"author":1,"featured_media":26105,"comment_status":"closed","ping_status":"open","sticky":false,"template":"","format":"standard","meta":{"footnotes":""},"categories":[122],"tags":[],"class_list":["post-26104","post","type-post","status-publish","format-standard","has-post-thumbnail","hentry","category-saudeeducacaoeconcurso"],"_links":{"self":[{"href":"https:\/\/jorgezanoni.com.br\/2019\/wp-json\/wp\/v2\/posts\/26104","targetHints":{"allow":["GET"]}}],"collection":[{"href":"https:\/\/jorgezanoni.com.br\/2019\/wp-json\/wp\/v2\/posts"}],"about":[{"href":"https:\/\/jorgezanoni.com.br\/2019\/wp-json\/wp\/v2\/types\/post"}],"author":[{"embeddable":true,"href":"https:\/\/jorgezanoni.com.br\/2019\/wp-json\/wp\/v2\/users\/1"}],"replies":[{"embeddable":true,"href":"https:\/\/jorgezanoni.com.br\/2019\/wp-json\/wp\/v2\/comments?post=26104"}],"version-history":[{"count":0,"href":"https:\/\/jorgezanoni.com.br\/2019\/wp-json\/wp\/v2\/posts\/26104\/revisions"}],"wp:featuredmedia":[{"embeddable":true,"href":"https:\/\/jorgezanoni.com.br\/2019\/wp-json\/wp\/v2\/media\/26105"}],"wp:attachment":[{"href":"https:\/\/jorgezanoni.com.br\/2019\/wp-json\/wp\/v2\/media?parent=26104"}],"wp:term":[{"taxonomy":"category","embeddable":true,"href":"https:\/\/jorgezanoni.com.br\/2019\/wp-json\/wp\/v2\/categories?post=26104"},{"taxonomy":"post_tag","embeddable":true,"href":"https:\/\/jorgezanoni.com.br\/2019\/wp-json\/wp\/v2\/tags?post=26104"}],"curies":[{"name":"wp","href":"https:\/\/api.w.org\/{rel}","templated":true}]}}