{"id":2603,"date":"2019-08-02T15:09:01","date_gmt":"2019-08-02T15:09:01","guid":{"rendered":"https:\/\/jorgezanoni.com.br\/2019\/?p=2603"},"modified":"2019-08-02T15:09:27","modified_gmt":"2019-08-02T15:09:27","slug":"morre-o-junqueiropolense-sidnei-de-lira","status":"publish","type":"post","link":"https:\/\/jorgezanoni.com.br\/2019\/morre-o-junqueiropolense-sidnei-de-lira\/","title":{"rendered":"Morre o junqueiropolense Sidnei de Lira"},"content":{"rendered":"<p style=\"text-align: justify;\">Faleceu, precocemente, o junqueiropolense Sidnei Nascimento de Lira, aos 34 anos de vida. Ele morreu ontem, 1\u00ba de agosto, e completaria 35 anos no pr\u00f3ximo dia 13 de agosto.<\/p>\n<p>O junqueiropelense era l\u00edder agr\u00edcola em uma empresa sucroalcooleira da regi\u00e3o e n\u00e3o teve a causa morte divulgada.<\/p>\n<p>O corpo est\u00e1 sendo velado no Vel\u00f3rio Municipal de Junqueir\u00f3polis e o sepultamento est\u00e1 previsto para as 17h desta sexta-feira (2\/8), no Cemit\u00e9rio Municipal da cidade.<\/p>\n<p>Ele deixa filho e esposa gr\u00e1vida.<\/p>\n<p>Com a colabora\u00e7\u00e3o da Vida Prev-Plano de Assist\u00eancia Familiar.<\/p>\n<p>Fonte: Fernando Ramos<\/p>\n","protected":false},"excerpt":{"rendered":"<p>Faleceu, precocemente, o junqueiropolense Sidnei Nascimento de Lira, aos 34 anos de vida. Ele morreu ontem, 1\u00ba de agosto, e completaria 35 anos no pr\u00f3ximo dia 13 de agosto. O junqueiropelense era l\u00edder agr\u00edcola em uma empresa sucroalcooleira da regi\u00e3o e n\u00e3o teve a causa morte divulgada. O corpo est\u00e1 sendo velado no Vel\u00f3rio Municipal [&hellip;]<\/p>\n","protected":false},"author":1,"featured_media":2604,"comment_status":"closed","ping_status":"open","sticky":false,"template":"","format":"standard","meta":{"footnotes":""},"categories":[178,110],"tags":[],"class_list":["post-2603","post","type-post","status-publish","format-standard","has-post-thumbnail","hentry","category-notadefalecimento","category-noticiasdestaque"],"_links":{"self":[{"href":"https:\/\/jorgezanoni.com.br\/2019\/wp-json\/wp\/v2\/posts\/2603","targetHints":{"allow":["GET"]}}],"collection":[{"href":"https:\/\/jorgezanoni.com.br\/2019\/wp-json\/wp\/v2\/posts"}],"about":[{"href":"https:\/\/jorgezanoni.com.br\/2019\/wp-json\/wp\/v2\/types\/post"}],"author":[{"embeddable":true,"href":"https:\/\/jorgezanoni.com.br\/2019\/wp-json\/wp\/v2\/users\/1"}],"replies":[{"embeddable":true,"href":"https:\/\/jorgezanoni.com.br\/2019\/wp-json\/wp\/v2\/comments?post=2603"}],"version-history":[{"count":0,"href":"https:\/\/jorgezanoni.com.br\/2019\/wp-json\/wp\/v2\/posts\/2603\/revisions"}],"wp:featuredmedia":[{"embeddable":true,"href":"https:\/\/jorgezanoni.com.br\/2019\/wp-json\/wp\/v2\/media\/2604"}],"wp:attachment":[{"href":"https:\/\/jorgezanoni.com.br\/2019\/wp-json\/wp\/v2\/media?parent=2603"}],"wp:term":[{"taxonomy":"category","embeddable":true,"href":"https:\/\/jorgezanoni.com.br\/2019\/wp-json\/wp\/v2\/categories?post=2603"},{"taxonomy":"post_tag","embeddable":true,"href":"https:\/\/jorgezanoni.com.br\/2019\/wp-json\/wp\/v2\/tags?post=2603"}],"curies":[{"name":"wp","href":"https:\/\/api.w.org\/{rel}","templated":true}]}}