{"id":26029,"date":"2020-05-13T00:31:55","date_gmt":"2020-05-13T00:31:55","guid":{"rendered":"https:\/\/jorgezanoni.com.br\/2019\/?p=26029"},"modified":"2020-05-13T00:31:55","modified_gmt":"2020-05-13T00:31:55","slug":"12-de-maio-e-dia-internacional-da-enfermagem","status":"publish","type":"post","link":"https:\/\/jorgezanoni.com.br\/2019\/12-de-maio-e-dia-internacional-da-enfermagem\/","title":{"rendered":"12 de maio \u00e9  Dia Internacional da Enfermagem"},"content":{"rendered":"<p style=\"text-align: justify;\">Em nome do nosso amigo Juraci Brito de Souza, enfermeiro decano, o Site JZ parabeniza e homenageia todos os enfermeiros e enfermeiras especialmente os de Dracena, neste momento dif\u00edcil que estamos vivendo. Voc\u00eas s\u00e3o fortes, Deus aben\u00e7oe.<\/p>\n<p><img loading=\"lazy\" decoding=\"async\" class=\"alignnone size-full wp-image-26030\" src=\"https:\/\/jorgezanoni.com.br\/2019\/wp-content\/uploads\/2020\/05\/Juraci.jpg\" alt=\"\" width=\"720\" height=\"1280\" srcset=\"https:\/\/jorgezanoni.com.br\/2019\/wp-content\/uploads\/2020\/05\/Juraci.jpg 720w, https:\/\/jorgezanoni.com.br\/2019\/wp-content\/uploads\/2020\/05\/Juraci-169x300.jpg 169w, https:\/\/jorgezanoni.com.br\/2019\/wp-content\/uploads\/2020\/05\/Juraci-576x1024.jpg 576w, https:\/\/jorgezanoni.com.br\/2019\/wp-content\/uploads\/2020\/05\/Juraci-696x1237.jpg 696w, https:\/\/jorgezanoni.com.br\/2019\/wp-content\/uploads\/2020\/05\/Juraci-236x420.jpg 236w\" sizes=\"auto, (max-width: 720px) 100vw, 720px\" \/><\/p>\n<p>Jorge Zanoni<\/p>\n<p>Foto: Santa Casa\/AME<\/p>\n<p style=\"text-align: justify;\">Dia 12 de maio comemora-se mundialmente o Dia da Enfermagem e o Dia do Enfermeiro, em homenagem a Florence Nightingale, marco da enfermagem moderna no mundo e que nasceu em 12 de maio de 1820. No Brasil, al\u00e9m do Dia do Enfermeiro, entre os dias 12 e 20 de maio, comemora-se a Semana da Enfermagem, data institu\u00edda em meados dos anos 40, em homenagem a dois grandes personagens da Enfermagem no mundo: Florence Nigthingale e Ana N\u00e9ri, enfermeira brasileira e a primeira a se alistar voluntariamente em combates militares.<\/p>\n<p style=\"text-align: justify;\">A profiss\u00e3o tem origem milenar e data da \u00e9poca em que ser enfermeiro era uma refer\u00eancia a quem cuidava, protegia e nutria pessoas convalescentes, idosos e deficientes. Durante s\u00e9culos, a enfermagem vem formando profissionais em todo o mundo, comprometidos com a sa\u00fade e o bem-estar do ser humano.<\/p>\n<p style=\"text-align: justify;\">O processo de enfermagem \u00e9 a din\u00e2mica das a\u00e7\u00f5es sistematizadas e inter-relacionadas, visando \u00e0 assist\u00eancia ao ser humano e deve ser realizado, de modo deliberado e sistem\u00e1tico, em todos os ambientes, p\u00fablicos ou privados, em que ocorre o cuidado profissional de enfermagem.<\/p>\n<p style=\"text-align: justify;\"><strong>Fontes:<\/strong><\/p>\n<p style=\"text-align: justify;\"><a href=\"http:\/\/mt.corens.portalcofen.gov.br\/doze-de-maio-dia-mundial-do-enfermeiro_1694.html\">Conselho Regional de Enfermagem do Mato Grosso<\/a><\/p>\n<p style=\"text-align: justify;\"><a href=\"http:\/\/www.ebserh.gov.br\/documents\/147715\/0\/Processo-de-enfermagem-e-a-atua%C3%A7%C3%A3o-do-tecnico-auxiliar-de-enfermagem\/5b0ac6a3-314f-4c3c-b5f5-a61a06e81910\">Hospital de Cl\u00ednicas da Universidade Federal do Tri\u00e2ngulo Mineiro<\/a><\/p>\n<p style=\"text-align: justify;\"><a href=\"http:\/\/www.hospitalmariocovas.org.br\/index.php?option=com_content&amp;view=article&amp;id=58:dia-mundial-do-enfermeiro-profissionais-da-enfermagem&amp;catid=1:noticias-gerais\">Hospital Estadual M\u00e1rio Covas<\/a><\/p>\n<p>&nbsp;<\/p>\n","protected":false},"excerpt":{"rendered":"<p>Em nome do nosso amigo Juraci Brito de Souza, enfermeiro decano, o Site JZ parabeniza e homenageia todos os enfermeiros e enfermeiras especialmente os de Dracena, neste momento dif\u00edcil que estamos vivendo. Voc\u00eas s\u00e3o fortes, Deus aben\u00e7oe. Jorge Zanoni Foto: Santa Casa\/AME Dia 12 de maio comemora-se mundialmente o Dia da Enfermagem e o Dia [&hellip;]<\/p>\n","protected":false},"author":1,"featured_media":26031,"comment_status":"closed","ping_status":"open","sticky":false,"template":"","format":"standard","meta":{"footnotes":""},"categories":[110,122],"tags":[],"class_list":["post-26029","post","type-post","status-publish","format-standard","has-post-thumbnail","hentry","category-noticiasdestaque","category-saudeeducacaoeconcurso"],"_links":{"self":[{"href":"https:\/\/jorgezanoni.com.br\/2019\/wp-json\/wp\/v2\/posts\/26029","targetHints":{"allow":["GET"]}}],"collection":[{"href":"https:\/\/jorgezanoni.com.br\/2019\/wp-json\/wp\/v2\/posts"}],"about":[{"href":"https:\/\/jorgezanoni.com.br\/2019\/wp-json\/wp\/v2\/types\/post"}],"author":[{"embeddable":true,"href":"https:\/\/jorgezanoni.com.br\/2019\/wp-json\/wp\/v2\/users\/1"}],"replies":[{"embeddable":true,"href":"https:\/\/jorgezanoni.com.br\/2019\/wp-json\/wp\/v2\/comments?post=26029"}],"version-history":[{"count":0,"href":"https:\/\/jorgezanoni.com.br\/2019\/wp-json\/wp\/v2\/posts\/26029\/revisions"}],"wp:featuredmedia":[{"embeddable":true,"href":"https:\/\/jorgezanoni.com.br\/2019\/wp-json\/wp\/v2\/media\/26031"}],"wp:attachment":[{"href":"https:\/\/jorgezanoni.com.br\/2019\/wp-json\/wp\/v2\/media?parent=26029"}],"wp:term":[{"taxonomy":"category","embeddable":true,"href":"https:\/\/jorgezanoni.com.br\/2019\/wp-json\/wp\/v2\/categories?post=26029"},{"taxonomy":"post_tag","embeddable":true,"href":"https:\/\/jorgezanoni.com.br\/2019\/wp-json\/wp\/v2\/tags?post=26029"}],"curies":[{"name":"wp","href":"https:\/\/api.w.org\/{rel}","templated":true}]}}