{"id":26004,"date":"2020-05-12T21:49:17","date_gmt":"2020-05-12T21:49:17","guid":{"rendered":"https:\/\/jorgezanoni.com.br\/2019\/?p=26004"},"modified":"2020-05-12T21:49:17","modified_gmt":"2020-05-12T21:49:17","slug":"vereador-juninho-do-esporte-tem-dois-projetos-aprovados-na-camara","status":"publish","type":"post","link":"https:\/\/jorgezanoni.com.br\/2019\/vereador-juninho-do-esporte-tem-dois-projetos-aprovados-na-camara\/","title":{"rendered":"Vereador Juninho do Esporte tem dois projetos aprovados na C\u00e2mara"},"content":{"rendered":"<p style=\"text-align: justify;\">Na sess\u00e3o da C\u00e2mara de ontem foram aprovados em Segunda Vota\u00e7\u00e3o dois projetos de lei de minha autoria que s\u00e3o:<\/p>\n<p style=\"text-align: justify;\">1\u20e3 A OBRIGATORIEDADE de aplica\u00e7\u00e3o do TESTE DE GLICEMIA CAPILAR nos hospitais, prontos-socorros e unidades b\u00e1sicas de sa\u00fade da cidade.<\/p>\n<p style=\"text-align: justify;\">2\u20e3E o projeto que disp\u00f5e sobre a cria\u00e7\u00e3o do DIA MUNICIPAL DO COMERCIANTE para ser comemorado anualmente no dia 16 de julho.<\/p>\n<p style=\"text-align: justify;\">Os projetos agora seguem para aprecia\u00e7\u00e3o do Poder Executivo.<\/p>\n<p style=\"text-align: justify;\">Fonte: Assessoria de Imprensa<\/p>\n","protected":false},"excerpt":{"rendered":"<p>Na sess\u00e3o da C\u00e2mara de ontem foram aprovados em Segunda Vota\u00e7\u00e3o dois projetos de lei de minha autoria que s\u00e3o: 1\u20e3 A OBRIGATORIEDADE de aplica\u00e7\u00e3o do TESTE DE GLICEMIA CAPILAR nos hospitais, prontos-socorros e unidades b\u00e1sicas de sa\u00fade da cidade. 2\u20e3E o projeto que disp\u00f5e sobre a cria\u00e7\u00e3o do DIA MUNICIPAL DO COMERCIANTE para ser [&hellip;]<\/p>\n","protected":false},"author":1,"featured_media":26005,"comment_status":"closed","ping_status":"open","sticky":false,"template":"","format":"standard","meta":{"footnotes":""},"categories":[116],"tags":[],"class_list":["post-26004","post","type-post","status-publish","format-standard","has-post-thumbnail","hentry","category-politicaeeconomia"],"_links":{"self":[{"href":"https:\/\/jorgezanoni.com.br\/2019\/wp-json\/wp\/v2\/posts\/26004","targetHints":{"allow":["GET"]}}],"collection":[{"href":"https:\/\/jorgezanoni.com.br\/2019\/wp-json\/wp\/v2\/posts"}],"about":[{"href":"https:\/\/jorgezanoni.com.br\/2019\/wp-json\/wp\/v2\/types\/post"}],"author":[{"embeddable":true,"href":"https:\/\/jorgezanoni.com.br\/2019\/wp-json\/wp\/v2\/users\/1"}],"replies":[{"embeddable":true,"href":"https:\/\/jorgezanoni.com.br\/2019\/wp-json\/wp\/v2\/comments?post=26004"}],"version-history":[{"count":0,"href":"https:\/\/jorgezanoni.com.br\/2019\/wp-json\/wp\/v2\/posts\/26004\/revisions"}],"wp:featuredmedia":[{"embeddable":true,"href":"https:\/\/jorgezanoni.com.br\/2019\/wp-json\/wp\/v2\/media\/26005"}],"wp:attachment":[{"href":"https:\/\/jorgezanoni.com.br\/2019\/wp-json\/wp\/v2\/media?parent=26004"}],"wp:term":[{"taxonomy":"category","embeddable":true,"href":"https:\/\/jorgezanoni.com.br\/2019\/wp-json\/wp\/v2\/categories?post=26004"},{"taxonomy":"post_tag","embeddable":true,"href":"https:\/\/jorgezanoni.com.br\/2019\/wp-json\/wp\/v2\/tags?post=26004"}],"curies":[{"name":"wp","href":"https:\/\/api.w.org\/{rel}","templated":true}]}}