{"id":26001,"date":"2020-05-12T16:41:28","date_gmt":"2020-05-12T16:41:28","guid":{"rendered":"https:\/\/jorgezanoni.com.br\/2019\/?p=26001"},"modified":"2020-05-12T16:41:28","modified_gmt":"2020-05-12T16:41:28","slug":"policia-militar-prende-casal-por-trafico-de-drogas-em-dracena","status":"publish","type":"post","link":"https:\/\/jorgezanoni.com.br\/2019\/policia-militar-prende-casal-por-trafico-de-drogas-em-dracena\/","title":{"rendered":"Pol\u00edcia Militar prende casal por Tr\u00e1fico de Drogas em Dracena"},"content":{"rendered":"<h1 style=\"text-align: justify;\"><a href=\"https:\/\/25bpmi.blogspot.com\/2020\/05\/no-combate-ao-crime-policia-militar_12.html\" data-item-type=\"post\" data-id=\"355156072432056633\">NO COMBATE AO CRIME: POL\u00cdCIA MILITAR PRENDE CASAL POR TR\u00c1FICO DE DROGA EM DRACENA.<\/a><\/h1>\n<p style=\"text-align: justify;\">Na noite de ontem (11) por volta das 18h30min\u00a0equipes da Pol\u00edcia Militar de For\u00e7a T\u00e1tica em deslocamento do munic\u00edpio de Tupi Paulista para Dracena pela rodovia SP-294 deparou com o ve\u00edculo fiat uno conduzido pelo indiciado de 34 anos e tendo como passageira a indiciada (21 anos), e diante das suspeitas foi realizada a abordagem e durante a busca veicular foi encontrado debaixo de um dos bancos a por\u00e7\u00e3o de coca\u00edna, a qual a indiciada confessou terem buscado no munic\u00edpio de Tr\u00eas Lagoas\/MS. Durante buscas na resid\u00eancia da indiciada foram encontradas as por\u00e7\u00f5es de maconha e uma balan\u00e7a de precis\u00e3o e na resid\u00eancia do indiciado foram encontrados alguns apetrechos utilizados na venda de drogas.<\/p>\n<p style=\"text-align: justify;\">Diante dos fatos foi dada voz de pris\u00e3o em flagrante, permanecendo presos a disposi\u00e7\u00e3o da Justi\u00e7a.<\/p>\n<p style=\"font-weight: 400; text-align: justify;\"><strong>#25BPMI\u00a0\u00a0\u00a0\u00a0\u00a0\u00a0\u00a0\u00a0\u00a0\u00a0\u00a0\u00a0\u00a0\u00a0\u00a0\u00a0\u00a0<\/strong><\/p>\n<p style=\"font-weight: 400; text-align: justify;\"><strong>#POLICIAMILITARSP<\/strong><\/p>\n<p style=\"font-weight: 400; text-align: justify;\"><strong>#AFOR\u00c7AP\u00daBLICADES\u00c3OPAULO<\/strong><\/p>\n<p style=\"font-weight: 400; text-align: justify;\"><strong>COMUNICA\u00c7\u00c3O SOCIAL DO 25\u00ba BPM\/I &#8211; Dracena e regi\u00e3o.<\/strong><\/p>\n","protected":false},"excerpt":{"rendered":"<p>NO COMBATE AO CRIME: POL\u00cdCIA MILITAR PRENDE CASAL POR TR\u00c1FICO DE DROGA EM DRACENA. Na noite de ontem (11) por volta das 18h30min\u00a0equipes da Pol\u00edcia Militar de For\u00e7a T\u00e1tica em deslocamento do munic\u00edpio de Tupi Paulista para Dracena pela rodovia SP-294 deparou com o ve\u00edculo fiat uno conduzido pelo indiciado de 34 anos e tendo [&hellip;]<\/p>\n","protected":false},"author":1,"featured_media":26002,"comment_status":"closed","ping_status":"open","sticky":false,"template":"","format":"standard","meta":{"footnotes":""},"categories":[110,2],"tags":[],"class_list":["post-26001","post","type-post","status-publish","format-standard","has-post-thumbnail","hentry","category-noticiasdestaque","category-policial"],"_links":{"self":[{"href":"https:\/\/jorgezanoni.com.br\/2019\/wp-json\/wp\/v2\/posts\/26001","targetHints":{"allow":["GET"]}}],"collection":[{"href":"https:\/\/jorgezanoni.com.br\/2019\/wp-json\/wp\/v2\/posts"}],"about":[{"href":"https:\/\/jorgezanoni.com.br\/2019\/wp-json\/wp\/v2\/types\/post"}],"author":[{"embeddable":true,"href":"https:\/\/jorgezanoni.com.br\/2019\/wp-json\/wp\/v2\/users\/1"}],"replies":[{"embeddable":true,"href":"https:\/\/jorgezanoni.com.br\/2019\/wp-json\/wp\/v2\/comments?post=26001"}],"version-history":[{"count":0,"href":"https:\/\/jorgezanoni.com.br\/2019\/wp-json\/wp\/v2\/posts\/26001\/revisions"}],"wp:featuredmedia":[{"embeddable":true,"href":"https:\/\/jorgezanoni.com.br\/2019\/wp-json\/wp\/v2\/media\/26002"}],"wp:attachment":[{"href":"https:\/\/jorgezanoni.com.br\/2019\/wp-json\/wp\/v2\/media?parent=26001"}],"wp:term":[{"taxonomy":"category","embeddable":true,"href":"https:\/\/jorgezanoni.com.br\/2019\/wp-json\/wp\/v2\/categories?post=26001"},{"taxonomy":"post_tag","embeddable":true,"href":"https:\/\/jorgezanoni.com.br\/2019\/wp-json\/wp\/v2\/tags?post=26001"}],"curies":[{"name":"wp","href":"https:\/\/api.w.org\/{rel}","templated":true}]}}