{"id":2600,"date":"2019-08-02T01:37:40","date_gmt":"2019-08-02T01:37:40","guid":{"rendered":"https:\/\/jorgezanoni.com.br\/2019\/?p=2600"},"modified":"2019-08-02T01:37:40","modified_gmt":"2019-08-02T01:37:40","slug":"dony-de-nuccio-pede-demissao-da-globo-apresentador-e-o-4o-jornalista-a-deixar-a-emissora-em-um-mes","status":"publish","type":"post","link":"https:\/\/jorgezanoni.com.br\/2019\/dony-de-nuccio-pede-demissao-da-globo-apresentador-e-o-4o-jornalista-a-deixar-a-emissora-em-um-mes\/","title":{"rendered":"Dony de Nuccio pede demiss\u00e3o da Globo; apresentador \u00e9 o 4\u00ba jornalista a deixar a emissora em um m\u00eas"},"content":{"rendered":"<figure class=\"social-icon\"><figcaption class=\"figure-caption\"><strong>Quebra no c\u00f3digo de \u00e9tica da emissora levou o jornalista ao pedido de demiss\u00e3o\u00a0<\/strong><\/figcaption><\/figure>\n<div class=\"georgia\">\n<p style=\"text-align: justify;\">O apresentador\u00a0Dony de Nuccio\u00a0pediu demiss\u00e3o\u00a0da Globo depois que um trabalho que ele fez para o Bradesco foi revelado e pode ter contrariado o c\u00f3digo de \u00e9tica da empresa, segundo o \u201cNot\u00edcias da TV\u201d. Na edi\u00e7\u00e3o desta quinta-feira (1), ele j\u00e1 n\u00e3o estava na bancada do \u201cJornal Hoje\u201c, onde trabalhou por dois anos, e o notici\u00e1rio foi apresentado por\u00a0Sandra Annemberg, que dividia a bancada do Dony.<\/p>\n<p style=\"text-align: justify;\">Dony de Nuccio\u00a0pode ter violado c\u00f3digo de \u00e9tica do\u00a0Grupo Globo\u00a0ao assinar, sem avisar a emissora, um contrato com a Bradesco Seguros, se tornando o rosto do banco em v\u00eddeos utilizados para treinamentos de funcion\u00e1rios e em eventos com clientes. O valor \u00e9 de cerca de R$ 7 milh\u00f5es.\u00a0Nos v\u00eddeos, acessados pelo portal, o apresentador do\u00a0Jornal Hoje\u00a0usa o pronome \u201cnossos\u201d para se referir aos clientes da empresa. \u201cPois \u00e9, mais uma vez a Bradesco Vida e Previd\u00eancia sai na frente e lan\u00e7a um novo plano de Previd\u00eancia Privada que traz muito mais facilidade para nossos clientes\u201d, diz o jornalista. No C\u00f3digo de \u00c9tica e Conduta da emissora, h\u00e1 um cap\u00edtulo intitulado Conflito de Interesses, no qual consta um par\u00e1grafo que explicita que atitudes como a de De Nuccio n\u00e3o s\u00e3o permitidas. Ele havia explicado a situa\u00e7\u00e3o \u00e0 chefia, que o advertiu oficialmente, mas considerou que ele n\u00e3o agiu de m\u00e1-f\u00e9. Nesta quinta (1), com novas informa\u00e7\u00f5es, a situa\u00e7\u00e3o mudou depois que o \u201cNoticias da TV\u201d teve acesso a um email em que Dony negociava contrato\u00a0que geraria uma receita de R$ 60.436.800 em tr\u00eas anos.<\/p>\n<p style=\"text-align: justify;\">Ele j\u00e1 era apresentador substituto do Fant\u00e1stico e do Jornal Nacional e visto como candidato \u00e0 vaga de William Bonner na bancada.<\/p>\n<p>Fonte: Uol<\/p>\n<\/div>\n","protected":false},"excerpt":{"rendered":"<p>Quebra no c\u00f3digo de \u00e9tica da emissora levou o jornalista ao pedido de demiss\u00e3o\u00a0 O apresentador\u00a0Dony de Nuccio\u00a0pediu demiss\u00e3o\u00a0da Globo depois que um trabalho que ele fez para o Bradesco foi revelado e pode ter contrariado o c\u00f3digo de \u00e9tica da empresa, segundo o \u201cNot\u00edcias da TV\u201d. Na edi\u00e7\u00e3o desta quinta-feira (1), ele j\u00e1 n\u00e3o [&hellip;]<\/p>\n","protected":false},"author":1,"featured_media":2601,"comment_status":"closed","ping_status":"open","sticky":false,"template":"","format":"standard","meta":{"footnotes":""},"categories":[114,110],"tags":[],"class_list":["post-2600","post","type-post","status-publish","format-standard","has-post-thumbnail","hentry","category-geralecomercio","category-noticiasdestaque"],"_links":{"self":[{"href":"https:\/\/jorgezanoni.com.br\/2019\/wp-json\/wp\/v2\/posts\/2600","targetHints":{"allow":["GET"]}}],"collection":[{"href":"https:\/\/jorgezanoni.com.br\/2019\/wp-json\/wp\/v2\/posts"}],"about":[{"href":"https:\/\/jorgezanoni.com.br\/2019\/wp-json\/wp\/v2\/types\/post"}],"author":[{"embeddable":true,"href":"https:\/\/jorgezanoni.com.br\/2019\/wp-json\/wp\/v2\/users\/1"}],"replies":[{"embeddable":true,"href":"https:\/\/jorgezanoni.com.br\/2019\/wp-json\/wp\/v2\/comments?post=2600"}],"version-history":[{"count":0,"href":"https:\/\/jorgezanoni.com.br\/2019\/wp-json\/wp\/v2\/posts\/2600\/revisions"}],"wp:featuredmedia":[{"embeddable":true,"href":"https:\/\/jorgezanoni.com.br\/2019\/wp-json\/wp\/v2\/media\/2601"}],"wp:attachment":[{"href":"https:\/\/jorgezanoni.com.br\/2019\/wp-json\/wp\/v2\/media?parent=2600"}],"wp:term":[{"taxonomy":"category","embeddable":true,"href":"https:\/\/jorgezanoni.com.br\/2019\/wp-json\/wp\/v2\/categories?post=2600"},{"taxonomy":"post_tag","embeddable":true,"href":"https:\/\/jorgezanoni.com.br\/2019\/wp-json\/wp\/v2\/tags?post=2600"}],"curies":[{"name":"wp","href":"https:\/\/api.w.org\/{rel}","templated":true}]}}