{"id":25982,"date":"2020-05-12T14:35:51","date_gmt":"2020-05-12T14:35:51","guid":{"rendered":"https:\/\/jorgezanoni.com.br\/2019\/?p=25982"},"modified":"2020-05-12T14:49:00","modified_gmt":"2020-05-12T14:49:00","slug":"macaco-bugio-foi-visto-na-estrada-municipal-dra-251-em-dracena","status":"publish","type":"post","link":"https:\/\/jorgezanoni.com.br\/2019\/macaco-bugio-foi-visto-na-estrada-municipal-dra-251-em-dracena\/","title":{"rendered":"Macaco Bugio foi visto na estrada municipal DRA-251 em Dracena"},"content":{"rendered":"<p style=\"text-align: justify;\">M\u00e3e e filha passavam pelo local e registraram um Macaco Bugio na estrada municipal sequ\u00eancia da Rua Aristides Zanoni (rua do Col\u00e9gio Objetivo), pr\u00f3ximo ao final do jardim das Palmeiras III.<\/p>\n<p style=\"text-align: justify;\">Na tarde de ontem a jovem Gabrielle de Almeida e sua m\u00e3e Lucimar, tiveram a felicidade de fazer imagens de um Macaco Bugio.<\/p>\n<p style=\"text-align: justify;\">Segundo informa\u00e7\u00f5es obtidas junto a Pol\u00edcia Ambiental atrav\u00e9s do Sgt Dinardi que muito gentilmente nos atendeu, essa ra\u00e7a \u00e9 comum em nossa regi\u00e3o, tem muitos animais desses que vivem \u00e0s margens do rio Paran\u00e1 e Peixe por exemplo. A foto registrada \u00e9 de uma f\u00eamea pela cor apresentada, o macho \u00e9 preto.<\/p>\n<p style=\"text-align: justify;\">Normalmente andam em fam\u00edlia, onde existe um, muito provavelmente pode existir at\u00e9 15 animais. Dinardi acredita que estavam todos por perto, que raramente andam sozinhos.<\/p>\n<p style=\"text-align: justify;\">Tamb\u00e9m deviam estar pelo local em busca de frutas de algum pomar nas proximidades.<\/p>\n<p><img loading=\"lazy\" decoding=\"async\" class=\"alignnone size-full wp-image-25985\" src=\"https:\/\/jorgezanoni.com.br\/2019\/wp-content\/uploads\/2020\/05\/macaco1-2.jpg\" alt=\"\" width=\"650\" height=\"718\" srcset=\"https:\/\/jorgezanoni.com.br\/2019\/wp-content\/uploads\/2020\/05\/macaco1-2.jpg 650w, https:\/\/jorgezanoni.com.br\/2019\/wp-content\/uploads\/2020\/05\/macaco1-2-272x300.jpg 272w, https:\/\/jorgezanoni.com.br\/2019\/wp-content\/uploads\/2020\/05\/macaco1-2-380x420.jpg 380w\" sizes=\"auto, (max-width: 650px) 100vw, 650px\" \/> <img loading=\"lazy\" decoding=\"async\" class=\"alignnone size-full wp-image-25986\" src=\"https:\/\/jorgezanoni.com.br\/2019\/wp-content\/uploads\/2020\/05\/macaco2-2.jpg\" alt=\"\" width=\"831\" height=\"814\" srcset=\"https:\/\/jorgezanoni.com.br\/2019\/wp-content\/uploads\/2020\/05\/macaco2-2.jpg 831w, https:\/\/jorgezanoni.com.br\/2019\/wp-content\/uploads\/2020\/05\/macaco2-2-300x294.jpg 300w, https:\/\/jorgezanoni.com.br\/2019\/wp-content\/uploads\/2020\/05\/macaco2-2-768x752.jpg 768w, https:\/\/jorgezanoni.com.br\/2019\/wp-content\/uploads\/2020\/05\/macaco2-2-696x682.jpg 696w, https:\/\/jorgezanoni.com.br\/2019\/wp-content\/uploads\/2020\/05\/macaco2-2-429x420.jpg 429w\" sizes=\"auto, (max-width: 831px) 100vw, 831px\" \/> <img loading=\"lazy\" decoding=\"async\" class=\"alignnone size-full wp-image-25987\" src=\"https:\/\/jorgezanoni.com.br\/2019\/wp-content\/uploads\/2020\/05\/macaco3.jpg\" alt=\"\" width=\"864\" height=\"1152\" srcset=\"https:\/\/jorgezanoni.com.br\/2019\/wp-content\/uploads\/2020\/05\/macaco3.jpg 864w, https:\/\/jorgezanoni.com.br\/2019\/wp-content\/uploads\/2020\/05\/macaco3-225x300.jpg 225w, https:\/\/jorgezanoni.com.br\/2019\/wp-content\/uploads\/2020\/05\/macaco3-768x1024.jpg 768w, https:\/\/jorgezanoni.com.br\/2019\/wp-content\/uploads\/2020\/05\/macaco3-696x928.jpg 696w, https:\/\/jorgezanoni.com.br\/2019\/wp-content\/uploads\/2020\/05\/macaco3-315x420.jpg 315w\" sizes=\"auto, (max-width: 864px) 100vw, 864px\" \/> <img loading=\"lazy\" decoding=\"async\" class=\"alignnone size-full wp-image-25988\" src=\"https:\/\/jorgezanoni.com.br\/2019\/wp-content\/uploads\/2020\/05\/macaco4.jpg\" alt=\"\" width=\"961\" height=\"1280\" srcset=\"https:\/\/jorgezanoni.com.br\/2019\/wp-content\/uploads\/2020\/05\/macaco4.jpg 961w, https:\/\/jorgezanoni.com.br\/2019\/wp-content\/uploads\/2020\/05\/macaco4-225x300.jpg 225w, https:\/\/jorgezanoni.com.br\/2019\/wp-content\/uploads\/2020\/05\/macaco4-769x1024.jpg 769w, https:\/\/jorgezanoni.com.br\/2019\/wp-content\/uploads\/2020\/05\/macaco4-768x1023.jpg 768w, https:\/\/jorgezanoni.com.br\/2019\/wp-content\/uploads\/2020\/05\/macaco4-696x927.jpg 696w, https:\/\/jorgezanoni.com.br\/2019\/wp-content\/uploads\/2020\/05\/macaco4-315x420.jpg 315w\" sizes=\"auto, (max-width: 961px) 100vw, 961px\" \/><\/p>\n<p>Jorge Zanoni<\/p>\n<p><strong>VEJA O QUE \u00c9 O MACACO BUGIO:<\/strong><\/p>\n<p><b>Bugio<\/b>\u00a0\u00e9 o nome dado a uma esp\u00e9cie de macacos, com origem na cidade argelina de\u00a0<a class=\"mw-disambig\" title=\"Bugia\" href=\"https:\/\/pt.wikipedia.org\/wiki\/Bugia\">Bugia<\/a>. Da cidade e do macaco parecem derivar a maioria dos termos e top\u00f3nimos com raiz em\u00a0<b>bugio<\/b>.<\/p>\n<h1 id=\"firstHeading\" class=\"firstHeading\" lang=\"pt\" style=\"text-align: justify;\"><i>Alouatta<\/i><\/h1>\n<p style=\"text-align: justify;\"><strong>Bugio ou Guariba<\/strong><\/p>\n<div id=\"bodyContent\" class=\"mw-body-content\">\n<div id=\"mw-content-text\" class=\"mw-content-ltr\" dir=\"ltr\" lang=\"pt\">\n<div class=\"mw-parser-output\">\n<p style=\"text-align: justify;\"><i><b>Alouatta<\/b><\/i>\u00a0\u00e9 um g\u00eanero de\u00a0<a class=\"mw-redirect\" title=\"Macaco do Novo Mundo\" href=\"https:\/\/pt.wikipedia.org\/wiki\/Macaco_do_Novo_Mundo\">macaco do Novo Mundo<\/a>\u00a0da fam\u00edlia\u00a0<a title=\"Atelidae\" href=\"https:\/\/pt.wikipedia.org\/wiki\/Atelidae\">Atelidae<\/a>, subfam\u00edlia\u00a0<b>Alouattinae<\/b>, popularmente conhecidos por\u00a0<b>macaco-uivador<\/b>,\u00a0<b>bugio<\/b>,\u00a0<b>guariba<\/b>\u00a0ou\u00a0<b>barbado<\/b>. A taxonomia do g\u00eanero \u00e9 complexa, e envolve a classifica\u00e7\u00e3o em tr\u00eas grandes complexos espec\u00edficos:\u00a0<i>A. palliata<\/i>\u00a0(bugios da\u00a0<a title=\"Am\u00e9rica Central\" href=\"https:\/\/pt.wikipedia.org\/wiki\/Am%C3%A9rica_Central\">Am\u00e9rica Central<\/a>),\u00a0<i>A. seniculus<\/i>\u00a0(bugios-ruivos e de m\u00e3os-ruivas da\u00a0<a title=\"Amaz\u00f4nia\" href=\"https:\/\/pt.wikipedia.org\/wiki\/Amaz%C3%B4nia\">Amaz\u00f4nia<\/a>\u00a0e\u00a0<a title=\"Mata Atl\u00e2ntica\" href=\"https:\/\/pt.wikipedia.org\/wiki\/Mata_Atl%C3%A2ntica\">Mata Atl\u00e2ntica<\/a>) e\u00a0<i>A. caraya<\/i>\u00a0(uma \u00fanica esp\u00e9cie, t\u00edpica do\u00a0<a title=\"Cerrado\" href=\"https:\/\/pt.wikipedia.org\/wiki\/Cerrado\">Cerrado<\/a>\u00a0e\u00a0<a title=\"Pantanal\" href=\"https:\/\/pt.wikipedia.org\/wiki\/Pantanal\">Pantanal<\/a>). Dados gen\u00e9ticos e revis\u00f5es taxon\u00f4micas consideraram algumas subesp\u00e9cies como esp\u00e9cies propriamente ditas. A\u00a0<a class=\"mw-redirect\" title=\"Cordilheira dos Andes\" href=\"https:\/\/pt.wikipedia.org\/wiki\/Cordilheira_dos_Andes\">cordilheira dos Andes<\/a>\u00a0separou dois grandes grupos de macacos do g\u00eanero: as esp\u00e9cies centro-americanas e as sul-americanas. Possuem uma ampla distribui\u00e7\u00e3o geogr\u00e1fica, desde o\u00a0<a title=\"M\u00e9xico\" href=\"https:\/\/pt.wikipedia.org\/wiki\/M%C3%A9xico\">M\u00e9xico<\/a>\u00a0at\u00e9 o norte da\u00a0<a title=\"Argentina\" href=\"https:\/\/pt.wikipedia.org\/wiki\/Argentina\">Argentina<\/a>. S\u00e3o animais de porte relativamente grande e de dieta predominantemente fol\u00edvora. Vivem em grupos de em m\u00e9dia 10 indiv\u00edduos em um sistema\u00a0<a title=\"Poliginia\" href=\"https:\/\/pt.wikipedia.org\/wiki\/Poliginia\">polig\u00ednico<\/a>\u00a0de\u00a0<a class=\"mw-redirect\" title=\"Acasalamento\" href=\"https:\/\/pt.wikipedia.org\/wiki\/Acasalamento\">acasalamento<\/a>. Possuem vocaliza\u00e7\u00f5es caracter\u00edsticas, que podem ser ouvidas a quil\u00f4metros de dist\u00e2ncia.<\/p>\n<p style=\"text-align: justify;\">Os bugios fazem parte da subfam\u00edlia monot\u00edpica Alouattinae, e g\u00eanero\u00a0<i>Alouatta<\/i>: A subfam\u00edlia foi descrita por\u00a0<a title=\"\u00c9douard Louis Trouessart\" href=\"https:\/\/pt.wikipedia.org\/wiki\/%C3%89douard_Louis_Trouessart\">\u00c9douard Louis Trouessart<\/a>\u00a0em 1897, e o g\u00eanero por\u00a0<a class=\"mw-redirect\" title=\"Bernard Germain de Lac\u00e9p\u00e8de\" href=\"https:\/\/pt.wikipedia.org\/wiki\/Bernard_Germain_de_Lac%C3%A9p%C3%A8de\">Bernard Germain de Lac\u00e9p\u00e8de<\/a>, em 1799.<sup id=\"cite_ref-msw3_1-1\" class=\"reference\"><a href=\"https:\/\/pt.wikipedia.org\/wiki\/Alouatta#cite_note-msw3-1\">[1]<\/a><\/sup>\u00a0A\u00a0<a title=\"Esp\u00e9cie-tipo\" href=\"https:\/\/pt.wikipedia.org\/wiki\/Esp%C3%A9cie-tipo\">esp\u00e9cie-tipo<\/a>\u00a0considerada por Lac\u00e9p\u00e8de foi\u00a0<i><a title=\"Alouatta belzebul\" href=\"https:\/\/pt.wikipedia.org\/wiki\/Alouatta_belzebul\">Simia belzebul<\/a><\/i>, definido por\u00a0<a class=\"mw-redirect\" title=\"Carolus Linnaeus\" href=\"https:\/\/pt.wikipedia.org\/wiki\/Carolus_Linnaeus\">Linnaeus<\/a>, em 1766.<sup id=\"cite_ref-msw3_1-2\" class=\"reference\"><a href=\"https:\/\/pt.wikipedia.org\/wiki\/Alouatta#cite_note-msw3-1\">[1]<\/a><\/sup>\u00a0<a class=\"mw-redirect\" title=\"Johann Christian Polycarp Erxleben\" href=\"https:\/\/pt.wikipedia.org\/wiki\/Johann_Christian_Polycarp_Erxleben\">Johann Christian Polycarp Erxleben<\/a>\u00a0em 1777 criou o g\u00eanero\u00a0<i><a title=\"Cebus\" href=\"https:\/\/pt.wikipedia.org\/wiki\/Cebus\">Cebus<\/a><\/i>\u00a0e incluiu esp\u00e9cies que hoje s\u00e3o consideradas do g\u00eanero\u00a0<i>Alouatta<\/i>.<sup id=\"cite_ref-gregorin_2-1\" class=\"reference\"><a href=\"https:\/\/pt.wikipedia.org\/wiki\/Alouatta#cite_note-gregorin-2\">[2]<\/a><\/sup>\u00a0Posterior a descri\u00e7\u00e3o de Lac\u00e9p\u00e8de, outros autores acabaram por descrever outros g\u00eaneros para as mesmas esp\u00e9cies consideradas:\u00a0<i>Mycetes<\/i>, por\u00a0<a title=\"Johann Karl Wilhelm Illiger\" href=\"https:\/\/pt.wikipedia.org\/wiki\/Johann_Karl_Wilhelm_Illiger\">Johann Karl Wilhelm Illiger<\/a>\u00a0em 1811;\u00a0<i>Stentor<\/i>\u00a0por\u00a0<a title=\"\u00c9tienne Geoffroy Saint-Hilaire\" href=\"https:\/\/pt.wikipedia.org\/wiki\/%C3%89tienne_Geoffroy_Saint-Hilaire\">\u00c9tienne Geoffroy Saint-Hilaire<\/a>\u00a0em 1812.<sup id=\"cite_ref-gregorin_2-2\" class=\"reference\"><a href=\"https:\/\/pt.wikipedia.org\/wiki\/Alouatta#cite_note-gregorin-2\">[2]<\/a><\/sup><\/p>\n<p style=\"text-align: justify;\">O n\u00famero de esp\u00e9cies consideradas varia, principalmente aquelas pertencentes \u00e0s esp\u00e9cies amaz\u00f4nicas.<sup id=\"cite_ref-gregorin_2-3\" class=\"reference\"><a href=\"https:\/\/pt.wikipedia.org\/wiki\/Alouatta#cite_note-gregorin-2\">[2]<\/a><\/sup><sup id=\"cite_ref-rylands2000_3-0\" class=\"reference\"><a href=\"https:\/\/pt.wikipedia.org\/wiki\/Alouatta#cite_note-rylands2000-3\">[3]<\/a><\/sup><sup id=\"cite_ref-rylands1998_4-0\" class=\"reference\"><a href=\"https:\/\/pt.wikipedia.org\/wiki\/Alouatta#cite_note-rylands1998-4\">[4]<\/a><\/sup><sup id=\"cite_ref-stanyon1995_5-0\" class=\"reference\"><a href=\"https:\/\/pt.wikipedia.org\/wiki\/Alouatta#cite_note-stanyon1995-5\">[5]<\/a><\/sup>\u00a0<a title=\"Colin Groves\" href=\"https:\/\/pt.wikipedia.org\/wiki\/Colin_Groves\">Groves<\/a>\u00a0(2001) cita tr\u00eas grandes complexos espec\u00edficos para o g\u00eanero:<sup id=\"cite_ref-msw3_1-3\" class=\"reference\"><a href=\"https:\/\/pt.wikipedia.org\/wiki\/Alouatta#cite_note-msw3-1\">[1]<\/a><\/sup><\/p>\n<ul style=\"text-align: justify;\">\n<li>complexo\u00a0<i>A. palliatta<\/i>: esp\u00e9cies da\u00a0<a title=\"Am\u00e9rica Central\" href=\"https:\/\/pt.wikipedia.org\/wiki\/Am%C3%A9rica_Central\">Am\u00e9rica Central<\/a>.<sup id=\"cite_ref-americacentral_6-0\" class=\"reference\"><a href=\"https:\/\/pt.wikipedia.org\/wiki\/Alouatta#cite_note-americacentral-6\">[6]<\/a><\/sup><\/li>\n<li>complexo\u00a0<i>A. seniculus<\/i>: bugios-ruivos ou de m\u00e3os-ruivas na\u00a0<a title=\"Amaz\u00f4nia\" href=\"https:\/\/pt.wikipedia.org\/wiki\/Amaz%C3%B4nia\">Amaz\u00f4nia<\/a>\u00a0e\u00a0<a title=\"Mata Atl\u00e2ntica\" href=\"https:\/\/pt.wikipedia.org\/wiki\/Mata_Atl%C3%A2ntica\">Mata Atl\u00e2ntica<\/a>.<sup id=\"cite_ref-gregorin_2-4\" class=\"reference\"><a href=\"https:\/\/pt.wikipedia.org\/wiki\/Alouatta#cite_note-gregorin-2\">[2]<\/a><\/sup><\/li>\n<li>complexo\u00a0<i>A. caraya<\/i>: uma \u00fanica esp\u00e9cie, o\u00a0<a class=\"mw-redirect\" title=\"Bugio-do-pantanal\" href=\"https:\/\/pt.wikipedia.org\/wiki\/Bugio-do-pantanal\">bugio-do-pantanal<\/a>\u00a0(<i>A. caraya<\/i>), t\u00edpico do\u00a0<a title=\"Cerrado\" href=\"https:\/\/pt.wikipedia.org\/wiki\/Cerrado\">Cerrado<\/a>\u00a0e\u00a0<a title=\"Pantanal\" href=\"https:\/\/pt.wikipedia.org\/wiki\/Pantanal\">Pantanal<\/a>.<sup id=\"cite_ref-gregorin_2-5\" class=\"reference\"><a href=\"https:\/\/pt.wikipedia.org\/wiki\/Alouatta#cite_note-gregorin-2\">[2]<\/a><\/sup><\/li>\n<\/ul>\n<p style=\"text-align: justify;\">O complexo\u00a0<i>A. palliatta<\/i>\u00a0tem como esp\u00e9cies\u00a0<i><a title=\"Alouatta palliata\" href=\"https:\/\/pt.wikipedia.org\/wiki\/Alouatta_palliata\">Alouatta palliata<\/a><\/i>\u00a0e\u00a0<i><a title=\"Alouatta pigra\" href=\"https:\/\/pt.wikipedia.org\/wiki\/Alouatta_pigra\">Alouatta pigra<\/a><\/i>, e parece n\u00e3o haver diverg\u00eancias quanto a exist\u00eancia dessas, mas alguns autores consideram a exist\u00eancia de outra,\u00a0<i><a title=\"Alouatta coibensis\" href=\"https:\/\/pt.wikipedia.org\/wiki\/Alouatta_coibensis\">Alouatta coibensis<\/a><\/i>, com duas subesp\u00e9cies:\u00a0<i>A. c. coibensis<\/i>\u00a0e\u00a0<i>A. c. trabeata<\/i>.<sup id=\"cite_ref-americacentral_6-1\" class=\"reference\"><a href=\"https:\/\/pt.wikipedia.org\/wiki\/Alouatta#cite_note-americacentral-6\">[6]<\/a><\/sup>\u00a0Groves (2001,2005) aceita tal hip\u00f3tese.<sup id=\"cite_ref-msw3_1-4\" class=\"reference\"><a href=\"https:\/\/pt.wikipedia.org\/wiki\/Alouatta#cite_note-msw3-1\">[1]<\/a><\/sup>\u00a0Rylands (2000) considerou a exist\u00eancia de apenas duas esp\u00e9cies, sendo\u00a0<i><a title=\"Alouatta pigra\" href=\"https:\/\/pt.wikipedia.org\/wiki\/Alouatta_pigra\">Alouatta pigra<\/a><\/i>\u00a0monot\u00edpica, e\u00a0<i>A. palliata<\/i>\u00a0com cinco subesp\u00e9cies (<i>palliata<\/i>,\u00a0<i>aequatorialis<\/i>,\u00a0<i>mexicana<\/i>,\u00a0<i>coibensis<\/i>\u00a0e\u00a0<i>trabeata<\/i>).<sup id=\"cite_ref-rylands2000_3-1\" class=\"reference\"><a href=\"https:\/\/pt.wikipedia.org\/wiki\/Alouatta#cite_note-rylands2000-3\">[3]<\/a><\/sup>\u00a0Evid\u00eancias gen\u00e9ticas foram insuficientes para corroborar com a possibilidade de\u00a0<i>A. coibensis<\/i>\u00a0ser uma esp\u00e9cie v\u00e1lida e provavelmente as popula\u00e7\u00f5es da\u00a0<a class=\"mw-redirect\" title=\"Ilha Coiba\" href=\"https:\/\/pt.wikipedia.org\/wiki\/Ilha_Coiba\">ilha Coiba<\/a>\u00a0e\u00a0<a title=\"Pen\u00ednsula de Azuero\" href=\"https:\/\/pt.wikipedia.org\/wiki\/Pen%C3%ADnsula_de_Azuero\">pen\u00ednsula de Azuero<\/a>\u00a0s\u00e3o\u00a0<i>A. palliatta<\/i>.<sup id=\"cite_ref-alouatta_7-0\" class=\"reference\"><a href=\"https:\/\/pt.wikipedia.org\/wiki\/Alouatta#cite_note-alouatta-7\">[7]<\/a><\/sup><\/p>\n<p style=\"text-align: justify;\">No complexo\u00a0<i>A. seniculus<\/i>,\u00a0<a title=\"William Charles Osman Hill\" href=\"https:\/\/pt.wikipedia.org\/wiki\/William_Charles_Osman_Hill\">Hill<\/a>\u00a0(1962) listou nove subesp\u00e9cies de\u00a0<i><a title=\"Alouatta seniculus\" href=\"https:\/\/pt.wikipedia.org\/wiki\/Alouatta_seniculus\">Alouatta seniculus<\/a><\/i>:\u00a0<i>A. s. seniculus<\/i>,\u00a0<i>A. s. arctoidea<\/i>,\u00a0<i>A. s. straminea<\/i>,\u00a0<i>A. s. macconnelli<\/i>,\u00a0<i>A. s. insulanus<\/i>,\u00a0<i>A. s. amazonica<\/i>,\u00a0<i>A. s. juara<\/i>,\u00a0<i>A. s. puruensis<\/i>\u00a0e\u00a0<i>A. s. sara<\/i>.<sup id=\"cite_ref-saprylands_8-0\" class=\"reference\"><a href=\"https:\/\/pt.wikipedia.org\/wiki\/Alouatta#cite_note-saprylands-8\">[8]<\/a><\/sup>\u00a0Entretanto, a forma\u00a0<i>arctoidea<\/i>\u00a0passou a ser considerada uma esp\u00e9cie propriamente dita,\u00a0<i><a title=\"Alouatta arctoidea\" href=\"https:\/\/pt.wikipedia.org\/wiki\/Alouatta_arctoidea\">Alouatta arctoidea<\/a><\/i>, por conta de diferen\u00e7as no\u00a0<a title=\"Cari\u00f3tipo\" href=\"https:\/\/pt.wikipedia.org\/wiki\/Cari%C3%B3tipo\">cari\u00f3tipo<\/a>.<sup id=\"cite_ref-stanyon1995_5-1\" class=\"reference\"><a href=\"https:\/\/pt.wikipedia.org\/wiki\/Alouatta#cite_note-stanyon1995-5\">[5]<\/a><\/sup>\u00a0Por esse mesmo motivo,\u00a0<i>A. s. sara<\/i>\u00a0foi tamb\u00e9m considerada.\u00a0<i>A. s. straminea<\/i>\u00a0n\u00e3o \u00e9 considerado um t\u00e1xon v\u00e1lido, pois a\u00a0<a title=\"Esp\u00e9cie-tipo\" href=\"https:\/\/pt.wikipedia.org\/wiki\/Esp%C3%A9cie-tipo\">esp\u00e9cie-tipo<\/a>\u00a0\u00e9 uma f\u00eamea de\u00a0<i><a title=\"Alouatta caraya\" href=\"https:\/\/pt.wikipedia.org\/wiki\/Alouatta_caraya\">Alouatta caraya<\/a><\/i>, e assim como\u00a0<i>A. s. insulanus<\/i>, s\u00e3o sin\u00f4nimos de\u00a0<i><a title=\"Alouatta macconnelli\" href=\"https:\/\/pt.wikipedia.org\/wiki\/Alouatta_macconnelli\">Alouatta macconnelli<\/a><\/i>, considerado uma esp\u00e9cie propriamente dita.<sup id=\"cite_ref-saprylands_8-1\" class=\"reference\"><a href=\"https:\/\/pt.wikipedia.org\/wiki\/Alouatta#cite_note-saprylands-8\">[8]<\/a><\/sup>\u00a0As formas\u00a0<i>amazonica<\/i>\u00a0e\u00a0<i>puruensis<\/i>\u00a0foram indicadas por Groves (2001, 2005) como sin\u00f4nimos de\u00a0<i>A. s. juara<\/i>.<sup id=\"cite_ref-saprylands_8-2\" class=\"reference\"><a href=\"https:\/\/pt.wikipedia.org\/wiki\/Alouatta#cite_note-saprylands-8\">[8]<\/a><\/sup>\u00a0Entretanto, Gregorin (2006) considerou\u00a0<i>puruensis<\/i>\u00a0como uma esp\u00e9cie separada,\u00a0<i><a title=\"Alouatta puruensis\" href=\"https:\/\/pt.wikipedia.org\/wiki\/Alouatta_puruensis\">Alouatta puruensis<\/a><\/i>, assim como\u00a0<i><a title=\"Alouatta juara\" href=\"https:\/\/pt.wikipedia.org\/wiki\/Alouatta_juara\">Alouatta juara<\/a><\/i>\u00a0\u00e9 a esp\u00e9cie que ocorre nos limites leste da distribui\u00e7\u00e3o de\u00a0<i><a title=\"Alouatta seniculus\" href=\"https:\/\/pt.wikipedia.org\/wiki\/Alouatta_seniculus\">Alouatta seniculus<\/a><\/i>.<sup id=\"cite_ref-gregorin_2-6\" class=\"reference\"><a href=\"https:\/\/pt.wikipedia.org\/wiki\/Alouatta#cite_note-gregorin-2\">[2]<\/a><\/sup>\u00a0Entretanto, tal distribui\u00e7\u00e3o para\u00a0<i>A. juara<\/i>\u00a0\u00e9 considerada incerta.<sup id=\"cite_ref-gregorin_2-7\" class=\"reference\"><a href=\"https:\/\/pt.wikipedia.org\/wiki\/Alouatta#cite_note-gregorin-2\">[2]<\/a><\/sup><sup id=\"cite_ref-saprylands_8-3\" class=\"reference\"><a href=\"https:\/\/pt.wikipedia.org\/wiki\/Alouatta#cite_note-saprylands-8\">[8]<\/a><\/sup>\u00a0Rylands (1995) havia listado quatro subesp\u00e9cies de\u00a0<i><a title=\"Alouatta belzebul\" href=\"https:\/\/pt.wikipedia.org\/wiki\/Alouatta_belzebul\">Alouatta belzebul<\/a><\/i>, incluindo a forma\u00a0<i>nigerrima<\/i>\u00a0dentro dessa esp\u00e9cie.<sup id=\"cite_ref-rylands1995_9-0\" class=\"reference\"><a href=\"https:\/\/pt.wikipedia.org\/wiki\/Alouatta#cite_note-rylands1995-9\">[9]<\/a><\/sup>\u00a0Entretanto, estudos gen\u00e9ticos corroboram com a classifica\u00e7\u00e3o de\u00a0<i><a title=\"Alouatta nigerrima\" href=\"https:\/\/pt.wikipedia.org\/wiki\/Alouatta_nigerrima\">Alouatta nigerrima<\/a><\/i>\u00a0como esp\u00e9cie separada de\u00a0<i>A. belzebul<\/i>, e, inclusive, demonstra que tal esp\u00e9cie \u00e9 mais pr\u00f3xima de\u00a0<i>A. seniculus<\/i>.<sup id=\"cite_ref-saprylands_8-4\" class=\"reference\"><a href=\"https:\/\/pt.wikipedia.org\/wiki\/Alouatta#cite_note-saprylands-8\">[8]<\/a><\/sup>\u00a0As outras tr\u00eas formas,\u00a0<i>belzebul<\/i>,\u00a0<i>dicolor<\/i>\u00a0e\u00a0<i>ululata<\/i>\u00a0foram consideradas como subesp\u00e9cies por Rylands (1995), mas desconsideradas como v\u00e1lidas por Groves (2001, 2005).<sup id=\"cite_ref-msw3_1-5\" class=\"reference\"><a href=\"https:\/\/pt.wikipedia.org\/wiki\/Alouatta#cite_note-msw3-1\">[1]<\/a><\/sup><sup id=\"cite_ref-saprylands_8-5\" class=\"reference\"><a href=\"https:\/\/pt.wikipedia.org\/wiki\/Alouatta#cite_note-saprylands-8\">[8]<\/a><\/sup><sup id=\"cite_ref-rylands1995_9-1\" class=\"reference\"><a href=\"https:\/\/pt.wikipedia.org\/wiki\/Alouatta#cite_note-rylands1995-9\">[9]<\/a><\/sup>\u00a0Gregorin (2006) listou todas elas como esp\u00e9cies separadas:\u00a0<i><a title=\"Alouatta belzebul\" href=\"https:\/\/pt.wikipedia.org\/wiki\/Alouatta_belzebul\">Alouatta belzebul<\/a><\/i>,\u00a0<i><a title=\"Alouatta discolor\" href=\"https:\/\/pt.wikipedia.org\/wiki\/Alouatta_discolor\">A. discolor<\/a><\/i>\u00a0e\u00a0<i><a title=\"Alouatta ululata\" href=\"https:\/\/pt.wikipedia.org\/wiki\/Alouatta_ululata\">A. ululata<\/a><\/i>.<sup id=\"cite_ref-gregorin_2-8\" class=\"reference\"><a href=\"https:\/\/pt.wikipedia.org\/wiki\/Alouatta#cite_note-gregorin-2\">[2]<\/a><\/sup><\/p>\n<p style=\"text-align: justify;\">Ainda no complexo\u00a0<i>A. seniculus<\/i>, existe discuss\u00e3o se o bugio que ocorre na\u00a0<a title=\"Mata Atl\u00e2ntica\" href=\"https:\/\/pt.wikipedia.org\/wiki\/Mata_Atl%C3%A2ntica\">Mata Atl\u00e2ntica<\/a>\u00a0do sudeste e leste do\u00a0<a title=\"Brasil\" href=\"https:\/\/pt.wikipedia.org\/wiki\/Brasil\">Brasil<\/a>\u00a0e nordeste da\u00a0<a title=\"Argentina\" href=\"https:\/\/pt.wikipedia.org\/wiki\/Argentina\">Argentina<\/a>\u00a0tem como\u00a0<a class=\"mw-redirect\" title=\"Nome cient\u00edfico\" href=\"https:\/\/pt.wikipedia.org\/wiki\/Nome_cient%C3%ADfico\">nome cient\u00edfico<\/a>\u00a0<i><a title=\"Alouatta guariba\" href=\"https:\/\/pt.wikipedia.org\/wiki\/Alouatta_guariba\">Alouatta guariba<\/a><\/i>\u00a0ou\u00a0<i>A. fusca<\/i>.<sup id=\"cite_ref-saprylands_8-6\" class=\"reference\"><a href=\"https:\/\/pt.wikipedia.org\/wiki\/Alouatta#cite_note-saprylands-8\">[8]<\/a><\/sup>\u00a0Para Rylands &amp; Brandon-Jones (1998) o termo correto \u00e9\u00a0<i>guariba<\/i>,<sup id=\"cite_ref-rylands1998_4-1\" class=\"reference\"><a href=\"https:\/\/pt.wikipedia.org\/wiki\/Alouatta#cite_note-rylands1998-4\">[4]<\/a><\/sup>\u00a0mas para Gregorin (2006), \u00e9\u00a0<i>fusca<\/i>.<sup id=\"cite_ref-gregorin_2-9\" class=\"reference\"><a href=\"https:\/\/pt.wikipedia.org\/wiki\/Alouatta#cite_note-gregorin-2\">[2]<\/a><\/sup>\u00a0Rylands (2000) e Groves (2001, 2005) listam duas subesp\u00e9cies para\u00a0<i>A. guariba<\/i>,\u00a0<i><a title=\"Alouatta guariba guariba\" href=\"https:\/\/pt.wikipedia.org\/wiki\/Alouatta_guariba_guariba\">A. g. guariba<\/a><\/i>\u00a0e\u00a0<i><a title=\"Alouatta guariba clamitans\" href=\"https:\/\/pt.wikipedia.org\/wiki\/Alouatta_guariba_clamitans\">A. g. clamitans<\/a><\/i>.<sup id=\"cite_ref-msw3_1-6\" class=\"reference\"><a href=\"https:\/\/pt.wikipedia.org\/wiki\/Alouatta#cite_note-msw3-1\">[1]<\/a><\/sup><sup id=\"cite_ref-rylands2000_3-2\" class=\"reference\"><a href=\"https:\/\/pt.wikipedia.org\/wiki\/Alouatta#cite_note-rylands2000-3\">[3]<\/a><\/sup>\u00a0Entretanto, Gregorin (2006) considera esses dois t\u00e1xons como esp\u00e9cies separadas. Harris et al (2005) sugere que as popula\u00e7\u00f5es de\u00a0<i>A. g. clamitans<\/i>\u00a0do sul do Brasil s\u00e3o diferentes das popula\u00e7\u00f5es mais ao norte, no sudeste e leste.<sup id=\"cite_ref-harris2005_10-0\" class=\"reference\"><a href=\"https:\/\/pt.wikipedia.org\/wiki\/Alouatta#cite_note-harris2005-10\">[10]<\/a><\/sup><\/p>\n<p style=\"text-align: justify;\">O complexo\u00a0<i>A. caraya<\/i>\u00a0possui apenas uma esp\u00e9cie, o\u00a0<a class=\"mw-redirect\" title=\"Bugio-preto\" href=\"https:\/\/pt.wikipedia.org\/wiki\/Bugio-preto\">bugio-preto<\/a>\u00a0ou bugio-do-pantanal (<i>Alouatta caraya<\/i>), que tamb\u00e9m n\u00e3o possui nenhuma subesp\u00e9cie.<sup id=\"cite_ref-msw3_1-7\" class=\"reference\"><a href=\"https:\/\/pt.wikipedia.org\/wiki\/Alouatta#cite_note-msw3-1\">[1]<\/a><\/sup>\u00a0Entretanto, existe a possibilidade de existirem dois t\u00e1xons para esse complexo, visto que as popula\u00e7\u00f5es do\u00a0<a title=\"Chaco\" href=\"https:\/\/pt.wikipedia.org\/wiki\/Chaco\">Chaco<\/a>\u00a0<a title=\"Bol\u00edvia\" href=\"https:\/\/pt.wikipedia.org\/wiki\/Bol%C3%ADvia\">boliviano<\/a>\u00a0s\u00e3o diferentes de popula\u00e7\u00f5es encontradas no\u00a0<a title=\"Mato Grosso\" href=\"https:\/\/pt.wikipedia.org\/wiki\/Mato_Grosso\">Mato Grosso<\/a>\u00a0e\u00a0<a title=\"Goi\u00e1s\" href=\"https:\/\/pt.wikipedia.org\/wiki\/Goi%C3%A1s\">Goi\u00e1s<\/a>, no\u00a0<a title=\"Brasil\" href=\"https:\/\/pt.wikipedia.org\/wiki\/Brasil\">Brasil<\/a>.<sup id=\"cite_ref-saprylands_8-7\" class=\"reference\"><\/sup><\/p>\n<p><img loading=\"lazy\" decoding=\"async\" class=\"alignnone size-full wp-image-25983\" src=\"https:\/\/jorgezanoni.com.br\/2019\/wp-content\/uploads\/2020\/05\/guariba.jpg\" alt=\"\" width=\"250\" height=\"375\" srcset=\"https:\/\/jorgezanoni.com.br\/2019\/wp-content\/uploads\/2020\/05\/guariba.jpg 250w, https:\/\/jorgezanoni.com.br\/2019\/wp-content\/uploads\/2020\/05\/guariba-200x300.jpg 200w\" sizes=\"auto, (max-width: 250px) 100vw, 250px\" \/><\/p>\n<p style=\"text-align: justify;\">Fonte: https:\/\/pt.wikipedia.org\/wiki\/Alouatta<\/p>\n<\/div>\n<\/div>\n<\/div>\n","protected":false},"excerpt":{"rendered":"<p>M\u00e3e e filha passavam pelo local e registraram um Macaco Bugio na estrada municipal sequ\u00eancia da Rua Aristides Zanoni (rua do Col\u00e9gio Objetivo), pr\u00f3ximo ao final do jardim das Palmeiras III. Na tarde de ontem a jovem Gabrielle de Almeida e sua m\u00e3e Lucimar, tiveram a felicidade de fazer imagens de um Macaco Bugio. Segundo [&hellip;]<\/p>\n","protected":false},"author":1,"featured_media":25992,"comment_status":"closed","ping_status":"open","sticky":false,"template":"","format":"standard","meta":{"footnotes":""},"categories":[176,110],"tags":[],"class_list":["post-25982","post","type-post","status-publish","format-standard","has-post-thumbnail","hentry","category-meioambienteeagricultura","category-noticiasdestaque"],"_links":{"self":[{"href":"https:\/\/jorgezanoni.com.br\/2019\/wp-json\/wp\/v2\/posts\/25982","targetHints":{"allow":["GET"]}}],"collection":[{"href":"https:\/\/jorgezanoni.com.br\/2019\/wp-json\/wp\/v2\/posts"}],"about":[{"href":"https:\/\/jorgezanoni.com.br\/2019\/wp-json\/wp\/v2\/types\/post"}],"author":[{"embeddable":true,"href":"https:\/\/jorgezanoni.com.br\/2019\/wp-json\/wp\/v2\/users\/1"}],"replies":[{"embeddable":true,"href":"https:\/\/jorgezanoni.com.br\/2019\/wp-json\/wp\/v2\/comments?post=25982"}],"version-history":[{"count":0,"href":"https:\/\/jorgezanoni.com.br\/2019\/wp-json\/wp\/v2\/posts\/25982\/revisions"}],"wp:featuredmedia":[{"embeddable":true,"href":"https:\/\/jorgezanoni.com.br\/2019\/wp-json\/wp\/v2\/media\/25992"}],"wp:attachment":[{"href":"https:\/\/jorgezanoni.com.br\/2019\/wp-json\/wp\/v2\/media?parent=25982"}],"wp:term":[{"taxonomy":"category","embeddable":true,"href":"https:\/\/jorgezanoni.com.br\/2019\/wp-json\/wp\/v2\/categories?post=25982"},{"taxonomy":"post_tag","embeddable":true,"href":"https:\/\/jorgezanoni.com.br\/2019\/wp-json\/wp\/v2\/tags?post=25982"}],"curies":[{"name":"wp","href":"https:\/\/api.w.org\/{rel}","templated":true}]}}