{"id":2596,"date":"2019-08-02T00:16:45","date_gmt":"2019-08-02T00:16:45","guid":{"rendered":"https:\/\/jorgezanoni.com.br\/2019\/?p=2596"},"modified":"2019-08-02T00:19:01","modified_gmt":"2019-08-02T00:19:01","slug":"castramovel-chega-a-andradina-e-devera-comecar-a-funcionar-em-breve","status":"publish","type":"post","link":"https:\/\/jorgezanoni.com.br\/2019\/castramovel-chega-a-andradina-e-devera-comecar-a-funcionar-em-breve\/","title":{"rendered":"Castram\u00f3vel chega a Andradina e dever\u00e1 come\u00e7ar a funcionar em breve"},"content":{"rendered":"<h2 style=\"text-align: justify;\"><strong>O vereador Guto Mar\u00e3o vivenciou esta manha a realiza\u00e7\u00e3o de um projeto, com a chegada no munic\u00edpio da unidade do castram\u00f3vel.<\/strong><\/h2>\n<p style=\"text-align: justify;\">O vereador Guto Mar\u00e3o est\u00e1 podendo vivenciou esta manha a realiza\u00e7\u00e3o de um projeto, com a chegada no munic\u00edpio da unidade do castram\u00f3vel.<\/p>\n<p style=\"text-align: justify;\">\u201c\u00c9 absolutamente fant\u00e1stico v\u00ealo chegar\u201d, disse Guto que transmitiu ao vivo a chegada do equipamento em suas redes sociais.<\/p>\n<p style=\"text-align: justify;\">O castrav\u00f3vel foi adquirido com uma emenda parlamentar no valor de R$120 mil conquistada pelos vereadores da bancada do MDB na C\u00e2mara de Andradina.<\/p>\n<p style=\"text-align: justify;\">Com o Castram\u00f3vel, ser\u00e1 poss\u00edvel realizar castra\u00e7\u00e3o de animais dom\u00e9sticos (c\u00e3es e gatos) gratuitamente \u00e0 popula\u00e7\u00e3o. \u201cO Castram\u00f3vel percorrer\u00e1 os bairros de Andradina e al\u00e9m da castra\u00e7\u00e3o, ser\u00e1 respons\u00e1vel por desenvolver a\u00e7\u00f5es de educa\u00e7\u00e3o, extens\u00e3o e pesquisa\u201d, explicou Guto.<\/p>\n<p style=\"text-align: justify;\">A unidade \u00e9 composta de um ve\u00edculo tipo trailer especialmente preparado para castra\u00e7\u00e3o de c\u00e3es e gatos, com sala de pr\u00e9-operat\u00f3rio, centro cir\u00fargico e p\u00f3s-operat\u00f3rio. O Castram\u00f3vel vai trabalhar nos bairros com a presen\u00e7a de um veterin\u00e1rio fazendo castra\u00e7\u00e3o sob a responsabilidade da equipe do Centro de Controle de Zoonoses (CCZ) da Secretaria de Sa\u00fade e Higiene P\u00fablica.<\/p>\n<p style=\"text-align: justify;\">O Castram\u00f3vel atende o disposto da resolu\u00e7\u00e3o n\u00ba 2.750 de 14 de mar\u00e7o de 2018 do Conselho Regional de Medicina do Estado de S\u00e3o Paulo, que estabelece os crit\u00e9rios para instala\u00e7\u00f5es e condi\u00e7\u00f5es de funcionamento <img loading=\"lazy\" decoding=\"async\" class=\"alignnone size-full wp-image-2597\" src=\"https:\/\/jorgezanoni.com.br\/2019\/wp-content\/uploads\/2019\/08\/castra.jpeg\" alt=\"\" width=\"750\" height=\"1000\" srcset=\"https:\/\/jorgezanoni.com.br\/2019\/wp-content\/uploads\/2019\/08\/castra.jpeg 750w, https:\/\/jorgezanoni.com.br\/2019\/wp-content\/uploads\/2019\/08\/castra-225x300.jpeg 225w, https:\/\/jorgezanoni.com.br\/2019\/wp-content\/uploads\/2019\/08\/castra-696x928.jpeg 696w, https:\/\/jorgezanoni.com.br\/2019\/wp-content\/uploads\/2019\/08\/castra-315x420.jpeg 315w\" sizes=\"auto, (max-width: 750px) 100vw, 750px\" \/>dos servi\u00e7os m\u00e9dico-veterin\u00e1rios m\u00f3veis para c\u00e3es e gatos.<\/p>\n<p style=\"text-align: justify;\">Fonte:hojemais.com.br<\/p>\n","protected":false},"excerpt":{"rendered":"<p>O vereador Guto Mar\u00e3o vivenciou esta manha a realiza\u00e7\u00e3o de um projeto, com a chegada no munic\u00edpio da unidade do castram\u00f3vel. O vereador Guto Mar\u00e3o est\u00e1 podendo vivenciou esta manha a realiza\u00e7\u00e3o de um projeto, com a chegada no munic\u00edpio da unidade do castram\u00f3vel. \u201c\u00c9 absolutamente fant\u00e1stico v\u00ealo chegar\u201d, disse Guto que transmitiu ao vivo [&hellip;]<\/p>\n","protected":false},"author":1,"featured_media":2599,"comment_status":"closed","ping_status":"open","sticky":false,"template":"","format":"standard","meta":{"footnotes":""},"categories":[114,110],"tags":[],"class_list":["post-2596","post","type-post","status-publish","format-standard","has-post-thumbnail","hentry","category-geralecomercio","category-noticiasdestaque"],"_links":{"self":[{"href":"https:\/\/jorgezanoni.com.br\/2019\/wp-json\/wp\/v2\/posts\/2596","targetHints":{"allow":["GET"]}}],"collection":[{"href":"https:\/\/jorgezanoni.com.br\/2019\/wp-json\/wp\/v2\/posts"}],"about":[{"href":"https:\/\/jorgezanoni.com.br\/2019\/wp-json\/wp\/v2\/types\/post"}],"author":[{"embeddable":true,"href":"https:\/\/jorgezanoni.com.br\/2019\/wp-json\/wp\/v2\/users\/1"}],"replies":[{"embeddable":true,"href":"https:\/\/jorgezanoni.com.br\/2019\/wp-json\/wp\/v2\/comments?post=2596"}],"version-history":[{"count":0,"href":"https:\/\/jorgezanoni.com.br\/2019\/wp-json\/wp\/v2\/posts\/2596\/revisions"}],"wp:featuredmedia":[{"embeddable":true,"href":"https:\/\/jorgezanoni.com.br\/2019\/wp-json\/wp\/v2\/media\/2599"}],"wp:attachment":[{"href":"https:\/\/jorgezanoni.com.br\/2019\/wp-json\/wp\/v2\/media?parent=2596"}],"wp:term":[{"taxonomy":"category","embeddable":true,"href":"https:\/\/jorgezanoni.com.br\/2019\/wp-json\/wp\/v2\/categories?post=2596"},{"taxonomy":"post_tag","embeddable":true,"href":"https:\/\/jorgezanoni.com.br\/2019\/wp-json\/wp\/v2\/tags?post=2596"}],"curies":[{"name":"wp","href":"https:\/\/api.w.org\/{rel}","templated":true}]}}