{"id":25957,"date":"2020-05-12T02:34:30","date_gmt":"2020-05-12T02:34:30","guid":{"rendered":"https:\/\/jorgezanoni.com.br\/2019\/?p=25957"},"modified":"2020-05-12T02:34:30","modified_gmt":"2020-05-12T02:34:30","slug":"mulher-de-51-anos-morre-em-acidente-entre-tres-carros","status":"publish","type":"post","link":"https:\/\/jorgezanoni.com.br\/2019\/mulher-de-51-anos-morre-em-acidente-entre-tres-carros\/","title":{"rendered":"Mulher de 51 anos morre em acidente entre tr\u00eas carros"},"content":{"rendered":"<p><strong>Uma mulher, de 51 anos, morreu em uma colis\u00e3o entre ve\u00edculos na tarde deste domingo (10), na Rodovia Eliseu Bernab\u00e9 (SPA-425), em Piacatu. O acidente aconteceu por volta das 16h, no KM 16.\u00a0<\/strong><\/p>\n<p style=\"text-align: justify;\">Segundo informa\u00e7\u00f5es da Pol\u00edcia, um homem de 59 anos, morador em Piacatu, conduzia um VW Santana pela referida rodovia, quando retornava de Gabriel Monteiro. Devido ao tr\u00e2nsito intenso, o motorista precisou reduzir a velocidade bruscamente, e para n\u00e3o bater na traseira do ve\u00edculo que estava na sua frente, desviou o carro para a pista contr\u00e1ria. Com isso, o Santana acabou batendo em um GM Astra que seguia sentido a Gabriel Monteiro, rodou na pista e atingiu um outro ve\u00edculo Astra.<\/p>\n<p style=\"text-align: justify;\"><img loading=\"lazy\" decoding=\"async\" class=\"aligncenter\" src=\"https:\/\/i0.wp.com\/www.fmmetropole.com.br\/\/arquivos\/noticia\/antigas\/2020-Maio\/8ea8f5a9-0cf6-4eb9-8e18-6e46113b81e2.jpg?resize=606%2C341\" width=\"606\" height=\"341\" \/><\/p>\n<p style=\"text-align: justify;\">Um dos ve\u00edculos Astra, com de placas de Osvaldo Cruz, era conduzido por um aposentado de 60 anos. Ele seguiu viagem ap\u00f3s a libera\u00e7\u00e3o da pista. O outro Astra, placas de Clementina, era conduzido por um homem de 27 anos, morador em Piacatu. O condutor do Santana foi levado ao hospital de Bilac.<\/p>\n<p style=\"text-align: justify;\">A documenta\u00e7\u00e3o dos ve\u00edculos envolvidos estava em ordem e os condutores foram submetidos ao teste do baf\u00f4metro, com resultado negativo para ingest\u00e3o de \u00e1lcool. Equipe do Instituto de Criminal\u00edstica realizou per\u00edcia antes de os ve\u00edculos serem removidos e o tr\u00e2nsito liberado.<\/p>\n<p>Fonte:fmmetropole.com.br<\/p>\n","protected":false},"excerpt":{"rendered":"<p>Uma mulher, de 51 anos, morreu em uma colis\u00e3o entre ve\u00edculos na tarde deste domingo (10), na Rodovia Eliseu Bernab\u00e9 (SPA-425), em Piacatu. O acidente aconteceu por volta das 16h, no KM 16.\u00a0 Segundo informa\u00e7\u00f5es da Pol\u00edcia, um homem de 59 anos, morador em Piacatu, conduzia um VW Santana pela referida rodovia, quando retornava de [&hellip;]<\/p>\n","protected":false},"author":1,"featured_media":25958,"comment_status":"closed","ping_status":"open","sticky":false,"template":"","format":"standard","meta":{"footnotes":""},"categories":[170,110],"tags":[],"class_list":["post-25957","post","type-post","status-publish","format-standard","has-post-thumbnail","hentry","category-acidentes","category-noticiasdestaque"],"_links":{"self":[{"href":"https:\/\/jorgezanoni.com.br\/2019\/wp-json\/wp\/v2\/posts\/25957","targetHints":{"allow":["GET"]}}],"collection":[{"href":"https:\/\/jorgezanoni.com.br\/2019\/wp-json\/wp\/v2\/posts"}],"about":[{"href":"https:\/\/jorgezanoni.com.br\/2019\/wp-json\/wp\/v2\/types\/post"}],"author":[{"embeddable":true,"href":"https:\/\/jorgezanoni.com.br\/2019\/wp-json\/wp\/v2\/users\/1"}],"replies":[{"embeddable":true,"href":"https:\/\/jorgezanoni.com.br\/2019\/wp-json\/wp\/v2\/comments?post=25957"}],"version-history":[{"count":0,"href":"https:\/\/jorgezanoni.com.br\/2019\/wp-json\/wp\/v2\/posts\/25957\/revisions"}],"wp:featuredmedia":[{"embeddable":true,"href":"https:\/\/jorgezanoni.com.br\/2019\/wp-json\/wp\/v2\/media\/25958"}],"wp:attachment":[{"href":"https:\/\/jorgezanoni.com.br\/2019\/wp-json\/wp\/v2\/media?parent=25957"}],"wp:term":[{"taxonomy":"category","embeddable":true,"href":"https:\/\/jorgezanoni.com.br\/2019\/wp-json\/wp\/v2\/categories?post=25957"},{"taxonomy":"post_tag","embeddable":true,"href":"https:\/\/jorgezanoni.com.br\/2019\/wp-json\/wp\/v2\/tags?post=25957"}],"curies":[{"name":"wp","href":"https:\/\/api.w.org\/{rel}","templated":true}]}}