{"id":25954,"date":"2020-05-12T02:18:50","date_gmt":"2020-05-12T02:18:50","guid":{"rendered":"https:\/\/jorgezanoni.com.br\/2019\/?p=25954"},"modified":"2020-05-12T02:18:50","modified_gmt":"2020-05-12T02:18:50","slug":"acidente-entre-camionete-e-bitrem-deixa-vitima-presa-nas-ferragens","status":"publish","type":"post","link":"https:\/\/jorgezanoni.com.br\/2019\/acidente-entre-camionete-e-bitrem-deixa-vitima-presa-nas-ferragens\/","title":{"rendered":"Acidente entre camionete e bitrem deixa v\u00edtima presa nas ferragens"},"content":{"rendered":"<p style=\"text-align: justify;\">Um acidente registrado na madrugada desta segunda-feira (11) em Luc\u00e9lia deixou duas pessoas feridas, sendo que uma delas, que conduzia a camionete ficou presa nas ferragens.<\/p>\n<p style=\"text-align: justify;\">Segundo apurado pelo jornal e site Folha Regional junto \u00e0 Pol\u00edcia Militar que atendeu a ocorr\u00eancia, os policiais em servi\u00e7o foram acionados por volta das 2h20 e ao chegarem na Vicinal Paschoal Milton Lentini, km 2, se depararam com a camionete S-10 placas de Luc\u00e9lia chocada contra um semirreboque de um bitrem canavieiro de Guararapes\/SP.<\/p>\n<p style=\"text-align: justify;\">\n<div class=\"tiled-gallery type-square\" style=\"text-align: justify;\" data-original-width=\"740\" data-carousel-extra=\"{&quot;blog_id&quot;:1,&quot;permalink&quot;:&quot;https:\\\/\\\/ifolharegional.com.br\\\/2020\\\/05\\\/11\\\/acidente-entre-camionete-e-bitrem-deixa-vitima-presa-nas-ferragens\\\/&quot;,&quot;likes_blog_id&quot;:157395130}\">\n<div class=\"gallery-row\" data-original-width=\"740\" data-original-height=\"740\">\n<div class=\"gallery-group\" data-original-width=\"740\" data-original-height=\"740\">\n<div class=\"tiled-gallery-item \"><a href=\"https:\/\/ifolharegional.com.br\/2020\/05\/11\/acidente-entre-camionete-e-bitrem-deixa-vitima-presa-nas-ferragens\/02-206\/\"><img loading=\"lazy\" decoding=\"async\" title=\"02\" src=\"https:\/\/i0.wp.com\/ifolharegional.com.br\/wp-content\/uploads\/2020\/05\/02-1.jpg?w=736&amp;h=736&amp;crop=1&amp;ssl=1\" alt=\"02\" width=\"736\" height=\"736\" data-attachment-id=\"15736\" data-orig-file=\"https:\/\/ifolharegional.com.br\/wp-content\/uploads\/2020\/05\/02-1.jpg\" data-orig-size=\"533,400\" data-comments-opened=\"\" data-image-meta=\"{&quot;aperture&quot;:&quot;0&quot;,&quot;credit&quot;:&quot;&quot;,&quot;camera&quot;:&quot;&quot;,&quot;caption&quot;:&quot;&quot;,&quot;created_timestamp&quot;:&quot;0&quot;,&quot;copyright&quot;:&quot;&quot;,&quot;focal_length&quot;:&quot;0&quot;,&quot;iso&quot;:&quot;0&quot;,&quot;shutter_speed&quot;:&quot;0&quot;,&quot;title&quot;:&quot;&quot;,&quot;orientation&quot;:&quot;0&quot;}\" data-image-title=\"02\" data-image-description=\"\" data-medium-file=\"https:\/\/i0.wp.com\/ifolharegional.com.br\/wp-content\/uploads\/2020\/05\/02-1.jpg?fit=300%2C225&amp;ssl=1\" data-large-file=\"https:\/\/i0.wp.com\/ifolharegional.com.br\/wp-content\/uploads\/2020\/05\/02-1.jpg?fit=533%2C400&amp;ssl=1\" data-original-width=\"736\" data-original-height=\"736\" \/><\/a><\/div>\n<\/div>\n<\/div>\n<div class=\"gallery-row\" data-original-width=\"740\" data-original-height=\"246\">\n<div class=\"gallery-group\" data-original-width=\"246\" data-original-height=\"246\">\n<div class=\"tiled-gallery-item \"><a href=\"https:\/\/ifolharegional.com.br\/2020\/05\/11\/acidente-entre-camionete-e-bitrem-deixa-vitima-presa-nas-ferragens\/03-182\/\"><img loading=\"lazy\" decoding=\"async\" title=\"03\" src=\"https:\/\/i0.wp.com\/ifolharegional.com.br\/wp-content\/uploads\/2020\/05\/03.jpg?w=242&amp;h=242&amp;crop=1&amp;ssl=1\" alt=\"03\" width=\"242\" height=\"242\" data-attachment-id=\"15737\" data-orig-file=\"https:\/\/ifolharegional.com.br\/wp-content\/uploads\/2020\/05\/03.jpg\" data-orig-size=\"533,400\" data-comments-opened=\"\" data-image-meta=\"{&quot;aperture&quot;:&quot;0&quot;,&quot;credit&quot;:&quot;&quot;,&quot;camera&quot;:&quot;&quot;,&quot;caption&quot;:&quot;&quot;,&quot;created_timestamp&quot;:&quot;0&quot;,&quot;copyright&quot;:&quot;&quot;,&quot;focal_length&quot;:&quot;0&quot;,&quot;iso&quot;:&quot;0&quot;,&quot;shutter_speed&quot;:&quot;0&quot;,&quot;title&quot;:&quot;&quot;,&quot;orientation&quot;:&quot;0&quot;}\" data-image-title=\"03\" data-image-description=\"\" data-medium-file=\"https:\/\/i0.wp.com\/ifolharegional.com.br\/wp-content\/uploads\/2020\/05\/03.jpg?fit=300%2C225&amp;ssl=1\" data-large-file=\"https:\/\/i0.wp.com\/ifolharegional.com.br\/wp-content\/uploads\/2020\/05\/03.jpg?fit=533%2C400&amp;ssl=1\" data-original-width=\"242\" data-original-height=\"242\" \/><\/a><\/div>\n<\/div>\n<div class=\"gallery-group\" data-original-width=\"246\" data-original-height=\"246\">\n<div class=\"tiled-gallery-item \"><a href=\"https:\/\/ifolharegional.com.br\/2020\/05\/11\/acidente-entre-camionete-e-bitrem-deixa-vitima-presa-nas-ferragens\/04-162\/\"><img loading=\"lazy\" decoding=\"async\" title=\"04\" src=\"https:\/\/i2.wp.com\/ifolharegional.com.br\/wp-content\/uploads\/2020\/05\/04.jpg?w=242&amp;h=242&amp;crop=1&amp;ssl=1\" alt=\"04\" width=\"242\" height=\"242\" data-attachment-id=\"15738\" data-orig-file=\"https:\/\/ifolharegional.com.br\/wp-content\/uploads\/2020\/05\/04.jpg\" data-orig-size=\"533,400\" data-comments-opened=\"\" data-image-meta=\"{&quot;aperture&quot;:&quot;0&quot;,&quot;credit&quot;:&quot;&quot;,&quot;camera&quot;:&quot;&quot;,&quot;caption&quot;:&quot;&quot;,&quot;created_timestamp&quot;:&quot;0&quot;,&quot;copyright&quot;:&quot;&quot;,&quot;focal_length&quot;:&quot;0&quot;,&quot;iso&quot;:&quot;0&quot;,&quot;shutter_speed&quot;:&quot;0&quot;,&quot;title&quot;:&quot;&quot;,&quot;orientation&quot;:&quot;0&quot;}\" data-image-title=\"04\" data-image-description=\"\" data-medium-file=\"https:\/\/i2.wp.com\/ifolharegional.com.br\/wp-content\/uploads\/2020\/05\/04.jpg?fit=300%2C225&amp;ssl=1\" data-large-file=\"https:\/\/i2.wp.com\/ifolharegional.com.br\/wp-content\/uploads\/2020\/05\/04.jpg?fit=533%2C400&amp;ssl=1\" data-original-width=\"242\" data-original-height=\"242\" \/><\/a><\/div>\n<\/div>\n<div class=\"gallery-group\" data-original-width=\"246\" data-original-height=\"246\">\n<div class=\"tiled-gallery-item \"><a href=\"https:\/\/ifolharegional.com.br\/2020\/05\/11\/acidente-entre-camionete-e-bitrem-deixa-vitima-presa-nas-ferragens\/05-118\/\"><img loading=\"lazy\" decoding=\"async\" title=\"05\" src=\"https:\/\/i2.wp.com\/ifolharegional.com.br\/wp-content\/uploads\/2020\/05\/05.jpg?w=242&amp;h=242&amp;crop=1&amp;ssl=1\" alt=\"05\" width=\"242\" height=\"242\" data-attachment-id=\"15739\" data-orig-file=\"https:\/\/ifolharegional.com.br\/wp-content\/uploads\/2020\/05\/05.jpg\" data-orig-size=\"533,400\" data-comments-opened=\"\" data-image-meta=\"{&quot;aperture&quot;:&quot;0&quot;,&quot;credit&quot;:&quot;&quot;,&quot;camera&quot;:&quot;&quot;,&quot;caption&quot;:&quot;&quot;,&quot;created_timestamp&quot;:&quot;0&quot;,&quot;copyright&quot;:&quot;&quot;,&quot;focal_length&quot;:&quot;0&quot;,&quot;iso&quot;:&quot;0&quot;,&quot;shutter_speed&quot;:&quot;0&quot;,&quot;title&quot;:&quot;&quot;,&quot;orientation&quot;:&quot;0&quot;}\" data-image-title=\"05\" data-image-description=\"\" data-medium-file=\"https:\/\/i2.wp.com\/ifolharegional.com.br\/wp-content\/uploads\/2020\/05\/05.jpg?fit=300%2C225&amp;ssl=1\" data-large-file=\"https:\/\/i2.wp.com\/ifolharegional.com.br\/wp-content\/uploads\/2020\/05\/05.jpg?fit=533%2C400&amp;ssl=1\" data-original-width=\"242\" data-original-height=\"242\" \/><\/a><\/div>\n<\/div>\n<\/div>\n<div class=\"gallery-row\" data-original-width=\"740\" data-original-height=\"246\">\n<div class=\"gallery-group\" data-original-width=\"246\" data-original-height=\"246\">\n<div class=\"tiled-gallery-item \"><a href=\"https:\/\/ifolharegional.com.br\/2020\/05\/11\/acidente-entre-camionete-e-bitrem-deixa-vitima-presa-nas-ferragens\/06-95\/\"><img loading=\"lazy\" decoding=\"async\" title=\"06\" src=\"https:\/\/i0.wp.com\/ifolharegional.com.br\/wp-content\/uploads\/2020\/05\/06.jpg?w=242&amp;h=242&amp;crop=1&amp;ssl=1\" alt=\"06\" width=\"242\" height=\"242\" data-attachment-id=\"15740\" data-orig-file=\"https:\/\/ifolharegional.com.br\/wp-content\/uploads\/2020\/05\/06.jpg\" data-orig-size=\"533,400\" data-comments-opened=\"\" data-image-meta=\"{&quot;aperture&quot;:&quot;0&quot;,&quot;credit&quot;:&quot;&quot;,&quot;camera&quot;:&quot;&quot;,&quot;caption&quot;:&quot;&quot;,&quot;created_timestamp&quot;:&quot;0&quot;,&quot;copyright&quot;:&quot;&quot;,&quot;focal_length&quot;:&quot;0&quot;,&quot;iso&quot;:&quot;0&quot;,&quot;shutter_speed&quot;:&quot;0&quot;,&quot;title&quot;:&quot;&quot;,&quot;orientation&quot;:&quot;0&quot;}\" data-image-title=\"06\" data-image-description=\"\" data-medium-file=\"https:\/\/i0.wp.com\/ifolharegional.com.br\/wp-content\/uploads\/2020\/05\/06.jpg?fit=300%2C225&amp;ssl=1\" data-large-file=\"https:\/\/i0.wp.com\/ifolharegional.com.br\/wp-content\/uploads\/2020\/05\/06.jpg?fit=533%2C400&amp;ssl=1\" data-original-width=\"242\" data-original-height=\"242\" \/><\/a><\/div>\n<\/div>\n<div class=\"gallery-group\" data-original-width=\"246\" data-original-height=\"246\">\n<div class=\"tiled-gallery-item \"><a href=\"https:\/\/ifolharegional.com.br\/2020\/05\/11\/acidente-entre-camionete-e-bitrem-deixa-vitima-presa-nas-ferragens\/07-80\/\"><img loading=\"lazy\" decoding=\"async\" title=\"07\" src=\"https:\/\/i2.wp.com\/ifolharegional.com.br\/wp-content\/uploads\/2020\/05\/07.jpg?w=242&amp;h=242&amp;crop=1&amp;ssl=1\" alt=\"07\" width=\"242\" height=\"242\" data-attachment-id=\"15741\" data-orig-file=\"https:\/\/ifolharegional.com.br\/wp-content\/uploads\/2020\/05\/07.jpg\" data-orig-size=\"533,400\" data-comments-opened=\"\" data-image-meta=\"{&quot;aperture&quot;:&quot;0&quot;,&quot;credit&quot;:&quot;&quot;,&quot;camera&quot;:&quot;&quot;,&quot;caption&quot;:&quot;&quot;,&quot;created_timestamp&quot;:&quot;0&quot;,&quot;copyright&quot;:&quot;&quot;,&quot;focal_length&quot;:&quot;0&quot;,&quot;iso&quot;:&quot;0&quot;,&quot;shutter_speed&quot;:&quot;0&quot;,&quot;title&quot;:&quot;&quot;,&quot;orientation&quot;:&quot;0&quot;}\" data-image-title=\"07\" data-image-description=\"\" data-medium-file=\"https:\/\/i2.wp.com\/ifolharegional.com.br\/wp-content\/uploads\/2020\/05\/07.jpg?fit=300%2C225&amp;ssl=1\" data-large-file=\"https:\/\/i2.wp.com\/ifolharegional.com.br\/wp-content\/uploads\/2020\/05\/07.jpg?fit=533%2C400&amp;ssl=1\" data-original-width=\"242\" data-original-height=\"242\" \/><\/a><\/div>\n<\/div>\n<div class=\"gallery-group\" data-original-width=\"246\" data-original-height=\"246\">\n<div class=\"tiled-gallery-item \"><a href=\"https:\/\/ifolharegional.com.br\/2020\/05\/11\/acidente-entre-camionete-e-bitrem-deixa-vitima-presa-nas-ferragens\/08-67\/\"><img loading=\"lazy\" decoding=\"async\" title=\"08\" src=\"https:\/\/i0.wp.com\/ifolharegional.com.br\/wp-content\/uploads\/2020\/05\/08.jpg?w=242&amp;h=242&amp;crop=1&amp;ssl=1\" alt=\"08\" width=\"242\" height=\"242\" data-attachment-id=\"15742\" data-orig-file=\"https:\/\/ifolharegional.com.br\/wp-content\/uploads\/2020\/05\/08.jpg\" data-orig-size=\"533,400\" data-comments-opened=\"\" data-image-meta=\"{&quot;aperture&quot;:&quot;0&quot;,&quot;credit&quot;:&quot;&quot;,&quot;camera&quot;:&quot;&quot;,&quot;caption&quot;:&quot;&quot;,&quot;created_timestamp&quot;:&quot;0&quot;,&quot;copyright&quot;:&quot;&quot;,&quot;focal_length&quot;:&quot;0&quot;,&quot;iso&quot;:&quot;0&quot;,&quot;shutter_speed&quot;:&quot;0&quot;,&quot;title&quot;:&quot;&quot;,&quot;orientation&quot;:&quot;0&quot;}\" data-image-title=\"08\" data-image-description=\"\" data-medium-file=\"https:\/\/i0.wp.com\/ifolharegional.com.br\/wp-content\/uploads\/2020\/05\/08.jpg?fit=300%2C225&amp;ssl=1\" data-large-file=\"https:\/\/i0.wp.com\/ifolharegional.com.br\/wp-content\/uploads\/2020\/05\/08.jpg?fit=533%2C400&amp;ssl=1\" data-original-width=\"242\" data-original-height=\"242\" \/><\/a><\/div>\n<\/div>\n<\/div>\n<div class=\"gallery-row\" data-original-width=\"740\" data-original-height=\"246\">\n<div class=\"gallery-group\" data-original-width=\"246\" data-original-height=\"246\">\n<div class=\"tiled-gallery-item \"><a href=\"https:\/\/ifolharegional.com.br\/2020\/05\/11\/acidente-entre-camionete-e-bitrem-deixa-vitima-presa-nas-ferragens\/09-57\/\"><img loading=\"lazy\" decoding=\"async\" title=\"09\" src=\"https:\/\/i0.wp.com\/ifolharegional.com.br\/wp-content\/uploads\/2020\/05\/09.jpg?w=242&amp;h=242&amp;crop=1&amp;ssl=1\" alt=\"09\" width=\"242\" height=\"242\" data-attachment-id=\"15743\" data-orig-file=\"https:\/\/ifolharegional.com.br\/wp-content\/uploads\/2020\/05\/09.jpg\" data-orig-size=\"533,400\" data-comments-opened=\"\" data-image-meta=\"{&quot;aperture&quot;:&quot;0&quot;,&quot;credit&quot;:&quot;&quot;,&quot;camera&quot;:&quot;&quot;,&quot;caption&quot;:&quot;&quot;,&quot;created_timestamp&quot;:&quot;0&quot;,&quot;copyright&quot;:&quot;&quot;,&quot;focal_length&quot;:&quot;0&quot;,&quot;iso&quot;:&quot;0&quot;,&quot;shutter_speed&quot;:&quot;0&quot;,&quot;title&quot;:&quot;&quot;,&quot;orientation&quot;:&quot;0&quot;}\" data-image-title=\"09\" data-image-description=\"\" data-medium-file=\"https:\/\/i0.wp.com\/ifolharegional.com.br\/wp-content\/uploads\/2020\/05\/09.jpg?fit=300%2C225&amp;ssl=1\" data-large-file=\"https:\/\/i0.wp.com\/ifolharegional.com.br\/wp-content\/uploads\/2020\/05\/09.jpg?fit=533%2C400&amp;ssl=1\" data-original-width=\"242\" data-original-height=\"242\" \/><\/a><\/div>\n<\/div>\n<div class=\"gallery-group\" data-original-width=\"246\" data-original-height=\"246\">\n<div class=\"tiled-gallery-item \"><a href=\"https:\/\/ifolharegional.com.br\/2020\/05\/11\/acidente-entre-camionete-e-bitrem-deixa-vitima-presa-nas-ferragens\/10-65\/\"><img loading=\"lazy\" decoding=\"async\" title=\"10\" src=\"https:\/\/i0.wp.com\/ifolharegional.com.br\/wp-content\/uploads\/2020\/05\/10.jpg?w=242&amp;h=242&amp;crop=1&amp;ssl=1\" alt=\"10\" width=\"242\" height=\"242\" data-attachment-id=\"15744\" data-orig-file=\"https:\/\/ifolharegional.com.br\/wp-content\/uploads\/2020\/05\/10.jpg\" data-orig-size=\"533,400\" data-comments-opened=\"\" data-image-meta=\"{&quot;aperture&quot;:&quot;0&quot;,&quot;credit&quot;:&quot;&quot;,&quot;camera&quot;:&quot;&quot;,&quot;caption&quot;:&quot;&quot;,&quot;created_timestamp&quot;:&quot;0&quot;,&quot;copyright&quot;:&quot;&quot;,&quot;focal_length&quot;:&quot;0&quot;,&quot;iso&quot;:&quot;0&quot;,&quot;shutter_speed&quot;:&quot;0&quot;,&quot;title&quot;:&quot;&quot;,&quot;orientation&quot;:&quot;0&quot;}\" data-image-title=\"10\" data-image-description=\"\" data-medium-file=\"https:\/\/i0.wp.com\/ifolharegional.com.br\/wp-content\/uploads\/2020\/05\/10.jpg?fit=300%2C225&amp;ssl=1\" data-large-file=\"https:\/\/i0.wp.com\/ifolharegional.com.br\/wp-content\/uploads\/2020\/05\/10.jpg?fit=533%2C400&amp;ssl=1\" data-original-width=\"242\" data-original-height=\"242\" \/><\/a><\/div>\n<\/div>\n<div class=\"gallery-group\" data-original-width=\"246\" data-original-height=\"246\">\n<div class=\"tiled-gallery-item \"><a href=\"https:\/\/ifolharegional.com.br\/2020\/05\/11\/acidente-entre-camionete-e-bitrem-deixa-vitima-presa-nas-ferragens\/11-52\/\"><img loading=\"lazy\" decoding=\"async\" title=\"11\" src=\"https:\/\/i0.wp.com\/ifolharegional.com.br\/wp-content\/uploads\/2020\/05\/11.jpg?w=242&amp;h=242&amp;crop=1&amp;ssl=1\" alt=\"11\" width=\"242\" height=\"242\" data-attachment-id=\"15745\" data-orig-file=\"https:\/\/ifolharegional.com.br\/wp-content\/uploads\/2020\/05\/11.jpg\" data-orig-size=\"533,400\" data-comments-opened=\"\" data-image-meta=\"{&quot;aperture&quot;:&quot;0&quot;,&quot;credit&quot;:&quot;&quot;,&quot;camera&quot;:&quot;&quot;,&quot;caption&quot;:&quot;&quot;,&quot;created_timestamp&quot;:&quot;0&quot;,&quot;copyright&quot;:&quot;&quot;,&quot;focal_length&quot;:&quot;0&quot;,&quot;iso&quot;:&quot;0&quot;,&quot;shutter_speed&quot;:&quot;0&quot;,&quot;title&quot;:&quot;&quot;,&quot;orientation&quot;:&quot;0&quot;}\" data-image-title=\"11\" data-image-description=\"\" data-medium-file=\"https:\/\/i0.wp.com\/ifolharegional.com.br\/wp-content\/uploads\/2020\/05\/11.jpg?fit=300%2C225&amp;ssl=1\" data-large-file=\"https:\/\/i0.wp.com\/ifolharegional.com.br\/wp-content\/uploads\/2020\/05\/11.jpg?fit=533%2C400&amp;ssl=1\" data-original-width=\"242\" data-original-height=\"242\" \/><\/a><\/div>\n<\/div>\n<\/div>\n<div class=\"gallery-row\" data-original-width=\"740\" data-original-height=\"246\">\n<div class=\"gallery-group\" data-original-width=\"246\" data-original-height=\"246\">\n<div class=\"tiled-gallery-item \"><a href=\"https:\/\/ifolharegional.com.br\/2020\/05\/11\/acidente-entre-camionete-e-bitrem-deixa-vitima-presa-nas-ferragens\/12-50\/\"><img loading=\"lazy\" decoding=\"async\" title=\"12\" src=\"https:\/\/i0.wp.com\/ifolharegional.com.br\/wp-content\/uploads\/2020\/05\/12.jpg?w=242&amp;h=242&amp;crop=1&amp;ssl=1\" alt=\"12\" width=\"242\" height=\"242\" data-attachment-id=\"15746\" data-orig-file=\"https:\/\/ifolharegional.com.br\/wp-content\/uploads\/2020\/05\/12.jpg\" data-orig-size=\"533,400\" data-comments-opened=\"\" data-image-meta=\"{&quot;aperture&quot;:&quot;0&quot;,&quot;credit&quot;:&quot;&quot;,&quot;camera&quot;:&quot;&quot;,&quot;caption&quot;:&quot;&quot;,&quot;created_timestamp&quot;:&quot;0&quot;,&quot;copyright&quot;:&quot;&quot;,&quot;focal_length&quot;:&quot;0&quot;,&quot;iso&quot;:&quot;0&quot;,&quot;shutter_speed&quot;:&quot;0&quot;,&quot;title&quot;:&quot;&quot;,&quot;orientation&quot;:&quot;0&quot;}\" data-image-title=\"12\" data-image-description=\"\" data-medium-file=\"https:\/\/i0.wp.com\/ifolharegional.com.br\/wp-content\/uploads\/2020\/05\/12.jpg?fit=300%2C225&amp;ssl=1\" data-large-file=\"https:\/\/i0.wp.com\/ifolharegional.com.br\/wp-content\/uploads\/2020\/05\/12.jpg?fit=533%2C400&amp;ssl=1\" data-original-width=\"242\" data-original-height=\"242\" \/><\/a><\/div>\n<\/div>\n<div class=\"gallery-group\" data-original-width=\"246\" data-original-height=\"246\">\n<div class=\"tiled-gallery-item \"><a href=\"https:\/\/ifolharegional.com.br\/2020\/05\/11\/acidente-entre-camionete-e-bitrem-deixa-vitima-presa-nas-ferragens\/13-40\/\"><img loading=\"lazy\" decoding=\"async\" title=\"13\" src=\"https:\/\/i1.wp.com\/ifolharegional.com.br\/wp-content\/uploads\/2020\/05\/13.jpg?w=242&amp;h=242&amp;crop=1&amp;ssl=1\" alt=\"13\" width=\"242\" height=\"242\" data-attachment-id=\"15747\" data-orig-file=\"https:\/\/ifolharegional.com.br\/wp-content\/uploads\/2020\/05\/13.jpg\" data-orig-size=\"533,400\" data-comments-opened=\"\" data-image-meta=\"{&quot;aperture&quot;:&quot;0&quot;,&quot;credit&quot;:&quot;&quot;,&quot;camera&quot;:&quot;&quot;,&quot;caption&quot;:&quot;&quot;,&quot;created_timestamp&quot;:&quot;0&quot;,&quot;copyright&quot;:&quot;&quot;,&quot;focal_length&quot;:&quot;0&quot;,&quot;iso&quot;:&quot;0&quot;,&quot;shutter_speed&quot;:&quot;0&quot;,&quot;title&quot;:&quot;&quot;,&quot;orientation&quot;:&quot;0&quot;}\" data-image-title=\"13\" data-image-description=\"\" data-medium-file=\"https:\/\/i1.wp.com\/ifolharegional.com.br\/wp-content\/uploads\/2020\/05\/13.jpg?fit=300%2C225&amp;ssl=1\" data-large-file=\"https:\/\/i1.wp.com\/ifolharegional.com.br\/wp-content\/uploads\/2020\/05\/13.jpg?fit=533%2C400&amp;ssl=1\" data-original-width=\"242\" data-original-height=\"242\" \/><\/a><\/div>\n<\/div>\n<div class=\"gallery-group\" data-original-width=\"246\" data-original-height=\"246\">\n<div class=\"tiled-gallery-item \"><a href=\"https:\/\/ifolharegional.com.br\/2020\/05\/11\/acidente-entre-camionete-e-bitrem-deixa-vitima-presa-nas-ferragens\/14-33\/\"><img loading=\"lazy\" decoding=\"async\" title=\"14\" src=\"https:\/\/i0.wp.com\/ifolharegional.com.br\/wp-content\/uploads\/2020\/05\/14.jpg?w=242&amp;h=242&amp;crop=1&amp;ssl=1\" alt=\"14\" width=\"242\" height=\"242\" data-attachment-id=\"15748\" data-orig-file=\"https:\/\/ifolharegional.com.br\/wp-content\/uploads\/2020\/05\/14.jpg\" data-orig-size=\"533,400\" data-comments-opened=\"\" data-image-meta=\"{&quot;aperture&quot;:&quot;0&quot;,&quot;credit&quot;:&quot;&quot;,&quot;camera&quot;:&quot;&quot;,&quot;caption&quot;:&quot;&quot;,&quot;created_timestamp&quot;:&quot;0&quot;,&quot;copyright&quot;:&quot;&quot;,&quot;focal_length&quot;:&quot;0&quot;,&quot;iso&quot;:&quot;0&quot;,&quot;shutter_speed&quot;:&quot;0&quot;,&quot;title&quot;:&quot;&quot;,&quot;orientation&quot;:&quot;0&quot;}\" data-image-title=\"14\" data-image-description=\"\" data-medium-file=\"https:\/\/i0.wp.com\/ifolharegional.com.br\/wp-content\/uploads\/2020\/05\/14.jpg?fit=300%2C225&amp;ssl=1\" data-large-file=\"https:\/\/i0.wp.com\/ifolharegional.com.br\/wp-content\/uploads\/2020\/05\/14.jpg?fit=533%2C400&amp;ssl=1\" data-original-width=\"242\" data-original-height=\"242\" \/><\/a><\/div>\n<\/div>\n<\/div>\n<\/div>\n<p style=\"text-align: justify;\">O motorista do ve\u00edculo S-10, vendedor de 31 anos de idade, ficou preso nas ferragens e foi resgatado pelo Corpo de Bombeiros de Adamantina.<\/p>\n<p style=\"text-align: justify;\">O passageiro, 34 anos, sofreu escoria\u00e7\u00f5es e queixava-se de dores pelo corpo.<\/p>\n<p style=\"text-align: justify;\">Apesar do susto, o motorista do bitrem nada sofreu.<\/p>\n<p style=\"text-align: justify;\">A camionete ficou bastante danificada e foi rebocada por um guincho da cidade ap\u00f3s a realiza\u00e7\u00e3o dos trabalhos da Pol\u00edcia Cient\u00edfica que coletou dados e imagens que far\u00e3o parte de um laudo que vai apontar as causas do acidente.<\/p>\n<p>Fonte: Folha Regional<\/p>\n","protected":false},"excerpt":{"rendered":"<p>Um acidente registrado na madrugada desta segunda-feira (11) em Luc\u00e9lia deixou duas pessoas feridas, sendo que uma delas, que conduzia a camionete ficou presa nas ferragens. Segundo apurado pelo jornal e site Folha Regional junto \u00e0 Pol\u00edcia Militar que atendeu a ocorr\u00eancia, os policiais em servi\u00e7o foram acionados por volta das 2h20 e ao chegarem [&hellip;]<\/p>\n","protected":false},"author":1,"featured_media":25955,"comment_status":"closed","ping_status":"open","sticky":false,"template":"","format":"standard","meta":{"footnotes":""},"categories":[170,110],"tags":[],"class_list":["post-25954","post","type-post","status-publish","format-standard","has-post-thumbnail","hentry","category-acidentes","category-noticiasdestaque"],"_links":{"self":[{"href":"https:\/\/jorgezanoni.com.br\/2019\/wp-json\/wp\/v2\/posts\/25954","targetHints":{"allow":["GET"]}}],"collection":[{"href":"https:\/\/jorgezanoni.com.br\/2019\/wp-json\/wp\/v2\/posts"}],"about":[{"href":"https:\/\/jorgezanoni.com.br\/2019\/wp-json\/wp\/v2\/types\/post"}],"author":[{"embeddable":true,"href":"https:\/\/jorgezanoni.com.br\/2019\/wp-json\/wp\/v2\/users\/1"}],"replies":[{"embeddable":true,"href":"https:\/\/jorgezanoni.com.br\/2019\/wp-json\/wp\/v2\/comments?post=25954"}],"version-history":[{"count":0,"href":"https:\/\/jorgezanoni.com.br\/2019\/wp-json\/wp\/v2\/posts\/25954\/revisions"}],"wp:featuredmedia":[{"embeddable":true,"href":"https:\/\/jorgezanoni.com.br\/2019\/wp-json\/wp\/v2\/media\/25955"}],"wp:attachment":[{"href":"https:\/\/jorgezanoni.com.br\/2019\/wp-json\/wp\/v2\/media?parent=25954"}],"wp:term":[{"taxonomy":"category","embeddable":true,"href":"https:\/\/jorgezanoni.com.br\/2019\/wp-json\/wp\/v2\/categories?post=25954"},{"taxonomy":"post_tag","embeddable":true,"href":"https:\/\/jorgezanoni.com.br\/2019\/wp-json\/wp\/v2\/tags?post=25954"}],"curies":[{"name":"wp","href":"https:\/\/api.w.org\/{rel}","templated":true}]}}