{"id":25951,"date":"2020-05-12T02:04:00","date_gmt":"2020-05-12T02:04:00","guid":{"rendered":"https:\/\/jorgezanoni.com.br\/2019\/?p=25951"},"modified":"2020-05-12T02:04:00","modified_gmt":"2020-05-12T02:04:00","slug":"prefeitura-anuncia-primeira-morte-suspeita-pelo-novo-coronavirus-em-adamantina","status":"publish","type":"post","link":"https:\/\/jorgezanoni.com.br\/2019\/prefeitura-anuncia-primeira-morte-suspeita-pelo-novo-coronavirus-em-adamantina\/","title":{"rendered":"Prefeitura anuncia primeira morte suspeita pelo novo coronav\u00edrus em Adamantina"},"content":{"rendered":"<h2 class=\"content-head__subtitle\" style=\"text-align: justify;\"><strong>V\u00edtima \u00e9 uma mulher, de 63 anos, que faleceu nesta segunda-feira (11). Ela estava internada na Unidade de Terapia Intensiva (UTI), em Osvaldo Cruz.<\/strong><\/h2>\n<div class=\"mc-column content-text active-extra-styles \" data-block-type=\"unstyled\" data-block-weight=\"18\" data-block-id=\"2\">\n<p class=\"content-text__container \" style=\"text-align: justify;\" data-track-category=\"Link no Texto\" data-track-links=\"\">A Prefeitura de\u00a0<a href=\"https:\/\/g1.globo.com\/sp\/presidente-prudente-regiao\/cidade\/adamantina\/\">Adamantina<\/a>\u00a0anunciou nesta segunda-feira (11) a primeira morte suspeita pelo novo coronav\u00edrus na cidade.<\/p>\n<\/div>\n<div class=\"wall protected-content\">\n<div class=\"mc-column content-text active-extra-styles \" style=\"text-align: justify;\" data-block-type=\"unstyled\" data-block-weight=\"31\" data-block-id=\"3\">\n<p class=\"content-text__container \" data-track-category=\"Link no Texto\" data-track-links=\"\">A v\u00edtima \u00e9 uma mulher, de 63 anos, que estava entubada na Unidade de Terapia Intensiva (UTI), em\u00a0<a href=\"https:\/\/g1.globo.com\/sp\/presidente-prudente-regiao\/cidade\/osvaldo-cruz\/\">Osvaldo Cruz<\/a>, desde s\u00e1bado (9). Ela faleceu na manh\u00e3 desta segunda-feira (11).<\/p>\n<\/div>\n<div class=\"mc-column content-text active-extra-styles \" style=\"text-align: justify;\" data-block-type=\"unstyled\" data-block-weight=\"16\" data-block-id=\"4\">\n<p class=\"content-text__container \" data-track-category=\"Link no Texto\" data-track-links=\"\">A paciente possu\u00eda comorbidades como hipertens\u00e3o e bronquite. Al\u00e9m disso, a v\u00edtima era ex fumante.<\/p>\n<\/div>\n<div class=\"mc-column content-text active-extra-styles \" style=\"text-align: justify;\" data-block-type=\"unstyled\" data-block-weight=\"20\" data-block-id=\"5\">\n<p class=\"content-text__container \" data-track-category=\"Link no Texto\" data-track-links=\"\">Os exames, conforme a Prefeitura, foram encaminhados para o Instituto Adolfo Lutz, em S\u00e3o Paulo. Os resultados s\u00e3o aguardados.<\/p>\n<\/div>\n<div class=\"mc-column content-text active-extra-styles \" data-block-type=\"unstyled\" data-block-weight=\"25\" data-block-id=\"6\">\n<p class=\"content-text__container \" style=\"text-align: justify;\" data-track-category=\"Link no Texto\" data-track-links=\"\">At\u00e9 o momento, Adamantina tem 40 notifica\u00e7\u00f5es da doen\u00e7a, sendo que 17 foram negativas, 7 aguardam resultados, 13 curadas, 16 positivas e 1 \u00f3bito suspeito.<\/p>\n<p style=\"text-align: justify;\" data-track-category=\"Link no Texto\" data-track-links=\"\">Fonte: G1<\/p>\n<\/div>\n<\/div>\n","protected":false},"excerpt":{"rendered":"<p>V\u00edtima \u00e9 uma mulher, de 63 anos, que faleceu nesta segunda-feira (11). Ela estava internada na Unidade de Terapia Intensiva (UTI), em Osvaldo Cruz. A Prefeitura de\u00a0Adamantina\u00a0anunciou nesta segunda-feira (11) a primeira morte suspeita pelo novo coronav\u00edrus na cidade. A v\u00edtima \u00e9 uma mulher, de 63 anos, que estava entubada na Unidade de Terapia Intensiva [&hellip;]<\/p>\n","protected":false},"author":1,"featured_media":25952,"comment_status":"closed","ping_status":"open","sticky":false,"template":"","format":"standard","meta":{"footnotes":""},"categories":[195,179,110],"tags":[],"class_list":["post-25951","post","type-post","status-publish","format-standard","has-post-thumbnail","hentry","category-adamantina","category-cidadeseregiao","category-noticiasdestaque"],"_links":{"self":[{"href":"https:\/\/jorgezanoni.com.br\/2019\/wp-json\/wp\/v2\/posts\/25951","targetHints":{"allow":["GET"]}}],"collection":[{"href":"https:\/\/jorgezanoni.com.br\/2019\/wp-json\/wp\/v2\/posts"}],"about":[{"href":"https:\/\/jorgezanoni.com.br\/2019\/wp-json\/wp\/v2\/types\/post"}],"author":[{"embeddable":true,"href":"https:\/\/jorgezanoni.com.br\/2019\/wp-json\/wp\/v2\/users\/1"}],"replies":[{"embeddable":true,"href":"https:\/\/jorgezanoni.com.br\/2019\/wp-json\/wp\/v2\/comments?post=25951"}],"version-history":[{"count":0,"href":"https:\/\/jorgezanoni.com.br\/2019\/wp-json\/wp\/v2\/posts\/25951\/revisions"}],"wp:featuredmedia":[{"embeddable":true,"href":"https:\/\/jorgezanoni.com.br\/2019\/wp-json\/wp\/v2\/media\/25952"}],"wp:attachment":[{"href":"https:\/\/jorgezanoni.com.br\/2019\/wp-json\/wp\/v2\/media?parent=25951"}],"wp:term":[{"taxonomy":"category","embeddable":true,"href":"https:\/\/jorgezanoni.com.br\/2019\/wp-json\/wp\/v2\/categories?post=25951"},{"taxonomy":"post_tag","embeddable":true,"href":"https:\/\/jorgezanoni.com.br\/2019\/wp-json\/wp\/v2\/tags?post=25951"}],"curies":[{"name":"wp","href":"https:\/\/api.w.org\/{rel}","templated":true}]}}