{"id":2593,"date":"2019-08-01T23:55:29","date_gmt":"2019-08-01T23:55:29","guid":{"rendered":"https:\/\/jorgezanoni.com.br\/2019\/?p=2593"},"modified":"2019-08-01T23:55:29","modified_gmt":"2019-08-01T23:55:29","slug":"lei-sancionada-por-doria-institui-o-dia-de-oracao-pelas-autoridades-da-nacao-em-sp","status":"publish","type":"post","link":"https:\/\/jorgezanoni.com.br\/2019\/lei-sancionada-por-doria-institui-o-dia-de-oracao-pelas-autoridades-da-nacao-em-sp\/","title":{"rendered":"Lei sancionada por Doria institui o &#8216;dia de ora\u00e7\u00e3o pelas autoridades da na\u00e7\u00e3o&#8217; em SP"},"content":{"rendered":"<h2 class=\"content-head__subtitle\" style=\"text-align: justify;\">Data entra no calend\u00e1rio oficial do estado; outras tr\u00eas leis foram publicadas no mesmo dia criando homenagens a diferentes religi\u00f5es.<\/h2>\n<div class=\"mc-column content-text active-extra-styles \" style=\"text-align: justify;\" data-block-type=\"unstyled\" data-block-weight=\"31\" data-block-id=\"2\">\n<p class=\"content-text__container \" data-track-category=\"Link no Texto\" data-track-links=\"\">Uma lei aprovada pela<a href=\"https:\/\/g1.globo.com\/tudo-sobre\/alesp\/\">Assembleia Legislativa de S\u00e3o Paulo (Alesp)<\/a>\u00a0e sancionada pelo governador\u00a0<a href=\"https:\/\/g1.globo.com\/politica\/politico\/joao-agripino-da-costa-doria-junior\/\">Jo\u00e3o Doria\u00a0<\/a>(PSDB) instituiu no calend\u00e1rio oficial do estado o \u201cdia de ora\u00e7\u00e3o pelas autoridades da na\u00e7\u00e3o\u201d.<\/p>\n<\/div>\n<div class=\"wall protected-content\">\n<div class=\"mc-column content-text active-extra-styles \" style=\"text-align: justify;\" data-block-type=\"unstyled\" data-block-weight=\"24\" data-block-id=\"3\">\n<p class=\"content-text__container \" data-track-category=\"Link no Texto\" data-track-links=\"\">A data ser\u00e1 celebrada toda terceira segunda-feira de cada m\u00eas, de acordo com o texto, publicado no Di\u00e1rio Oficial do Estado na quarta-feira (31).<\/p>\n<\/div>\n<div class=\"mc-column content-text active-extra-styles \" style=\"text-align: justify;\" data-block-type=\"unstyled\" data-block-weight=\"21\" data-block-id=\"4\">\n<p class=\"content-text__container \" data-track-category=\"Link no Texto\" data-track-links=\"\">A lei n\u00famero 17.136, de autoria dos deputados Chico Sardelli e Reinaldo Alguz, ambos do PV, entrou em vigor na quarta.<\/p>\n<\/div>\n<div class=\"mc-column content-text active-extra-styles\" style=\"text-align: justify;\" data-block-type=\"raw\" data-block-weight=\"3\" data-block-id=\"5\">\n<div class=\"content-intertitle\">\n<h2>Outras leis religiosas<\/h2>\n<\/div>\n<\/div>\n<div class=\"mc-column content-text active-extra-styles \" style=\"text-align: justify;\" data-block-type=\"unstyled\" data-block-weight=\"23\" data-block-id=\"6\">\n<p class=\"content-text__container \" data-track-category=\"Link no Texto\" data-track-links=\"\">Tamb\u00e9m na quarta-feira, o Di\u00e1rio Oficial do estado trouxe a san\u00e7\u00e3o e a publica\u00e7\u00e3o de outras tr\u00eas leis de car\u00e1ter religioso no estado.<\/p>\n<\/div>\n<div class=\"mc-column content-text active-extra-styles \" style=\"text-align: justify;\" data-block-type=\"unstyled\" data-block-weight=\"31\" data-block-id=\"7\">\n<p class=\"content-text__container \" data-track-category=\"Link no Texto\" data-track-links=\"\">A lei n\u00famero 17.133 institui o Dia da Escola B\u00edblica em homenagem &#8220;aos cidad\u00e3os crist\u00e3os participantes do ensino b\u00edblico nas igrejas&#8221;. A data ser\u00e1 comemorada anualmente, no terceiro domingo de setembro.<\/p>\n<\/div>\n<div class=\"mc-column content-text active-extra-styles \" style=\"text-align: justify;\" data-block-type=\"unstyled\" data-block-weight=\"25\" data-block-id=\"8\">\n<p class=\"content-text__container \" data-track-category=\"Link no Texto\" data-track-links=\"\">Outra lei, a 17.125, instituiu o \u201cDia da Assembleia de Deus Minist\u00e9rio de Madureira&#8221;, a ser comemorado, todos os anos, em 15 de novembro.<\/p>\n<\/div>\n<div class=\"mc-column content-text active-extra-styles \" style=\"text-align: justify;\" data-block-type=\"unstyled\" data-block-weight=\"29\" data-block-id=\"9\">\n<p class=\"content-text__container \" data-track-category=\"Link no Texto\" data-track-links=\"\">Tamb\u00e9m foi criado o \u201cDia da Igreja Sara Nossa Terra\u201d, celebrado todos os anos em 7 de setembro, com o objetivo de homenagear os cidad\u00e3os evang\u00e9licos membros da igreja.<\/p>\n<\/div>\n<div class=\"mc-column content-text active-extra-styles \" data-block-type=\"unstyled\" data-block-weight=\"15\" data-block-id=\"10\">\n<p class=\"content-text__container \" style=\"text-align: justify;\" data-track-category=\"Link no Texto\" data-track-links=\"\">Todas as leis foram sancionadas por Doria e come\u00e7aram a valer na data de publica\u00e7\u00e3o.<\/p>\n<p style=\"text-align: justify;\" data-track-category=\"Link no Texto\" data-track-links=\"\">Fonte: G1<\/p>\n<\/div>\n<\/div>\n","protected":false},"excerpt":{"rendered":"<p>Data entra no calend\u00e1rio oficial do estado; outras tr\u00eas leis foram publicadas no mesmo dia criando homenagens a diferentes religi\u00f5es. Uma lei aprovada pelaAssembleia Legislativa de S\u00e3o Paulo (Alesp)\u00a0e sancionada pelo governador\u00a0Jo\u00e3o Doria\u00a0(PSDB) instituiu no calend\u00e1rio oficial do estado o \u201cdia de ora\u00e7\u00e3o pelas autoridades da na\u00e7\u00e3o\u201d. A data ser\u00e1 celebrada toda terceira segunda-feira de [&hellip;]<\/p>\n","protected":false},"author":1,"featured_media":2594,"comment_status":"closed","ping_status":"open","sticky":false,"template":"","format":"standard","meta":{"footnotes":""},"categories":[110,116],"tags":[],"class_list":["post-2593","post","type-post","status-publish","format-standard","has-post-thumbnail","hentry","category-noticiasdestaque","category-politicaeeconomia"],"_links":{"self":[{"href":"https:\/\/jorgezanoni.com.br\/2019\/wp-json\/wp\/v2\/posts\/2593","targetHints":{"allow":["GET"]}}],"collection":[{"href":"https:\/\/jorgezanoni.com.br\/2019\/wp-json\/wp\/v2\/posts"}],"about":[{"href":"https:\/\/jorgezanoni.com.br\/2019\/wp-json\/wp\/v2\/types\/post"}],"author":[{"embeddable":true,"href":"https:\/\/jorgezanoni.com.br\/2019\/wp-json\/wp\/v2\/users\/1"}],"replies":[{"embeddable":true,"href":"https:\/\/jorgezanoni.com.br\/2019\/wp-json\/wp\/v2\/comments?post=2593"}],"version-history":[{"count":0,"href":"https:\/\/jorgezanoni.com.br\/2019\/wp-json\/wp\/v2\/posts\/2593\/revisions"}],"wp:featuredmedia":[{"embeddable":true,"href":"https:\/\/jorgezanoni.com.br\/2019\/wp-json\/wp\/v2\/media\/2594"}],"wp:attachment":[{"href":"https:\/\/jorgezanoni.com.br\/2019\/wp-json\/wp\/v2\/media?parent=2593"}],"wp:term":[{"taxonomy":"category","embeddable":true,"href":"https:\/\/jorgezanoni.com.br\/2019\/wp-json\/wp\/v2\/categories?post=2593"},{"taxonomy":"post_tag","embeddable":true,"href":"https:\/\/jorgezanoni.com.br\/2019\/wp-json\/wp\/v2\/tags?post=2593"}],"curies":[{"name":"wp","href":"https:\/\/api.w.org\/{rel}","templated":true}]}}