{"id":25929,"date":"2020-05-12T00:30:37","date_gmt":"2020-05-12T00:30:37","guid":{"rendered":"https:\/\/jorgezanoni.com.br\/2019\/?p=25929"},"modified":"2020-05-12T00:31:50","modified_gmt":"2020-05-12T00:31:50","slug":"boletim-confirma-primeira-morte-por-covid-19-em-pacaembu","status":"publish","type":"post","link":"https:\/\/jorgezanoni.com.br\/2019\/boletim-confirma-primeira-morte-por-covid-19-em-pacaembu\/","title":{"rendered":"Boletim confirma primeira morte por Covid-19 em Pacaembu"},"content":{"rendered":"<h2 class=\"content-head__subtitle\" style=\"text-align: justify;\"><strong>Conforme a Prefeitura, idosa estava internada em estado grave e era asm\u00e1tica. Ela \u00e9 m\u00e3e do homem que tamb\u00e9m teve resultado positivo para a doen\u00e7a.<\/strong><\/h2>\n<div class=\"mc-column content-text active-extra-styles \" data-block-type=\"unstyled\" data-block-weight=\"43\" data-block-id=\"2\">\n<p class=\"content-text__container \" style=\"text-align: justify;\" data-track-category=\"Link no Texto\" data-track-links=\"\">A Prefeitura de\u00a0<a href=\"https:\/\/g1.globo.com\/sp\/presidente-prudente-regiao\/cidade\/pacaembu\/\">Pacaembu<\/a>\u00a0confirmou a primeira morte por Covid-19, nesta segunda-feira (11). O caso era tratado como suspeito at\u00e9 semana passada. A v\u00edtima \u00e9 uma idosa, que n\u00e3o teve a idade revelada. Agora, o munic\u00edpio tem dois casos positivos de novo coronav\u00edrus.<\/p>\n<\/div>\n<div class=\"wall protected-content\">\n<div class=\"mc-column content-text active-extra-styles \" style=\"text-align: justify;\" data-block-type=\"unstyled\" data-block-weight=\"40\" data-block-id=\"3\">\n<p class=\"content-text__container \" data-track-category=\"Link no Texto\" data-track-links=\"\">Conforme o munic\u00edpio, a\u00a0<a href=\"https:\/\/g1.globo.com\/sp\/presidente-prudente-regiao\/noticia\/2020\/05\/05\/prefeitura-de-pacaembu-comunica-obito-suspeito-por-covid-19.ghtml\">mulher morreu no dia 4 de maio<\/a>, na Santa Casa de Osvaldo Cruz, onde estava internada em estado grave. A idosa era asm\u00e1tica e fazia uso de oxig\u00eanio h\u00e1 tr\u00eas meses, al\u00e9m de ter problema card\u00edaco.<\/p>\n<\/div>\n<div class=\"mc-column content-text active-extra-styles \" data-block-type=\"unstyled\" data-block-weight=\"27\" data-block-id=\"4\">\n<p class=\"content-text__container \" style=\"text-align: justify;\" data-track-category=\"Link no Texto\" data-track-links=\"\">O outro caso positivo do novo coronav\u00edrus \u00e9 um homem de 40 anos, filho da mulher que morreu. Prefeitura informou que ele est\u00e1 \u201cevoluindo para a cura\u201d.<\/p>\n<\/div>\n<div class=\"mc-column content-text active-extra-styles \" data-block-type=\"unstyled\" data-block-weight=\"25\" data-block-id=\"5\">\n<p data-track-category=\"Link no Texto\" data-track-links=\"\">Fonte: G1<\/p>\n<\/div>\n<\/div>\n","protected":false},"excerpt":{"rendered":"<p>Conforme a Prefeitura, idosa estava internada em estado grave e era asm\u00e1tica. Ela \u00e9 m\u00e3e do homem que tamb\u00e9m teve resultado positivo para a doen\u00e7a. A Prefeitura de\u00a0Pacaembu\u00a0confirmou a primeira morte por Covid-19, nesta segunda-feira (11). O caso era tratado como suspeito at\u00e9 semana passada. A v\u00edtima \u00e9 uma idosa, que n\u00e3o teve a idade [&hellip;]<\/p>\n","protected":false},"author":1,"featured_media":25930,"comment_status":"closed","ping_status":"open","sticky":false,"template":"","format":"standard","meta":{"footnotes":""},"categories":[179,110,191],"tags":[],"class_list":["post-25929","post","type-post","status-publish","format-standard","has-post-thumbnail","hentry","category-cidadeseregiao","category-noticiasdestaque","category-pacaembu"],"_links":{"self":[{"href":"https:\/\/jorgezanoni.com.br\/2019\/wp-json\/wp\/v2\/posts\/25929","targetHints":{"allow":["GET"]}}],"collection":[{"href":"https:\/\/jorgezanoni.com.br\/2019\/wp-json\/wp\/v2\/posts"}],"about":[{"href":"https:\/\/jorgezanoni.com.br\/2019\/wp-json\/wp\/v2\/types\/post"}],"author":[{"embeddable":true,"href":"https:\/\/jorgezanoni.com.br\/2019\/wp-json\/wp\/v2\/users\/1"}],"replies":[{"embeddable":true,"href":"https:\/\/jorgezanoni.com.br\/2019\/wp-json\/wp\/v2\/comments?post=25929"}],"version-history":[{"count":0,"href":"https:\/\/jorgezanoni.com.br\/2019\/wp-json\/wp\/v2\/posts\/25929\/revisions"}],"wp:featuredmedia":[{"embeddable":true,"href":"https:\/\/jorgezanoni.com.br\/2019\/wp-json\/wp\/v2\/media\/25930"}],"wp:attachment":[{"href":"https:\/\/jorgezanoni.com.br\/2019\/wp-json\/wp\/v2\/media?parent=25929"}],"wp:term":[{"taxonomy":"category","embeddable":true,"href":"https:\/\/jorgezanoni.com.br\/2019\/wp-json\/wp\/v2\/categories?post=25929"},{"taxonomy":"post_tag","embeddable":true,"href":"https:\/\/jorgezanoni.com.br\/2019\/wp-json\/wp\/v2\/tags?post=25929"}],"curies":[{"name":"wp","href":"https:\/\/api.w.org\/{rel}","templated":true}]}}