{"id":25922,"date":"2020-05-12T00:06:37","date_gmt":"2020-05-12T00:06:37","guid":{"rendered":"https:\/\/jorgezanoni.com.br\/2019\/?p=25922"},"modified":"2020-05-12T00:06:37","modified_gmt":"2020-05-12T00:06:37","slug":"secretaria-de-saude-de-panorama-confirma-primeira-morte-pelo-novo-coronavirus","status":"publish","type":"post","link":"https:\/\/jorgezanoni.com.br\/2019\/secretaria-de-saude-de-panorama-confirma-primeira-morte-pelo-novo-coronavirus\/","title":{"rendered":"Secretaria de Sa\u00fade de Panorama confirma primeira morte pelo novo coronav\u00edrus"},"content":{"rendered":"<h2 class=\"content-head__subtitle\" style=\"text-align: justify;\"><strong>Conforme o boletim epidemiol\u00f3gico, homem de 57 anos tamb\u00e9m \u00e9 o primeiro caso positivo da doen\u00e7a. Ele morreu nesta segunda-feira (11).<\/strong><\/h2>\n<div class=\"mc-column content-text active-extra-styles \" data-block-type=\"unstyled\" data-block-weight=\"38\" data-block-id=\"2\">\n<p class=\"content-text__container \" style=\"text-align: justify;\" data-track-category=\"Link no Texto\" data-track-links=\"\">O boletim epidemiol\u00f3gico da Secretaria de Sa\u00fade de\u00a0<a href=\"https:\/\/g1.globo.com\/sp\/presidente-prudente-regiao\/cidade\/panorama\/\">Panorama<\/a>\u00a0informou, nesta segunda-feira (11), a primeira morte pela Covid-19 confirmada. A v\u00edtima, que \u00e9 um homem de 57 anos, tamb\u00e9m \u00e9 o primeiro caso positivo da doen\u00e7a no munic\u00edpio.<\/p>\n<\/div>\n<div class=\"wall protected-content\">\n<div class=\"mc-column content-text active-extra-styles \" style=\"text-align: justify;\" data-block-type=\"unstyled\" data-block-weight=\"46\" data-block-id=\"3\">\n<p class=\"content-text__container \" data-track-category=\"Link no Texto\" data-track-links=\"\">De acordo com a pasta municipal, o homem tinha problemas card\u00edacos e outras doen\u00e7as. Ele foi internado na Santa Casa de Dracena e transferido para o Hospital Regional de Presidente Prudente, onde permaneceu na Unidade de Terapia Intensiva (UTI) e morreu na manh\u00e3 desta segunda-feira (11).<\/p>\n<\/div>\n<div class=\"mc-column content-text active-extra-styles \" style=\"text-align: justify;\" data-block-type=\"unstyled\" data-block-weight=\"17\" data-block-id=\"4\">\n<p class=\"content-text__container \" data-track-category=\"Link no Texto\" data-track-links=\"\">Ainda segundo a Secretaria de Sa\u00fade do munic\u00edpio, entre as causas da morte est\u00e1 o novo coronav\u00edrus.<\/p>\n<\/div>\n<div class=\"mc-column content-text active-extra-styles \" data-block-type=\"unstyled\" data-block-weight=\"13\" data-block-id=\"5\">\n<p class=\"content-text__container \" style=\"text-align: justify;\" data-track-category=\"Link no Texto\" data-track-links=\"\">O boletim tamb\u00e9m informou sete casos descartados. N\u00e3o h\u00e1 casos suspeitos no momento.<\/p>\n<p style=\"text-align: justify;\" data-track-category=\"Link no Texto\" data-track-links=\"\">Fonte: G1<\/p>\n<\/div>\n<\/div>\n","protected":false},"excerpt":{"rendered":"<p>Conforme o boletim epidemiol\u00f3gico, homem de 57 anos tamb\u00e9m \u00e9 o primeiro caso positivo da doen\u00e7a. Ele morreu nesta segunda-feira (11). O boletim epidemiol\u00f3gico da Secretaria de Sa\u00fade de\u00a0Panorama\u00a0informou, nesta segunda-feira (11), a primeira morte pela Covid-19 confirmada. A v\u00edtima, que \u00e9 um homem de 57 anos, tamb\u00e9m \u00e9 o primeiro caso positivo da doen\u00e7a [&hellip;]<\/p>\n","protected":false},"author":1,"featured_media":25923,"comment_status":"closed","ping_status":"open","sticky":false,"template":"","format":"standard","meta":{"footnotes":""},"categories":[179,110,188],"tags":[],"class_list":["post-25922","post","type-post","status-publish","format-standard","has-post-thumbnail","hentry","category-cidadeseregiao","category-noticiasdestaque","category-panorama"],"_links":{"self":[{"href":"https:\/\/jorgezanoni.com.br\/2019\/wp-json\/wp\/v2\/posts\/25922","targetHints":{"allow":["GET"]}}],"collection":[{"href":"https:\/\/jorgezanoni.com.br\/2019\/wp-json\/wp\/v2\/posts"}],"about":[{"href":"https:\/\/jorgezanoni.com.br\/2019\/wp-json\/wp\/v2\/types\/post"}],"author":[{"embeddable":true,"href":"https:\/\/jorgezanoni.com.br\/2019\/wp-json\/wp\/v2\/users\/1"}],"replies":[{"embeddable":true,"href":"https:\/\/jorgezanoni.com.br\/2019\/wp-json\/wp\/v2\/comments?post=25922"}],"version-history":[{"count":0,"href":"https:\/\/jorgezanoni.com.br\/2019\/wp-json\/wp\/v2\/posts\/25922\/revisions"}],"wp:featuredmedia":[{"embeddable":true,"href":"https:\/\/jorgezanoni.com.br\/2019\/wp-json\/wp\/v2\/media\/25923"}],"wp:attachment":[{"href":"https:\/\/jorgezanoni.com.br\/2019\/wp-json\/wp\/v2\/media?parent=25922"}],"wp:term":[{"taxonomy":"category","embeddable":true,"href":"https:\/\/jorgezanoni.com.br\/2019\/wp-json\/wp\/v2\/categories?post=25922"},{"taxonomy":"post_tag","embeddable":true,"href":"https:\/\/jorgezanoni.com.br\/2019\/wp-json\/wp\/v2\/tags?post=25922"}],"curies":[{"name":"wp","href":"https:\/\/api.w.org\/{rel}","templated":true}]}}