{"id":25915,"date":"2020-05-11T14:33:29","date_gmt":"2020-05-11T14:33:29","guid":{"rendered":"https:\/\/jorgezanoni.com.br\/2019\/?p=25915"},"modified":"2020-05-11T14:33:29","modified_gmt":"2020-05-11T14:33:29","slug":"colisao-entre-veiculos-na-manha-desta-segunda-feira-em-esquina-do-centro","status":"publish","type":"post","link":"https:\/\/jorgezanoni.com.br\/2019\/colisao-entre-veiculos-na-manha-desta-segunda-feira-em-esquina-do-centro\/","title":{"rendered":"Colis\u00e3o entre ve\u00edculos na manh\u00e3 desta segunda-feira em esquina do centro"},"content":{"rendered":"<p style=\"text-align: justify;\"><strong>Acidente foi registrado na esquina da avenida Jos\u00e9 Bonif\u00e1cio com a rua Duque de Caxias em Dracena.<\/strong><\/p>\n<p style=\"text-align: justify;\">Por volta de 10 Hs. desta segunda-feira (11), a Pol\u00edcia Militar registrou um acidente de tr\u00e2nsito sem v\u00edtimas na regi\u00e3o central de Dracena.<\/p>\n<p style=\"text-align: justify;\">Segundo informa\u00e7\u00f5es obtidas no local pela reportagem do Site JZ, um homem seguia pela avenida Jos\u00e9 Bonif\u00e1cio no sentido centro-bairro com seu ve\u00edculo Gol placas de Dracena, quando um Vectra tamb\u00e9m placas de Dracena, dirigido por um homem,\u00a0 fazia o sentido contr\u00e1rio e foi entrar a esquerda na Duque de Caxias.<\/p>\n<p style=\"text-align: justify;\">Cada motorista deu sua vers\u00e3o, por\u00e9m foram diferentes. Um alega que deu seta o outro que n\u00e3o e virou na sua frente. A Pol\u00edcia T\u00e9cnica que vai apurar.<\/p>\n<p style=\"text-align: justify;\">Os motoristas\u00a0 n\u00e3o tiveram ferimentos, apenas o acompanhante do ve\u00edculo Gol teve um pequeno corte na cabe\u00e7a mas n\u00e3o precisou de socorro.<\/p>\n<p><img loading=\"lazy\" decoding=\"async\" class=\"alignnone size-full wp-image-25916\" src=\"https:\/\/jorgezanoni.com.br\/2019\/wp-content\/uploads\/2020\/05\/IMG_3752.jpg\" alt=\"\" width=\"800\" height=\"600\" srcset=\"https:\/\/jorgezanoni.com.br\/2019\/wp-content\/uploads\/2020\/05\/IMG_3752.jpg 800w, https:\/\/jorgezanoni.com.br\/2019\/wp-content\/uploads\/2020\/05\/IMG_3752-300x225.jpg 300w, https:\/\/jorgezanoni.com.br\/2019\/wp-content\/uploads\/2020\/05\/IMG_3752-768x576.jpg 768w, https:\/\/jorgezanoni.com.br\/2019\/wp-content\/uploads\/2020\/05\/IMG_3752-80x60.jpg 80w, https:\/\/jorgezanoni.com.br\/2019\/wp-content\/uploads\/2020\/05\/IMG_3752-265x198.jpg 265w, https:\/\/jorgezanoni.com.br\/2019\/wp-content\/uploads\/2020\/05\/IMG_3752-696x522.jpg 696w, https:\/\/jorgezanoni.com.br\/2019\/wp-content\/uploads\/2020\/05\/IMG_3752-560x420.jpg 560w\" sizes=\"auto, (max-width: 800px) 100vw, 800px\" \/> <img loading=\"lazy\" decoding=\"async\" class=\"alignnone size-full wp-image-25917\" src=\"https:\/\/jorgezanoni.com.br\/2019\/wp-content\/uploads\/2020\/05\/IMG_3753.jpg\" alt=\"\" width=\"800\" height=\"600\" srcset=\"https:\/\/jorgezanoni.com.br\/2019\/wp-content\/uploads\/2020\/05\/IMG_3753.jpg 800w, https:\/\/jorgezanoni.com.br\/2019\/wp-content\/uploads\/2020\/05\/IMG_3753-300x225.jpg 300w, https:\/\/jorgezanoni.com.br\/2019\/wp-content\/uploads\/2020\/05\/IMG_3753-768x576.jpg 768w, https:\/\/jorgezanoni.com.br\/2019\/wp-content\/uploads\/2020\/05\/IMG_3753-80x60.jpg 80w, https:\/\/jorgezanoni.com.br\/2019\/wp-content\/uploads\/2020\/05\/IMG_3753-265x198.jpg 265w, https:\/\/jorgezanoni.com.br\/2019\/wp-content\/uploads\/2020\/05\/IMG_3753-696x522.jpg 696w, https:\/\/jorgezanoni.com.br\/2019\/wp-content\/uploads\/2020\/05\/IMG_3753-560x420.jpg 560w\" sizes=\"auto, (max-width: 800px) 100vw, 800px\" \/> <img loading=\"lazy\" decoding=\"async\" class=\"alignnone size-full wp-image-25919\" src=\"https:\/\/jorgezanoni.com.br\/2019\/wp-content\/uploads\/2020\/05\/IMG_3755.jpg\" alt=\"\" width=\"800\" height=\"600\" srcset=\"https:\/\/jorgezanoni.com.br\/2019\/wp-content\/uploads\/2020\/05\/IMG_3755.jpg 800w, https:\/\/jorgezanoni.com.br\/2019\/wp-content\/uploads\/2020\/05\/IMG_3755-300x225.jpg 300w, https:\/\/jorgezanoni.com.br\/2019\/wp-content\/uploads\/2020\/05\/IMG_3755-768x576.jpg 768w, https:\/\/jorgezanoni.com.br\/2019\/wp-content\/uploads\/2020\/05\/IMG_3755-80x60.jpg 80w, https:\/\/jorgezanoni.com.br\/2019\/wp-content\/uploads\/2020\/05\/IMG_3755-265x198.jpg 265w, https:\/\/jorgezanoni.com.br\/2019\/wp-content\/uploads\/2020\/05\/IMG_3755-696x522.jpg 696w, https:\/\/jorgezanoni.com.br\/2019\/wp-content\/uploads\/2020\/05\/IMG_3755-560x420.jpg 560w\" sizes=\"auto, (max-width: 800px) 100vw, 800px\" \/> <img loading=\"lazy\" decoding=\"async\" class=\"alignnone size-full wp-image-25920\" src=\"https:\/\/jorgezanoni.com.br\/2019\/wp-content\/uploads\/2020\/05\/IMG_3756.jpg\" alt=\"\" width=\"800\" height=\"600\" srcset=\"https:\/\/jorgezanoni.com.br\/2019\/wp-content\/uploads\/2020\/05\/IMG_3756.jpg 800w, https:\/\/jorgezanoni.com.br\/2019\/wp-content\/uploads\/2020\/05\/IMG_3756-300x225.jpg 300w, https:\/\/jorgezanoni.com.br\/2019\/wp-content\/uploads\/2020\/05\/IMG_3756-768x576.jpg 768w, https:\/\/jorgezanoni.com.br\/2019\/wp-content\/uploads\/2020\/05\/IMG_3756-80x60.jpg 80w, https:\/\/jorgezanoni.com.br\/2019\/wp-content\/uploads\/2020\/05\/IMG_3756-265x198.jpg 265w, https:\/\/jorgezanoni.com.br\/2019\/wp-content\/uploads\/2020\/05\/IMG_3756-696x522.jpg 696w, https:\/\/jorgezanoni.com.br\/2019\/wp-content\/uploads\/2020\/05\/IMG_3756-560x420.jpg 560w\" sizes=\"auto, (max-width: 800px) 100vw, 800px\" \/><\/p>\n<p style=\"text-align: justify;\">Jorge Zanoni<\/p>\n<p>&nbsp;<\/p>\n","protected":false},"excerpt":{"rendered":"<p>Acidente foi registrado na esquina da avenida Jos\u00e9 Bonif\u00e1cio com a rua Duque de Caxias em Dracena. Por volta de 10 Hs. desta segunda-feira (11), a Pol\u00edcia Militar registrou um acidente de tr\u00e2nsito sem v\u00edtimas na regi\u00e3o central de Dracena. Segundo informa\u00e7\u00f5es obtidas no local pela reportagem do Site JZ, um homem seguia pela avenida [&hellip;]<\/p>\n","protected":false},"author":1,"featured_media":25918,"comment_status":"closed","ping_status":"open","sticky":false,"template":"","format":"standard","meta":{"footnotes":""},"categories":[170,110],"tags":[],"class_list":["post-25915","post","type-post","status-publish","format-standard","has-post-thumbnail","hentry","category-acidentes","category-noticiasdestaque"],"_links":{"self":[{"href":"https:\/\/jorgezanoni.com.br\/2019\/wp-json\/wp\/v2\/posts\/25915","targetHints":{"allow":["GET"]}}],"collection":[{"href":"https:\/\/jorgezanoni.com.br\/2019\/wp-json\/wp\/v2\/posts"}],"about":[{"href":"https:\/\/jorgezanoni.com.br\/2019\/wp-json\/wp\/v2\/types\/post"}],"author":[{"embeddable":true,"href":"https:\/\/jorgezanoni.com.br\/2019\/wp-json\/wp\/v2\/users\/1"}],"replies":[{"embeddable":true,"href":"https:\/\/jorgezanoni.com.br\/2019\/wp-json\/wp\/v2\/comments?post=25915"}],"version-history":[{"count":0,"href":"https:\/\/jorgezanoni.com.br\/2019\/wp-json\/wp\/v2\/posts\/25915\/revisions"}],"wp:featuredmedia":[{"embeddable":true,"href":"https:\/\/jorgezanoni.com.br\/2019\/wp-json\/wp\/v2\/media\/25918"}],"wp:attachment":[{"href":"https:\/\/jorgezanoni.com.br\/2019\/wp-json\/wp\/v2\/media?parent=25915"}],"wp:term":[{"taxonomy":"category","embeddable":true,"href":"https:\/\/jorgezanoni.com.br\/2019\/wp-json\/wp\/v2\/categories?post=25915"},{"taxonomy":"post_tag","embeddable":true,"href":"https:\/\/jorgezanoni.com.br\/2019\/wp-json\/wp\/v2\/tags?post=25915"}],"curies":[{"name":"wp","href":"https:\/\/api.w.org\/{rel}","templated":true}]}}