{"id":25886,"date":"2020-05-10T23:20:36","date_gmt":"2020-05-10T23:20:36","guid":{"rendered":"https:\/\/jorgezanoni.com.br\/2019\/?p=25886"},"modified":"2020-05-10T23:28:28","modified_gmt":"2020-05-10T23:28:28","slug":"reclamacao-da-populacao-problema-no-lixao-de-iandara-continua","status":"publish","type":"post","link":"https:\/\/jorgezanoni.com.br\/2019\/reclamacao-da-populacao-problema-no-lixao-de-iandara-continua\/","title":{"rendered":"Reclama\u00e7\u00e3o da Popula\u00e7\u00e3o: Problema no lix\u00e3o de Iandara continua"},"content":{"rendered":"<p style=\"text-align: justify;\">Um morador do Distrito de Iandara, enviou imagens para o Site JZ, dizendo que h\u00e1 mais de uma semana a fuma\u00e7a do Lix\u00e3o est\u00e1 incomodando os moradores.<\/p>\n<p style=\"text-align: justify;\">Disse que durante o dia quanto est\u00e1 ventando at\u00e9 que d\u00e1 para suportar, por\u00e9m a noite, principalmente nesses dias com baixa temperatura a fuma\u00e7a vai toda para o bairro.<\/p>\n<p style=\"text-align: justify;\">N\u00e3o sabemos se algo foi feito, por que ningu\u00e9m veio a p\u00fablico para dizer. Se foi feito n\u00e3o resolveu, ent\u00e3o que os respons\u00e1veis tomem uma decis\u00e3o com urg\u00eancia e resolvam de vez o problema daquele setor do munic\u00edpio.<\/p>\n<p style=\"text-align: justify;\">Reportagem nesse sentido foi feita a semana passada com fotos e v\u00eddeos.<\/p>\n<p style=\"text-align: justify;\">Lembrando que \u00e9 ano de elei\u00e7\u00e3o!<\/p>\n<p><img loading=\"lazy\" decoding=\"async\" class=\"alignnone size-full wp-image-25887\" src=\"https:\/\/jorgezanoni.com.br\/2019\/wp-content\/uploads\/2020\/05\/lixo-3.jpg\" alt=\"\" width=\"1032\" height=\"581\" srcset=\"https:\/\/jorgezanoni.com.br\/2019\/wp-content\/uploads\/2020\/05\/lixo-3.jpg 1032w, https:\/\/jorgezanoni.com.br\/2019\/wp-content\/uploads\/2020\/05\/lixo-3-300x169.jpg 300w, https:\/\/jorgezanoni.com.br\/2019\/wp-content\/uploads\/2020\/05\/lixo-3-1024x576.jpg 1024w, https:\/\/jorgezanoni.com.br\/2019\/wp-content\/uploads\/2020\/05\/lixo-3-768x432.jpg 768w, https:\/\/jorgezanoni.com.br\/2019\/wp-content\/uploads\/2020\/05\/lixo-3-696x392.jpg 696w, https:\/\/jorgezanoni.com.br\/2019\/wp-content\/uploads\/2020\/05\/lixo-3-746x420.jpg 746w\" sizes=\"auto, (max-width: 1032px) 100vw, 1032px\" \/> <img loading=\"lazy\" decoding=\"async\" class=\"alignnone size-full wp-image-25889\" src=\"https:\/\/jorgezanoni.com.br\/2019\/wp-content\/uploads\/2020\/05\/lixo2-3.jpg\" alt=\"\" width=\"1032\" height=\"581\" srcset=\"https:\/\/jorgezanoni.com.br\/2019\/wp-content\/uploads\/2020\/05\/lixo2-3.jpg 1032w, https:\/\/jorgezanoni.com.br\/2019\/wp-content\/uploads\/2020\/05\/lixo2-3-300x169.jpg 300w, https:\/\/jorgezanoni.com.br\/2019\/wp-content\/uploads\/2020\/05\/lixo2-3-1024x576.jpg 1024w, https:\/\/jorgezanoni.com.br\/2019\/wp-content\/uploads\/2020\/05\/lixo2-3-768x432.jpg 768w, https:\/\/jorgezanoni.com.br\/2019\/wp-content\/uploads\/2020\/05\/lixo2-3-696x392.jpg 696w, https:\/\/jorgezanoni.com.br\/2019\/wp-content\/uploads\/2020\/05\/lixo2-3-746x420.jpg 746w\" sizes=\"auto, (max-width: 1032px) 100vw, 1032px\" \/> <img loading=\"lazy\" decoding=\"async\" class=\"alignnone size-full wp-image-25890\" src=\"https:\/\/jorgezanoni.com.br\/2019\/wp-content\/uploads\/2020\/05\/lixo3-3.jpg\" alt=\"\" width=\"1032\" height=\"581\" srcset=\"https:\/\/jorgezanoni.com.br\/2019\/wp-content\/uploads\/2020\/05\/lixo3-3.jpg 1032w, https:\/\/jorgezanoni.com.br\/2019\/wp-content\/uploads\/2020\/05\/lixo3-3-300x169.jpg 300w, https:\/\/jorgezanoni.com.br\/2019\/wp-content\/uploads\/2020\/05\/lixo3-3-1024x576.jpg 1024w, https:\/\/jorgezanoni.com.br\/2019\/wp-content\/uploads\/2020\/05\/lixo3-3-768x432.jpg 768w, https:\/\/jorgezanoni.com.br\/2019\/wp-content\/uploads\/2020\/05\/lixo3-3-696x392.jpg 696w, https:\/\/jorgezanoni.com.br\/2019\/wp-content\/uploads\/2020\/05\/lixo3-3-746x420.jpg 746w\" sizes=\"auto, (max-width: 1032px) 100vw, 1032px\" \/><\/p>\n<p style=\"text-align: justify;\">Jorge Zanoni<\/p>\n<p>Fotos de Internauta<\/p>\n","protected":false},"excerpt":{"rendered":"<p>Um morador do Distrito de Iandara, enviou imagens para o Site JZ, dizendo que h\u00e1 mais de uma semana a fuma\u00e7a do Lix\u00e3o est\u00e1 incomodando os moradores. Disse que durante o dia quanto est\u00e1 ventando at\u00e9 que d\u00e1 para suportar, por\u00e9m a noite, principalmente nesses dias com baixa temperatura a fuma\u00e7a vai toda para o [&hellip;]<\/p>\n","protected":false},"author":1,"featured_media":25888,"comment_status":"closed","ping_status":"open","sticky":false,"template":"","format":"standard","meta":{"footnotes":""},"categories":[179,184,110],"tags":[],"class_list":["post-25886","post","type-post","status-publish","format-standard","has-post-thumbnail","hentry","category-cidadeseregiao","category-dracena","category-noticiasdestaque"],"_links":{"self":[{"href":"https:\/\/jorgezanoni.com.br\/2019\/wp-json\/wp\/v2\/posts\/25886","targetHints":{"allow":["GET"]}}],"collection":[{"href":"https:\/\/jorgezanoni.com.br\/2019\/wp-json\/wp\/v2\/posts"}],"about":[{"href":"https:\/\/jorgezanoni.com.br\/2019\/wp-json\/wp\/v2\/types\/post"}],"author":[{"embeddable":true,"href":"https:\/\/jorgezanoni.com.br\/2019\/wp-json\/wp\/v2\/users\/1"}],"replies":[{"embeddable":true,"href":"https:\/\/jorgezanoni.com.br\/2019\/wp-json\/wp\/v2\/comments?post=25886"}],"version-history":[{"count":0,"href":"https:\/\/jorgezanoni.com.br\/2019\/wp-json\/wp\/v2\/posts\/25886\/revisions"}],"wp:featuredmedia":[{"embeddable":true,"href":"https:\/\/jorgezanoni.com.br\/2019\/wp-json\/wp\/v2\/media\/25888"}],"wp:attachment":[{"href":"https:\/\/jorgezanoni.com.br\/2019\/wp-json\/wp\/v2\/media?parent=25886"}],"wp:term":[{"taxonomy":"category","embeddable":true,"href":"https:\/\/jorgezanoni.com.br\/2019\/wp-json\/wp\/v2\/categories?post=25886"},{"taxonomy":"post_tag","embeddable":true,"href":"https:\/\/jorgezanoni.com.br\/2019\/wp-json\/wp\/v2\/tags?post=25886"}],"curies":[{"name":"wp","href":"https:\/\/api.w.org\/{rel}","templated":true}]}}