{"id":2576,"date":"2019-08-01T22:21:22","date_gmt":"2019-08-01T22:21:22","guid":{"rendered":"https:\/\/jorgezanoni.com.br\/2019\/?p=2576"},"modified":"2019-08-01T22:21:22","modified_gmt":"2019-08-01T22:21:22","slug":"equipes-de-dracena-estao-participando-do-2o-campeonato-paulista-de-minibol-em-aguas-de-sao-pedro","status":"publish","type":"post","link":"https:\/\/jorgezanoni.com.br\/2019\/equipes-de-dracena-estao-participando-do-2o-campeonato-paulista-de-minibol-em-aguas-de-sao-pedro\/","title":{"rendered":"Equipes de Dracena est\u00e3o participando do 2\u00ba Campeonato Paulista de Minibol em \u00c1guas de S\u00e3o Pedro"},"content":{"rendered":"<p style=\"text-align: justify;\"><strong>\u00c1guas\u00a0 de S\u00e3o Pedro sedia 2\u00ba campeonato paulista de Minobol<\/strong><\/p>\n<p style=\"text-align: justify;\">Atletas de v\u00e1rias cidades paulistas est\u00e3o em \u00c1guas de S\u00e3o Pedro entre os dias 1 e 4 de agosto, data em que acontece o 2\u00ba Campeonato Paulista de Minobol \u2013 v\u00f4lei adaptado para a Melhor Idade. O evento \u00e9 realizado pela Federa\u00e7\u00e3o Paulista de Minobol e conta com o apoio da prefeitura.<br \/>\nParticipam do torneio 13 agremia\u00e7\u00f5es, totalizando 30 equipes divididas nas modalidades: 50, 60 e 70 anos feminino; e 50 e 60 anos masculino. \u00c1guas de S\u00e3o Pedro vai sediar o evento pelo segundo ano consecutivo.<br \/>\nAs delega\u00e7\u00f5es desembarcaram na est\u00e2ncia nesta quinta-feira (1\u00ba). A abertura acontece no mesmo dia, a partir das 15h30 no Boulevard. Os jogos ser\u00e3o realizados nas tr\u00eas quadras do complexo esportivo Armando Brandini.<\/p>\n<p style=\"text-align: justify;\">Resultado de hoje: Dracena 2 x 0 \u00c1guas de S\u00e3o Pedro A &#8211; placar de 15&#215;13 e 15&#215;10<br \/>\nAmanh\u00e3 8 Hs. Dracena x Rio Preto categoria + 60 e outro jogo a ser definido as 14 Hs.<\/p>\n<p style=\"text-align: justify;\">\n","protected":false},"excerpt":{"rendered":"<p>\u00c1guas\u00a0 de S\u00e3o Pedro sedia 2\u00ba campeonato paulista de Minobol Atletas de v\u00e1rias cidades paulistas est\u00e3o em \u00c1guas de S\u00e3o Pedro entre os dias 1 e 4 de agosto, data em que acontece o 2\u00ba Campeonato Paulista de Minobol \u2013 v\u00f4lei adaptado para a Melhor Idade. O evento \u00e9 realizado pela Federa\u00e7\u00e3o Paulista de Minobol [&hellip;]<\/p>\n","protected":false},"author":1,"featured_media":2577,"comment_status":"closed","ping_status":"open","sticky":false,"template":"","format":"standard","meta":{"footnotes":""},"categories":[111,110],"tags":[],"class_list":["post-2576","post","type-post","status-publish","format-standard","has-post-thumbnail","hentry","category-esporteecultura","category-noticiasdestaque"],"_links":{"self":[{"href":"https:\/\/jorgezanoni.com.br\/2019\/wp-json\/wp\/v2\/posts\/2576","targetHints":{"allow":["GET"]}}],"collection":[{"href":"https:\/\/jorgezanoni.com.br\/2019\/wp-json\/wp\/v2\/posts"}],"about":[{"href":"https:\/\/jorgezanoni.com.br\/2019\/wp-json\/wp\/v2\/types\/post"}],"author":[{"embeddable":true,"href":"https:\/\/jorgezanoni.com.br\/2019\/wp-json\/wp\/v2\/users\/1"}],"replies":[{"embeddable":true,"href":"https:\/\/jorgezanoni.com.br\/2019\/wp-json\/wp\/v2\/comments?post=2576"}],"version-history":[{"count":0,"href":"https:\/\/jorgezanoni.com.br\/2019\/wp-json\/wp\/v2\/posts\/2576\/revisions"}],"wp:featuredmedia":[{"embeddable":true,"href":"https:\/\/jorgezanoni.com.br\/2019\/wp-json\/wp\/v2\/media\/2577"}],"wp:attachment":[{"href":"https:\/\/jorgezanoni.com.br\/2019\/wp-json\/wp\/v2\/media?parent=2576"}],"wp:term":[{"taxonomy":"category","embeddable":true,"href":"https:\/\/jorgezanoni.com.br\/2019\/wp-json\/wp\/v2\/categories?post=2576"},{"taxonomy":"post_tag","embeddable":true,"href":"https:\/\/jorgezanoni.com.br\/2019\/wp-json\/wp\/v2\/tags?post=2576"}],"curies":[{"name":"wp","href":"https:\/\/api.w.org\/{rel}","templated":true}]}}