{"id":2564,"date":"2019-08-01T20:36:32","date_gmt":"2019-08-01T20:36:32","guid":{"rendered":"https:\/\/jorgezanoni.com.br\/2019\/?p=2564"},"modified":"2019-08-01T20:36:32","modified_gmt":"2019-08-01T20:36:32","slug":"diretor-regional-do-s-d-r-acompanha-visita-do-secretario-estadual-da-justica-e-cidadania","status":"publish","type":"post","link":"https:\/\/jorgezanoni.com.br\/2019\/diretor-regional-do-s-d-r-acompanha-visita-do-secretario-estadual-da-justica-e-cidadania\/","title":{"rendered":"Diretor Regional do S.D.R. acompanha visita do Secret\u00e1rio Estadual da Justi\u00e7a e Cidadania"},"content":{"rendered":"<p style=\"text-align: justify;\">Representando o Secret\u00e1rio de Desenvolvimento Regional, Marco Vinholi, acompanhei nos dias 29 e 30\/7 na 10\u00aa Regi\u00e3o Administrativa de Presidente Prudente, a visita do Dr. Paulo Dimas Mascaretti, Secret\u00e1rio Estadual da Justi\u00e7a e Cidadania no governo Jo\u00e3o Doria.<\/p>\n<p><img loading=\"lazy\" decoding=\"async\" class=\"alignnone size-full wp-image-2565\" src=\"https:\/\/jorgezanoni.com.br\/2019\/wp-content\/uploads\/2019\/08\/chic\u00e3o.jpg\" alt=\"\" width=\"1024\" height=\"576\" srcset=\"https:\/\/jorgezanoni.com.br\/2019\/wp-content\/uploads\/2019\/08\/chic\u00e3o.jpg 1024w, https:\/\/jorgezanoni.com.br\/2019\/wp-content\/uploads\/2019\/08\/chic\u00e3o-300x169.jpg 300w, https:\/\/jorgezanoni.com.br\/2019\/wp-content\/uploads\/2019\/08\/chic\u00e3o-768x432.jpg 768w, https:\/\/jorgezanoni.com.br\/2019\/wp-content\/uploads\/2019\/08\/chic\u00e3o-696x392.jpg 696w, https:\/\/jorgezanoni.com.br\/2019\/wp-content\/uploads\/2019\/08\/chic\u00e3o-747x420.jpg 747w\" sizes=\"auto, (max-width: 1024px) 100vw, 1024px\" \/><\/p>\n<p style=\"text-align: justify;\">A Solenidade contou com a assinatura de v\u00e1rios contratos para libera\u00e7\u00e3o de verbas e conv\u00eanios para muitos munic\u00edpios, al\u00e9m de visitas aos assentamentos Florestan Fernandes e \u00c1gua Limpa com entrega de termos de concess\u00e3o de uso aos assentados. Tamb\u00e9m fizemos visita especial \u00e0 Funda\u00e7\u00e3o Casa, ambos no Munic\u00edpio de Presidente Bernardes.<\/p>\n<p><img loading=\"lazy\" decoding=\"async\" class=\"alignnone size-full wp-image-2566\" src=\"https:\/\/jorgezanoni.com.br\/2019\/wp-content\/uploads\/2019\/08\/chic\u00e3o2.jpg\" alt=\"\" width=\"1280\" height=\"720\" srcset=\"https:\/\/jorgezanoni.com.br\/2019\/wp-content\/uploads\/2019\/08\/chic\u00e3o2.jpg 1280w, https:\/\/jorgezanoni.com.br\/2019\/wp-content\/uploads\/2019\/08\/chic\u00e3o2-300x169.jpg 300w, https:\/\/jorgezanoni.com.br\/2019\/wp-content\/uploads\/2019\/08\/chic\u00e3o2-768x432.jpg 768w, https:\/\/jorgezanoni.com.br\/2019\/wp-content\/uploads\/2019\/08\/chic\u00e3o2-1024x576.jpg 1024w, https:\/\/jorgezanoni.com.br\/2019\/wp-content\/uploads\/2019\/08\/chic\u00e3o2-696x392.jpg 696w, https:\/\/jorgezanoni.com.br\/2019\/wp-content\/uploads\/2019\/08\/chic\u00e3o2-1068x601.jpg 1068w, https:\/\/jorgezanoni.com.br\/2019\/wp-content\/uploads\/2019\/08\/chic\u00e3o2-747x420.jpg 747w\" sizes=\"auto, (max-width: 1280px) 100vw, 1280px\" \/><\/p>\n<p style=\"text-align: justify;\">\u00c9 o governo de S\u00e3o Paulo + Perto de voc\u00ea.<\/p>\n<p><img loading=\"lazy\" decoding=\"async\" class=\"alignnone size-full wp-image-2567\" src=\"https:\/\/jorgezanoni.com.br\/2019\/wp-content\/uploads\/2019\/08\/chic\u00e3o3.jpg\" alt=\"\" width=\"1280\" height=\"960\" srcset=\"https:\/\/jorgezanoni.com.br\/2019\/wp-content\/uploads\/2019\/08\/chic\u00e3o3.jpg 1280w, https:\/\/jorgezanoni.com.br\/2019\/wp-content\/uploads\/2019\/08\/chic\u00e3o3-300x225.jpg 300w, https:\/\/jorgezanoni.com.br\/2019\/wp-content\/uploads\/2019\/08\/chic\u00e3o3-768x576.jpg 768w, https:\/\/jorgezanoni.com.br\/2019\/wp-content\/uploads\/2019\/08\/chic\u00e3o3-1024x768.jpg 1024w, https:\/\/jorgezanoni.com.br\/2019\/wp-content\/uploads\/2019\/08\/chic\u00e3o3-80x60.jpg 80w, https:\/\/jorgezanoni.com.br\/2019\/wp-content\/uploads\/2019\/08\/chic\u00e3o3-265x198.jpg 265w, https:\/\/jorgezanoni.com.br\/2019\/wp-content\/uploads\/2019\/08\/chic\u00e3o3-696x522.jpg 696w, https:\/\/jorgezanoni.com.br\/2019\/wp-content\/uploads\/2019\/08\/chic\u00e3o3-1068x801.jpg 1068w, https:\/\/jorgezanoni.com.br\/2019\/wp-content\/uploads\/2019\/08\/chic\u00e3o3-560x420.jpg 560w\" sizes=\"auto, (max-width: 1280px) 100vw, 1280px\" \/><\/p>\n<p style=\"text-align: justify;\">Prof. Francisco Torturello.<br \/>\nDiretor Regional do Escrit\u00f3rio da S.D.R. da 10\u00aa Regi\u00e3o Administrativa de Presidente Prudente.<\/p>\n","protected":false},"excerpt":{"rendered":"<p>Representando o Secret\u00e1rio de Desenvolvimento Regional, Marco Vinholi, acompanhei nos dias 29 e 30\/7 na 10\u00aa Regi\u00e3o Administrativa de Presidente Prudente, a visita do Dr. Paulo Dimas Mascaretti, Secret\u00e1rio Estadual da Justi\u00e7a e Cidadania no governo Jo\u00e3o Doria. A Solenidade contou com a assinatura de v\u00e1rios contratos para libera\u00e7\u00e3o de verbas e conv\u00eanios para muitos [&hellip;]<\/p>\n","protected":false},"author":1,"featured_media":2568,"comment_status":"closed","ping_status":"open","sticky":false,"template":"","format":"standard","meta":{"footnotes":""},"categories":[110,116],"tags":[],"class_list":["post-2564","post","type-post","status-publish","format-standard","has-post-thumbnail","hentry","category-noticiasdestaque","category-politicaeeconomia"],"_links":{"self":[{"href":"https:\/\/jorgezanoni.com.br\/2019\/wp-json\/wp\/v2\/posts\/2564","targetHints":{"allow":["GET"]}}],"collection":[{"href":"https:\/\/jorgezanoni.com.br\/2019\/wp-json\/wp\/v2\/posts"}],"about":[{"href":"https:\/\/jorgezanoni.com.br\/2019\/wp-json\/wp\/v2\/types\/post"}],"author":[{"embeddable":true,"href":"https:\/\/jorgezanoni.com.br\/2019\/wp-json\/wp\/v2\/users\/1"}],"replies":[{"embeddable":true,"href":"https:\/\/jorgezanoni.com.br\/2019\/wp-json\/wp\/v2\/comments?post=2564"}],"version-history":[{"count":0,"href":"https:\/\/jorgezanoni.com.br\/2019\/wp-json\/wp\/v2\/posts\/2564\/revisions"}],"wp:featuredmedia":[{"embeddable":true,"href":"https:\/\/jorgezanoni.com.br\/2019\/wp-json\/wp\/v2\/media\/2568"}],"wp:attachment":[{"href":"https:\/\/jorgezanoni.com.br\/2019\/wp-json\/wp\/v2\/media?parent=2564"}],"wp:term":[{"taxonomy":"category","embeddable":true,"href":"https:\/\/jorgezanoni.com.br\/2019\/wp-json\/wp\/v2\/categories?post=2564"},{"taxonomy":"post_tag","embeddable":true,"href":"https:\/\/jorgezanoni.com.br\/2019\/wp-json\/wp\/v2\/tags?post=2564"}],"curies":[{"name":"wp","href":"https:\/\/api.w.org\/{rel}","templated":true}]}}