{"id":25586,"date":"2020-05-10T07:29:18","date_gmt":"2020-05-10T07:29:18","guid":{"rendered":"https:\/\/jorgezanoni.com.br\/2019\/?p=25586"},"modified":"2020-05-10T23:11:21","modified_gmt":"2020-05-10T23:11:21","slug":"site-jz-faz-homenagem-inedita-para-as-maes","status":"publish","type":"post","link":"https:\/\/jorgezanoni.com.br\/2019\/site-jz-faz-homenagem-inedita-para-as-maes\/","title":{"rendered":"Site JZ faz homenagem in\u00e9dita para as m\u00e3es"},"content":{"rendered":"<p style=\"text-align: justify;\"><strong>Inovando, parabenizando e agradecendo a cada &#8220;M\u00e3e&#8221; que nos d\u00e1 a honra de ser frequentadora ass\u00edduo das not\u00edcias do Site Jorge Zanoni todos os dias, presenteamos voc\u00ea com uma singela homenagem daqueles que te amam. Feliz &#8220;Dia das M\u00e3es&#8221;<\/strong><\/p>\n<p><img loading=\"lazy\" decoding=\"async\" class=\"alignnone size-full wp-image-25587\" src=\"https:\/\/jorgezanoni.com.br\/2019\/wp-content\/uploads\/2020\/05\/Ac\u00farcio-e-Dona-Adelina.jpg\" alt=\"\" width=\"1032\" height=\"774\" srcset=\"https:\/\/jorgezanoni.com.br\/2019\/wp-content\/uploads\/2020\/05\/Ac\u00farcio-e-Dona-Adelina.jpg 1032w, https:\/\/jorgezanoni.com.br\/2019\/wp-content\/uploads\/2020\/05\/Ac\u00farcio-e-Dona-Adelina-300x225.jpg 300w, https:\/\/jorgezanoni.com.br\/2019\/wp-content\/uploads\/2020\/05\/Ac\u00farcio-e-Dona-Adelina-1024x768.jpg 1024w, https:\/\/jorgezanoni.com.br\/2019\/wp-content\/uploads\/2020\/05\/Ac\u00farcio-e-Dona-Adelina-768x576.jpg 768w, https:\/\/jorgezanoni.com.br\/2019\/wp-content\/uploads\/2020\/05\/Ac\u00farcio-e-Dona-Adelina-80x60.jpg 80w, https:\/\/jorgezanoni.com.br\/2019\/wp-content\/uploads\/2020\/05\/Ac\u00farcio-e-Dona-Adelina-265x198.jpg 265w, https:\/\/jorgezanoni.com.br\/2019\/wp-content\/uploads\/2020\/05\/Ac\u00farcio-e-Dona-Adelina-696x522.jpg 696w, https:\/\/jorgezanoni.com.br\/2019\/wp-content\/uploads\/2020\/05\/Ac\u00farcio-e-Dona-Adelina-560x420.jpg 560w\" sizes=\"auto, (max-width: 1032px) 100vw, 1032px\" \/>Ac\u00farcio Alfredo Gomes e a m\u00e3e dona Adelina<\/p>\n<p><img loading=\"lazy\" decoding=\"async\" class=\"alignnone size-full wp-image-25588\" src=\"https:\/\/jorgezanoni.com.br\/2019\/wp-content\/uploads\/2020\/05\/Adelia-pereira-Rodrigues-e-Juliana-Souza-e-Suh-Rodrigues.jpg\" alt=\"\" width=\"1280\" height=\"1280\" srcset=\"https:\/\/jorgezanoni.com.br\/2019\/wp-content\/uploads\/2020\/05\/Adelia-pereira-Rodrigues-e-Juliana-Souza-e-Suh-Rodrigues.jpg 1280w, https:\/\/jorgezanoni.com.br\/2019\/wp-content\/uploads\/2020\/05\/Adelia-pereira-Rodrigues-e-Juliana-Souza-e-Suh-Rodrigues-300x300.jpg 300w, https:\/\/jorgezanoni.com.br\/2019\/wp-content\/uploads\/2020\/05\/Adelia-pereira-Rodrigues-e-Juliana-Souza-e-Suh-Rodrigues-1024x1024.jpg 1024w, https:\/\/jorgezanoni.com.br\/2019\/wp-content\/uploads\/2020\/05\/Adelia-pereira-Rodrigues-e-Juliana-Souza-e-Suh-Rodrigues-150x150.jpg 150w, https:\/\/jorgezanoni.com.br\/2019\/wp-content\/uploads\/2020\/05\/Adelia-pereira-Rodrigues-e-Juliana-Souza-e-Suh-Rodrigues-768x768.jpg 768w, https:\/\/jorgezanoni.com.br\/2019\/wp-content\/uploads\/2020\/05\/Adelia-pereira-Rodrigues-e-Juliana-Souza-e-Suh-Rodrigues-696x696.jpg 696w, https:\/\/jorgezanoni.com.br\/2019\/wp-content\/uploads\/2020\/05\/Adelia-pereira-Rodrigues-e-Juliana-Souza-e-Suh-Rodrigues-1068x1068.jpg 1068w, https:\/\/jorgezanoni.com.br\/2019\/wp-content\/uploads\/2020\/05\/Adelia-pereira-Rodrigues-e-Juliana-Souza-e-Suh-Rodrigues-420x420.jpg 420w\" sizes=\"auto, (max-width: 1280px) 100vw, 1280px\" \/>M\u00e3es Adelina Pereira Rodrigues, Juliana Souza e Suh Rodrigues<\/p>\n<p><img loading=\"lazy\" decoding=\"async\" class=\"alignnone size-full wp-image-25589\" src=\"https:\/\/jorgezanoni.com.br\/2019\/wp-content\/uploads\/2020\/05\/Adriana-Gomes-Volpi-com-sua-M\u00e3e-Nicea-Gomes-Fernandes.jpg\" alt=\"\" width=\"960\" height=\"1280\" srcset=\"https:\/\/jorgezanoni.com.br\/2019\/wp-content\/uploads\/2020\/05\/Adriana-Gomes-Volpi-com-sua-M\u00e3e-Nicea-Gomes-Fernandes.jpg 960w, https:\/\/jorgezanoni.com.br\/2019\/wp-content\/uploads\/2020\/05\/Adriana-Gomes-Volpi-com-sua-M\u00e3e-Nicea-Gomes-Fernandes-225x300.jpg 225w, https:\/\/jorgezanoni.com.br\/2019\/wp-content\/uploads\/2020\/05\/Adriana-Gomes-Volpi-com-sua-M\u00e3e-Nicea-Gomes-Fernandes-768x1024.jpg 768w, https:\/\/jorgezanoni.com.br\/2019\/wp-content\/uploads\/2020\/05\/Adriana-Gomes-Volpi-com-sua-M\u00e3e-Nicea-Gomes-Fernandes-696x928.jpg 696w, https:\/\/jorgezanoni.com.br\/2019\/wp-content\/uploads\/2020\/05\/Adriana-Gomes-Volpi-com-sua-M\u00e3e-Nicea-Gomes-Fernandes-315x420.jpg 315w\" sizes=\"auto, (max-width: 960px) 100vw, 960px\" \/>Adriana Gomes Volpi e a m\u00e3e Nicea Gomes Fernandes<\/p>\n<p><img loading=\"lazy\" decoding=\"async\" class=\"alignnone size-full wp-image-25590\" src=\"https:\/\/jorgezanoni.com.br\/2019\/wp-content\/uploads\/2020\/05\/Alice-Martins-filhos-Cassimiro-e-Am\u00e9lia.jpg\" alt=\"\" width=\"590\" height=\"1280\" srcset=\"https:\/\/jorgezanoni.com.br\/2019\/wp-content\/uploads\/2020\/05\/Alice-Martins-filhos-Cassimiro-e-Am\u00e9lia.jpg 590w, https:\/\/jorgezanoni.com.br\/2019\/wp-content\/uploads\/2020\/05\/Alice-Martins-filhos-Cassimiro-e-Am\u00e9lia-138x300.jpg 138w, https:\/\/jorgezanoni.com.br\/2019\/wp-content\/uploads\/2020\/05\/Alice-Martins-filhos-Cassimiro-e-Am\u00e9lia-472x1024.jpg 472w, https:\/\/jorgezanoni.com.br\/2019\/wp-content\/uploads\/2020\/05\/Alice-Martins-filhos-Cassimiro-e-Am\u00e9lia-194x420.jpg 194w\" sizes=\"auto, (max-width: 590px) 100vw, 590px\" \/>M\u00e3e Alice Martins com os filhos Cassimiro e Am\u00e9lia<\/p>\n<p><img loading=\"lazy\" decoding=\"async\" class=\"alignnone size-full wp-image-25592\" src=\"https:\/\/jorgezanoni.com.br\/2019\/wp-content\/uploads\/2020\/05\/Alini-e-a-m\u00e3e-Marly.jpg\" alt=\"\" width=\"774\" height=\"1032\" srcset=\"https:\/\/jorgezanoni.com.br\/2019\/wp-content\/uploads\/2020\/05\/Alini-e-a-m\u00e3e-Marly.jpg 774w, https:\/\/jorgezanoni.com.br\/2019\/wp-content\/uploads\/2020\/05\/Alini-e-a-m\u00e3e-Marly-225x300.jpg 225w, https:\/\/jorgezanoni.com.br\/2019\/wp-content\/uploads\/2020\/05\/Alini-e-a-m\u00e3e-Marly-768x1024.jpg 768w, https:\/\/jorgezanoni.com.br\/2019\/wp-content\/uploads\/2020\/05\/Alini-e-a-m\u00e3e-Marly-696x928.jpg 696w, https:\/\/jorgezanoni.com.br\/2019\/wp-content\/uploads\/2020\/05\/Alini-e-a-m\u00e3e-Marly-315x420.jpg 315w\" sizes=\"auto, (max-width: 774px) 100vw, 774px\" \/>Alini e a m\u00e3e Marly<\/p>\n<p><img loading=\"lazy\" decoding=\"async\" class=\"alignnone size-full wp-image-25593\" src=\"https:\/\/jorgezanoni.com.br\/2019\/wp-content\/uploads\/2020\/05\/Amor-de-M\u00e3e.jpg\" alt=\"\" width=\"1040\" height=\"585\" srcset=\"https:\/\/jorgezanoni.com.br\/2019\/wp-content\/uploads\/2020\/05\/Amor-de-M\u00e3e.jpg 1040w, https:\/\/jorgezanoni.com.br\/2019\/wp-content\/uploads\/2020\/05\/Amor-de-M\u00e3e-300x169.jpg 300w, https:\/\/jorgezanoni.com.br\/2019\/wp-content\/uploads\/2020\/05\/Amor-de-M\u00e3e-1024x576.jpg 1024w, https:\/\/jorgezanoni.com.br\/2019\/wp-content\/uploads\/2020\/05\/Amor-de-M\u00e3e-768x432.jpg 768w, https:\/\/jorgezanoni.com.br\/2019\/wp-content\/uploads\/2020\/05\/Amor-de-M\u00e3e-696x392.jpg 696w, https:\/\/jorgezanoni.com.br\/2019\/wp-content\/uploads\/2020\/05\/Amor-de-M\u00e3e-747x420.jpg 747w\" sizes=\"auto, (max-width: 1040px) 100vw, 1040px\" \/>Amores da m\u00e3e Solange Bordim Vicentini, Rosemeire Bordim e Josefa aparecida Vieira Bordim (m\u00e3e)<\/p>\n<p><img loading=\"lazy\" decoding=\"async\" class=\"alignnone size-full wp-image-25595\" src=\"https:\/\/jorgezanoni.com.br\/2019\/wp-content\/uploads\/2020\/05\/Ana-Aparecida-Pereira-e-MARIA-SEBASTIANA-DE-L.DOMENICALI-PEREIRA..jpg\" alt=\"\" width=\"720\" height=\"960\" srcset=\"https:\/\/jorgezanoni.com.br\/2019\/wp-content\/uploads\/2020\/05\/Ana-Aparecida-Pereira-e-MARIA-SEBASTIANA-DE-L.DOMENICALI-PEREIRA..jpg 720w, https:\/\/jorgezanoni.com.br\/2019\/wp-content\/uploads\/2020\/05\/Ana-Aparecida-Pereira-e-MARIA-SEBASTIANA-DE-L.DOMENICALI-PEREIRA.-225x300.jpg 225w, https:\/\/jorgezanoni.com.br\/2019\/wp-content\/uploads\/2020\/05\/Ana-Aparecida-Pereira-e-MARIA-SEBASTIANA-DE-L.DOMENICALI-PEREIRA.-696x928.jpg 696w, https:\/\/jorgezanoni.com.br\/2019\/wp-content\/uploads\/2020\/05\/Ana-Aparecida-Pereira-e-MARIA-SEBASTIANA-DE-L.DOMENICALI-PEREIRA.-315x420.jpg 315w\" sizes=\"auto, (max-width: 720px) 100vw, 720px\" \/>Maria Sebastiana Pereira com a filha Ana Aparecida Pereira<\/p>\n<p><img loading=\"lazy\" decoding=\"async\" class=\"alignnone size-full wp-image-25596\" src=\"https:\/\/jorgezanoni.com.br\/2019\/wp-content\/uploads\/2020\/05\/Ana-Carolina-Lucarelo-com-a-minha-m\u00e3e-Maria-Jos\u00e9-Lira.jpg\" alt=\"\" width=\"720\" height=\"980\" srcset=\"https:\/\/jorgezanoni.com.br\/2019\/wp-content\/uploads\/2020\/05\/Ana-Carolina-Lucarelo-com-a-minha-m\u00e3e-Maria-Jos\u00e9-Lira.jpg 720w, https:\/\/jorgezanoni.com.br\/2019\/wp-content\/uploads\/2020\/05\/Ana-Carolina-Lucarelo-com-a-minha-m\u00e3e-Maria-Jos\u00e9-Lira-220x300.jpg 220w, https:\/\/jorgezanoni.com.br\/2019\/wp-content\/uploads\/2020\/05\/Ana-Carolina-Lucarelo-com-a-minha-m\u00e3e-Maria-Jos\u00e9-Lira-696x947.jpg 696w, https:\/\/jorgezanoni.com.br\/2019\/wp-content\/uploads\/2020\/05\/Ana-Carolina-Lucarelo-com-a-minha-m\u00e3e-Maria-Jos\u00e9-Lira-309x420.jpg 309w\" sizes=\"auto, (max-width: 720px) 100vw, 720px\" \/>Ana Carolina Lucarelo com a m\u00e3e Maria Jos\u00e9 Lira<\/p>\n<p><img loading=\"lazy\" decoding=\"async\" class=\"alignnone size-full wp-image-25597\" src=\"https:\/\/jorgezanoni.com.br\/2019\/wp-content\/uploads\/2020\/05\/Ana-Carolina-m\u00e3e-Silvana.jpg\" alt=\"\" width=\"960\" height=\"1280\" srcset=\"https:\/\/jorgezanoni.com.br\/2019\/wp-content\/uploads\/2020\/05\/Ana-Carolina-m\u00e3e-Silvana.jpg 960w, https:\/\/jorgezanoni.com.br\/2019\/wp-content\/uploads\/2020\/05\/Ana-Carolina-m\u00e3e-Silvana-225x300.jpg 225w, https:\/\/jorgezanoni.com.br\/2019\/wp-content\/uploads\/2020\/05\/Ana-Carolina-m\u00e3e-Silvana-768x1024.jpg 768w, https:\/\/jorgezanoni.com.br\/2019\/wp-content\/uploads\/2020\/05\/Ana-Carolina-m\u00e3e-Silvana-696x928.jpg 696w, https:\/\/jorgezanoni.com.br\/2019\/wp-content\/uploads\/2020\/05\/Ana-Carolina-m\u00e3e-Silvana-315x420.jpg 315w\" sizes=\"auto, (max-width: 960px) 100vw, 960px\" \/>Ana Carolina e a m\u00e3e Silvana<\/p>\n<p><img loading=\"lazy\" decoding=\"async\" class=\"alignnone size-full wp-image-25599\" src=\"https:\/\/jorgezanoni.com.br\/2019\/wp-content\/uploads\/2020\/05\/Ana-Maria-e-filha-Keller.jpg\" alt=\"\" width=\"1280\" height=\"720\" srcset=\"https:\/\/jorgezanoni.com.br\/2019\/wp-content\/uploads\/2020\/05\/Ana-Maria-e-filha-Keller.jpg 1280w, https:\/\/jorgezanoni.com.br\/2019\/wp-content\/uploads\/2020\/05\/Ana-Maria-e-filha-Keller-300x169.jpg 300w, https:\/\/jorgezanoni.com.br\/2019\/wp-content\/uploads\/2020\/05\/Ana-Maria-e-filha-Keller-1024x576.jpg 1024w, https:\/\/jorgezanoni.com.br\/2019\/wp-content\/uploads\/2020\/05\/Ana-Maria-e-filha-Keller-768x432.jpg 768w, https:\/\/jorgezanoni.com.br\/2019\/wp-content\/uploads\/2020\/05\/Ana-Maria-e-filha-Keller-696x392.jpg 696w, https:\/\/jorgezanoni.com.br\/2019\/wp-content\/uploads\/2020\/05\/Ana-Maria-e-filha-Keller-1068x601.jpg 1068w, https:\/\/jorgezanoni.com.br\/2019\/wp-content\/uploads\/2020\/05\/Ana-Maria-e-filha-Keller-747x420.jpg 747w\" sizes=\"auto, (max-width: 1280px) 100vw, 1280px\" \/>Ana Maria com a filha Keller<\/p>\n<p><img loading=\"lazy\" decoding=\"async\" class=\"alignnone size-full wp-image-25600\" src=\"https:\/\/jorgezanoni.com.br\/2019\/wp-content\/uploads\/2020\/05\/Ana-Maria-e-Helena.jpg\" alt=\"\" width=\"375\" height=\"618\" srcset=\"https:\/\/jorgezanoni.com.br\/2019\/wp-content\/uploads\/2020\/05\/Ana-Maria-e-Helena.jpg 375w, https:\/\/jorgezanoni.com.br\/2019\/wp-content\/uploads\/2020\/05\/Ana-Maria-e-Helena-182x300.jpg 182w, https:\/\/jorgezanoni.com.br\/2019\/wp-content\/uploads\/2020\/05\/Ana-Maria-e-Helena-255x420.jpg 255w\" sizes=\"auto, (max-width: 375px) 100vw, 375px\" \/> Ana Maria e m\u00e3e Helena<img loading=\"lazy\" decoding=\"async\" class=\"alignnone size-full wp-image-25601\" src=\"https:\/\/jorgezanoni.com.br\/2019\/wp-content\/uploads\/2020\/05\/Ana-Maria-e-minha-m\u00e3e-Dimingas.jpg\" alt=\"\" width=\"719\" height=\"1280\" srcset=\"https:\/\/jorgezanoni.com.br\/2019\/wp-content\/uploads\/2020\/05\/Ana-Maria-e-minha-m\u00e3e-Dimingas.jpg 719w, https:\/\/jorgezanoni.com.br\/2019\/wp-content\/uploads\/2020\/05\/Ana-Maria-e-minha-m\u00e3e-Dimingas-169x300.jpg 169w, https:\/\/jorgezanoni.com.br\/2019\/wp-content\/uploads\/2020\/05\/Ana-Maria-e-minha-m\u00e3e-Dimingas-575x1024.jpg 575w, https:\/\/jorgezanoni.com.br\/2019\/wp-content\/uploads\/2020\/05\/Ana-Maria-e-minha-m\u00e3e-Dimingas-696x1239.jpg 696w, https:\/\/jorgezanoni.com.br\/2019\/wp-content\/uploads\/2020\/05\/Ana-Maria-e-minha-m\u00e3e-Dimingas-236x420.jpg 236w\" sizes=\"auto, (max-width: 719px) 100vw, 719px\" \/>Ana Maria e a m\u00e3e Domingas<\/p>\n<p><img loading=\"lazy\" decoding=\"async\" class=\"alignnone size-full wp-image-25602\" src=\"https:\/\/jorgezanoni.com.br\/2019\/wp-content\/uploads\/2020\/05\/Ana-Paula-dos-Santos-a-m\u00e3e-Maria-Tavares-dos-Santos-e-a-irm\u00e3-Lourdes.jpg\" alt=\"\" width=\"1152\" height=\"648\" srcset=\"https:\/\/jorgezanoni.com.br\/2019\/wp-content\/uploads\/2020\/05\/Ana-Paula-dos-Santos-a-m\u00e3e-Maria-Tavares-dos-Santos-e-a-irm\u00e3-Lourdes.jpg 1152w, https:\/\/jorgezanoni.com.br\/2019\/wp-content\/uploads\/2020\/05\/Ana-Paula-dos-Santos-a-m\u00e3e-Maria-Tavares-dos-Santos-e-a-irm\u00e3-Lourdes-300x169.jpg 300w, https:\/\/jorgezanoni.com.br\/2019\/wp-content\/uploads\/2020\/05\/Ana-Paula-dos-Santos-a-m\u00e3e-Maria-Tavares-dos-Santos-e-a-irm\u00e3-Lourdes-1024x576.jpg 1024w, https:\/\/jorgezanoni.com.br\/2019\/wp-content\/uploads\/2020\/05\/Ana-Paula-dos-Santos-a-m\u00e3e-Maria-Tavares-dos-Santos-e-a-irm\u00e3-Lourdes-768x432.jpg 768w, https:\/\/jorgezanoni.com.br\/2019\/wp-content\/uploads\/2020\/05\/Ana-Paula-dos-Santos-a-m\u00e3e-Maria-Tavares-dos-Santos-e-a-irm\u00e3-Lourdes-696x392.jpg 696w, https:\/\/jorgezanoni.com.br\/2019\/wp-content\/uploads\/2020\/05\/Ana-Paula-dos-Santos-a-m\u00e3e-Maria-Tavares-dos-Santos-e-a-irm\u00e3-Lourdes-1068x601.jpg 1068w, https:\/\/jorgezanoni.com.br\/2019\/wp-content\/uploads\/2020\/05\/Ana-Paula-dos-Santos-a-m\u00e3e-Maria-Tavares-dos-Santos-e-a-irm\u00e3-Lourdes-747x420.jpg 747w\" sizes=\"auto, (max-width: 1152px) 100vw, 1152px\" \/>Ana Paula dos Santos e a irm\u00e3 Lourdes ladeando a m\u00e3e Maria Tavares dos Santos<\/p>\n<p><img loading=\"lazy\" decoding=\"async\" class=\"alignnone size-full wp-image-25603\" src=\"https:\/\/jorgezanoni.com.br\/2019\/wp-content\/uploads\/2020\/05\/Ana-Paula-e-minha-m\u00e3e-nair.jpg\" alt=\"\" width=\"480\" height=\"640\" srcset=\"https:\/\/jorgezanoni.com.br\/2019\/wp-content\/uploads\/2020\/05\/Ana-Paula-e-minha-m\u00e3e-nair.jpg 480w, https:\/\/jorgezanoni.com.br\/2019\/wp-content\/uploads\/2020\/05\/Ana-Paula-e-minha-m\u00e3e-nair-225x300.jpg 225w, https:\/\/jorgezanoni.com.br\/2019\/wp-content\/uploads\/2020\/05\/Ana-Paula-e-minha-m\u00e3e-nair-315x420.jpg 315w\" sizes=\"auto, (max-width: 480px) 100vw, 480px\" \/> Ana Paula e a m\u00e3e Nair<\/p>\n<p><img loading=\"lazy\" decoding=\"async\" class=\"alignnone size-full wp-image-25604\" src=\"https:\/\/jorgezanoni.com.br\/2019\/wp-content\/uploads\/2020\/05\/Ana-Paula-Graton-e-Isadora.jpg\" alt=\"\" width=\"1080\" height=\"1186\" srcset=\"https:\/\/jorgezanoni.com.br\/2019\/wp-content\/uploads\/2020\/05\/Ana-Paula-Graton-e-Isadora.jpg 1080w, https:\/\/jorgezanoni.com.br\/2019\/wp-content\/uploads\/2020\/05\/Ana-Paula-Graton-e-Isadora-273x300.jpg 273w, https:\/\/jorgezanoni.com.br\/2019\/wp-content\/uploads\/2020\/05\/Ana-Paula-Graton-e-Isadora-932x1024.jpg 932w, https:\/\/jorgezanoni.com.br\/2019\/wp-content\/uploads\/2020\/05\/Ana-Paula-Graton-e-Isadora-768x843.jpg 768w, https:\/\/jorgezanoni.com.br\/2019\/wp-content\/uploads\/2020\/05\/Ana-Paula-Graton-e-Isadora-696x764.jpg 696w, https:\/\/jorgezanoni.com.br\/2019\/wp-content\/uploads\/2020\/05\/Ana-Paula-Graton-e-Isadora-1068x1173.jpg 1068w, https:\/\/jorgezanoni.com.br\/2019\/wp-content\/uploads\/2020\/05\/Ana-Paula-Graton-e-Isadora-382x420.jpg 382w\" sizes=\"auto, (max-width: 1080px) 100vw, 1080px\" \/>Ana Paula Graton e a filha Isadora<\/p>\n<p><img loading=\"lazy\" decoding=\"async\" class=\"alignnone size-full wp-image-25831\" src=\"https:\/\/jorgezanoni.com.br\/2019\/wp-content\/uploads\/2020\/05\/Ana-Lucia-Costa-e-Luzia-Olga-Pagliusi-Costa-1-rotated.jpg\" alt=\"\" width=\"1024\" height=\"768\" srcset=\"https:\/\/jorgezanoni.com.br\/2019\/wp-content\/uploads\/2020\/05\/Ana-Lucia-Costa-e-Luzia-Olga-Pagliusi-Costa-1-rotated.jpg 1024w, https:\/\/jorgezanoni.com.br\/2019\/wp-content\/uploads\/2020\/05\/Ana-Lucia-Costa-e-Luzia-Olga-Pagliusi-Costa-1-300x225.jpg 300w, https:\/\/jorgezanoni.com.br\/2019\/wp-content\/uploads\/2020\/05\/Ana-Lucia-Costa-e-Luzia-Olga-Pagliusi-Costa-1-768x576.jpg 768w, https:\/\/jorgezanoni.com.br\/2019\/wp-content\/uploads\/2020\/05\/Ana-Lucia-Costa-e-Luzia-Olga-Pagliusi-Costa-1-80x60.jpg 80w, https:\/\/jorgezanoni.com.br\/2019\/wp-content\/uploads\/2020\/05\/Ana-Lucia-Costa-e-Luzia-Olga-Pagliusi-Costa-1-265x198.jpg 265w, https:\/\/jorgezanoni.com.br\/2019\/wp-content\/uploads\/2020\/05\/Ana-Lucia-Costa-e-Luzia-Olga-Pagliusi-Costa-1-696x522.jpg 696w, https:\/\/jorgezanoni.com.br\/2019\/wp-content\/uploads\/2020\/05\/Ana-Lucia-Costa-e-Luzia-Olga-Pagliusi-Costa-1-560x420.jpg 560w\" sizes=\"auto, (max-width: 1024px) 100vw, 1024px\" \/>M\u00e3e Luzia Olga Pagliusi Costa e a filha Ana Lucia Costa<\/p>\n<p><img loading=\"lazy\" decoding=\"async\" class=\"alignnone size-full wp-image-25884\" src=\"https:\/\/jorgezanoni.com.br\/2019\/wp-content\/uploads\/2020\/05\/C\u00e9lia.jpg\" alt=\"\" width=\"1280\" height=\"1280\" srcset=\"https:\/\/jorgezanoni.com.br\/2019\/wp-content\/uploads\/2020\/05\/C\u00e9lia.jpg 1280w, https:\/\/jorgezanoni.com.br\/2019\/wp-content\/uploads\/2020\/05\/C\u00e9lia-300x300.jpg 300w, https:\/\/jorgezanoni.com.br\/2019\/wp-content\/uploads\/2020\/05\/C\u00e9lia-1024x1024.jpg 1024w, https:\/\/jorgezanoni.com.br\/2019\/wp-content\/uploads\/2020\/05\/C\u00e9lia-150x150.jpg 150w, https:\/\/jorgezanoni.com.br\/2019\/wp-content\/uploads\/2020\/05\/C\u00e9lia-768x768.jpg 768w, https:\/\/jorgezanoni.com.br\/2019\/wp-content\/uploads\/2020\/05\/C\u00e9lia-696x696.jpg 696w, https:\/\/jorgezanoni.com.br\/2019\/wp-content\/uploads\/2020\/05\/C\u00e9lia-1068x1068.jpg 1068w, https:\/\/jorgezanoni.com.br\/2019\/wp-content\/uploads\/2020\/05\/C\u00e9lia-420x420.jpg 420w\" sizes=\"auto, (max-width: 1280px) 100vw, 1280px\" \/>M\u00e3e C\u00e9lia Brandani com as filhas e m\u00e3es amigas e parentes<\/p>\n<p><img loading=\"lazy\" decoding=\"async\" class=\"alignnone size-full wp-image-25605\" src=\"https:\/\/jorgezanoni.com.br\/2019\/wp-content\/uploads\/2020\/05\/Ana-Rosa-Aquino-Pereira-com-os-filhos-Fatima-Fran-isolina-Ana-cristina-Sebasti\u00e3o-jose-antonio-joao-rita.jpg\" alt=\"\" width=\"1280\" height=\"960\" srcset=\"https:\/\/jorgezanoni.com.br\/2019\/wp-content\/uploads\/2020\/05\/Ana-Rosa-Aquino-Pereira-com-os-filhos-Fatima-Fran-isolina-Ana-cristina-Sebasti\u00e3o-jose-antonio-joao-rita.jpg 1280w, https:\/\/jorgezanoni.com.br\/2019\/wp-content\/uploads\/2020\/05\/Ana-Rosa-Aquino-Pereira-com-os-filhos-Fatima-Fran-isolina-Ana-cristina-Sebasti\u00e3o-jose-antonio-joao-rita-300x225.jpg 300w, https:\/\/jorgezanoni.com.br\/2019\/wp-content\/uploads\/2020\/05\/Ana-Rosa-Aquino-Pereira-com-os-filhos-Fatima-Fran-isolina-Ana-cristina-Sebasti\u00e3o-jose-antonio-joao-rita-1024x768.jpg 1024w, https:\/\/jorgezanoni.com.br\/2019\/wp-content\/uploads\/2020\/05\/Ana-Rosa-Aquino-Pereira-com-os-filhos-Fatima-Fran-isolina-Ana-cristina-Sebasti\u00e3o-jose-antonio-joao-rita-768x576.jpg 768w, https:\/\/jorgezanoni.com.br\/2019\/wp-content\/uploads\/2020\/05\/Ana-Rosa-Aquino-Pereira-com-os-filhos-Fatima-Fran-isolina-Ana-cristina-Sebasti\u00e3o-jose-antonio-joao-rita-80x60.jpg 80w, https:\/\/jorgezanoni.com.br\/2019\/wp-content\/uploads\/2020\/05\/Ana-Rosa-Aquino-Pereira-com-os-filhos-Fatima-Fran-isolina-Ana-cristina-Sebasti\u00e3o-jose-antonio-joao-rita-265x198.jpg 265w, https:\/\/jorgezanoni.com.br\/2019\/wp-content\/uploads\/2020\/05\/Ana-Rosa-Aquino-Pereira-com-os-filhos-Fatima-Fran-isolina-Ana-cristina-Sebasti\u00e3o-jose-antonio-joao-rita-696x522.jpg 696w, https:\/\/jorgezanoni.com.br\/2019\/wp-content\/uploads\/2020\/05\/Ana-Rosa-Aquino-Pereira-com-os-filhos-Fatima-Fran-isolina-Ana-cristina-Sebasti\u00e3o-jose-antonio-joao-rita-1068x801.jpg 1068w, https:\/\/jorgezanoni.com.br\/2019\/wp-content\/uploads\/2020\/05\/Ana-Rosa-Aquino-Pereira-com-os-filhos-Fatima-Fran-isolina-Ana-cristina-Sebasti\u00e3o-jose-antonio-joao-rita-560x420.jpg 560w\" sizes=\"auto, (max-width: 1280px) 100vw, 1280px\" \/>Ana Rosa Aquino Pereira e os filhos Fatima, Fran, Isolina, Ana Cristina, Sebasti\u00e3o, Jos\u00e9 Antonio, Jo\u00e3o e Rita.<\/p>\n<p><img loading=\"lazy\" decoding=\"async\" class=\"alignnone size-full wp-image-25606\" src=\"https:\/\/jorgezanoni.com.br\/2019\/wp-content\/uploads\/2020\/05\/Andreia-Zanon-Nair-Zanon-Elizabeth-Zanon-e-Marinalva-Oliviera.jpg\" alt=\"\" width=\"1280\" height=\"1280\" srcset=\"https:\/\/jorgezanoni.com.br\/2019\/wp-content\/uploads\/2020\/05\/Andreia-Zanon-Nair-Zanon-Elizabeth-Zanon-e-Marinalva-Oliviera.jpg 1280w, https:\/\/jorgezanoni.com.br\/2019\/wp-content\/uploads\/2020\/05\/Andreia-Zanon-Nair-Zanon-Elizabeth-Zanon-e-Marinalva-Oliviera-300x300.jpg 300w, https:\/\/jorgezanoni.com.br\/2019\/wp-content\/uploads\/2020\/05\/Andreia-Zanon-Nair-Zanon-Elizabeth-Zanon-e-Marinalva-Oliviera-1024x1024.jpg 1024w, https:\/\/jorgezanoni.com.br\/2019\/wp-content\/uploads\/2020\/05\/Andreia-Zanon-Nair-Zanon-Elizabeth-Zanon-e-Marinalva-Oliviera-150x150.jpg 150w, https:\/\/jorgezanoni.com.br\/2019\/wp-content\/uploads\/2020\/05\/Andreia-Zanon-Nair-Zanon-Elizabeth-Zanon-e-Marinalva-Oliviera-768x768.jpg 768w, https:\/\/jorgezanoni.com.br\/2019\/wp-content\/uploads\/2020\/05\/Andreia-Zanon-Nair-Zanon-Elizabeth-Zanon-e-Marinalva-Oliviera-696x696.jpg 696w, https:\/\/jorgezanoni.com.br\/2019\/wp-content\/uploads\/2020\/05\/Andreia-Zanon-Nair-Zanon-Elizabeth-Zanon-e-Marinalva-Oliviera-1068x1068.jpg 1068w, https:\/\/jorgezanoni.com.br\/2019\/wp-content\/uploads\/2020\/05\/Andreia-Zanon-Nair-Zanon-Elizabeth-Zanon-e-Marinalva-Oliviera-420x420.jpg 420w\" sizes=\"auto, (max-width: 1280px) 100vw, 1280px\" \/>M\u00e3es Andr\u00e9iaZanoni, Nair Zanon, Elizabeth Zanoni e Marinalva Zanon<\/p>\n<p><img loading=\"lazy\" decoding=\"async\" class=\"alignnone size-full wp-image-25607\" src=\"https:\/\/jorgezanoni.com.br\/2019\/wp-content\/uploads\/2020\/05\/Andriele-com-os-filhos-Luis-Miguel-Andressa-DaVi.jpg\" alt=\"\" width=\"904\" height=\"1280\" srcset=\"https:\/\/jorgezanoni.com.br\/2019\/wp-content\/uploads\/2020\/05\/Andriele-com-os-filhos-Luis-Miguel-Andressa-DaVi.jpg 904w, https:\/\/jorgezanoni.com.br\/2019\/wp-content\/uploads\/2020\/05\/Andriele-com-os-filhos-Luis-Miguel-Andressa-DaVi-212x300.jpg 212w, https:\/\/jorgezanoni.com.br\/2019\/wp-content\/uploads\/2020\/05\/Andriele-com-os-filhos-Luis-Miguel-Andressa-DaVi-723x1024.jpg 723w, https:\/\/jorgezanoni.com.br\/2019\/wp-content\/uploads\/2020\/05\/Andriele-com-os-filhos-Luis-Miguel-Andressa-DaVi-768x1087.jpg 768w, https:\/\/jorgezanoni.com.br\/2019\/wp-content\/uploads\/2020\/05\/Andriele-com-os-filhos-Luis-Miguel-Andressa-DaVi-696x985.jpg 696w, https:\/\/jorgezanoni.com.br\/2019\/wp-content\/uploads\/2020\/05\/Andriele-com-os-filhos-Luis-Miguel-Andressa-DaVi-297x420.jpg 297w\" sizes=\"auto, (max-width: 904px) 100vw, 904px\" \/>M\u00e3e Andriele com os filhos Luis Miguel, Andressa e Davi<\/p>\n<p><img loading=\"lazy\" decoding=\"async\" class=\"alignnone size-full wp-image-25608\" src=\"https:\/\/jorgezanoni.com.br\/2019\/wp-content\/uploads\/2020\/05\/Angela-Brito-com-Michele-e-Jackson.jpg\" alt=\"\" width=\"1280\" height=\"1280\" srcset=\"https:\/\/jorgezanoni.com.br\/2019\/wp-content\/uploads\/2020\/05\/Angela-Brito-com-Michele-e-Jackson.jpg 1280w, https:\/\/jorgezanoni.com.br\/2019\/wp-content\/uploads\/2020\/05\/Angela-Brito-com-Michele-e-Jackson-300x300.jpg 300w, https:\/\/jorgezanoni.com.br\/2019\/wp-content\/uploads\/2020\/05\/Angela-Brito-com-Michele-e-Jackson-1024x1024.jpg 1024w, https:\/\/jorgezanoni.com.br\/2019\/wp-content\/uploads\/2020\/05\/Angela-Brito-com-Michele-e-Jackson-150x150.jpg 150w, https:\/\/jorgezanoni.com.br\/2019\/wp-content\/uploads\/2020\/05\/Angela-Brito-com-Michele-e-Jackson-768x768.jpg 768w, https:\/\/jorgezanoni.com.br\/2019\/wp-content\/uploads\/2020\/05\/Angela-Brito-com-Michele-e-Jackson-696x696.jpg 696w, https:\/\/jorgezanoni.com.br\/2019\/wp-content\/uploads\/2020\/05\/Angela-Brito-com-Michele-e-Jackson-1068x1068.jpg 1068w, https:\/\/jorgezanoni.com.br\/2019\/wp-content\/uploads\/2020\/05\/Angela-Brito-com-Michele-e-Jackson-420x420.jpg 420w\" sizes=\"auto, (max-width: 1280px) 100vw, 1280px\" \/>M\u00e3e Angela Brito e os filhos Michele e Jackson<\/p>\n<p><img loading=\"lazy\" decoding=\"async\" class=\"alignnone size-full wp-image-25609\" src=\"https:\/\/jorgezanoni.com.br\/2019\/wp-content\/uploads\/2020\/05\/Angela-Daniele-Branco-Rodrigues-e-Lu\u00edsa-Branco-Rodrigues.jpg\" alt=\"\" width=\"498\" height=\"714\" srcset=\"https:\/\/jorgezanoni.com.br\/2019\/wp-content\/uploads\/2020\/05\/Angela-Daniele-Branco-Rodrigues-e-Lu\u00edsa-Branco-Rodrigues.jpg 498w, https:\/\/jorgezanoni.com.br\/2019\/wp-content\/uploads\/2020\/05\/Angela-Daniele-Branco-Rodrigues-e-Lu\u00edsa-Branco-Rodrigues-209x300.jpg 209w, https:\/\/jorgezanoni.com.br\/2019\/wp-content\/uploads\/2020\/05\/Angela-Daniele-Branco-Rodrigues-e-Lu\u00edsa-Branco-Rodrigues-293x420.jpg 293w\" sizes=\"auto, (max-width: 498px) 100vw, 498px\" \/> M\u00e3e Angela Branco, Daniela Branco Rodrigues, Luisa Branco Rodrigues<\/p>\n<p><img loading=\"lazy\" decoding=\"async\" class=\"alignnone size-full wp-image-25842\" src=\"https:\/\/jorgezanoni.com.br\/2019\/wp-content\/uploads\/2020\/05\/f-Rosa-e-o-marido-Braz-Rocha-Forti.jpg\" alt=\"\" width=\"1280\" height=\"959\" srcset=\"https:\/\/jorgezanoni.com.br\/2019\/wp-content\/uploads\/2020\/05\/f-Rosa-e-o-marido-Braz-Rocha-Forti.jpg 1280w, https:\/\/jorgezanoni.com.br\/2019\/wp-content\/uploads\/2020\/05\/f-Rosa-e-o-marido-Braz-Rocha-Forti-300x225.jpg 300w, https:\/\/jorgezanoni.com.br\/2019\/wp-content\/uploads\/2020\/05\/f-Rosa-e-o-marido-Braz-Rocha-Forti-1024x767.jpg 1024w, https:\/\/jorgezanoni.com.br\/2019\/wp-content\/uploads\/2020\/05\/f-Rosa-e-o-marido-Braz-Rocha-Forti-768x575.jpg 768w, https:\/\/jorgezanoni.com.br\/2019\/wp-content\/uploads\/2020\/05\/f-Rosa-e-o-marido-Braz-Rocha-Forti-80x60.jpg 80w, https:\/\/jorgezanoni.com.br\/2019\/wp-content\/uploads\/2020\/05\/f-Rosa-e-o-marido-Braz-Rocha-Forti-265x198.jpg 265w, https:\/\/jorgezanoni.com.br\/2019\/wp-content\/uploads\/2020\/05\/f-Rosa-e-o-marido-Braz-Rocha-Forti-696x521.jpg 696w, https:\/\/jorgezanoni.com.br\/2019\/wp-content\/uploads\/2020\/05\/f-Rosa-e-o-marido-Braz-Rocha-Forti-1068x800.jpg 1068w, https:\/\/jorgezanoni.com.br\/2019\/wp-content\/uploads\/2020\/05\/f-Rosa-e-o-marido-Braz-Rocha-Forti-561x420.jpg 561w\" sizes=\"auto, (max-width: 1280px) 100vw, 1280px\" \/>M\u00e3e Rosa e o marido Braz Rocha Forti (Foto abaixo os filhos)<\/p>\n<p><img loading=\"lazy\" decoding=\"async\" class=\"alignnone size-full wp-image-25843\" src=\"https:\/\/jorgezanoni.com.br\/2019\/wp-content\/uploads\/2020\/05\/f-William-Renan-e-Henri-filhos-de-Rosa-Forti.jpg\" alt=\"\" width=\"1280\" height=\"959\" srcset=\"https:\/\/jorgezanoni.com.br\/2019\/wp-content\/uploads\/2020\/05\/f-William-Renan-e-Henri-filhos-de-Rosa-Forti.jpg 1280w, https:\/\/jorgezanoni.com.br\/2019\/wp-content\/uploads\/2020\/05\/f-William-Renan-e-Henri-filhos-de-Rosa-Forti-300x225.jpg 300w, https:\/\/jorgezanoni.com.br\/2019\/wp-content\/uploads\/2020\/05\/f-William-Renan-e-Henri-filhos-de-Rosa-Forti-1024x767.jpg 1024w, https:\/\/jorgezanoni.com.br\/2019\/wp-content\/uploads\/2020\/05\/f-William-Renan-e-Henri-filhos-de-Rosa-Forti-768x575.jpg 768w, https:\/\/jorgezanoni.com.br\/2019\/wp-content\/uploads\/2020\/05\/f-William-Renan-e-Henri-filhos-de-Rosa-Forti-80x60.jpg 80w, https:\/\/jorgezanoni.com.br\/2019\/wp-content\/uploads\/2020\/05\/f-William-Renan-e-Henri-filhos-de-Rosa-Forti-265x198.jpg 265w, https:\/\/jorgezanoni.com.br\/2019\/wp-content\/uploads\/2020\/05\/f-William-Renan-e-Henri-filhos-de-Rosa-Forti-696x521.jpg 696w, https:\/\/jorgezanoni.com.br\/2019\/wp-content\/uploads\/2020\/05\/f-William-Renan-e-Henri-filhos-de-Rosa-Forti-1068x800.jpg 1068w, https:\/\/jorgezanoni.com.br\/2019\/wp-content\/uploads\/2020\/05\/f-William-Renan-e-Henri-filhos-de-Rosa-Forti-561x420.jpg 561w\" sizes=\"auto, (max-width: 1280px) 100vw, 1280px\" \/>William, Renan e Henri, filhos de Rosa Forti (m\u00e3e na foto acima)<\/p>\n<p><img loading=\"lazy\" decoding=\"async\" class=\"alignnone size-full wp-image-25840\" src=\"https:\/\/jorgezanoni.com.br\/2019\/wp-content\/uploads\/2020\/05\/3b5a922d-364d-4aef-ada6-a380fd615605.jpg\" alt=\"\" width=\"1280\" height=\"960\" srcset=\"https:\/\/jorgezanoni.com.br\/2019\/wp-content\/uploads\/2020\/05\/3b5a922d-364d-4aef-ada6-a380fd615605.jpg 1280w, https:\/\/jorgezanoni.com.br\/2019\/wp-content\/uploads\/2020\/05\/3b5a922d-364d-4aef-ada6-a380fd615605-300x225.jpg 300w, https:\/\/jorgezanoni.com.br\/2019\/wp-content\/uploads\/2020\/05\/3b5a922d-364d-4aef-ada6-a380fd615605-1024x768.jpg 1024w, https:\/\/jorgezanoni.com.br\/2019\/wp-content\/uploads\/2020\/05\/3b5a922d-364d-4aef-ada6-a380fd615605-768x576.jpg 768w, https:\/\/jorgezanoni.com.br\/2019\/wp-content\/uploads\/2020\/05\/3b5a922d-364d-4aef-ada6-a380fd615605-80x60.jpg 80w, https:\/\/jorgezanoni.com.br\/2019\/wp-content\/uploads\/2020\/05\/3b5a922d-364d-4aef-ada6-a380fd615605-265x198.jpg 265w, https:\/\/jorgezanoni.com.br\/2019\/wp-content\/uploads\/2020\/05\/3b5a922d-364d-4aef-ada6-a380fd615605-696x522.jpg 696w, https:\/\/jorgezanoni.com.br\/2019\/wp-content\/uploads\/2020\/05\/3b5a922d-364d-4aef-ada6-a380fd615605-1068x801.jpg 1068w, https:\/\/jorgezanoni.com.br\/2019\/wp-content\/uploads\/2020\/05\/3b5a922d-364d-4aef-ada6-a380fd615605-560x420.jpg 560w\" sizes=\"auto, (max-width: 1280px) 100vw, 1280px\" \/>\u00c9vinin com a m\u00e3e N\u00ednive<\/p>\n<p><img loading=\"lazy\" decoding=\"async\" class=\"alignnone size-full wp-image-25610\" src=\"https:\/\/jorgezanoni.com.br\/2019\/wp-content\/uploads\/2020\/05\/Angela-Pollon-Branco-Daniele-Branco-Rodrigues-e-Thiago-Branco.jpg\" alt=\"\" width=\"926\" height=\"724\" srcset=\"https:\/\/jorgezanoni.com.br\/2019\/wp-content\/uploads\/2020\/05\/Angela-Pollon-Branco-Daniele-Branco-Rodrigues-e-Thiago-Branco.jpg 926w, https:\/\/jorgezanoni.com.br\/2019\/wp-content\/uploads\/2020\/05\/Angela-Pollon-Branco-Daniele-Branco-Rodrigues-e-Thiago-Branco-300x235.jpg 300w, https:\/\/jorgezanoni.com.br\/2019\/wp-content\/uploads\/2020\/05\/Angela-Pollon-Branco-Daniele-Branco-Rodrigues-e-Thiago-Branco-768x600.jpg 768w, https:\/\/jorgezanoni.com.br\/2019\/wp-content\/uploads\/2020\/05\/Angela-Pollon-Branco-Daniele-Branco-Rodrigues-e-Thiago-Branco-696x544.jpg 696w, https:\/\/jorgezanoni.com.br\/2019\/wp-content\/uploads\/2020\/05\/Angela-Pollon-Branco-Daniele-Branco-Rodrigues-e-Thiago-Branco-537x420.jpg 537w\" sizes=\"auto, (max-width: 926px) 100vw, 926px\" \/>Daniele Branco Rodrigues e Thiago Branco com a m\u00e3e Angela Pollon Branco<\/p>\n<p><img loading=\"lazy\" decoding=\"async\" class=\"alignnone size-full wp-image-25611\" src=\"https:\/\/jorgezanoni.com.br\/2019\/wp-content\/uploads\/2020\/05\/Angelina-Apareccida-Amolaro-Marcos-Amolaro-Rosangela-Amolaro-Cl\u00e1udia-Regina-Amolaro.jpg\" alt=\"\" width=\"1126\" height=\"1280\" srcset=\"https:\/\/jorgezanoni.com.br\/2019\/wp-content\/uploads\/2020\/05\/Angelina-Apareccida-Amolaro-Marcos-Amolaro-Rosangela-Amolaro-Cl\u00e1udia-Regina-Amolaro.jpg 1126w, https:\/\/jorgezanoni.com.br\/2019\/wp-content\/uploads\/2020\/05\/Angelina-Apareccida-Amolaro-Marcos-Amolaro-Rosangela-Amolaro-Cl\u00e1udia-Regina-Amolaro-264x300.jpg 264w, https:\/\/jorgezanoni.com.br\/2019\/wp-content\/uploads\/2020\/05\/Angelina-Apareccida-Amolaro-Marcos-Amolaro-Rosangela-Amolaro-Cl\u00e1udia-Regina-Amolaro-901x1024.jpg 901w, https:\/\/jorgezanoni.com.br\/2019\/wp-content\/uploads\/2020\/05\/Angelina-Apareccida-Amolaro-Marcos-Amolaro-Rosangela-Amolaro-Cl\u00e1udia-Regina-Amolaro-768x873.jpg 768w, https:\/\/jorgezanoni.com.br\/2019\/wp-content\/uploads\/2020\/05\/Angelina-Apareccida-Amolaro-Marcos-Amolaro-Rosangela-Amolaro-Cl\u00e1udia-Regina-Amolaro-696x791.jpg 696w, https:\/\/jorgezanoni.com.br\/2019\/wp-content\/uploads\/2020\/05\/Angelina-Apareccida-Amolaro-Marcos-Amolaro-Rosangela-Amolaro-Cl\u00e1udia-Regina-Amolaro-1068x1214.jpg 1068w, https:\/\/jorgezanoni.com.br\/2019\/wp-content\/uploads\/2020\/05\/Angelina-Apareccida-Amolaro-Marcos-Amolaro-Rosangela-Amolaro-Cl\u00e1udia-Regina-Amolaro-369x420.jpg 369w\" sizes=\"auto, (max-width: 1126px) 100vw, 1126px\" \/>M\u00e3e Angelina Aparecida Amolaro com os filhos Marcos, Rosangela e Claudia Regina<\/p>\n<p><img loading=\"lazy\" decoding=\"async\" class=\"alignnone size-full wp-image-25612\" src=\"https:\/\/jorgezanoni.com.br\/2019\/wp-content\/uploads\/2020\/05\/Angelina-longo-com-a-filha-Daniela-longo.jpg\" alt=\"\" width=\"750\" height=\"1000\" srcset=\"https:\/\/jorgezanoni.com.br\/2019\/wp-content\/uploads\/2020\/05\/Angelina-longo-com-a-filha-Daniela-longo.jpg 750w, https:\/\/jorgezanoni.com.br\/2019\/wp-content\/uploads\/2020\/05\/Angelina-longo-com-a-filha-Daniela-longo-225x300.jpg 225w, https:\/\/jorgezanoni.com.br\/2019\/wp-content\/uploads\/2020\/05\/Angelina-longo-com-a-filha-Daniela-longo-696x928.jpg 696w, https:\/\/jorgezanoni.com.br\/2019\/wp-content\/uploads\/2020\/05\/Angelina-longo-com-a-filha-Daniela-longo-315x420.jpg 315w\" sizes=\"auto, (max-width: 750px) 100vw, 750px\" \/>Daniela e a m\u00e3e Angelina Longo<\/p>\n<p><img loading=\"lazy\" decoding=\"async\" class=\"alignnone size-full wp-image-25613\" src=\"https:\/\/jorgezanoni.com.br\/2019\/wp-content\/uploads\/2020\/05\/Ant\u00f4nia-Nancy.jpg\" alt=\"\" width=\"720\" height=\"1121\" srcset=\"https:\/\/jorgezanoni.com.br\/2019\/wp-content\/uploads\/2020\/05\/Ant\u00f4nia-Nancy.jpg 720w, https:\/\/jorgezanoni.com.br\/2019\/wp-content\/uploads\/2020\/05\/Ant\u00f4nia-Nancy-193x300.jpg 193w, https:\/\/jorgezanoni.com.br\/2019\/wp-content\/uploads\/2020\/05\/Ant\u00f4nia-Nancy-658x1024.jpg 658w, https:\/\/jorgezanoni.com.br\/2019\/wp-content\/uploads\/2020\/05\/Ant\u00f4nia-Nancy-696x1084.jpg 696w, https:\/\/jorgezanoni.com.br\/2019\/wp-content\/uploads\/2020\/05\/Ant\u00f4nia-Nancy-270x420.jpg 270w\" sizes=\"auto, (max-width: 720px) 100vw, 720px\" \/>M\u00e3e Antonia Nancy<\/p>\n<p><img loading=\"lazy\" decoding=\"async\" class=\"alignnone size-full wp-image-25614\" src=\"https:\/\/jorgezanoni.com.br\/2019\/wp-content\/uploads\/2020\/05\/Ant\u00f4niaAurenirAldemirAldeniza-e-Audrey...Feliz-e-aben\u00e7oado-dia-das-m\u00e3es-minha-m\u00e3e-maria-Socorro-pereira.jpg\" alt=\"\" width=\"774\" height=\"1032\" srcset=\"https:\/\/jorgezanoni.com.br\/2019\/wp-content\/uploads\/2020\/05\/Ant\u00f4niaAurenirAldemirAldeniza-e-Audrey...Feliz-e-aben\u00e7oado-dia-das-m\u00e3es-minha-m\u00e3e-maria-Socorro-pereira.jpg 774w, https:\/\/jorgezanoni.com.br\/2019\/wp-content\/uploads\/2020\/05\/Ant\u00f4niaAurenirAldemirAldeniza-e-Audrey...Feliz-e-aben\u00e7oado-dia-das-m\u00e3es-minha-m\u00e3e-maria-Socorro-pereira-225x300.jpg 225w, https:\/\/jorgezanoni.com.br\/2019\/wp-content\/uploads\/2020\/05\/Ant\u00f4niaAurenirAldemirAldeniza-e-Audrey...Feliz-e-aben\u00e7oado-dia-das-m\u00e3es-minha-m\u00e3e-maria-Socorro-pereira-768x1024.jpg 768w, https:\/\/jorgezanoni.com.br\/2019\/wp-content\/uploads\/2020\/05\/Ant\u00f4niaAurenirAldemirAldeniza-e-Audrey...Feliz-e-aben\u00e7oado-dia-das-m\u00e3es-minha-m\u00e3e-maria-Socorro-pereira-696x928.jpg 696w, https:\/\/jorgezanoni.com.br\/2019\/wp-content\/uploads\/2020\/05\/Ant\u00f4niaAurenirAldemirAldeniza-e-Audrey...Feliz-e-aben\u00e7oado-dia-das-m\u00e3es-minha-m\u00e3e-maria-Socorro-pereira-315x420.jpg 315w\" sizes=\"auto, (max-width: 774px) 100vw, 774px\" \/>M\u00e3e Maria Socorro Pereira recebe os parab\u00e9ns dos filhos Antonia, Aurenir, Aldemir, Aldeniza e Audrey.<\/p>\n<p><img loading=\"lazy\" decoding=\"async\" class=\"alignnone size-full wp-image-25615\" src=\"https:\/\/jorgezanoni.com.br\/2019\/wp-content\/uploads\/2020\/05\/Aparecida-Ferrari-Eduardo-Ungari-e-Luziana-Carla.jpg\" alt=\"\" width=\"720\" height=\"960\" srcset=\"https:\/\/jorgezanoni.com.br\/2019\/wp-content\/uploads\/2020\/05\/Aparecida-Ferrari-Eduardo-Ungari-e-Luziana-Carla.jpg 720w, https:\/\/jorgezanoni.com.br\/2019\/wp-content\/uploads\/2020\/05\/Aparecida-Ferrari-Eduardo-Ungari-e-Luziana-Carla-225x300.jpg 225w, https:\/\/jorgezanoni.com.br\/2019\/wp-content\/uploads\/2020\/05\/Aparecida-Ferrari-Eduardo-Ungari-e-Luziana-Carla-696x928.jpg 696w, https:\/\/jorgezanoni.com.br\/2019\/wp-content\/uploads\/2020\/05\/Aparecida-Ferrari-Eduardo-Ungari-e-Luziana-Carla-315x420.jpg 315w\" sizes=\"auto, (max-width: 720px) 100vw, 720px\" \/>M\u00e3e e Av\u00f3 Aparecida Ferrari, m\u00e3e Luziana Carla e Eduardo Ungari<\/p>\n<p><img loading=\"lazy\" decoding=\"async\" class=\"alignnone size-full wp-image-25616\" src=\"https:\/\/jorgezanoni.com.br\/2019\/wp-content\/uploads\/2020\/05\/Arielle-Cassia-Canhin-e-Adrielle-Cavalari.jpg\" alt=\"\" width=\"960\" height=\"1280\" srcset=\"https:\/\/jorgezanoni.com.br\/2019\/wp-content\/uploads\/2020\/05\/Arielle-Cassia-Canhin-e-Adrielle-Cavalari.jpg 960w, https:\/\/jorgezanoni.com.br\/2019\/wp-content\/uploads\/2020\/05\/Arielle-Cassia-Canhin-e-Adrielle-Cavalari-225x300.jpg 225w, https:\/\/jorgezanoni.com.br\/2019\/wp-content\/uploads\/2020\/05\/Arielle-Cassia-Canhin-e-Adrielle-Cavalari-768x1024.jpg 768w, https:\/\/jorgezanoni.com.br\/2019\/wp-content\/uploads\/2020\/05\/Arielle-Cassia-Canhin-e-Adrielle-Cavalari-696x928.jpg 696w, https:\/\/jorgezanoni.com.br\/2019\/wp-content\/uploads\/2020\/05\/Arielle-Cassia-Canhin-e-Adrielle-Cavalari-315x420.jpg 315w\" sizes=\"auto, (max-width: 960px) 100vw, 960px\" \/>M\u00e3e C\u00e1ssia Canhin ladeada pelas filhas Arielle e Adrielle Cavalari<\/p>\n<p><img loading=\"lazy\" decoding=\"async\" class=\"alignnone size-full wp-image-25617\" src=\"https:\/\/jorgezanoni.com.br\/2019\/wp-content\/uploads\/2020\/05\/Badi-Martins-Andrea-Martins-Ramalho-F\u00e1bio-Martins-Ramalho.jpg\" alt=\"\" width=\"960\" height=\"1280\" srcset=\"https:\/\/jorgezanoni.com.br\/2019\/wp-content\/uploads\/2020\/05\/Badi-Martins-Andrea-Martins-Ramalho-F\u00e1bio-Martins-Ramalho.jpg 960w, https:\/\/jorgezanoni.com.br\/2019\/wp-content\/uploads\/2020\/05\/Badi-Martins-Andrea-Martins-Ramalho-F\u00e1bio-Martins-Ramalho-225x300.jpg 225w, https:\/\/jorgezanoni.com.br\/2019\/wp-content\/uploads\/2020\/05\/Badi-Martins-Andrea-Martins-Ramalho-F\u00e1bio-Martins-Ramalho-768x1024.jpg 768w, https:\/\/jorgezanoni.com.br\/2019\/wp-content\/uploads\/2020\/05\/Badi-Martins-Andrea-Martins-Ramalho-F\u00e1bio-Martins-Ramalho-696x928.jpg 696w, https:\/\/jorgezanoni.com.br\/2019\/wp-content\/uploads\/2020\/05\/Badi-Martins-Andrea-Martins-Ramalho-F\u00e1bio-Martins-Ramalho-315x420.jpg 315w\" sizes=\"auto, (max-width: 960px) 100vw, 960px\" \/>M\u00e3e Badi Martins com os filhos Andrea e F\u00e1bio<\/p>\n<p><img loading=\"lazy\" decoding=\"async\" class=\"alignnone size-full wp-image-25618\" src=\"https:\/\/jorgezanoni.com.br\/2019\/wp-content\/uploads\/2020\/05\/Benedita-Zoraide-Alves-David-e-eu-Claudineia-Alves-David.jpg\" alt=\"\" width=\"720\" height=\"1280\" srcset=\"https:\/\/jorgezanoni.com.br\/2019\/wp-content\/uploads\/2020\/05\/Benedita-Zoraide-Alves-David-e-eu-Claudineia-Alves-David.jpg 720w, https:\/\/jorgezanoni.com.br\/2019\/wp-content\/uploads\/2020\/05\/Benedita-Zoraide-Alves-David-e-eu-Claudineia-Alves-David-169x300.jpg 169w, https:\/\/jorgezanoni.com.br\/2019\/wp-content\/uploads\/2020\/05\/Benedita-Zoraide-Alves-David-e-eu-Claudineia-Alves-David-576x1024.jpg 576w, https:\/\/jorgezanoni.com.br\/2019\/wp-content\/uploads\/2020\/05\/Benedita-Zoraide-Alves-David-e-eu-Claudineia-Alves-David-696x1237.jpg 696w, https:\/\/jorgezanoni.com.br\/2019\/wp-content\/uploads\/2020\/05\/Benedita-Zoraide-Alves-David-e-eu-Claudineia-Alves-David-236x420.jpg 236w\" sizes=\"auto, (max-width: 720px) 100vw, 720px\" \/>M\u00e3e Benedita Zoraide Alves David e a filha Claudin\u00e9ia<\/p>\n<p><img loading=\"lazy\" decoding=\"async\" class=\"alignnone size-full wp-image-25619\" src=\"https:\/\/jorgezanoni.com.br\/2019\/wp-content\/uploads\/2020\/05\/Bete-Lopes-e-J\u00f4.jpg\" alt=\"\" width=\"960\" height=\"1280\" srcset=\"https:\/\/jorgezanoni.com.br\/2019\/wp-content\/uploads\/2020\/05\/Bete-Lopes-e-J\u00f4.jpg 960w, https:\/\/jorgezanoni.com.br\/2019\/wp-content\/uploads\/2020\/05\/Bete-Lopes-e-J\u00f4-225x300.jpg 225w, https:\/\/jorgezanoni.com.br\/2019\/wp-content\/uploads\/2020\/05\/Bete-Lopes-e-J\u00f4-768x1024.jpg 768w, https:\/\/jorgezanoni.com.br\/2019\/wp-content\/uploads\/2020\/05\/Bete-Lopes-e-J\u00f4-696x928.jpg 696w, https:\/\/jorgezanoni.com.br\/2019\/wp-content\/uploads\/2020\/05\/Bete-Lopes-e-J\u00f4-315x420.jpg 315w\" sizes=\"auto, (max-width: 960px) 100vw, 960px\" \/>M\u00e3e J\u00f4 e a filha Bete Lopes<\/p>\n<p><img loading=\"lazy\" decoding=\"async\" class=\"alignnone size-full wp-image-25620\" src=\"https:\/\/jorgezanoni.com.br\/2019\/wp-content\/uploads\/2020\/05\/Bianca-Carla-Leopoldina-e-sua-m\u00e3e-Sueli-Ap.-da-Silva-Silvestre.jpg\" alt=\"\" width=\"1024\" height=\"768\" srcset=\"https:\/\/jorgezanoni.com.br\/2019\/wp-content\/uploads\/2020\/05\/Bianca-Carla-Leopoldina-e-sua-m\u00e3e-Sueli-Ap.-da-Silva-Silvestre.jpg 1024w, https:\/\/jorgezanoni.com.br\/2019\/wp-content\/uploads\/2020\/05\/Bianca-Carla-Leopoldina-e-sua-m\u00e3e-Sueli-Ap.-da-Silva-Silvestre-300x225.jpg 300w, https:\/\/jorgezanoni.com.br\/2019\/wp-content\/uploads\/2020\/05\/Bianca-Carla-Leopoldina-e-sua-m\u00e3e-Sueli-Ap.-da-Silva-Silvestre-768x576.jpg 768w, https:\/\/jorgezanoni.com.br\/2019\/wp-content\/uploads\/2020\/05\/Bianca-Carla-Leopoldina-e-sua-m\u00e3e-Sueli-Ap.-da-Silva-Silvestre-80x60.jpg 80w, https:\/\/jorgezanoni.com.br\/2019\/wp-content\/uploads\/2020\/05\/Bianca-Carla-Leopoldina-e-sua-m\u00e3e-Sueli-Ap.-da-Silva-Silvestre-265x198.jpg 265w, https:\/\/jorgezanoni.com.br\/2019\/wp-content\/uploads\/2020\/05\/Bianca-Carla-Leopoldina-e-sua-m\u00e3e-Sueli-Ap.-da-Silva-Silvestre-696x522.jpg 696w, https:\/\/jorgezanoni.com.br\/2019\/wp-content\/uploads\/2020\/05\/Bianca-Carla-Leopoldina-e-sua-m\u00e3e-Sueli-Ap.-da-Silva-Silvestre-560x420.jpg 560w\" sizes=\"auto, (max-width: 1024px) 100vw, 1024px\" \/>Bianca Carla Leopoldino e sua m\u00e3e Sueli Ap. da Silva<\/p>\n<p><img loading=\"lazy\" decoding=\"async\" class=\"alignnone size-full wp-image-25621\" src=\"https:\/\/jorgezanoni.com.br\/2019\/wp-content\/uploads\/2020\/05\/Branca-e-minha-m\u00e3e-Z\u00e9lia-minha-rainha.jpg\" alt=\"\" width=\"716\" height=\"1273\" srcset=\"https:\/\/jorgezanoni.com.br\/2019\/wp-content\/uploads\/2020\/05\/Branca-e-minha-m\u00e3e-Z\u00e9lia-minha-rainha.jpg 716w, https:\/\/jorgezanoni.com.br\/2019\/wp-content\/uploads\/2020\/05\/Branca-e-minha-m\u00e3e-Z\u00e9lia-minha-rainha-169x300.jpg 169w, https:\/\/jorgezanoni.com.br\/2019\/wp-content\/uploads\/2020\/05\/Branca-e-minha-m\u00e3e-Z\u00e9lia-minha-rainha-576x1024.jpg 576w, https:\/\/jorgezanoni.com.br\/2019\/wp-content\/uploads\/2020\/05\/Branca-e-minha-m\u00e3e-Z\u00e9lia-minha-rainha-696x1237.jpg 696w, https:\/\/jorgezanoni.com.br\/2019\/wp-content\/uploads\/2020\/05\/Branca-e-minha-m\u00e3e-Z\u00e9lia-minha-rainha-236x420.jpg 236w\" sizes=\"auto, (max-width: 716px) 100vw, 716px\" \/>Bianca e a m\u00e3e Z\u00e9lia<\/p>\n<p><img loading=\"lazy\" decoding=\"async\" class=\"alignnone size-full wp-image-25622\" src=\"https:\/\/jorgezanoni.com.br\/2019\/wp-content\/uploads\/2020\/05\/CARLENE-e-Carliane.jpg\" alt=\"\" width=\"720\" height=\"540\" srcset=\"https:\/\/jorgezanoni.com.br\/2019\/wp-content\/uploads\/2020\/05\/CARLENE-e-Carliane.jpg 720w, https:\/\/jorgezanoni.com.br\/2019\/wp-content\/uploads\/2020\/05\/CARLENE-e-Carliane-300x225.jpg 300w, https:\/\/jorgezanoni.com.br\/2019\/wp-content\/uploads\/2020\/05\/CARLENE-e-Carliane-80x60.jpg 80w, https:\/\/jorgezanoni.com.br\/2019\/wp-content\/uploads\/2020\/05\/CARLENE-e-Carliane-265x198.jpg 265w, https:\/\/jorgezanoni.com.br\/2019\/wp-content\/uploads\/2020\/05\/CARLENE-e-Carliane-696x522.jpg 696w, https:\/\/jorgezanoni.com.br\/2019\/wp-content\/uploads\/2020\/05\/CARLENE-e-Carliane-560x420.jpg 560w\" sizes=\"auto, (max-width: 720px) 100vw, 720px\" \/>M\u00e3e Carlene e a filha Carliane<\/p>\n<p><img loading=\"lazy\" decoding=\"async\" class=\"alignnone size-full wp-image-25623\" src=\"https:\/\/jorgezanoni.com.br\/2019\/wp-content\/uploads\/2020\/05\/Carlos-Roberto-de-Souza-Costa-e-a-m\u00e3e-Margarida.jpg\" alt=\"\" width=\"720\" height=\"540\" srcset=\"https:\/\/jorgezanoni.com.br\/2019\/wp-content\/uploads\/2020\/05\/Carlos-Roberto-de-Souza-Costa-e-a-m\u00e3e-Margarida.jpg 720w, https:\/\/jorgezanoni.com.br\/2019\/wp-content\/uploads\/2020\/05\/Carlos-Roberto-de-Souza-Costa-e-a-m\u00e3e-Margarida-300x225.jpg 300w, https:\/\/jorgezanoni.com.br\/2019\/wp-content\/uploads\/2020\/05\/Carlos-Roberto-de-Souza-Costa-e-a-m\u00e3e-Margarida-80x60.jpg 80w, https:\/\/jorgezanoni.com.br\/2019\/wp-content\/uploads\/2020\/05\/Carlos-Roberto-de-Souza-Costa-e-a-m\u00e3e-Margarida-265x198.jpg 265w, https:\/\/jorgezanoni.com.br\/2019\/wp-content\/uploads\/2020\/05\/Carlos-Roberto-de-Souza-Costa-e-a-m\u00e3e-Margarida-696x522.jpg 696w, https:\/\/jorgezanoni.com.br\/2019\/wp-content\/uploads\/2020\/05\/Carlos-Roberto-de-Souza-Costa-e-a-m\u00e3e-Margarida-560x420.jpg 560w\" sizes=\"auto, (max-width: 720px) 100vw, 720px\" \/>Carlos Roberto Souza Costa e a m\u00e3e Margarida<\/p>\n<p><img loading=\"lazy\" decoding=\"async\" class=\"alignnone size-full wp-image-25624\" src=\"https:\/\/jorgezanoni.com.br\/2019\/wp-content\/uploads\/2020\/05\/Carmen-Fermiano-e-m\u00e3e-Maria-Dolores..jpg\" alt=\"\" width=\"278\" height=\"278\" srcset=\"https:\/\/jorgezanoni.com.br\/2019\/wp-content\/uploads\/2020\/05\/Carmen-Fermiano-e-m\u00e3e-Maria-Dolores..jpg 278w, https:\/\/jorgezanoni.com.br\/2019\/wp-content\/uploads\/2020\/05\/Carmen-Fermiano-e-m\u00e3e-Maria-Dolores.-150x150.jpg 150w\" sizes=\"auto, (max-width: 278px) 100vw, 278px\" \/> Carmem Fermiano e a m\u00e3e Maria Dolores<\/p>\n<p><img loading=\"lazy\" decoding=\"async\" class=\"alignnone size-full wp-image-25626\" src=\"https:\/\/jorgezanoni.com.br\/2019\/wp-content\/uploads\/2020\/05\/C\u00e9lia-Branco-parab\u00e9ns-pelo-dia-das-m\u00e3es-..jpg\" alt=\"\" width=\"720\" height=\"480\" srcset=\"https:\/\/jorgezanoni.com.br\/2019\/wp-content\/uploads\/2020\/05\/C\u00e9lia-Branco-parab\u00e9ns-pelo-dia-das-m\u00e3es-..jpg 720w, https:\/\/jorgezanoni.com.br\/2019\/wp-content\/uploads\/2020\/05\/C\u00e9lia-Branco-parab\u00e9ns-pelo-dia-das-m\u00e3es-.-300x200.jpg 300w, https:\/\/jorgezanoni.com.br\/2019\/wp-content\/uploads\/2020\/05\/C\u00e9lia-Branco-parab\u00e9ns-pelo-dia-das-m\u00e3es-.-696x464.jpg 696w, https:\/\/jorgezanoni.com.br\/2019\/wp-content\/uploads\/2020\/05\/C\u00e9lia-Branco-parab\u00e9ns-pelo-dia-das-m\u00e3es-.-630x420.jpg 630w\" sizes=\"auto, (max-width: 720px) 100vw, 720px\" \/>M\u00e3e C\u00e9lia Branco com o esposo Ivan e filhos<\/p>\n<p><img loading=\"lazy\" decoding=\"async\" class=\"alignnone size-full wp-image-25627\" src=\"https:\/\/jorgezanoni.com.br\/2019\/wp-content\/uploads\/2020\/05\/Celia-Pereira-Santana-filhos-Joice-e-Juliano.jpg\" alt=\"\" width=\"1280\" height=\"958\" srcset=\"https:\/\/jorgezanoni.com.br\/2019\/wp-content\/uploads\/2020\/05\/Celia-Pereira-Santana-filhos-Joice-e-Juliano.jpg 1280w, https:\/\/jorgezanoni.com.br\/2019\/wp-content\/uploads\/2020\/05\/Celia-Pereira-Santana-filhos-Joice-e-Juliano-300x225.jpg 300w, https:\/\/jorgezanoni.com.br\/2019\/wp-content\/uploads\/2020\/05\/Celia-Pereira-Santana-filhos-Joice-e-Juliano-1024x766.jpg 1024w, https:\/\/jorgezanoni.com.br\/2019\/wp-content\/uploads\/2020\/05\/Celia-Pereira-Santana-filhos-Joice-e-Juliano-768x575.jpg 768w, https:\/\/jorgezanoni.com.br\/2019\/wp-content\/uploads\/2020\/05\/Celia-Pereira-Santana-filhos-Joice-e-Juliano-80x60.jpg 80w, https:\/\/jorgezanoni.com.br\/2019\/wp-content\/uploads\/2020\/05\/Celia-Pereira-Santana-filhos-Joice-e-Juliano-265x198.jpg 265w, https:\/\/jorgezanoni.com.br\/2019\/wp-content\/uploads\/2020\/05\/Celia-Pereira-Santana-filhos-Joice-e-Juliano-696x521.jpg 696w, https:\/\/jorgezanoni.com.br\/2019\/wp-content\/uploads\/2020\/05\/Celia-Pereira-Santana-filhos-Joice-e-Juliano-1068x799.jpg 1068w, https:\/\/jorgezanoni.com.br\/2019\/wp-content\/uploads\/2020\/05\/Celia-Pereira-Santana-filhos-Joice-e-Juliano-561x420.jpg 561w\" sizes=\"auto, (max-width: 1280px) 100vw, 1280px\" \/>M\u00e3e Celia Pereira Santana com os filhos Joice e Juliano<\/p>\n<p><img loading=\"lazy\" decoding=\"async\" class=\"alignnone size-full wp-image-25628\" src=\"https:\/\/jorgezanoni.com.br\/2019\/wp-content\/uploads\/2020\/05\/Celina-Teatre-e-mam\u00e3e-Darci-Moris-Teatre.jpg\" alt=\"\" width=\"373\" height=\"530\" srcset=\"https:\/\/jorgezanoni.com.br\/2019\/wp-content\/uploads\/2020\/05\/Celina-Teatre-e-mam\u00e3e-Darci-Moris-Teatre.jpg 373w, https:\/\/jorgezanoni.com.br\/2019\/wp-content\/uploads\/2020\/05\/Celina-Teatre-e-mam\u00e3e-Darci-Moris-Teatre-211x300.jpg 211w, https:\/\/jorgezanoni.com.br\/2019\/wp-content\/uploads\/2020\/05\/Celina-Teatre-e-mam\u00e3e-Darci-Moris-Teatre-296x420.jpg 296w\" sizes=\"auto, (max-width: 373px) 100vw, 373px\" \/> Celia Teatre com a M\u00e3e Darci M. Teatre<\/p>\n<p><img loading=\"lazy\" decoding=\"async\" class=\"alignnone size-full wp-image-25629\" src=\"https:\/\/jorgezanoni.com.br\/2019\/wp-content\/uploads\/2020\/05\/Cida-Kanezawa-e-filha-J\u00e9ssica.jpg\" alt=\"\" width=\"576\" height=\"1024\" srcset=\"https:\/\/jorgezanoni.com.br\/2019\/wp-content\/uploads\/2020\/05\/Cida-Kanezawa-e-filha-J\u00e9ssica.jpg 576w, https:\/\/jorgezanoni.com.br\/2019\/wp-content\/uploads\/2020\/05\/Cida-Kanezawa-e-filha-J\u00e9ssica-169x300.jpg 169w, https:\/\/jorgezanoni.com.br\/2019\/wp-content\/uploads\/2020\/05\/Cida-Kanezawa-e-filha-J\u00e9ssica-236x420.jpg 236w\" sizes=\"auto, (max-width: 576px) 100vw, 576px\" \/>J\u00e9ssia e a m\u00e3e Cida Kanezawa<\/p>\n<p><img loading=\"lazy\" decoding=\"async\" class=\"alignnone size-full wp-image-25630\" src=\"https:\/\/jorgezanoni.com.br\/2019\/wp-content\/uploads\/2020\/05\/Cirsa-Rodrigues-e-sua-m\u00e3e-Em\u00edlia-de-Jacipor\u00e3.jpg\" alt=\"\" width=\"720\" height=\"1280\" srcset=\"https:\/\/jorgezanoni.com.br\/2019\/wp-content\/uploads\/2020\/05\/Cirsa-Rodrigues-e-sua-m\u00e3e-Em\u00edlia-de-Jacipor\u00e3.jpg 720w, https:\/\/jorgezanoni.com.br\/2019\/wp-content\/uploads\/2020\/05\/Cirsa-Rodrigues-e-sua-m\u00e3e-Em\u00edlia-de-Jacipor\u00e3-169x300.jpg 169w, https:\/\/jorgezanoni.com.br\/2019\/wp-content\/uploads\/2020\/05\/Cirsa-Rodrigues-e-sua-m\u00e3e-Em\u00edlia-de-Jacipor\u00e3-576x1024.jpg 576w, https:\/\/jorgezanoni.com.br\/2019\/wp-content\/uploads\/2020\/05\/Cirsa-Rodrigues-e-sua-m\u00e3e-Em\u00edlia-de-Jacipor\u00e3-696x1237.jpg 696w, https:\/\/jorgezanoni.com.br\/2019\/wp-content\/uploads\/2020\/05\/Cirsa-Rodrigues-e-sua-m\u00e3e-Em\u00edlia-de-Jacipor\u00e3-236x420.jpg 236w\" sizes=\"auto, (max-width: 720px) 100vw, 720px\" \/>Cirsa Rodrigues com a m\u00e3e Emilia de Jacipor\u00e3<\/p>\n<p><img loading=\"lazy\" decoding=\"async\" class=\"alignnone size-full wp-image-25631\" src=\"https:\/\/jorgezanoni.com.br\/2019\/wp-content\/uploads\/2020\/05\/Claudinei-e-Helena-Maria-Dos-Santos-Melo..jpg\" alt=\"\" width=\"720\" height=\"1280\" srcset=\"https:\/\/jorgezanoni.com.br\/2019\/wp-content\/uploads\/2020\/05\/Claudinei-e-Helena-Maria-Dos-Santos-Melo..jpg 720w, https:\/\/jorgezanoni.com.br\/2019\/wp-content\/uploads\/2020\/05\/Claudinei-e-Helena-Maria-Dos-Santos-Melo.-169x300.jpg 169w, https:\/\/jorgezanoni.com.br\/2019\/wp-content\/uploads\/2020\/05\/Claudinei-e-Helena-Maria-Dos-Santos-Melo.-576x1024.jpg 576w, https:\/\/jorgezanoni.com.br\/2019\/wp-content\/uploads\/2020\/05\/Claudinei-e-Helena-Maria-Dos-Santos-Melo.-696x1237.jpg 696w, https:\/\/jorgezanoni.com.br\/2019\/wp-content\/uploads\/2020\/05\/Claudinei-e-Helena-Maria-Dos-Santos-Melo.-236x420.jpg 236w\" sizes=\"auto, (max-width: 720px) 100vw, 720px\" \/>Claudinei e a m\u00e3e Helena Maria dos Santos Melo<\/p>\n<p><img loading=\"lazy\" decoding=\"async\" class=\"alignnone size-full wp-image-25632\" src=\"https:\/\/jorgezanoni.com.br\/2019\/wp-content\/uploads\/2020\/05\/Claudineia-Claudino-de-Souza-filha-Maria-Eduarda.jpg\" alt=\"\" width=\"1080\" height=\"720\" srcset=\"https:\/\/jorgezanoni.com.br\/2019\/wp-content\/uploads\/2020\/05\/Claudineia-Claudino-de-Souza-filha-Maria-Eduarda.jpg 1080w, https:\/\/jorgezanoni.com.br\/2019\/wp-content\/uploads\/2020\/05\/Claudineia-Claudino-de-Souza-filha-Maria-Eduarda-300x200.jpg 300w, https:\/\/jorgezanoni.com.br\/2019\/wp-content\/uploads\/2020\/05\/Claudineia-Claudino-de-Souza-filha-Maria-Eduarda-1024x683.jpg 1024w, https:\/\/jorgezanoni.com.br\/2019\/wp-content\/uploads\/2020\/05\/Claudineia-Claudino-de-Souza-filha-Maria-Eduarda-768x512.jpg 768w, https:\/\/jorgezanoni.com.br\/2019\/wp-content\/uploads\/2020\/05\/Claudineia-Claudino-de-Souza-filha-Maria-Eduarda-696x464.jpg 696w, https:\/\/jorgezanoni.com.br\/2019\/wp-content\/uploads\/2020\/05\/Claudineia-Claudino-de-Souza-filha-Maria-Eduarda-1068x712.jpg 1068w, https:\/\/jorgezanoni.com.br\/2019\/wp-content\/uploads\/2020\/05\/Claudineia-Claudino-de-Souza-filha-Maria-Eduarda-630x420.jpg 630w\" sizes=\"auto, (max-width: 1080px) 100vw, 1080px\" \/>M\u00e3e Claudin\u00e9ia Claudino de Souza e a filha Maria Eduarda<\/p>\n<p><img loading=\"lazy\" decoding=\"async\" class=\"alignnone size-full wp-image-25633\" src=\"https:\/\/jorgezanoni.com.br\/2019\/wp-content\/uploads\/2020\/05\/Cleo-Pereira-e-m\u00e3e-falecida.jpg\" alt=\"\" width=\"480\" height=\"288\" srcset=\"https:\/\/jorgezanoni.com.br\/2019\/wp-content\/uploads\/2020\/05\/Cleo-Pereira-e-m\u00e3e-falecida.jpg 480w, https:\/\/jorgezanoni.com.br\/2019\/wp-content\/uploads\/2020\/05\/Cleo-Pereira-e-m\u00e3e-falecida-300x180.jpg 300w\" sizes=\"auto, (max-width: 480px) 100vw, 480px\" \/> Cleo Pereira e sua M\u00e3e j\u00e1 falecida<img loading=\"lazy\" decoding=\"async\" class=\"alignnone size-full wp-image-25634\" src=\"https:\/\/jorgezanoni.com.br\/2019\/wp-content\/uploads\/2020\/05\/Cleuza-Pereira-m\u00e3e-Vanessa-Rodrigues-filha.jpg\" alt=\"\" width=\"720\" height=\"960\" srcset=\"https:\/\/jorgezanoni.com.br\/2019\/wp-content\/uploads\/2020\/05\/Cleuza-Pereira-m\u00e3e-Vanessa-Rodrigues-filha.jpg 720w, https:\/\/jorgezanoni.com.br\/2019\/wp-content\/uploads\/2020\/05\/Cleuza-Pereira-m\u00e3e-Vanessa-Rodrigues-filha-225x300.jpg 225w, https:\/\/jorgezanoni.com.br\/2019\/wp-content\/uploads\/2020\/05\/Cleuza-Pereira-m\u00e3e-Vanessa-Rodrigues-filha-696x928.jpg 696w, https:\/\/jorgezanoni.com.br\/2019\/wp-content\/uploads\/2020\/05\/Cleuza-Pereira-m\u00e3e-Vanessa-Rodrigues-filha-315x420.jpg 315w\" sizes=\"auto, (max-width: 720px) 100vw, 720px\" \/>Vanessa Rodrigues e sua m\u00e3e Cleuza Pereira<img loading=\"lazy\" decoding=\"async\" class=\"alignnone size-full wp-image-25635\" src=\"https:\/\/jorgezanoni.com.br\/2019\/wp-content\/uploads\/2020\/05\/Cristiane-Almeida-minha-m\u00e3e-Tereza.jpg\" alt=\"\" width=\"720\" height=\"768\" srcset=\"https:\/\/jorgezanoni.com.br\/2019\/wp-content\/uploads\/2020\/05\/Cristiane-Almeida-minha-m\u00e3e-Tereza.jpg 720w, https:\/\/jorgezanoni.com.br\/2019\/wp-content\/uploads\/2020\/05\/Cristiane-Almeida-minha-m\u00e3e-Tereza-281x300.jpg 281w, https:\/\/jorgezanoni.com.br\/2019\/wp-content\/uploads\/2020\/05\/Cristiane-Almeida-minha-m\u00e3e-Tereza-696x742.jpg 696w, https:\/\/jorgezanoni.com.br\/2019\/wp-content\/uploads\/2020\/05\/Cristiane-Almeida-minha-m\u00e3e-Tereza-394x420.jpg 394w\" sizes=\"auto, (max-width: 720px) 100vw, 720px\" \/>Cristiane Almeida e a m\u00e3e Tereza<\/p>\n<p><img loading=\"lazy\" decoding=\"async\" class=\"alignnone size-full wp-image-25636\" src=\"https:\/\/jorgezanoni.com.br\/2019\/wp-content\/uploads\/2020\/05\/Cristiane-moreira-com-minha-m\u00e3e-luzia-Moreira.jpg\" alt=\"\" width=\"720\" height=\"1196\" srcset=\"https:\/\/jorgezanoni.com.br\/2019\/wp-content\/uploads\/2020\/05\/Cristiane-moreira-com-minha-m\u00e3e-luzia-Moreira.jpg 720w, https:\/\/jorgezanoni.com.br\/2019\/wp-content\/uploads\/2020\/05\/Cristiane-moreira-com-minha-m\u00e3e-luzia-Moreira-181x300.jpg 181w, https:\/\/jorgezanoni.com.br\/2019\/wp-content\/uploads\/2020\/05\/Cristiane-moreira-com-minha-m\u00e3e-luzia-Moreira-616x1024.jpg 616w, https:\/\/jorgezanoni.com.br\/2019\/wp-content\/uploads\/2020\/05\/Cristiane-moreira-com-minha-m\u00e3e-luzia-Moreira-696x1156.jpg 696w, https:\/\/jorgezanoni.com.br\/2019\/wp-content\/uploads\/2020\/05\/Cristiane-moreira-com-minha-m\u00e3e-luzia-Moreira-253x420.jpg 253w\" sizes=\"auto, (max-width: 720px) 100vw, 720px\" \/>Cristiane Moreira com a m\u00e3e Luiza Moreira<\/p>\n<p><img loading=\"lazy\" decoding=\"async\" class=\"alignnone size-full wp-image-25637\" src=\"https:\/\/jorgezanoni.com.br\/2019\/wp-content\/uploads\/2020\/05\/Cristiane-Rejani-e-a-filha-Ellen.jpg\" alt=\"\" width=\"959\" height=\"1280\" srcset=\"https:\/\/jorgezanoni.com.br\/2019\/wp-content\/uploads\/2020\/05\/Cristiane-Rejani-e-a-filha-Ellen.jpg 959w, https:\/\/jorgezanoni.com.br\/2019\/wp-content\/uploads\/2020\/05\/Cristiane-Rejani-e-a-filha-Ellen-225x300.jpg 225w, https:\/\/jorgezanoni.com.br\/2019\/wp-content\/uploads\/2020\/05\/Cristiane-Rejani-e-a-filha-Ellen-767x1024.jpg 767w, https:\/\/jorgezanoni.com.br\/2019\/wp-content\/uploads\/2020\/05\/Cristiane-Rejani-e-a-filha-Ellen-768x1025.jpg 768w, https:\/\/jorgezanoni.com.br\/2019\/wp-content\/uploads\/2020\/05\/Cristiane-Rejani-e-a-filha-Ellen-696x929.jpg 696w, https:\/\/jorgezanoni.com.br\/2019\/wp-content\/uploads\/2020\/05\/Cristiane-Rejani-e-a-filha-Ellen-315x420.jpg 315w\" sizes=\"auto, (max-width: 959px) 100vw, 959px\" \/>Ellen Rejani com a m\u00e3e Cristiane<\/p>\n<p><img loading=\"lazy\" decoding=\"async\" class=\"alignnone size-full wp-image-25638\" src=\"https:\/\/jorgezanoni.com.br\/2019\/wp-content\/uploads\/2020\/05\/Cristiellen-x-Davi-Henrique.jpg\" alt=\"\" width=\"750\" height=\"1000\" srcset=\"https:\/\/jorgezanoni.com.br\/2019\/wp-content\/uploads\/2020\/05\/Cristiellen-x-Davi-Henrique.jpg 750w, https:\/\/jorgezanoni.com.br\/2019\/wp-content\/uploads\/2020\/05\/Cristiellen-x-Davi-Henrique-225x300.jpg 225w, https:\/\/jorgezanoni.com.br\/2019\/wp-content\/uploads\/2020\/05\/Cristiellen-x-Davi-Henrique-696x928.jpg 696w, https:\/\/jorgezanoni.com.br\/2019\/wp-content\/uploads\/2020\/05\/Cristiellen-x-Davi-Henrique-315x420.jpg 315w\" sizes=\"auto, (max-width: 750px) 100vw, 750px\" \/>Cristiellen e o filho Davi Henrique<\/p>\n<p><img loading=\"lazy\" decoding=\"async\" class=\"alignnone size-full wp-image-25639\" src=\"https:\/\/jorgezanoni.com.br\/2019\/wp-content\/uploads\/2020\/05\/Cristina-Nunes-e-Em\u00edlia-Farias.jpg\" alt=\"\" width=\"1080\" height=\"1455\" srcset=\"https:\/\/jorgezanoni.com.br\/2019\/wp-content\/uploads\/2020\/05\/Cristina-Nunes-e-Em\u00edlia-Farias.jpg 1080w, https:\/\/jorgezanoni.com.br\/2019\/wp-content\/uploads\/2020\/05\/Cristina-Nunes-e-Em\u00edlia-Farias-223x300.jpg 223w, https:\/\/jorgezanoni.com.br\/2019\/wp-content\/uploads\/2020\/05\/Cristina-Nunes-e-Em\u00edlia-Farias-760x1024.jpg 760w, https:\/\/jorgezanoni.com.br\/2019\/wp-content\/uploads\/2020\/05\/Cristina-Nunes-e-Em\u00edlia-Farias-768x1035.jpg 768w, https:\/\/jorgezanoni.com.br\/2019\/wp-content\/uploads\/2020\/05\/Cristina-Nunes-e-Em\u00edlia-Farias-696x938.jpg 696w, https:\/\/jorgezanoni.com.br\/2019\/wp-content\/uploads\/2020\/05\/Cristina-Nunes-e-Em\u00edlia-Farias-1068x1439.jpg 1068w, https:\/\/jorgezanoni.com.br\/2019\/wp-content\/uploads\/2020\/05\/Cristina-Nunes-e-Em\u00edlia-Farias-312x420.jpg 312w\" sizes=\"auto, (max-width: 1080px) 100vw, 1080px\" \/>Cristina Nunes e a m\u00e3e Emilia Farias<\/p>\n<p><img loading=\"lazy\" decoding=\"async\" class=\"alignnone size-full wp-image-25640\" src=\"https:\/\/jorgezanoni.com.br\/2019\/wp-content\/uploads\/2020\/05\/Daniel-Nogueira-e-Olivia-Marretto.jpg\" alt=\"\" width=\"380\" height=\"822\" srcset=\"https:\/\/jorgezanoni.com.br\/2019\/wp-content\/uploads\/2020\/05\/Daniel-Nogueira-e-Olivia-Marretto.jpg 380w, https:\/\/jorgezanoni.com.br\/2019\/wp-content\/uploads\/2020\/05\/Daniel-Nogueira-e-Olivia-Marretto-139x300.jpg 139w, https:\/\/jorgezanoni.com.br\/2019\/wp-content\/uploads\/2020\/05\/Daniel-Nogueira-e-Olivia-Marretto-194x420.jpg 194w\" sizes=\"auto, (max-width: 380px) 100vw, 380px\" \/> Daniel Nogueira e m\u00e3e Olivia Marretto<\/p>\n<p><img loading=\"lazy\" decoding=\"async\" class=\"alignnone size-full wp-image-25641\" src=\"https:\/\/jorgezanoni.com.br\/2019\/wp-content\/uploads\/2020\/05\/Daniela-e-o-filho-Breno..jpg\" alt=\"\" width=\"1280\" height=\"960\" srcset=\"https:\/\/jorgezanoni.com.br\/2019\/wp-content\/uploads\/2020\/05\/Daniela-e-o-filho-Breno..jpg 1280w, https:\/\/jorgezanoni.com.br\/2019\/wp-content\/uploads\/2020\/05\/Daniela-e-o-filho-Breno.-300x225.jpg 300w, https:\/\/jorgezanoni.com.br\/2019\/wp-content\/uploads\/2020\/05\/Daniela-e-o-filho-Breno.-1024x768.jpg 1024w, https:\/\/jorgezanoni.com.br\/2019\/wp-content\/uploads\/2020\/05\/Daniela-e-o-filho-Breno.-768x576.jpg 768w, https:\/\/jorgezanoni.com.br\/2019\/wp-content\/uploads\/2020\/05\/Daniela-e-o-filho-Breno.-80x60.jpg 80w, https:\/\/jorgezanoni.com.br\/2019\/wp-content\/uploads\/2020\/05\/Daniela-e-o-filho-Breno.-265x198.jpg 265w, https:\/\/jorgezanoni.com.br\/2019\/wp-content\/uploads\/2020\/05\/Daniela-e-o-filho-Breno.-696x522.jpg 696w, https:\/\/jorgezanoni.com.br\/2019\/wp-content\/uploads\/2020\/05\/Daniela-e-o-filho-Breno.-1068x801.jpg 1068w, https:\/\/jorgezanoni.com.br\/2019\/wp-content\/uploads\/2020\/05\/Daniela-e-o-filho-Breno.-560x420.jpg 560w\" sizes=\"auto, (max-width: 1280px) 100vw, 1280px\" \/>M\u00e3e Daniela e o filho Breno<\/p>\n<p><img loading=\"lazy\" decoding=\"async\" class=\"alignnone size-full wp-image-25642\" src=\"https:\/\/jorgezanoni.com.br\/2019\/wp-content\/uploads\/2020\/05\/Daniele-Porto-Louren\u00e7o-m\u00e3e-da-Alice-Paulina.jpg\" alt=\"\" width=\"960\" height=\"1280\" srcset=\"https:\/\/jorgezanoni.com.br\/2019\/wp-content\/uploads\/2020\/05\/Daniele-Porto-Louren\u00e7o-m\u00e3e-da-Alice-Paulina.jpg 960w, https:\/\/jorgezanoni.com.br\/2019\/wp-content\/uploads\/2020\/05\/Daniele-Porto-Louren\u00e7o-m\u00e3e-da-Alice-Paulina-225x300.jpg 225w, https:\/\/jorgezanoni.com.br\/2019\/wp-content\/uploads\/2020\/05\/Daniele-Porto-Louren\u00e7o-m\u00e3e-da-Alice-Paulina-768x1024.jpg 768w, https:\/\/jorgezanoni.com.br\/2019\/wp-content\/uploads\/2020\/05\/Daniele-Porto-Louren\u00e7o-m\u00e3e-da-Alice-Paulina-696x928.jpg 696w, https:\/\/jorgezanoni.com.br\/2019\/wp-content\/uploads\/2020\/05\/Daniele-Porto-Louren\u00e7o-m\u00e3e-da-Alice-Paulina-315x420.jpg 315w\" sizes=\"auto, (max-width: 960px) 100vw, 960px\" \/>Daniele Porto Louren\u00e7o m\u00e3e da Alice Paulina<\/p>\n<p><img loading=\"lazy\" decoding=\"async\" class=\"alignnone size-full wp-image-25643\" src=\"https:\/\/jorgezanoni.com.br\/2019\/wp-content\/uploads\/2020\/05\/Dona-Ana-Alves-com-filhos-Fl\u00e1vio-Jos\u00e9-e-meninha.jpg\" alt=\"\" width=\"552\" height=\"414\" srcset=\"https:\/\/jorgezanoni.com.br\/2019\/wp-content\/uploads\/2020\/05\/Dona-Ana-Alves-com-filhos-Fl\u00e1vio-Jos\u00e9-e-meninha.jpg 552w, https:\/\/jorgezanoni.com.br\/2019\/wp-content\/uploads\/2020\/05\/Dona-Ana-Alves-com-filhos-Fl\u00e1vio-Jos\u00e9-e-meninha-300x225.jpg 300w, https:\/\/jorgezanoni.com.br\/2019\/wp-content\/uploads\/2020\/05\/Dona-Ana-Alves-com-filhos-Fl\u00e1vio-Jos\u00e9-e-meninha-80x60.jpg 80w, https:\/\/jorgezanoni.com.br\/2019\/wp-content\/uploads\/2020\/05\/Dona-Ana-Alves-com-filhos-Fl\u00e1vio-Jos\u00e9-e-meninha-265x198.jpg 265w\" sizes=\"auto, (max-width: 552px) 100vw, 552px\" \/> M\u00e3e Ana Alves com os filhos Fl\u00e1vio, Jos\u00e9 e Meninha<\/p>\n<p><img loading=\"lazy\" decoding=\"async\" class=\"alignnone size-full wp-image-25644\" src=\"https:\/\/jorgezanoni.com.br\/2019\/wp-content\/uploads\/2020\/05\/Dra-Nathalia-Suzuki-mam\u00e3e-da-Antonella-Suzuki.jpg\" alt=\"\" width=\"1079\" height=\"720\" srcset=\"https:\/\/jorgezanoni.com.br\/2019\/wp-content\/uploads\/2020\/05\/Dra-Nathalia-Suzuki-mam\u00e3e-da-Antonella-Suzuki.jpg 1079w, https:\/\/jorgezanoni.com.br\/2019\/wp-content\/uploads\/2020\/05\/Dra-Nathalia-Suzuki-mam\u00e3e-da-Antonella-Suzuki-300x200.jpg 300w, https:\/\/jorgezanoni.com.br\/2019\/wp-content\/uploads\/2020\/05\/Dra-Nathalia-Suzuki-mam\u00e3e-da-Antonella-Suzuki-1024x683.jpg 1024w, https:\/\/jorgezanoni.com.br\/2019\/wp-content\/uploads\/2020\/05\/Dra-Nathalia-Suzuki-mam\u00e3e-da-Antonella-Suzuki-768x512.jpg 768w, https:\/\/jorgezanoni.com.br\/2019\/wp-content\/uploads\/2020\/05\/Dra-Nathalia-Suzuki-mam\u00e3e-da-Antonella-Suzuki-696x464.jpg 696w, https:\/\/jorgezanoni.com.br\/2019\/wp-content\/uploads\/2020\/05\/Dra-Nathalia-Suzuki-mam\u00e3e-da-Antonella-Suzuki-1068x713.jpg 1068w, https:\/\/jorgezanoni.com.br\/2019\/wp-content\/uploads\/2020\/05\/Dra-Nathalia-Suzuki-mam\u00e3e-da-Antonella-Suzuki-629x420.jpg 629w\" sizes=\"auto, (max-width: 1079px) 100vw, 1079px\" \/>Antonella Suzuki com a m\u00e3e Dra. Nath\u00e1lia Suzuki<\/p>\n<p><img loading=\"lazy\" decoding=\"async\" class=\"alignnone size-full wp-image-25645\" src=\"https:\/\/jorgezanoni.com.br\/2019\/wp-content\/uploads\/2020\/05\/Dra.-Fabiana-Caetano-Neusa-Caetano-Guilherme-e-Sofia.jpg\" alt=\"\" width=\"960\" height=\"1280\" srcset=\"https:\/\/jorgezanoni.com.br\/2019\/wp-content\/uploads\/2020\/05\/Dra.-Fabiana-Caetano-Neusa-Caetano-Guilherme-e-Sofia.jpg 960w, https:\/\/jorgezanoni.com.br\/2019\/wp-content\/uploads\/2020\/05\/Dra.-Fabiana-Caetano-Neusa-Caetano-Guilherme-e-Sofia-225x300.jpg 225w, https:\/\/jorgezanoni.com.br\/2019\/wp-content\/uploads\/2020\/05\/Dra.-Fabiana-Caetano-Neusa-Caetano-Guilherme-e-Sofia-768x1024.jpg 768w, https:\/\/jorgezanoni.com.br\/2019\/wp-content\/uploads\/2020\/05\/Dra.-Fabiana-Caetano-Neusa-Caetano-Guilherme-e-Sofia-696x928.jpg 696w, https:\/\/jorgezanoni.com.br\/2019\/wp-content\/uploads\/2020\/05\/Dra.-Fabiana-Caetano-Neusa-Caetano-Guilherme-e-Sofia-315x420.jpg 315w\" sizes=\"auto, (max-width: 960px) 100vw, 960px\" \/>Dra. Fabiana Caetano, a m\u00e3e Neuza e os filhos e netos Guilherme e Sofia<\/p>\n<p><img loading=\"lazy\" decoding=\"async\" class=\"alignnone size-full wp-image-25646\" src=\"https:\/\/jorgezanoni.com.br\/2019\/wp-content\/uploads\/2020\/05\/Dra.-Germana-e-filhos.jpg\" alt=\"\" width=\"838\" height=\"1024\" srcset=\"https:\/\/jorgezanoni.com.br\/2019\/wp-content\/uploads\/2020\/05\/Dra.-Germana-e-filhos.jpg 838w, https:\/\/jorgezanoni.com.br\/2019\/wp-content\/uploads\/2020\/05\/Dra.-Germana-e-filhos-246x300.jpg 246w, https:\/\/jorgezanoni.com.br\/2019\/wp-content\/uploads\/2020\/05\/Dra.-Germana-e-filhos-768x938.jpg 768w, https:\/\/jorgezanoni.com.br\/2019\/wp-content\/uploads\/2020\/05\/Dra.-Germana-e-filhos-696x850.jpg 696w, https:\/\/jorgezanoni.com.br\/2019\/wp-content\/uploads\/2020\/05\/Dra.-Germana-e-filhos-344x420.jpg 344w\" sizes=\"auto, (max-width: 838px) 100vw, 838px\" \/>M\u00e3e Dra. Germana Fernanda de Souza e filhos<\/p>\n<p><img loading=\"lazy\" decoding=\"async\" class=\"alignnone size-full wp-image-25648\" src=\"https:\/\/jorgezanoni.com.br\/2019\/wp-content\/uploads\/2020\/05\/Drica-Leite-e-Yuri.jpg\" alt=\"\" width=\"675\" height=\"694\" srcset=\"https:\/\/jorgezanoni.com.br\/2019\/wp-content\/uploads\/2020\/05\/Drica-Leite-e-Yuri.jpg 675w, https:\/\/jorgezanoni.com.br\/2019\/wp-content\/uploads\/2020\/05\/Drica-Leite-e-Yuri-292x300.jpg 292w, https:\/\/jorgezanoni.com.br\/2019\/wp-content\/uploads\/2020\/05\/Drica-Leite-e-Yuri-409x420.jpg 409w\" sizes=\"auto, (max-width: 675px) 100vw, 675px\" \/> M\u00e3e Drica Leite e filho Yuri<\/p>\n<p><img loading=\"lazy\" decoding=\"async\" class=\"alignnone size-full wp-image-25649\" src=\"https:\/\/jorgezanoni.com.br\/2019\/wp-content\/uploads\/2020\/05\/Edna-e-Geovana.jpg\" alt=\"\" width=\"720\" height=\"900\" srcset=\"https:\/\/jorgezanoni.com.br\/2019\/wp-content\/uploads\/2020\/05\/Edna-e-Geovana.jpg 720w, https:\/\/jorgezanoni.com.br\/2019\/wp-content\/uploads\/2020\/05\/Edna-e-Geovana-240x300.jpg 240w, https:\/\/jorgezanoni.com.br\/2019\/wp-content\/uploads\/2020\/05\/Edna-e-Geovana-696x870.jpg 696w, https:\/\/jorgezanoni.com.br\/2019\/wp-content\/uploads\/2020\/05\/Edna-e-Geovana-336x420.jpg 336w\" sizes=\"auto, (max-width: 720px) 100vw, 720px\" \/>M\u00e3e Edna e filha Geovana<\/p>\n<p><img loading=\"lazy\" decoding=\"async\" class=\"alignnone size-full wp-image-25650\" src=\"https:\/\/jorgezanoni.com.br\/2019\/wp-content\/uploads\/2020\/05\/Eduardo-Henrique-com-sua-m\u00e3e-Sandra-Regina.jpg\" alt=\"\" width=\"838\" height=\"1120\" srcset=\"https:\/\/jorgezanoni.com.br\/2019\/wp-content\/uploads\/2020\/05\/Eduardo-Henrique-com-sua-m\u00e3e-Sandra-Regina.jpg 838w, https:\/\/jorgezanoni.com.br\/2019\/wp-content\/uploads\/2020\/05\/Eduardo-Henrique-com-sua-m\u00e3e-Sandra-Regina-224x300.jpg 224w, https:\/\/jorgezanoni.com.br\/2019\/wp-content\/uploads\/2020\/05\/Eduardo-Henrique-com-sua-m\u00e3e-Sandra-Regina-766x1024.jpg 766w, https:\/\/jorgezanoni.com.br\/2019\/wp-content\/uploads\/2020\/05\/Eduardo-Henrique-com-sua-m\u00e3e-Sandra-Regina-768x1026.jpg 768w, https:\/\/jorgezanoni.com.br\/2019\/wp-content\/uploads\/2020\/05\/Eduardo-Henrique-com-sua-m\u00e3e-Sandra-Regina-696x930.jpg 696w, https:\/\/jorgezanoni.com.br\/2019\/wp-content\/uploads\/2020\/05\/Eduardo-Henrique-com-sua-m\u00e3e-Sandra-Regina-314x420.jpg 314w\" sizes=\"auto, (max-width: 838px) 100vw, 838px\" \/>Eduardo Henrique com a m\u00e3e Sandra Regina<\/p>\n<p><img loading=\"lazy\" decoding=\"async\" class=\"alignnone size-full wp-image-25651\" src=\"https:\/\/jorgezanoni.com.br\/2019\/wp-content\/uploads\/2020\/05\/Elaine-e-Marilda-Gimenez.jpg\" alt=\"\" width=\"373\" height=\"647\" srcset=\"https:\/\/jorgezanoni.com.br\/2019\/wp-content\/uploads\/2020\/05\/Elaine-e-Marilda-Gimenez.jpg 373w, https:\/\/jorgezanoni.com.br\/2019\/wp-content\/uploads\/2020\/05\/Elaine-e-Marilda-Gimenez-173x300.jpg 173w, https:\/\/jorgezanoni.com.br\/2019\/wp-content\/uploads\/2020\/05\/Elaine-e-Marilda-Gimenez-242x420.jpg 242w\" sizes=\"auto, (max-width: 373px) 100vw, 373px\" \/> Elaine e m\u00e3e Marilda Gimenez<\/p>\n<p><img loading=\"lazy\" decoding=\"async\" class=\"alignnone size-full wp-image-25652\" src=\"https:\/\/jorgezanoni.com.br\/2019\/wp-content\/uploads\/2020\/05\/Eliane-Bog\u00e1s-M\u00e3e-Marlene-e-filha-J\u00falia.jpg\" alt=\"\" width=\"540\" height=\"960\" srcset=\"https:\/\/jorgezanoni.com.br\/2019\/wp-content\/uploads\/2020\/05\/Eliane-Bog\u00e1s-M\u00e3e-Marlene-e-filha-J\u00falia.jpg 540w, https:\/\/jorgezanoni.com.br\/2019\/wp-content\/uploads\/2020\/05\/Eliane-Bog\u00e1s-M\u00e3e-Marlene-e-filha-J\u00falia-169x300.jpg 169w, https:\/\/jorgezanoni.com.br\/2019\/wp-content\/uploads\/2020\/05\/Eliane-Bog\u00e1s-M\u00e3e-Marlene-e-filha-J\u00falia-236x420.jpg 236w\" sizes=\"auto, (max-width: 540px) 100vw, 540px\" \/> Eliane Bog\u00e1s, m\u00e3e Marlene, filha e neta J\u00falia<\/p>\n<p><img loading=\"lazy\" decoding=\"async\" class=\"alignnone size-full wp-image-25653\" src=\"https:\/\/jorgezanoni.com.br\/2019\/wp-content\/uploads\/2020\/05\/Eliane-e-filhos.jpg\" alt=\"\" width=\"959\" height=\"1280\" srcset=\"https:\/\/jorgezanoni.com.br\/2019\/wp-content\/uploads\/2020\/05\/Eliane-e-filhos.jpg 959w, https:\/\/jorgezanoni.com.br\/2019\/wp-content\/uploads\/2020\/05\/Eliane-e-filhos-225x300.jpg 225w, https:\/\/jorgezanoni.com.br\/2019\/wp-content\/uploads\/2020\/05\/Eliane-e-filhos-767x1024.jpg 767w, https:\/\/jorgezanoni.com.br\/2019\/wp-content\/uploads\/2020\/05\/Eliane-e-filhos-768x1025.jpg 768w, https:\/\/jorgezanoni.com.br\/2019\/wp-content\/uploads\/2020\/05\/Eliane-e-filhos-696x929.jpg 696w, https:\/\/jorgezanoni.com.br\/2019\/wp-content\/uploads\/2020\/05\/Eliane-e-filhos-315x420.jpg 315w\" sizes=\"auto, (max-width: 959px) 100vw, 959px\" \/>M\u00e3e Eliane Garcia com os filhos Evandro J\u00fanior, Enzo Gabriel e Eduardo Miguel<\/p>\n<p><img loading=\"lazy\" decoding=\"async\" class=\"alignnone size-full wp-image-25848\" src=\"https:\/\/jorgezanoni.com.br\/2019\/wp-content\/uploads\/2020\/05\/M\u00e3e-Talita-Bueno-e-o-filho-Vicente.jpg\" alt=\"\" width=\"640\" height=\"640\" srcset=\"https:\/\/jorgezanoni.com.br\/2019\/wp-content\/uploads\/2020\/05\/M\u00e3e-Talita-Bueno-e-o-filho-Vicente.jpg 640w, https:\/\/jorgezanoni.com.br\/2019\/wp-content\/uploads\/2020\/05\/M\u00e3e-Talita-Bueno-e-o-filho-Vicente-300x300.jpg 300w, https:\/\/jorgezanoni.com.br\/2019\/wp-content\/uploads\/2020\/05\/M\u00e3e-Talita-Bueno-e-o-filho-Vicente-150x150.jpg 150w, https:\/\/jorgezanoni.com.br\/2019\/wp-content\/uploads\/2020\/05\/M\u00e3e-Talita-Bueno-e-o-filho-Vicente-420x420.jpg 420w\" sizes=\"auto, (max-width: 640px) 100vw, 640px\" \/>M\u00e3e Talita Bueno e o filho Vicente<\/p>\n<p><img loading=\"lazy\" decoding=\"async\" class=\"alignnone size-full wp-image-25847\" src=\"https:\/\/jorgezanoni.com.br\/2019\/wp-content\/uploads\/2020\/05\/Maria-Gl\u00f3ria-da-Silva.jpg\" alt=\"\" width=\"1024\" height=\"1024\" srcset=\"https:\/\/jorgezanoni.com.br\/2019\/wp-content\/uploads\/2020\/05\/Maria-Gl\u00f3ria-da-Silva.jpg 1024w, https:\/\/jorgezanoni.com.br\/2019\/wp-content\/uploads\/2020\/05\/Maria-Gl\u00f3ria-da-Silva-300x300.jpg 300w, https:\/\/jorgezanoni.com.br\/2019\/wp-content\/uploads\/2020\/05\/Maria-Gl\u00f3ria-da-Silva-150x150.jpg 150w, https:\/\/jorgezanoni.com.br\/2019\/wp-content\/uploads\/2020\/05\/Maria-Gl\u00f3ria-da-Silva-768x768.jpg 768w, https:\/\/jorgezanoni.com.br\/2019\/wp-content\/uploads\/2020\/05\/Maria-Gl\u00f3ria-da-Silva-696x696.jpg 696w, https:\/\/jorgezanoni.com.br\/2019\/wp-content\/uploads\/2020\/05\/Maria-Gl\u00f3ria-da-Silva-420x420.jpg 420w\" sizes=\"auto, (max-width: 1024px) 100vw, 1024px\" \/>M\u00e3e Maria Gl\u00f3ria da Silva com filhos e netos<\/p>\n<p><img loading=\"lazy\" decoding=\"async\" class=\"alignnone size-full wp-image-25654\" src=\"https:\/\/jorgezanoni.com.br\/2019\/wp-content\/uploads\/2020\/05\/Elisabete-m\u00e3e-do-gabriel.jpg\" alt=\"\" width=\"720\" height=\"540\" srcset=\"https:\/\/jorgezanoni.com.br\/2019\/wp-content\/uploads\/2020\/05\/Elisabete-m\u00e3e-do-gabriel.jpg 720w, https:\/\/jorgezanoni.com.br\/2019\/wp-content\/uploads\/2020\/05\/Elisabete-m\u00e3e-do-gabriel-300x225.jpg 300w, https:\/\/jorgezanoni.com.br\/2019\/wp-content\/uploads\/2020\/05\/Elisabete-m\u00e3e-do-gabriel-80x60.jpg 80w, https:\/\/jorgezanoni.com.br\/2019\/wp-content\/uploads\/2020\/05\/Elisabete-m\u00e3e-do-gabriel-265x198.jpg 265w, https:\/\/jorgezanoni.com.br\/2019\/wp-content\/uploads\/2020\/05\/Elisabete-m\u00e3e-do-gabriel-696x522.jpg 696w, https:\/\/jorgezanoni.com.br\/2019\/wp-content\/uploads\/2020\/05\/Elisabete-m\u00e3e-do-gabriel-560x420.jpg 560w\" sizes=\"auto, (max-width: 720px) 100vw, 720px\" \/>Gabriel e a m\u00e3e Elisabete<\/p>\n<p><img loading=\"lazy\" decoding=\"async\" class=\"alignnone size-full wp-image-25655\" src=\"https:\/\/jorgezanoni.com.br\/2019\/wp-content\/uploads\/2020\/05\/Elza-Santos.jpg\" alt=\"\" width=\"768\" height=\"1280\" srcset=\"https:\/\/jorgezanoni.com.br\/2019\/wp-content\/uploads\/2020\/05\/Elza-Santos.jpg 768w, https:\/\/jorgezanoni.com.br\/2019\/wp-content\/uploads\/2020\/05\/Elza-Santos-180x300.jpg 180w, https:\/\/jorgezanoni.com.br\/2019\/wp-content\/uploads\/2020\/05\/Elza-Santos-614x1024.jpg 614w, https:\/\/jorgezanoni.com.br\/2019\/wp-content\/uploads\/2020\/05\/Elza-Santos-696x1160.jpg 696w, https:\/\/jorgezanoni.com.br\/2019\/wp-content\/uploads\/2020\/05\/Elza-Santos-252x420.jpg 252w\" sizes=\"auto, (max-width: 768px) 100vw, 768px\" \/>M\u00e3e Elza Santos<\/p>\n<p><img loading=\"lazy\" decoding=\"async\" class=\"alignnone size-full wp-image-25656\" src=\"https:\/\/jorgezanoni.com.br\/2019\/wp-content\/uploads\/2020\/05\/Esta-\u00e9-meus-filhos-netos-Ana-Cear\u00e1-leiswladio-leisilana-Ana-Clara-netos-Lu\u00eds-Miguel-isabelle.jpg\" alt=\"\" width=\"552\" height=\"391\" srcset=\"https:\/\/jorgezanoni.com.br\/2019\/wp-content\/uploads\/2020\/05\/Esta-\u00e9-meus-filhos-netos-Ana-Cear\u00e1-leiswladio-leisilana-Ana-Clara-netos-Lu\u00eds-Miguel-isabelle.jpg 552w, https:\/\/jorgezanoni.com.br\/2019\/wp-content\/uploads\/2020\/05\/Esta-\u00e9-meus-filhos-netos-Ana-Cear\u00e1-leiswladio-leisilana-Ana-Clara-netos-Lu\u00eds-Miguel-isabelle-300x213.jpg 300w, https:\/\/jorgezanoni.com.br\/2019\/wp-content\/uploads\/2020\/05\/Esta-\u00e9-meus-filhos-netos-Ana-Cear\u00e1-leiswladio-leisilana-Ana-Clara-netos-Lu\u00eds-Miguel-isabelle-100x70.jpg 100w\" sizes=\"auto, (max-width: 552px) 100vw, 552px\" \/> M\u00e3e Ana Cear\u00e1 com os filhos Leiswladio, Leisilana, Ana Clara e os netos Lu\u00eds Miguel e Isabelle<\/p>\n<p><img loading=\"lazy\" decoding=\"async\" class=\"alignnone size-full wp-image-25657\" src=\"https:\/\/jorgezanoni.com.br\/2019\/wp-content\/uploads\/2020\/05\/Eu-Emerson-Vieira-minha-m\u00e3e-Ivone.jpg\" alt=\"\" width=\"1018\" height=\"619\" srcset=\"https:\/\/jorgezanoni.com.br\/2019\/wp-content\/uploads\/2020\/05\/Eu-Emerson-Vieira-minha-m\u00e3e-Ivone.jpg 1018w, https:\/\/jorgezanoni.com.br\/2019\/wp-content\/uploads\/2020\/05\/Eu-Emerson-Vieira-minha-m\u00e3e-Ivone-300x182.jpg 300w, https:\/\/jorgezanoni.com.br\/2019\/wp-content\/uploads\/2020\/05\/Eu-Emerson-Vieira-minha-m\u00e3e-Ivone-768x467.jpg 768w, https:\/\/jorgezanoni.com.br\/2019\/wp-content\/uploads\/2020\/05\/Eu-Emerson-Vieira-minha-m\u00e3e-Ivone-696x423.jpg 696w, https:\/\/jorgezanoni.com.br\/2019\/wp-content\/uploads\/2020\/05\/Eu-Emerson-Vieira-minha-m\u00e3e-Ivone-691x420.jpg 691w\" sizes=\"auto, (max-width: 1018px) 100vw, 1018px\" \/> M\u00e3e Ivone e o filho Emerson Vieira<img loading=\"lazy\" decoding=\"async\" class=\"alignnone size-full wp-image-25658\" src=\"https:\/\/jorgezanoni.com.br\/2019\/wp-content\/uploads\/2020\/05\/Eu-CARLOS-e-minha-rainha-Margarida.jpg\" alt=\"\" width=\"720\" height=\"540\" srcset=\"https:\/\/jorgezanoni.com.br\/2019\/wp-content\/uploads\/2020\/05\/Eu-CARLOS-e-minha-rainha-Margarida.jpg 720w, https:\/\/jorgezanoni.com.br\/2019\/wp-content\/uploads\/2020\/05\/Eu-CARLOS-e-minha-rainha-Margarida-300x225.jpg 300w, https:\/\/jorgezanoni.com.br\/2019\/wp-content\/uploads\/2020\/05\/Eu-CARLOS-e-minha-rainha-Margarida-80x60.jpg 80w, https:\/\/jorgezanoni.com.br\/2019\/wp-content\/uploads\/2020\/05\/Eu-CARLOS-e-minha-rainha-Margarida-265x198.jpg 265w, https:\/\/jorgezanoni.com.br\/2019\/wp-content\/uploads\/2020\/05\/Eu-CARLOS-e-minha-rainha-Margarida-696x522.jpg 696w, https:\/\/jorgezanoni.com.br\/2019\/wp-content\/uploads\/2020\/05\/Eu-CARLOS-e-minha-rainha-Margarida-560x420.jpg 560w\" sizes=\"auto, (max-width: 720px) 100vw, 720px\" \/>Carlos e a m\u00e3e Margarida<\/p>\n<p><img loading=\"lazy\" decoding=\"async\" class=\"alignnone size-full wp-image-25659\" src=\"https:\/\/jorgezanoni.com.br\/2019\/wp-content\/uploads\/2020\/05\/Eu-e-minha-m\u00e3e-Raquel-e-Ana-Paula.jpg\" alt=\"\" width=\"720\" height=\"1280\" srcset=\"https:\/\/jorgezanoni.com.br\/2019\/wp-content\/uploads\/2020\/05\/Eu-e-minha-m\u00e3e-Raquel-e-Ana-Paula.jpg 720w, https:\/\/jorgezanoni.com.br\/2019\/wp-content\/uploads\/2020\/05\/Eu-e-minha-m\u00e3e-Raquel-e-Ana-Paula-169x300.jpg 169w, https:\/\/jorgezanoni.com.br\/2019\/wp-content\/uploads\/2020\/05\/Eu-e-minha-m\u00e3e-Raquel-e-Ana-Paula-576x1024.jpg 576w, https:\/\/jorgezanoni.com.br\/2019\/wp-content\/uploads\/2020\/05\/Eu-e-minha-m\u00e3e-Raquel-e-Ana-Paula-696x1237.jpg 696w, https:\/\/jorgezanoni.com.br\/2019\/wp-content\/uploads\/2020\/05\/Eu-e-minha-m\u00e3e-Raquel-e-Ana-Paula-236x420.jpg 236w\" sizes=\"auto, (max-width: 720px) 100vw, 720px\" \/>Ana Paula e m\u00e3e Raquel<\/p>\n<p><img loading=\"lazy\" decoding=\"async\" class=\"alignnone size-full wp-image-25660\" src=\"https:\/\/jorgezanoni.com.br\/2019\/wp-content\/uploads\/2020\/05\/Eu-L\u00facia-zaramelli-com-minha-m\u00e3e-sueli-zaramelli.jpg\" alt=\"\" width=\"474\" height=\"482\" srcset=\"https:\/\/jorgezanoni.com.br\/2019\/wp-content\/uploads\/2020\/05\/Eu-L\u00facia-zaramelli-com-minha-m\u00e3e-sueli-zaramelli.jpg 474w, https:\/\/jorgezanoni.com.br\/2019\/wp-content\/uploads\/2020\/05\/Eu-L\u00facia-zaramelli-com-minha-m\u00e3e-sueli-zaramelli-295x300.jpg 295w, https:\/\/jorgezanoni.com.br\/2019\/wp-content\/uploads\/2020\/05\/Eu-L\u00facia-zaramelli-com-minha-m\u00e3e-sueli-zaramelli-413x420.jpg 413w\" sizes=\"auto, (max-width: 474px) 100vw, 474px\" \/> L\u00facia Zaramelli e a m\u00e3e Sueli<img loading=\"lazy\" decoding=\"async\" class=\"alignnone size-full wp-image-25661\" src=\"https:\/\/jorgezanoni.com.br\/2019\/wp-content\/uploads\/2020\/05\/Eu-Thaina-Oliveira-e-minha-princesa-Emanuelly-Oliveira.jpg\" alt=\"\" width=\"1080\" height=\"1080\" srcset=\"https:\/\/jorgezanoni.com.br\/2019\/wp-content\/uploads\/2020\/05\/Eu-Thaina-Oliveira-e-minha-princesa-Emanuelly-Oliveira.jpg 1080w, https:\/\/jorgezanoni.com.br\/2019\/wp-content\/uploads\/2020\/05\/Eu-Thaina-Oliveira-e-minha-princesa-Emanuelly-Oliveira-300x300.jpg 300w, https:\/\/jorgezanoni.com.br\/2019\/wp-content\/uploads\/2020\/05\/Eu-Thaina-Oliveira-e-minha-princesa-Emanuelly-Oliveira-1024x1024.jpg 1024w, https:\/\/jorgezanoni.com.br\/2019\/wp-content\/uploads\/2020\/05\/Eu-Thaina-Oliveira-e-minha-princesa-Emanuelly-Oliveira-150x150.jpg 150w, https:\/\/jorgezanoni.com.br\/2019\/wp-content\/uploads\/2020\/05\/Eu-Thaina-Oliveira-e-minha-princesa-Emanuelly-Oliveira-768x768.jpg 768w, https:\/\/jorgezanoni.com.br\/2019\/wp-content\/uploads\/2020\/05\/Eu-Thaina-Oliveira-e-minha-princesa-Emanuelly-Oliveira-696x696.jpg 696w, https:\/\/jorgezanoni.com.br\/2019\/wp-content\/uploads\/2020\/05\/Eu-Thaina-Oliveira-e-minha-princesa-Emanuelly-Oliveira-1068x1068.jpg 1068w, https:\/\/jorgezanoni.com.br\/2019\/wp-content\/uploads\/2020\/05\/Eu-Thaina-Oliveira-e-minha-princesa-Emanuelly-Oliveira-420x420.jpg 420w\" sizes=\"auto, (max-width: 1080px) 100vw, 1080px\" \/>Emanuelly e a m\u00e3e Thain\u00e1 Oliveira<\/p>\n<p><img loading=\"lazy\" decoding=\"async\" class=\"alignnone size-full wp-image-25662\" src=\"https:\/\/jorgezanoni.com.br\/2019\/wp-content\/uploads\/2020\/05\/Eunice-e-Drica.jpg\" alt=\"\" width=\"719\" height=\"352\" srcset=\"https:\/\/jorgezanoni.com.br\/2019\/wp-content\/uploads\/2020\/05\/Eunice-e-Drica.jpg 719w, https:\/\/jorgezanoni.com.br\/2019\/wp-content\/uploads\/2020\/05\/Eunice-e-Drica-300x147.jpg 300w, https:\/\/jorgezanoni.com.br\/2019\/wp-content\/uploads\/2020\/05\/Eunice-e-Drica-324x160.jpg 324w, https:\/\/jorgezanoni.com.br\/2019\/wp-content\/uploads\/2020\/05\/Eunice-e-Drica-533x261.jpg 533w, https:\/\/jorgezanoni.com.br\/2019\/wp-content\/uploads\/2020\/05\/Eunice-e-Drica-696x341.jpg 696w\" sizes=\"auto, (max-width: 719px) 100vw, 719px\" \/>M\u00e3e Eunice (falecida) e a filha Drica Leite<\/p>\n<p><img loading=\"lazy\" decoding=\"async\" class=\"alignnone size-full wp-image-25663\" src=\"https:\/\/jorgezanoni.com.br\/2019\/wp-content\/uploads\/2020\/05\/Fernanda-e-essa-minha-m\u00e3e-francineide.jpg\" alt=\"\" width=\"296\" height=\"260\" \/> Fernanda e a m\u00e3e Francineide<\/p>\n<p><img loading=\"lazy\" decoding=\"async\" class=\"alignnone size-full wp-image-25665\" src=\"https:\/\/jorgezanoni.com.br\/2019\/wp-content\/uploads\/2020\/05\/Filhas-Priscila-Puga-e-Meiri\u00e9llen-Puga-com-a-m\u00e3e-M\u00e1rcia-Ap.-Puga.jpg\" alt=\"\" width=\"1080\" height=\"720\" srcset=\"https:\/\/jorgezanoni.com.br\/2019\/wp-content\/uploads\/2020\/05\/Filhas-Priscila-Puga-e-Meiri\u00e9llen-Puga-com-a-m\u00e3e-M\u00e1rcia-Ap.-Puga.jpg 1080w, https:\/\/jorgezanoni.com.br\/2019\/wp-content\/uploads\/2020\/05\/Filhas-Priscila-Puga-e-Meiri\u00e9llen-Puga-com-a-m\u00e3e-M\u00e1rcia-Ap.-Puga-300x200.jpg 300w, https:\/\/jorgezanoni.com.br\/2019\/wp-content\/uploads\/2020\/05\/Filhas-Priscila-Puga-e-Meiri\u00e9llen-Puga-com-a-m\u00e3e-M\u00e1rcia-Ap.-Puga-1024x683.jpg 1024w, https:\/\/jorgezanoni.com.br\/2019\/wp-content\/uploads\/2020\/05\/Filhas-Priscila-Puga-e-Meiri\u00e9llen-Puga-com-a-m\u00e3e-M\u00e1rcia-Ap.-Puga-768x512.jpg 768w, https:\/\/jorgezanoni.com.br\/2019\/wp-content\/uploads\/2020\/05\/Filhas-Priscila-Puga-e-Meiri\u00e9llen-Puga-com-a-m\u00e3e-M\u00e1rcia-Ap.-Puga-696x464.jpg 696w, https:\/\/jorgezanoni.com.br\/2019\/wp-content\/uploads\/2020\/05\/Filhas-Priscila-Puga-e-Meiri\u00e9llen-Puga-com-a-m\u00e3e-M\u00e1rcia-Ap.-Puga-1068x712.jpg 1068w, https:\/\/jorgezanoni.com.br\/2019\/wp-content\/uploads\/2020\/05\/Filhas-Priscila-Puga-e-Meiri\u00e9llen-Puga-com-a-m\u00e3e-M\u00e1rcia-Ap.-Puga-630x420.jpg 630w\" sizes=\"auto, (max-width: 1080px) 100vw, 1080px\" \/>Filhas Priscila e Meiri\u00e9llen com a m\u00e3e M\u00e1rcia Ap. Puga<\/p>\n<p><img loading=\"lazy\" decoding=\"async\" class=\"alignnone size-full wp-image-25666\" src=\"https:\/\/jorgezanoni.com.br\/2019\/wp-content\/uploads\/2020\/05\/Flavio-Moreira-M\u00e3e-Maria.jpg\" alt=\"\" width=\"405\" height=\"405\" srcset=\"https:\/\/jorgezanoni.com.br\/2019\/wp-content\/uploads\/2020\/05\/Flavio-Moreira-M\u00e3e-Maria.jpg 405w, https:\/\/jorgezanoni.com.br\/2019\/wp-content\/uploads\/2020\/05\/Flavio-Moreira-M\u00e3e-Maria-300x300.jpg 300w, https:\/\/jorgezanoni.com.br\/2019\/wp-content\/uploads\/2020\/05\/Flavio-Moreira-M\u00e3e-Maria-150x150.jpg 150w\" sizes=\"auto, (max-width: 405px) 100vw, 405px\" \/> M\u00e3e Maria e o filho Fl\u00e1vio Moreira<\/p>\n<p><img loading=\"lazy\" decoding=\"async\" class=\"alignnone size-full wp-image-25667\" src=\"https:\/\/jorgezanoni.com.br\/2019\/wp-content\/uploads\/2020\/05\/Francisco-esposa-Neide-Izabel-filhas-da-esquerda-para-direita-PRISCILA-MARUSCA-e-CHRISTIANE..jpg\" alt=\"\" width=\"1280\" height=\"720\" srcset=\"https:\/\/jorgezanoni.com.br\/2019\/wp-content\/uploads\/2020\/05\/Francisco-esposa-Neide-Izabel-filhas-da-esquerda-para-direita-PRISCILA-MARUSCA-e-CHRISTIANE..jpg 1280w, https:\/\/jorgezanoni.com.br\/2019\/wp-content\/uploads\/2020\/05\/Francisco-esposa-Neide-Izabel-filhas-da-esquerda-para-direita-PRISCILA-MARUSCA-e-CHRISTIANE.-300x169.jpg 300w, https:\/\/jorgezanoni.com.br\/2019\/wp-content\/uploads\/2020\/05\/Francisco-esposa-Neide-Izabel-filhas-da-esquerda-para-direita-PRISCILA-MARUSCA-e-CHRISTIANE.-1024x576.jpg 1024w, https:\/\/jorgezanoni.com.br\/2019\/wp-content\/uploads\/2020\/05\/Francisco-esposa-Neide-Izabel-filhas-da-esquerda-para-direita-PRISCILA-MARUSCA-e-CHRISTIANE.-768x432.jpg 768w, https:\/\/jorgezanoni.com.br\/2019\/wp-content\/uploads\/2020\/05\/Francisco-esposa-Neide-Izabel-filhas-da-esquerda-para-direita-PRISCILA-MARUSCA-e-CHRISTIANE.-696x392.jpg 696w, https:\/\/jorgezanoni.com.br\/2019\/wp-content\/uploads\/2020\/05\/Francisco-esposa-Neide-Izabel-filhas-da-esquerda-para-direita-PRISCILA-MARUSCA-e-CHRISTIANE.-1068x601.jpg 1068w, https:\/\/jorgezanoni.com.br\/2019\/wp-content\/uploads\/2020\/05\/Francisco-esposa-Neide-Izabel-filhas-da-esquerda-para-direita-PRISCILA-MARUSCA-e-CHRISTIANE.-747x420.jpg 747w\" sizes=\"auto, (max-width: 1280px) 100vw, 1280px\" \/>M\u00e3e Neide com o esposo Francisco Torturello e as filhas Priscila, Marusca e Christiane<\/p>\n<p><img loading=\"lazy\" decoding=\"async\" class=\"alignnone size-full wp-image-25668\" src=\"https:\/\/jorgezanoni.com.br\/2019\/wp-content\/uploads\/2020\/05\/Gisele-Aparecida-dos-Santos.jpg\" alt=\"\" width=\"560\" height=\"1152\" srcset=\"https:\/\/jorgezanoni.com.br\/2019\/wp-content\/uploads\/2020\/05\/Gisele-Aparecida-dos-Santos.jpg 560w, https:\/\/jorgezanoni.com.br\/2019\/wp-content\/uploads\/2020\/05\/Gisele-Aparecida-dos-Santos-146x300.jpg 146w, https:\/\/jorgezanoni.com.br\/2019\/wp-content\/uploads\/2020\/05\/Gisele-Aparecida-dos-Santos-498x1024.jpg 498w, https:\/\/jorgezanoni.com.br\/2019\/wp-content\/uploads\/2020\/05\/Gisele-Aparecida-dos-Santos-204x420.jpg 204w\" sizes=\"auto, (max-width: 560px) 100vw, 560px\" \/> M\u00e3e Gisele Aparecida dos Santos<\/p>\n<p><img loading=\"lazy\" decoding=\"async\" class=\"alignnone size-full wp-image-25670\" src=\"https:\/\/jorgezanoni.com.br\/2019\/wp-content\/uploads\/2020\/05\/Idair-e-a-filha-Rita.jpg\" alt=\"\" width=\"720\" height=\"960\" srcset=\"https:\/\/jorgezanoni.com.br\/2019\/wp-content\/uploads\/2020\/05\/Idair-e-a-filha-Rita.jpg 720w, https:\/\/jorgezanoni.com.br\/2019\/wp-content\/uploads\/2020\/05\/Idair-e-a-filha-Rita-225x300.jpg 225w, https:\/\/jorgezanoni.com.br\/2019\/wp-content\/uploads\/2020\/05\/Idair-e-a-filha-Rita-696x928.jpg 696w, https:\/\/jorgezanoni.com.br\/2019\/wp-content\/uploads\/2020\/05\/Idair-e-a-filha-Rita-315x420.jpg 315w\" sizes=\"auto, (max-width: 720px) 100vw, 720px\" \/>M\u00e3e Idair e a filha Rita<\/p>\n<p><img loading=\"lazy\" decoding=\"async\" class=\"alignnone size-full wp-image-25671\" src=\"https:\/\/jorgezanoni.com.br\/2019\/wp-content\/uploads\/2020\/05\/iLza-nunes-e-seus-5-filhos-de-tupi-paulista-e-o-marido.jpg\" alt=\"\" width=\"710\" height=\"863\" srcset=\"https:\/\/jorgezanoni.com.br\/2019\/wp-content\/uploads\/2020\/05\/iLza-nunes-e-seus-5-filhos-de-tupi-paulista-e-o-marido.jpg 710w, https:\/\/jorgezanoni.com.br\/2019\/wp-content\/uploads\/2020\/05\/iLza-nunes-e-seus-5-filhos-de-tupi-paulista-e-o-marido-247x300.jpg 247w, https:\/\/jorgezanoni.com.br\/2019\/wp-content\/uploads\/2020\/05\/iLza-nunes-e-seus-5-filhos-de-tupi-paulista-e-o-marido-696x846.jpg 696w, https:\/\/jorgezanoni.com.br\/2019\/wp-content\/uploads\/2020\/05\/iLza-nunes-e-seus-5-filhos-de-tupi-paulista-e-o-marido-346x420.jpg 346w\" sizes=\"auto, (max-width: 710px) 100vw, 710px\" \/>M\u00e3e Ilza Nunes de Tupi Paulista com os cinco filhos e o esposo<\/p>\n<p><img loading=\"lazy\" decoding=\"async\" class=\"alignnone size-full wp-image-25672\" src=\"https:\/\/jorgezanoni.com.br\/2019\/wp-content\/uploads\/2020\/05\/Inarai-e-o-nome-da-minha-m\u00e3e-\u00e9-Edna.jpg\" alt=\"\" width=\"1056\" height=\"594\" srcset=\"https:\/\/jorgezanoni.com.br\/2019\/wp-content\/uploads\/2020\/05\/Inarai-e-o-nome-da-minha-m\u00e3e-\u00e9-Edna.jpg 1056w, https:\/\/jorgezanoni.com.br\/2019\/wp-content\/uploads\/2020\/05\/Inarai-e-o-nome-da-minha-m\u00e3e-\u00e9-Edna-300x169.jpg 300w, https:\/\/jorgezanoni.com.br\/2019\/wp-content\/uploads\/2020\/05\/Inarai-e-o-nome-da-minha-m\u00e3e-\u00e9-Edna-1024x576.jpg 1024w, https:\/\/jorgezanoni.com.br\/2019\/wp-content\/uploads\/2020\/05\/Inarai-e-o-nome-da-minha-m\u00e3e-\u00e9-Edna-768x432.jpg 768w, https:\/\/jorgezanoni.com.br\/2019\/wp-content\/uploads\/2020\/05\/Inarai-e-o-nome-da-minha-m\u00e3e-\u00e9-Edna-696x392.jpg 696w, https:\/\/jorgezanoni.com.br\/2019\/wp-content\/uploads\/2020\/05\/Inarai-e-o-nome-da-minha-m\u00e3e-\u00e9-Edna-747x420.jpg 747w\" sizes=\"auto, (max-width: 1056px) 100vw, 1056px\" \/>M\u00e3e Edna e a filha Inarai<\/p>\n<p><img loading=\"lazy\" decoding=\"async\" class=\"alignnone size-full wp-image-25673\" src=\"https:\/\/jorgezanoni.com.br\/2019\/wp-content\/uploads\/2020\/05\/Iraci-Cenerini-Duo-filha-Lorena-Regina-Maciel-e-nora-sidineia.jpg\" alt=\"\" width=\"1080\" height=\"1920\" srcset=\"https:\/\/jorgezanoni.com.br\/2019\/wp-content\/uploads\/2020\/05\/Iraci-Cenerini-Duo-filha-Lorena-Regina-Maciel-e-nora-sidineia.jpg 1080w, https:\/\/jorgezanoni.com.br\/2019\/wp-content\/uploads\/2020\/05\/Iraci-Cenerini-Duo-filha-Lorena-Regina-Maciel-e-nora-sidineia-169x300.jpg 169w, https:\/\/jorgezanoni.com.br\/2019\/wp-content\/uploads\/2020\/05\/Iraci-Cenerini-Duo-filha-Lorena-Regina-Maciel-e-nora-sidineia-576x1024.jpg 576w, https:\/\/jorgezanoni.com.br\/2019\/wp-content\/uploads\/2020\/05\/Iraci-Cenerini-Duo-filha-Lorena-Regina-Maciel-e-nora-sidineia-768x1365.jpg 768w, https:\/\/jorgezanoni.com.br\/2019\/wp-content\/uploads\/2020\/05\/Iraci-Cenerini-Duo-filha-Lorena-Regina-Maciel-e-nora-sidineia-864x1536.jpg 864w, https:\/\/jorgezanoni.com.br\/2019\/wp-content\/uploads\/2020\/05\/Iraci-Cenerini-Duo-filha-Lorena-Regina-Maciel-e-nora-sidineia-696x1237.jpg 696w, https:\/\/jorgezanoni.com.br\/2019\/wp-content\/uploads\/2020\/05\/Iraci-Cenerini-Duo-filha-Lorena-Regina-Maciel-e-nora-sidineia-1068x1899.jpg 1068w, https:\/\/jorgezanoni.com.br\/2019\/wp-content\/uploads\/2020\/05\/Iraci-Cenerini-Duo-filha-Lorena-Regina-Maciel-e-nora-sidineia-236x420.jpg 236w\" sizes=\"auto, (max-width: 1080px) 100vw, 1080px\" \/><\/p>\n<p>M\u00e3e Iraci Cenerini Duo com as filha Lorena Regina Maciel e nora Sidin\u00e9ia<\/p>\n<p><img loading=\"lazy\" decoding=\"async\" class=\"alignnone size-full wp-image-25674\" src=\"https:\/\/jorgezanoni.com.br\/2019\/wp-content\/uploads\/2020\/05\/Irene-longo-m\u00e3e-filhos-Josias-Renato-filhas-laudiceia-e-Simone.jpg\" alt=\"\" width=\"596\" height=\"537\" srcset=\"https:\/\/jorgezanoni.com.br\/2019\/wp-content\/uploads\/2020\/05\/Irene-longo-m\u00e3e-filhos-Josias-Renato-filhas-laudiceia-e-Simone.jpg 596w, https:\/\/jorgezanoni.com.br\/2019\/wp-content\/uploads\/2020\/05\/Irene-longo-m\u00e3e-filhos-Josias-Renato-filhas-laudiceia-e-Simone-300x270.jpg 300w, https:\/\/jorgezanoni.com.br\/2019\/wp-content\/uploads\/2020\/05\/Irene-longo-m\u00e3e-filhos-Josias-Renato-filhas-laudiceia-e-Simone-466x420.jpg 466w\" sizes=\"auto, (max-width: 596px) 100vw, 596px\" \/> M\u00e3e Irene Longo com os filhos Josias, Renato, Laudic\u00e9ia e Simone<\/p>\n<p><img loading=\"lazy\" decoding=\"async\" class=\"alignnone size-full wp-image-25675\" src=\"https:\/\/jorgezanoni.com.br\/2019\/wp-content\/uploads\/2020\/05\/Isabela-e-Neide..jpg\" alt=\"\" width=\"1280\" height=\"887\" srcset=\"https:\/\/jorgezanoni.com.br\/2019\/wp-content\/uploads\/2020\/05\/Isabela-e-Neide..jpg 1280w, https:\/\/jorgezanoni.com.br\/2019\/wp-content\/uploads\/2020\/05\/Isabela-e-Neide.-300x208.jpg 300w, https:\/\/jorgezanoni.com.br\/2019\/wp-content\/uploads\/2020\/05\/Isabela-e-Neide.-1024x710.jpg 1024w, https:\/\/jorgezanoni.com.br\/2019\/wp-content\/uploads\/2020\/05\/Isabela-e-Neide.-768x532.jpg 768w, https:\/\/jorgezanoni.com.br\/2019\/wp-content\/uploads\/2020\/05\/Isabela-e-Neide.-100x70.jpg 100w, https:\/\/jorgezanoni.com.br\/2019\/wp-content\/uploads\/2020\/05\/Isabela-e-Neide.-218x150.jpg 218w, https:\/\/jorgezanoni.com.br\/2019\/wp-content\/uploads\/2020\/05\/Isabela-e-Neide.-696x482.jpg 696w, https:\/\/jorgezanoni.com.br\/2019\/wp-content\/uploads\/2020\/05\/Isabela-e-Neide.-1068x740.jpg 1068w, https:\/\/jorgezanoni.com.br\/2019\/wp-content\/uploads\/2020\/05\/Isabela-e-Neide.-606x420.jpg 606w\" sizes=\"auto, (max-width: 1280px) 100vw, 1280px\" \/>Isabela e a m\u00e3e Neide<\/p>\n<p><img loading=\"lazy\" decoding=\"async\" class=\"alignnone size-full wp-image-25676\" src=\"https:\/\/jorgezanoni.com.br\/2019\/wp-content\/uploads\/2020\/05\/Isabelafundomeu-irm\u00e3o-Arthurminha-irm\u00e3zinha-Isadora-e-minha-m\u00e3e-Aline-Peron.jpg\" alt=\"\" width=\"1280\" height=\"960\" srcset=\"https:\/\/jorgezanoni.com.br\/2019\/wp-content\/uploads\/2020\/05\/Isabelafundomeu-irm\u00e3o-Arthurminha-irm\u00e3zinha-Isadora-e-minha-m\u00e3e-Aline-Peron.jpg 1280w, https:\/\/jorgezanoni.com.br\/2019\/wp-content\/uploads\/2020\/05\/Isabelafundomeu-irm\u00e3o-Arthurminha-irm\u00e3zinha-Isadora-e-minha-m\u00e3e-Aline-Peron-300x225.jpg 300w, https:\/\/jorgezanoni.com.br\/2019\/wp-content\/uploads\/2020\/05\/Isabelafundomeu-irm\u00e3o-Arthurminha-irm\u00e3zinha-Isadora-e-minha-m\u00e3e-Aline-Peron-1024x768.jpg 1024w, https:\/\/jorgezanoni.com.br\/2019\/wp-content\/uploads\/2020\/05\/Isabelafundomeu-irm\u00e3o-Arthurminha-irm\u00e3zinha-Isadora-e-minha-m\u00e3e-Aline-Peron-768x576.jpg 768w, https:\/\/jorgezanoni.com.br\/2019\/wp-content\/uploads\/2020\/05\/Isabelafundomeu-irm\u00e3o-Arthurminha-irm\u00e3zinha-Isadora-e-minha-m\u00e3e-Aline-Peron-80x60.jpg 80w, https:\/\/jorgezanoni.com.br\/2019\/wp-content\/uploads\/2020\/05\/Isabelafundomeu-irm\u00e3o-Arthurminha-irm\u00e3zinha-Isadora-e-minha-m\u00e3e-Aline-Peron-265x198.jpg 265w, https:\/\/jorgezanoni.com.br\/2019\/wp-content\/uploads\/2020\/05\/Isabelafundomeu-irm\u00e3o-Arthurminha-irm\u00e3zinha-Isadora-e-minha-m\u00e3e-Aline-Peron-696x522.jpg 696w, https:\/\/jorgezanoni.com.br\/2019\/wp-content\/uploads\/2020\/05\/Isabelafundomeu-irm\u00e3o-Arthurminha-irm\u00e3zinha-Isadora-e-minha-m\u00e3e-Aline-Peron-1068x801.jpg 1068w, https:\/\/jorgezanoni.com.br\/2019\/wp-content\/uploads\/2020\/05\/Isabelafundomeu-irm\u00e3o-Arthurminha-irm\u00e3zinha-Isadora-e-minha-m\u00e3e-Aline-Peron-560x420.jpg 560w\" sizes=\"auto, (max-width: 1280px) 100vw, 1280px\" \/>M\u00e3e Aline Peron com os filhos Isabela, Arthur e Isadora<\/p>\n<p><img loading=\"lazy\" decoding=\"async\" class=\"alignnone size-full wp-image-25677\" src=\"https:\/\/jorgezanoni.com.br\/2019\/wp-content\/uploads\/2020\/05\/Ivanete-e-Cida.jpg\" alt=\"\" width=\"960\" height=\"960\" srcset=\"https:\/\/jorgezanoni.com.br\/2019\/wp-content\/uploads\/2020\/05\/Ivanete-e-Cida.jpg 960w, https:\/\/jorgezanoni.com.br\/2019\/wp-content\/uploads\/2020\/05\/Ivanete-e-Cida-300x300.jpg 300w, https:\/\/jorgezanoni.com.br\/2019\/wp-content\/uploads\/2020\/05\/Ivanete-e-Cida-150x150.jpg 150w, https:\/\/jorgezanoni.com.br\/2019\/wp-content\/uploads\/2020\/05\/Ivanete-e-Cida-768x768.jpg 768w, https:\/\/jorgezanoni.com.br\/2019\/wp-content\/uploads\/2020\/05\/Ivanete-e-Cida-696x696.jpg 696w, https:\/\/jorgezanoni.com.br\/2019\/wp-content\/uploads\/2020\/05\/Ivanete-e-Cida-420x420.jpg 420w\" sizes=\"auto, (max-width: 960px) 100vw, 960px\" \/>Ivanete e sua m\u00e3e Aparecida Capobianco Bocchi<\/p>\n<p><img loading=\"lazy\" decoding=\"async\" class=\"alignnone size-full wp-image-25678\" src=\"https:\/\/jorgezanoni.com.br\/2019\/wp-content\/uploads\/2020\/05\/Ivone-Faustino-e-filhos-Anderson-e-miliane.jpg\" alt=\"\" width=\"960\" height=\"720\" srcset=\"https:\/\/jorgezanoni.com.br\/2019\/wp-content\/uploads\/2020\/05\/Ivone-Faustino-e-filhos-Anderson-e-miliane.jpg 960w, https:\/\/jorgezanoni.com.br\/2019\/wp-content\/uploads\/2020\/05\/Ivone-Faustino-e-filhos-Anderson-e-miliane-300x225.jpg 300w, https:\/\/jorgezanoni.com.br\/2019\/wp-content\/uploads\/2020\/05\/Ivone-Faustino-e-filhos-Anderson-e-miliane-768x576.jpg 768w, https:\/\/jorgezanoni.com.br\/2019\/wp-content\/uploads\/2020\/05\/Ivone-Faustino-e-filhos-Anderson-e-miliane-80x60.jpg 80w, https:\/\/jorgezanoni.com.br\/2019\/wp-content\/uploads\/2020\/05\/Ivone-Faustino-e-filhos-Anderson-e-miliane-265x198.jpg 265w, https:\/\/jorgezanoni.com.br\/2019\/wp-content\/uploads\/2020\/05\/Ivone-Faustino-e-filhos-Anderson-e-miliane-696x522.jpg 696w, https:\/\/jorgezanoni.com.br\/2019\/wp-content\/uploads\/2020\/05\/Ivone-Faustino-e-filhos-Anderson-e-miliane-560x420.jpg 560w\" sizes=\"auto, (max-width: 960px) 100vw, 960px\" \/>Filhos Anderson e Miliane ladeando a m\u00e3e Ivone Faustino<\/p>\n<p><img loading=\"lazy\" decoding=\"async\" class=\"alignnone size-full wp-image-25679\" src=\"https:\/\/jorgezanoni.com.br\/2019\/wp-content\/uploads\/2020\/05\/Ivone-e-Mariana-Tupi-Paulista.jpg\" alt=\"\" width=\"636\" height=\"1080\" srcset=\"https:\/\/jorgezanoni.com.br\/2019\/wp-content\/uploads\/2020\/05\/Ivone-e-Mariana-Tupi-Paulista.jpg 636w, https:\/\/jorgezanoni.com.br\/2019\/wp-content\/uploads\/2020\/05\/Ivone-e-Mariana-Tupi-Paulista-177x300.jpg 177w, https:\/\/jorgezanoni.com.br\/2019\/wp-content\/uploads\/2020\/05\/Ivone-e-Mariana-Tupi-Paulista-603x1024.jpg 603w, https:\/\/jorgezanoni.com.br\/2019\/wp-content\/uploads\/2020\/05\/Ivone-e-Mariana-Tupi-Paulista-247x420.jpg 247w\" sizes=\"auto, (max-width: 636px) 100vw, 636px\" \/> Mariana e a m\u00e3e Ivone de Tupi Paulista<\/p>\n<p><img loading=\"lazy\" decoding=\"async\" class=\"alignnone size-full wp-image-25680\" src=\"https:\/\/jorgezanoni.com.br\/2019\/wp-content\/uploads\/2020\/05\/Jacira-dos-Santo-Aleixo-Oliveira-e-Eu-filho-Luiz-Alberto-dos-santos.jpg\" alt=\"\" width=\"720\" height=\"405\" srcset=\"https:\/\/jorgezanoni.com.br\/2019\/wp-content\/uploads\/2020\/05\/Jacira-dos-Santo-Aleixo-Oliveira-e-Eu-filho-Luiz-Alberto-dos-santos.jpg 720w, https:\/\/jorgezanoni.com.br\/2019\/wp-content\/uploads\/2020\/05\/Jacira-dos-Santo-Aleixo-Oliveira-e-Eu-filho-Luiz-Alberto-dos-santos-300x169.jpg 300w, https:\/\/jorgezanoni.com.br\/2019\/wp-content\/uploads\/2020\/05\/Jacira-dos-Santo-Aleixo-Oliveira-e-Eu-filho-Luiz-Alberto-dos-santos-696x392.jpg 696w\" sizes=\"auto, (max-width: 720px) 100vw, 720px\" \/>M\u00e3e Jacira dos Santos Aleixo Oliveira e o filho Luiz Alberto<\/p>\n<p><img loading=\"lazy\" decoding=\"async\" class=\"alignnone size-full wp-image-25681\" src=\"https:\/\/jorgezanoni.com.br\/2019\/wp-content\/uploads\/2020\/05\/Janaina-Santana-e-Alana-Vallentina.jpg\" alt=\"\" width=\"720\" height=\"1280\" srcset=\"https:\/\/jorgezanoni.com.br\/2019\/wp-content\/uploads\/2020\/05\/Janaina-Santana-e-Alana-Vallentina.jpg 720w, https:\/\/jorgezanoni.com.br\/2019\/wp-content\/uploads\/2020\/05\/Janaina-Santana-e-Alana-Vallentina-169x300.jpg 169w, https:\/\/jorgezanoni.com.br\/2019\/wp-content\/uploads\/2020\/05\/Janaina-Santana-e-Alana-Vallentina-576x1024.jpg 576w, https:\/\/jorgezanoni.com.br\/2019\/wp-content\/uploads\/2020\/05\/Janaina-Santana-e-Alana-Vallentina-696x1237.jpg 696w, https:\/\/jorgezanoni.com.br\/2019\/wp-content\/uploads\/2020\/05\/Janaina-Santana-e-Alana-Vallentina-236x420.jpg 236w\" sizes=\"auto, (max-width: 720px) 100vw, 720px\" \/>M\u00e3e Janaina Santana e filha Alana Vallentina<\/p>\n<p><img loading=\"lazy\" decoding=\"async\" class=\"alignnone size-full wp-image-25682\" src=\"https:\/\/jorgezanoni.com.br\/2019\/wp-content\/uploads\/2020\/05\/Jandira-Casteli-Felipe-e-Ros\u00e2ngela-Felipe-Puga.jpg\" alt=\"\" width=\"720\" height=\"1280\" srcset=\"https:\/\/jorgezanoni.com.br\/2019\/wp-content\/uploads\/2020\/05\/Jandira-Casteli-Felipe-e-Ros\u00e2ngela-Felipe-Puga.jpg 720w, https:\/\/jorgezanoni.com.br\/2019\/wp-content\/uploads\/2020\/05\/Jandira-Casteli-Felipe-e-Ros\u00e2ngela-Felipe-Puga-169x300.jpg 169w, https:\/\/jorgezanoni.com.br\/2019\/wp-content\/uploads\/2020\/05\/Jandira-Casteli-Felipe-e-Ros\u00e2ngela-Felipe-Puga-576x1024.jpg 576w, https:\/\/jorgezanoni.com.br\/2019\/wp-content\/uploads\/2020\/05\/Jandira-Casteli-Felipe-e-Ros\u00e2ngela-Felipe-Puga-696x1237.jpg 696w, https:\/\/jorgezanoni.com.br\/2019\/wp-content\/uploads\/2020\/05\/Jandira-Casteli-Felipe-e-Ros\u00e2ngela-Felipe-Puga-236x420.jpg 236w\" sizes=\"auto, (max-width: 720px) 100vw, 720px\" \/>M\u00e3e Jandira Casteli Felipe com a filha Ros\u00e2ngela Felipe Puga<\/p>\n<p><img loading=\"lazy\" decoding=\"async\" class=\"alignnone size-full wp-image-25683\" src=\"https:\/\/jorgezanoni.com.br\/2019\/wp-content\/uploads\/2020\/05\/Jane-Cristina-m\u00e3e-Teresa.jpg\" alt=\"\" width=\"1280\" height=\"960\" srcset=\"https:\/\/jorgezanoni.com.br\/2019\/wp-content\/uploads\/2020\/05\/Jane-Cristina-m\u00e3e-Teresa.jpg 1280w, https:\/\/jorgezanoni.com.br\/2019\/wp-content\/uploads\/2020\/05\/Jane-Cristina-m\u00e3e-Teresa-300x225.jpg 300w, https:\/\/jorgezanoni.com.br\/2019\/wp-content\/uploads\/2020\/05\/Jane-Cristina-m\u00e3e-Teresa-1024x768.jpg 1024w, https:\/\/jorgezanoni.com.br\/2019\/wp-content\/uploads\/2020\/05\/Jane-Cristina-m\u00e3e-Teresa-768x576.jpg 768w, https:\/\/jorgezanoni.com.br\/2019\/wp-content\/uploads\/2020\/05\/Jane-Cristina-m\u00e3e-Teresa-80x60.jpg 80w, https:\/\/jorgezanoni.com.br\/2019\/wp-content\/uploads\/2020\/05\/Jane-Cristina-m\u00e3e-Teresa-265x198.jpg 265w, https:\/\/jorgezanoni.com.br\/2019\/wp-content\/uploads\/2020\/05\/Jane-Cristina-m\u00e3e-Teresa-696x522.jpg 696w, https:\/\/jorgezanoni.com.br\/2019\/wp-content\/uploads\/2020\/05\/Jane-Cristina-m\u00e3e-Teresa-1068x801.jpg 1068w, https:\/\/jorgezanoni.com.br\/2019\/wp-content\/uploads\/2020\/05\/Jane-Cristina-m\u00e3e-Teresa-560x420.jpg 560w\" sizes=\"auto, (max-width: 1280px) 100vw, 1280px\" \/>M\u00e3e Teresa com a filha Jane Cristina Rodrigues<\/p>\n<p><img loading=\"lazy\" decoding=\"async\" class=\"alignnone size-full wp-image-25684\" src=\"https:\/\/jorgezanoni.com.br\/2019\/wp-content\/uploads\/2020\/05\/Jessica-Kanezawa-e-sua-filha-Valentina.jpg\" alt=\"\" width=\"560\" height=\"601\" srcset=\"https:\/\/jorgezanoni.com.br\/2019\/wp-content\/uploads\/2020\/05\/Jessica-Kanezawa-e-sua-filha-Valentina.jpg 560w, https:\/\/jorgezanoni.com.br\/2019\/wp-content\/uploads\/2020\/05\/Jessica-Kanezawa-e-sua-filha-Valentina-280x300.jpg 280w, https:\/\/jorgezanoni.com.br\/2019\/wp-content\/uploads\/2020\/05\/Jessica-Kanezawa-e-sua-filha-Valentina-391x420.jpg 391w\" sizes=\"auto, (max-width: 560px) 100vw, 560px\" \/> Valentina com a m\u00e3e J\u00e9ssica Kanezawa<\/p>\n<p><img loading=\"lazy\" decoding=\"async\" class=\"alignnone size-full wp-image-25686\" src=\"https:\/\/jorgezanoni.com.br\/2019\/wp-content\/uploads\/2020\/05\/Jo\u00e3o-Augustus-com-a-m\u00e3e-Cristiane-e-a-v\u00f3-Nair.jpg\" alt=\"\" width=\"480\" height=\"364\" srcset=\"https:\/\/jorgezanoni.com.br\/2019\/wp-content\/uploads\/2020\/05\/Jo\u00e3o-Augustus-com-a-m\u00e3e-Cristiane-e-a-v\u00f3-Nair.jpg 480w, https:\/\/jorgezanoni.com.br\/2019\/wp-content\/uploads\/2020\/05\/Jo\u00e3o-Augustus-com-a-m\u00e3e-Cristiane-e-a-v\u00f3-Nair-300x228.jpg 300w, https:\/\/jorgezanoni.com.br\/2019\/wp-content\/uploads\/2020\/05\/Jo\u00e3o-Augustus-com-a-m\u00e3e-Cristiane-e-a-v\u00f3-Nair-80x60.jpg 80w\" sizes=\"auto, (max-width: 480px) 100vw, 480px\" \/> M\u00e3e Cristiane, filho e Neto Jos\u00e9 Augustus e av\u00f3 Nair<img loading=\"lazy\" decoding=\"async\" class=\"alignnone size-full wp-image-25687\" src=\"https:\/\/jorgezanoni.com.br\/2019\/wp-content\/uploads\/2020\/05\/Jorginho-e-M\u00e3e.jpg\" alt=\"\" width=\"960\" height=\"576\" srcset=\"https:\/\/jorgezanoni.com.br\/2019\/wp-content\/uploads\/2020\/05\/Jorginho-e-M\u00e3e.jpg 960w, https:\/\/jorgezanoni.com.br\/2019\/wp-content\/uploads\/2020\/05\/Jorginho-e-M\u00e3e-300x180.jpg 300w, https:\/\/jorgezanoni.com.br\/2019\/wp-content\/uploads\/2020\/05\/Jorginho-e-M\u00e3e-768x461.jpg 768w, https:\/\/jorgezanoni.com.br\/2019\/wp-content\/uploads\/2020\/05\/Jorginho-e-M\u00e3e-696x418.jpg 696w, https:\/\/jorgezanoni.com.br\/2019\/wp-content\/uploads\/2020\/05\/Jorginho-e-M\u00e3e-700x420.jpg 700w\" sizes=\"auto, (max-width: 960px) 100vw, 960px\" \/>M\u00e3e Lena Zanoni com o filho Jorge Henrique<\/p>\n<p><img loading=\"lazy\" decoding=\"async\" class=\"alignnone size-full wp-image-25688\" src=\"https:\/\/jorgezanoni.com.br\/2019\/wp-content\/uploads\/2020\/05\/Joyce-Moraes.jpg\" alt=\"\" width=\"720\" height=\"1280\" srcset=\"https:\/\/jorgezanoni.com.br\/2019\/wp-content\/uploads\/2020\/05\/Joyce-Moraes.jpg 720w, https:\/\/jorgezanoni.com.br\/2019\/wp-content\/uploads\/2020\/05\/Joyce-Moraes-169x300.jpg 169w, https:\/\/jorgezanoni.com.br\/2019\/wp-content\/uploads\/2020\/05\/Joyce-Moraes-576x1024.jpg 576w, https:\/\/jorgezanoni.com.br\/2019\/wp-content\/uploads\/2020\/05\/Joyce-Moraes-696x1237.jpg 696w, https:\/\/jorgezanoni.com.br\/2019\/wp-content\/uploads\/2020\/05\/Joyce-Moraes-236x420.jpg 236w\" sizes=\"auto, (max-width: 720px) 100vw, 720px\" \/>Joyce Moraes com os filhos Nathan e Let\u00edcia<\/p>\n<p><img loading=\"lazy\" decoding=\"async\" class=\"alignnone size-full wp-image-25690\" src=\"https:\/\/jorgezanoni.com.br\/2019\/wp-content\/uploads\/2020\/05\/Juliano-ribeiro-e-da-minha-m\u00e3e-Ivonete-pinheiro.jpg\" alt=\"\" width=\"471\" height=\"481\" srcset=\"https:\/\/jorgezanoni.com.br\/2019\/wp-content\/uploads\/2020\/05\/Juliano-ribeiro-e-da-minha-m\u00e3e-Ivonete-pinheiro.jpg 471w, https:\/\/jorgezanoni.com.br\/2019\/wp-content\/uploads\/2020\/05\/Juliano-ribeiro-e-da-minha-m\u00e3e-Ivonete-pinheiro-294x300.jpg 294w, https:\/\/jorgezanoni.com.br\/2019\/wp-content\/uploads\/2020\/05\/Juliano-ribeiro-e-da-minha-m\u00e3e-Ivonete-pinheiro-356x364.jpg 356w, https:\/\/jorgezanoni.com.br\/2019\/wp-content\/uploads\/2020\/05\/Juliano-ribeiro-e-da-minha-m\u00e3e-Ivonete-pinheiro-411x420.jpg 411w\" sizes=\"auto, (max-width: 471px) 100vw, 471px\" \/> Juliano Ribeiro com a m\u00e3e Ivonete Pinheiro<\/p>\n<p><img loading=\"lazy\" decoding=\"async\" class=\"alignnone size-full wp-image-25691\" src=\"https:\/\/jorgezanoni.com.br\/2019\/wp-content\/uploads\/2020\/05\/Karla-Leal-M\u00e3e-Vanda-Leal-pai-Juraci-Leal-e-Keli-Leal.jpg\" alt=\"\" width=\"1024\" height=\"817\" srcset=\"https:\/\/jorgezanoni.com.br\/2019\/wp-content\/uploads\/2020\/05\/Karla-Leal-M\u00e3e-Vanda-Leal-pai-Juraci-Leal-e-Keli-Leal.jpg 1024w, https:\/\/jorgezanoni.com.br\/2019\/wp-content\/uploads\/2020\/05\/Karla-Leal-M\u00e3e-Vanda-Leal-pai-Juraci-Leal-e-Keli-Leal-300x239.jpg 300w, https:\/\/jorgezanoni.com.br\/2019\/wp-content\/uploads\/2020\/05\/Karla-Leal-M\u00e3e-Vanda-Leal-pai-Juraci-Leal-e-Keli-Leal-768x613.jpg 768w, https:\/\/jorgezanoni.com.br\/2019\/wp-content\/uploads\/2020\/05\/Karla-Leal-M\u00e3e-Vanda-Leal-pai-Juraci-Leal-e-Keli-Leal-696x555.jpg 696w, https:\/\/jorgezanoni.com.br\/2019\/wp-content\/uploads\/2020\/05\/Karla-Leal-M\u00e3e-Vanda-Leal-pai-Juraci-Leal-e-Keli-Leal-526x420.jpg 526w\" sizes=\"auto, (max-width: 1024px) 100vw, 1024px\" \/>Karla, m\u00e3e Vanda, pai Juraci e Keli<\/p>\n<p><img loading=\"lazy\" decoding=\"async\" class=\"alignnone size-full wp-image-25692\" src=\"https:\/\/jorgezanoni.com.br\/2019\/wp-content\/uploads\/2020\/05\/Kasue-Orikassa-e-as-filhas-Regina-e-Regiane..jpg\" alt=\"\" width=\"960\" height=\"640\" srcset=\"https:\/\/jorgezanoni.com.br\/2019\/wp-content\/uploads\/2020\/05\/Kasue-Orikassa-e-as-filhas-Regina-e-Regiane..jpg 960w, https:\/\/jorgezanoni.com.br\/2019\/wp-content\/uploads\/2020\/05\/Kasue-Orikassa-e-as-filhas-Regina-e-Regiane.-300x200.jpg 300w, https:\/\/jorgezanoni.com.br\/2019\/wp-content\/uploads\/2020\/05\/Kasue-Orikassa-e-as-filhas-Regina-e-Regiane.-768x512.jpg 768w, https:\/\/jorgezanoni.com.br\/2019\/wp-content\/uploads\/2020\/05\/Kasue-Orikassa-e-as-filhas-Regina-e-Regiane.-696x464.jpg 696w, https:\/\/jorgezanoni.com.br\/2019\/wp-content\/uploads\/2020\/05\/Kasue-Orikassa-e-as-filhas-Regina-e-Regiane.-630x420.jpg 630w\" sizes=\"auto, (max-width: 960px) 100vw, 960px\" \/>M\u00e3e Kazue Orikassa com as filhas Regina e Regiane<img loading=\"lazy\" decoding=\"async\" class=\"alignnone size-full wp-image-25693\" src=\"https:\/\/jorgezanoni.com.br\/2019\/wp-content\/uploads\/2020\/05\/K\u00e1tia-Franco-e-Jo\u00e3o-Rafael.jpg\" alt=\"\" width=\"720\" height=\"1280\" srcset=\"https:\/\/jorgezanoni.com.br\/2019\/wp-content\/uploads\/2020\/05\/K\u00e1tia-Franco-e-Jo\u00e3o-Rafael.jpg 720w, https:\/\/jorgezanoni.com.br\/2019\/wp-content\/uploads\/2020\/05\/K\u00e1tia-Franco-e-Jo\u00e3o-Rafael-169x300.jpg 169w, https:\/\/jorgezanoni.com.br\/2019\/wp-content\/uploads\/2020\/05\/K\u00e1tia-Franco-e-Jo\u00e3o-Rafael-576x1024.jpg 576w, https:\/\/jorgezanoni.com.br\/2019\/wp-content\/uploads\/2020\/05\/K\u00e1tia-Franco-e-Jo\u00e3o-Rafael-696x1237.jpg 696w, https:\/\/jorgezanoni.com.br\/2019\/wp-content\/uploads\/2020\/05\/K\u00e1tia-Franco-e-Jo\u00e3o-Rafael-236x420.jpg 236w\" sizes=\"auto, (max-width: 720px) 100vw, 720px\" \/>K\u00e1tia Franco e o filho Jo\u00e3o Rafael<\/p>\n<p><img loading=\"lazy\" decoding=\"async\" class=\"alignnone size-full wp-image-25694\" src=\"https:\/\/jorgezanoni.com.br\/2019\/wp-content\/uploads\/2020\/05\/Keli-e-m\u00e3e-CIda.jpg\" alt=\"\" width=\"480\" height=\"640\" srcset=\"https:\/\/jorgezanoni.com.br\/2019\/wp-content\/uploads\/2020\/05\/Keli-e-m\u00e3e-CIda.jpg 480w, https:\/\/jorgezanoni.com.br\/2019\/wp-content\/uploads\/2020\/05\/Keli-e-m\u00e3e-CIda-225x300.jpg 225w, https:\/\/jorgezanoni.com.br\/2019\/wp-content\/uploads\/2020\/05\/Keli-e-m\u00e3e-CIda-315x420.jpg 315w\" sizes=\"auto, (max-width: 480px) 100vw, 480px\" \/> Keli e a m\u00e3e Cida<\/p>\n<p><img loading=\"lazy\" decoding=\"async\" class=\"alignnone size-full wp-image-25695\" src=\"https:\/\/jorgezanoni.com.br\/2019\/wp-content\/uploads\/2020\/05\/Larissa-filha-Ana-Clara.jpg\" alt=\"\" width=\"960\" height=\"1280\" srcset=\"https:\/\/jorgezanoni.com.br\/2019\/wp-content\/uploads\/2020\/05\/Larissa-filha-Ana-Clara.jpg 960w, https:\/\/jorgezanoni.com.br\/2019\/wp-content\/uploads\/2020\/05\/Larissa-filha-Ana-Clara-225x300.jpg 225w, https:\/\/jorgezanoni.com.br\/2019\/wp-content\/uploads\/2020\/05\/Larissa-filha-Ana-Clara-768x1024.jpg 768w, https:\/\/jorgezanoni.com.br\/2019\/wp-content\/uploads\/2020\/05\/Larissa-filha-Ana-Clara-696x928.jpg 696w, https:\/\/jorgezanoni.com.br\/2019\/wp-content\/uploads\/2020\/05\/Larissa-filha-Ana-Clara-315x420.jpg 315w\" sizes=\"auto, (max-width: 960px) 100vw, 960px\" \/>M\u00e3e Larissa e a filha Ana Clara<\/p>\n<p><img loading=\"lazy\" decoding=\"async\" class=\"alignnone size-full wp-image-25696\" src=\"https:\/\/jorgezanoni.com.br\/2019\/wp-content\/uploads\/2020\/05\/Larria-Ana-Laura-e-Isadora.jpg\" alt=\"\" width=\"960\" height=\"1280\" srcset=\"https:\/\/jorgezanoni.com.br\/2019\/wp-content\/uploads\/2020\/05\/Larria-Ana-Laura-e-Isadora.jpg 960w, https:\/\/jorgezanoni.com.br\/2019\/wp-content\/uploads\/2020\/05\/Larria-Ana-Laura-e-Isadora-225x300.jpg 225w, https:\/\/jorgezanoni.com.br\/2019\/wp-content\/uploads\/2020\/05\/Larria-Ana-Laura-e-Isadora-768x1024.jpg 768w, https:\/\/jorgezanoni.com.br\/2019\/wp-content\/uploads\/2020\/05\/Larria-Ana-Laura-e-Isadora-696x928.jpg 696w, https:\/\/jorgezanoni.com.br\/2019\/wp-content\/uploads\/2020\/05\/Larria-Ana-Laura-e-Isadora-315x420.jpg 315w\" sizes=\"auto, (max-width: 960px) 100vw, 960px\" \/>Larria, Ana Laura e Isadora<\/p>\n<p><img loading=\"lazy\" decoding=\"async\" class=\"alignnone size-full wp-image-25697\" src=\"https:\/\/jorgezanoni.com.br\/2019\/wp-content\/uploads\/2020\/05\/Laura-Ayumi-e-Jo\u00e3o-Miguel-com-nossa-m\u00e3e-Micheli-Baione.jpg\" alt=\"\" width=\"1024\" height=\"770\" srcset=\"https:\/\/jorgezanoni.com.br\/2019\/wp-content\/uploads\/2020\/05\/Laura-Ayumi-e-Jo\u00e3o-Miguel-com-nossa-m\u00e3e-Micheli-Baione.jpg 1024w, https:\/\/jorgezanoni.com.br\/2019\/wp-content\/uploads\/2020\/05\/Laura-Ayumi-e-Jo\u00e3o-Miguel-com-nossa-m\u00e3e-Micheli-Baione-300x226.jpg 300w, https:\/\/jorgezanoni.com.br\/2019\/wp-content\/uploads\/2020\/05\/Laura-Ayumi-e-Jo\u00e3o-Miguel-com-nossa-m\u00e3e-Micheli-Baione-768x578.jpg 768w, https:\/\/jorgezanoni.com.br\/2019\/wp-content\/uploads\/2020\/05\/Laura-Ayumi-e-Jo\u00e3o-Miguel-com-nossa-m\u00e3e-Micheli-Baione-80x60.jpg 80w, https:\/\/jorgezanoni.com.br\/2019\/wp-content\/uploads\/2020\/05\/Laura-Ayumi-e-Jo\u00e3o-Miguel-com-nossa-m\u00e3e-Micheli-Baione-265x198.jpg 265w, https:\/\/jorgezanoni.com.br\/2019\/wp-content\/uploads\/2020\/05\/Laura-Ayumi-e-Jo\u00e3o-Miguel-com-nossa-m\u00e3e-Micheli-Baione-696x523.jpg 696w, https:\/\/jorgezanoni.com.br\/2019\/wp-content\/uploads\/2020\/05\/Laura-Ayumi-e-Jo\u00e3o-Miguel-com-nossa-m\u00e3e-Micheli-Baione-559x420.jpg 559w\" sizes=\"auto, (max-width: 1024px) 100vw, 1024px\" \/>Laura Ayumi e Jo\u00e3o Miguel com a m\u00e3e Micheli Baione<img loading=\"lazy\" decoding=\"async\" class=\"alignnone size-full wp-image-25698\" src=\"https:\/\/jorgezanoni.com.br\/2019\/wp-content\/uploads\/2020\/05\/lIBERAL.jpg\" alt=\"\" width=\"1280\" height=\"1280\" srcset=\"https:\/\/jorgezanoni.com.br\/2019\/wp-content\/uploads\/2020\/05\/lIBERAL.jpg 1280w, https:\/\/jorgezanoni.com.br\/2019\/wp-content\/uploads\/2020\/05\/lIBERAL-300x300.jpg 300w, https:\/\/jorgezanoni.com.br\/2019\/wp-content\/uploads\/2020\/05\/lIBERAL-1024x1024.jpg 1024w, https:\/\/jorgezanoni.com.br\/2019\/wp-content\/uploads\/2020\/05\/lIBERAL-150x150.jpg 150w, https:\/\/jorgezanoni.com.br\/2019\/wp-content\/uploads\/2020\/05\/lIBERAL-768x768.jpg 768w, https:\/\/jorgezanoni.com.br\/2019\/wp-content\/uploads\/2020\/05\/lIBERAL-696x696.jpg 696w, https:\/\/jorgezanoni.com.br\/2019\/wp-content\/uploads\/2020\/05\/lIBERAL-1068x1068.jpg 1068w, https:\/\/jorgezanoni.com.br\/2019\/wp-content\/uploads\/2020\/05\/lIBERAL-420x420.jpg 420w\" sizes=\"auto, (max-width: 1280px) 100vw, 1280px\" \/>Homenagem da R\u00e1dio Liberal FM parceira do Site JZ a todas a M\u00e3es<\/p>\n<p><img loading=\"lazy\" decoding=\"async\" class=\"alignnone size-full wp-image-25699\" src=\"https:\/\/jorgezanoni.com.br\/2019\/wp-content\/uploads\/2020\/05\/Lilian-Lopes-despejando-os-parab\u00e9ns-a-minha-mam\u00e3e-Helenita.jpg\" alt=\"\" width=\"955\" height=\"1280\" srcset=\"https:\/\/jorgezanoni.com.br\/2019\/wp-content\/uploads\/2020\/05\/Lilian-Lopes-despejando-os-parab\u00e9ns-a-minha-mam\u00e3e-Helenita.jpg 955w, https:\/\/jorgezanoni.com.br\/2019\/wp-content\/uploads\/2020\/05\/Lilian-Lopes-despejando-os-parab\u00e9ns-a-minha-mam\u00e3e-Helenita-224x300.jpg 224w, https:\/\/jorgezanoni.com.br\/2019\/wp-content\/uploads\/2020\/05\/Lilian-Lopes-despejando-os-parab\u00e9ns-a-minha-mam\u00e3e-Helenita-764x1024.jpg 764w, https:\/\/jorgezanoni.com.br\/2019\/wp-content\/uploads\/2020\/05\/Lilian-Lopes-despejando-os-parab\u00e9ns-a-minha-mam\u00e3e-Helenita-768x1029.jpg 768w, https:\/\/jorgezanoni.com.br\/2019\/wp-content\/uploads\/2020\/05\/Lilian-Lopes-despejando-os-parab\u00e9ns-a-minha-mam\u00e3e-Helenita-696x933.jpg 696w, https:\/\/jorgezanoni.com.br\/2019\/wp-content\/uploads\/2020\/05\/Lilian-Lopes-despejando-os-parab\u00e9ns-a-minha-mam\u00e3e-Helenita-313x420.jpg 313w\" sizes=\"auto, (max-width: 955px) 100vw, 955px\" \/>Lilian Lopes e m\u00e3e Helenita<\/p>\n<p><img loading=\"lazy\" decoding=\"async\" class=\"alignnone size-full wp-image-25700\" src=\"https:\/\/jorgezanoni.com.br\/2019\/wp-content\/uploads\/2020\/05\/Luana-Mansur-e-Dora.jpg\" alt=\"\" width=\"720\" height=\"540\" srcset=\"https:\/\/jorgezanoni.com.br\/2019\/wp-content\/uploads\/2020\/05\/Luana-Mansur-e-Dora.jpg 720w, https:\/\/jorgezanoni.com.br\/2019\/wp-content\/uploads\/2020\/05\/Luana-Mansur-e-Dora-300x225.jpg 300w, https:\/\/jorgezanoni.com.br\/2019\/wp-content\/uploads\/2020\/05\/Luana-Mansur-e-Dora-80x60.jpg 80w, https:\/\/jorgezanoni.com.br\/2019\/wp-content\/uploads\/2020\/05\/Luana-Mansur-e-Dora-265x198.jpg 265w, https:\/\/jorgezanoni.com.br\/2019\/wp-content\/uploads\/2020\/05\/Luana-Mansur-e-Dora-696x522.jpg 696w, https:\/\/jorgezanoni.com.br\/2019\/wp-content\/uploads\/2020\/05\/Luana-Mansur-e-Dora-560x420.jpg 560w\" sizes=\"auto, (max-width: 720px) 100vw, 720px\" \/>Luana Mansur e a m\u00e3e Dora<\/p>\n<p><img loading=\"lazy\" decoding=\"async\" class=\"alignnone size-full wp-image-25702\" src=\"https:\/\/jorgezanoni.com.br\/2019\/wp-content\/uploads\/2020\/05\/Lucia-Karino-Patricia-e-Polyana.jpg\" alt=\"\" width=\"1024\" height=\"768\" srcset=\"https:\/\/jorgezanoni.com.br\/2019\/wp-content\/uploads\/2020\/05\/Lucia-Karino-Patricia-e-Polyana.jpg 1024w, https:\/\/jorgezanoni.com.br\/2019\/wp-content\/uploads\/2020\/05\/Lucia-Karino-Patricia-e-Polyana-300x225.jpg 300w, https:\/\/jorgezanoni.com.br\/2019\/wp-content\/uploads\/2020\/05\/Lucia-Karino-Patricia-e-Polyana-768x576.jpg 768w, https:\/\/jorgezanoni.com.br\/2019\/wp-content\/uploads\/2020\/05\/Lucia-Karino-Patricia-e-Polyana-80x60.jpg 80w, https:\/\/jorgezanoni.com.br\/2019\/wp-content\/uploads\/2020\/05\/Lucia-Karino-Patricia-e-Polyana-265x198.jpg 265w, https:\/\/jorgezanoni.com.br\/2019\/wp-content\/uploads\/2020\/05\/Lucia-Karino-Patricia-e-Polyana-696x522.jpg 696w, https:\/\/jorgezanoni.com.br\/2019\/wp-content\/uploads\/2020\/05\/Lucia-Karino-Patricia-e-Polyana-560x420.jpg 560w\" sizes=\"auto, (max-width: 1024px) 100vw, 1024px\" \/>M\u00e3e L\u00facia Karino com as filhas Polyana e Patr\u00edcia<\/p>\n<p><img loading=\"lazy\" decoding=\"async\" class=\"alignnone size-full wp-image-25703\" src=\"https:\/\/jorgezanoni.com.br\/2019\/wp-content\/uploads\/2020\/05\/L\u00facia-zaramelli-com-minha-m\u00e3e-sueli-zaramelli.jpg\" alt=\"\" width=\"474\" height=\"482\" srcset=\"https:\/\/jorgezanoni.com.br\/2019\/wp-content\/uploads\/2020\/05\/L\u00facia-zaramelli-com-minha-m\u00e3e-sueli-zaramelli.jpg 474w, https:\/\/jorgezanoni.com.br\/2019\/wp-content\/uploads\/2020\/05\/L\u00facia-zaramelli-com-minha-m\u00e3e-sueli-zaramelli-295x300.jpg 295w, https:\/\/jorgezanoni.com.br\/2019\/wp-content\/uploads\/2020\/05\/L\u00facia-zaramelli-com-minha-m\u00e3e-sueli-zaramelli-413x420.jpg 413w\" sizes=\"auto, (max-width: 474px) 100vw, 474px\" \/> Lucia Zaramelli com a m\u00e3e Sueli Zaramelli<\/p>\n<p><img loading=\"lazy\" decoding=\"async\" class=\"alignnone size-full wp-image-25704\" src=\"https:\/\/jorgezanoni.com.br\/2019\/wp-content\/uploads\/2020\/05\/Lucilene-Caravante-com-a-filha-Lucianna-R.C.F\u00e1vero-Ramos.jpg\" alt=\"\" width=\"720\" height=\"595\" srcset=\"https:\/\/jorgezanoni.com.br\/2019\/wp-content\/uploads\/2020\/05\/Lucilene-Caravante-com-a-filha-Lucianna-R.C.F\u00e1vero-Ramos.jpg 720w, https:\/\/jorgezanoni.com.br\/2019\/wp-content\/uploads\/2020\/05\/Lucilene-Caravante-com-a-filha-Lucianna-R.C.F\u00e1vero-Ramos-300x248.jpg 300w, https:\/\/jorgezanoni.com.br\/2019\/wp-content\/uploads\/2020\/05\/Lucilene-Caravante-com-a-filha-Lucianna-R.C.F\u00e1vero-Ramos-696x575.jpg 696w, https:\/\/jorgezanoni.com.br\/2019\/wp-content\/uploads\/2020\/05\/Lucilene-Caravante-com-a-filha-Lucianna-R.C.F\u00e1vero-Ramos-508x420.jpg 508w\" sizes=\"auto, (max-width: 720px) 100vw, 720px\" \/>Lucianna F\u00e1vero com a m\u00e3e Lucilene Caravante<\/p>\n<p><img loading=\"lazy\" decoding=\"async\" class=\"alignnone size-full wp-image-25705\" src=\"https:\/\/jorgezanoni.com.br\/2019\/wp-content\/uploads\/2020\/05\/Lucimar-m\u00e3e-e-Gabrielle..jpg\" alt=\"\" width=\"960\" height=\"540\" srcset=\"https:\/\/jorgezanoni.com.br\/2019\/wp-content\/uploads\/2020\/05\/Lucimar-m\u00e3e-e-Gabrielle..jpg 960w, https:\/\/jorgezanoni.com.br\/2019\/wp-content\/uploads\/2020\/05\/Lucimar-m\u00e3e-e-Gabrielle.-300x169.jpg 300w, https:\/\/jorgezanoni.com.br\/2019\/wp-content\/uploads\/2020\/05\/Lucimar-m\u00e3e-e-Gabrielle.-768x432.jpg 768w, https:\/\/jorgezanoni.com.br\/2019\/wp-content\/uploads\/2020\/05\/Lucimar-m\u00e3e-e-Gabrielle.-696x392.jpg 696w, https:\/\/jorgezanoni.com.br\/2019\/wp-content\/uploads\/2020\/05\/Lucimar-m\u00e3e-e-Gabrielle.-747x420.jpg 747w\" sizes=\"auto, (max-width: 960px) 100vw, 960px\" \/>M\u00e3e Lucimar com a filha Gabrielle<\/p>\n<p><img loading=\"lazy\" decoding=\"async\" class=\"alignnone size-full wp-image-25706\" src=\"https:\/\/jorgezanoni.com.br\/2019\/wp-content\/uploads\/2020\/05\/Lucinda-falecida-e-Neila.jpg\" alt=\"\" width=\"720\" height=\"960\" srcset=\"https:\/\/jorgezanoni.com.br\/2019\/wp-content\/uploads\/2020\/05\/Lucinda-falecida-e-Neila.jpg 720w, https:\/\/jorgezanoni.com.br\/2019\/wp-content\/uploads\/2020\/05\/Lucinda-falecida-e-Neila-225x300.jpg 225w, https:\/\/jorgezanoni.com.br\/2019\/wp-content\/uploads\/2020\/05\/Lucinda-falecida-e-Neila-696x928.jpg 696w, https:\/\/jorgezanoni.com.br\/2019\/wp-content\/uploads\/2020\/05\/Lucinda-falecida-e-Neila-315x420.jpg 315w\" sizes=\"auto, (max-width: 720px) 100vw, 720px\" \/>M\u00e3e Lucinda (falecida) com a filha Neide<\/p>\n<p><img loading=\"lazy\" decoding=\"async\" class=\"alignnone size-full wp-image-25707\" src=\"https:\/\/jorgezanoni.com.br\/2019\/wp-content\/uploads\/2020\/05\/Lucineia-Matias-Santos-Peinado.jpg\" alt=\"\" width=\"390\" height=\"1280\" srcset=\"https:\/\/jorgezanoni.com.br\/2019\/wp-content\/uploads\/2020\/05\/Lucineia-Matias-Santos-Peinado.jpg 390w, https:\/\/jorgezanoni.com.br\/2019\/wp-content\/uploads\/2020\/05\/Lucineia-Matias-Santos-Peinado-91x300.jpg 91w, https:\/\/jorgezanoni.com.br\/2019\/wp-content\/uploads\/2020\/05\/Lucineia-Matias-Santos-Peinado-312x1024.jpg 312w, https:\/\/jorgezanoni.com.br\/2019\/wp-content\/uploads\/2020\/05\/Lucineia-Matias-Santos-Peinado-128x420.jpg 128w\" sizes=\"auto, (max-width: 390px) 100vw, 390px\" \/> M\u00e3e Lucineia Matias Santos Peinado<\/p>\n<p><img loading=\"lazy\" decoding=\"async\" class=\"alignnone size-full wp-image-25708\" src=\"https:\/\/jorgezanoni.com.br\/2019\/wp-content\/uploads\/2020\/05\/Luis-Marton-e-as-filhas-Vanessa-Ang\u00e9lica-Stefanie-com-a-m\u00e3e-Josi-Marton.jpg\" alt=\"\" width=\"720\" height=\"531\" srcset=\"https:\/\/jorgezanoni.com.br\/2019\/wp-content\/uploads\/2020\/05\/Luis-Marton-e-as-filhas-Vanessa-Ang\u00e9lica-Stefanie-com-a-m\u00e3e-Josi-Marton.jpg 720w, https:\/\/jorgezanoni.com.br\/2019\/wp-content\/uploads\/2020\/05\/Luis-Marton-e-as-filhas-Vanessa-Ang\u00e9lica-Stefanie-com-a-m\u00e3e-Josi-Marton-300x221.jpg 300w, https:\/\/jorgezanoni.com.br\/2019\/wp-content\/uploads\/2020\/05\/Luis-Marton-e-as-filhas-Vanessa-Ang\u00e9lica-Stefanie-com-a-m\u00e3e-Josi-Marton-80x60.jpg 80w, https:\/\/jorgezanoni.com.br\/2019\/wp-content\/uploads\/2020\/05\/Luis-Marton-e-as-filhas-Vanessa-Ang\u00e9lica-Stefanie-com-a-m\u00e3e-Josi-Marton-696x513.jpg 696w, https:\/\/jorgezanoni.com.br\/2019\/wp-content\/uploads\/2020\/05\/Luis-Marton-e-as-filhas-Vanessa-Ang\u00e9lica-Stefanie-com-a-m\u00e3e-Josi-Marton-569x420.jpg 569w\" sizes=\"auto, (max-width: 720px) 100vw, 720px\" \/>Luis a esposa e m\u00e3e Josi Marton e as filhas Vanessa, Ang\u00e9lica e Stefanie<\/p>\n<p><img loading=\"lazy\" decoding=\"async\" class=\"alignnone size-full wp-image-25709\" src=\"https:\/\/jorgezanoni.com.br\/2019\/wp-content\/uploads\/2020\/05\/Luiz-Roberto-Volpi-e-sua-M\u00e3e-Provid\u00eacia-Carnicel-Volpi.jpg\" alt=\"\" width=\"1173\" height=\"1280\" srcset=\"https:\/\/jorgezanoni.com.br\/2019\/wp-content\/uploads\/2020\/05\/Luiz-Roberto-Volpi-e-sua-M\u00e3e-Provid\u00eacia-Carnicel-Volpi.jpg 1173w, https:\/\/jorgezanoni.com.br\/2019\/wp-content\/uploads\/2020\/05\/Luiz-Roberto-Volpi-e-sua-M\u00e3e-Provid\u00eacia-Carnicel-Volpi-275x300.jpg 275w, https:\/\/jorgezanoni.com.br\/2019\/wp-content\/uploads\/2020\/05\/Luiz-Roberto-Volpi-e-sua-M\u00e3e-Provid\u00eacia-Carnicel-Volpi-938x1024.jpg 938w, https:\/\/jorgezanoni.com.br\/2019\/wp-content\/uploads\/2020\/05\/Luiz-Roberto-Volpi-e-sua-M\u00e3e-Provid\u00eacia-Carnicel-Volpi-768x838.jpg 768w, https:\/\/jorgezanoni.com.br\/2019\/wp-content\/uploads\/2020\/05\/Luiz-Roberto-Volpi-e-sua-M\u00e3e-Provid\u00eacia-Carnicel-Volpi-696x759.jpg 696w, https:\/\/jorgezanoni.com.br\/2019\/wp-content\/uploads\/2020\/05\/Luiz-Roberto-Volpi-e-sua-M\u00e3e-Provid\u00eacia-Carnicel-Volpi-1068x1165.jpg 1068w, https:\/\/jorgezanoni.com.br\/2019\/wp-content\/uploads\/2020\/05\/Luiz-Roberto-Volpi-e-sua-M\u00e3e-Provid\u00eacia-Carnicel-Volpi-385x420.jpg 385w\" sizes=\"auto, (max-width: 1173px) 100vw, 1173px\" \/>Dr. Luiz Roberto Volpi e sua m\u00e3e Provid\u00eancia Carnicel Volpi<\/p>\n<p><img loading=\"lazy\" decoding=\"async\" class=\"alignnone size-full wp-image-25710\" src=\"https:\/\/jorgezanoni.com.br\/2019\/wp-content\/uploads\/2020\/05\/Luiza-e-suas-filhas-Edmara-e-Elusmara.jpg\" alt=\"\" width=\"977\" height=\"1035\" srcset=\"https:\/\/jorgezanoni.com.br\/2019\/wp-content\/uploads\/2020\/05\/Luiza-e-suas-filhas-Edmara-e-Elusmara.jpg 977w, https:\/\/jorgezanoni.com.br\/2019\/wp-content\/uploads\/2020\/05\/Luiza-e-suas-filhas-Edmara-e-Elusmara-283x300.jpg 283w, https:\/\/jorgezanoni.com.br\/2019\/wp-content\/uploads\/2020\/05\/Luiza-e-suas-filhas-Edmara-e-Elusmara-967x1024.jpg 967w, https:\/\/jorgezanoni.com.br\/2019\/wp-content\/uploads\/2020\/05\/Luiza-e-suas-filhas-Edmara-e-Elusmara-768x814.jpg 768w, https:\/\/jorgezanoni.com.br\/2019\/wp-content\/uploads\/2020\/05\/Luiza-e-suas-filhas-Edmara-e-Elusmara-696x737.jpg 696w, https:\/\/jorgezanoni.com.br\/2019\/wp-content\/uploads\/2020\/05\/Luiza-e-suas-filhas-Edmara-e-Elusmara-396x420.jpg 396w\" sizes=\"auto, (max-width: 977px) 100vw, 977px\" \/>Filhas Edmara e Elusmara ladeando a m\u00e3e Luiza<\/p>\n<p><img loading=\"lazy\" decoding=\"async\" class=\"alignnone size-full wp-image-25711\" src=\"https:\/\/jorgezanoni.com.br\/2019\/wp-content\/uploads\/2020\/05\/Luzia-Franzon-Bataglia.jpg\" alt=\"\" width=\"1280\" height=\"1280\" srcset=\"https:\/\/jorgezanoni.com.br\/2019\/wp-content\/uploads\/2020\/05\/Luzia-Franzon-Bataglia.jpg 1280w, https:\/\/jorgezanoni.com.br\/2019\/wp-content\/uploads\/2020\/05\/Luzia-Franzon-Bataglia-300x300.jpg 300w, https:\/\/jorgezanoni.com.br\/2019\/wp-content\/uploads\/2020\/05\/Luzia-Franzon-Bataglia-1024x1024.jpg 1024w, https:\/\/jorgezanoni.com.br\/2019\/wp-content\/uploads\/2020\/05\/Luzia-Franzon-Bataglia-150x150.jpg 150w, https:\/\/jorgezanoni.com.br\/2019\/wp-content\/uploads\/2020\/05\/Luzia-Franzon-Bataglia-768x768.jpg 768w, https:\/\/jorgezanoni.com.br\/2019\/wp-content\/uploads\/2020\/05\/Luzia-Franzon-Bataglia-696x696.jpg 696w, https:\/\/jorgezanoni.com.br\/2019\/wp-content\/uploads\/2020\/05\/Luzia-Franzon-Bataglia-1068x1068.jpg 1068w, https:\/\/jorgezanoni.com.br\/2019\/wp-content\/uploads\/2020\/05\/Luzia-Franzon-Bataglia-420x420.jpg 420w\" sizes=\"auto, (max-width: 1280px) 100vw, 1280px\" \/>M\u00e3e Luzia Franzon Bataglia<\/p>\n<p><img loading=\"lazy\" decoding=\"async\" class=\"alignnone size-full wp-image-25712\" src=\"https:\/\/jorgezanoni.com.br\/2019\/wp-content\/uploads\/2020\/05\/M\u00e3e-Adriana-filhas-Camila-e-Gabriela.jpg\" alt=\"\" width=\"650\" height=\"672\" srcset=\"https:\/\/jorgezanoni.com.br\/2019\/wp-content\/uploads\/2020\/05\/M\u00e3e-Adriana-filhas-Camila-e-Gabriela.jpg 650w, https:\/\/jorgezanoni.com.br\/2019\/wp-content\/uploads\/2020\/05\/M\u00e3e-Adriana-filhas-Camila-e-Gabriela-290x300.jpg 290w, https:\/\/jorgezanoni.com.br\/2019\/wp-content\/uploads\/2020\/05\/M\u00e3e-Adriana-filhas-Camila-e-Gabriela-406x420.jpg 406w\" sizes=\"auto, (max-width: 650px) 100vw, 650px\" \/> M\u00e3e Adriana com as filhas Camila e Gabriela<\/p>\n<p><img loading=\"lazy\" decoding=\"async\" class=\"alignnone size-full wp-image-25713\" src=\"https:\/\/jorgezanoni.com.br\/2019\/wp-content\/uploads\/2020\/05\/M\u00e3e-Rosemary-Idalgue-Mantovani-Santos-Filha-Lurian-Murielle-Mantovani-Santos..jpg\" alt=\"\" width=\"768\" height=\"768\" srcset=\"https:\/\/jorgezanoni.com.br\/2019\/wp-content\/uploads\/2020\/05\/M\u00e3e-Rosemary-Idalgue-Mantovani-Santos-Filha-Lurian-Murielle-Mantovani-Santos..jpg 768w, https:\/\/jorgezanoni.com.br\/2019\/wp-content\/uploads\/2020\/05\/M\u00e3e-Rosemary-Idalgue-Mantovani-Santos-Filha-Lurian-Murielle-Mantovani-Santos.-300x300.jpg 300w, https:\/\/jorgezanoni.com.br\/2019\/wp-content\/uploads\/2020\/05\/M\u00e3e-Rosemary-Idalgue-Mantovani-Santos-Filha-Lurian-Murielle-Mantovani-Santos.-150x150.jpg 150w, https:\/\/jorgezanoni.com.br\/2019\/wp-content\/uploads\/2020\/05\/M\u00e3e-Rosemary-Idalgue-Mantovani-Santos-Filha-Lurian-Murielle-Mantovani-Santos.-696x696.jpg 696w, https:\/\/jorgezanoni.com.br\/2019\/wp-content\/uploads\/2020\/05\/M\u00e3e-Rosemary-Idalgue-Mantovani-Santos-Filha-Lurian-Murielle-Mantovani-Santos.-420x420.jpg 420w\" sizes=\"auto, (max-width: 768px) 100vw, 768px\" \/>Lurian Murielle Mantovani Santos com sua m\u00e3e M\u00e3e Rosemary Idalgue Mantovani<\/p>\n<p><img loading=\"lazy\" decoding=\"async\" class=\"alignnone size-full wp-image-25714\" src=\"https:\/\/jorgezanoni.com.br\/2019\/wp-content\/uploads\/2020\/05\/M\u00e3e-Ana-Carolina-Filha-Ana-Laura.jpg\" alt=\"\" width=\"1280\" height=\"640\" srcset=\"https:\/\/jorgezanoni.com.br\/2019\/wp-content\/uploads\/2020\/05\/M\u00e3e-Ana-Carolina-Filha-Ana-Laura.jpg 1280w, https:\/\/jorgezanoni.com.br\/2019\/wp-content\/uploads\/2020\/05\/M\u00e3e-Ana-Carolina-Filha-Ana-Laura-300x150.jpg 300w, https:\/\/jorgezanoni.com.br\/2019\/wp-content\/uploads\/2020\/05\/M\u00e3e-Ana-Carolina-Filha-Ana-Laura-1024x512.jpg 1024w, https:\/\/jorgezanoni.com.br\/2019\/wp-content\/uploads\/2020\/05\/M\u00e3e-Ana-Carolina-Filha-Ana-Laura-768x384.jpg 768w, https:\/\/jorgezanoni.com.br\/2019\/wp-content\/uploads\/2020\/05\/M\u00e3e-Ana-Carolina-Filha-Ana-Laura-696x348.jpg 696w, https:\/\/jorgezanoni.com.br\/2019\/wp-content\/uploads\/2020\/05\/M\u00e3e-Ana-Carolina-Filha-Ana-Laura-1068x534.jpg 1068w, https:\/\/jorgezanoni.com.br\/2019\/wp-content\/uploads\/2020\/05\/M\u00e3e-Ana-Carolina-Filha-Ana-Laura-840x420.jpg 840w\" sizes=\"auto, (max-width: 1280px) 100vw, 1280px\" \/>M\u00e3e Ana Carolina com a filha Ana Laura<\/p>\n<p><img loading=\"lazy\" decoding=\"async\" class=\"alignnone size-full wp-image-25715\" src=\"https:\/\/jorgezanoni.com.br\/2019\/wp-content\/uploads\/2020\/05\/M\u00e3e-Andresa-Toyoda-Ito-e-a-do-meio-m\u00e3e-Luiza-Toyoda-Ito-do-lado-meu-filho-Satoru-Jos\u00e9..jpg\" alt=\"\" width=\"1280\" height=\"1280\" srcset=\"https:\/\/jorgezanoni.com.br\/2019\/wp-content\/uploads\/2020\/05\/M\u00e3e-Andresa-Toyoda-Ito-e-a-do-meio-m\u00e3e-Luiza-Toyoda-Ito-do-lado-meu-filho-Satoru-Jos\u00e9..jpg 1280w, https:\/\/jorgezanoni.com.br\/2019\/wp-content\/uploads\/2020\/05\/M\u00e3e-Andresa-Toyoda-Ito-e-a-do-meio-m\u00e3e-Luiza-Toyoda-Ito-do-lado-meu-filho-Satoru-Jos\u00e9.-300x300.jpg 300w, https:\/\/jorgezanoni.com.br\/2019\/wp-content\/uploads\/2020\/05\/M\u00e3e-Andresa-Toyoda-Ito-e-a-do-meio-m\u00e3e-Luiza-Toyoda-Ito-do-lado-meu-filho-Satoru-Jos\u00e9.-1024x1024.jpg 1024w, https:\/\/jorgezanoni.com.br\/2019\/wp-content\/uploads\/2020\/05\/M\u00e3e-Andresa-Toyoda-Ito-e-a-do-meio-m\u00e3e-Luiza-Toyoda-Ito-do-lado-meu-filho-Satoru-Jos\u00e9.-150x150.jpg 150w, https:\/\/jorgezanoni.com.br\/2019\/wp-content\/uploads\/2020\/05\/M\u00e3e-Andresa-Toyoda-Ito-e-a-do-meio-m\u00e3e-Luiza-Toyoda-Ito-do-lado-meu-filho-Satoru-Jos\u00e9.-768x768.jpg 768w, https:\/\/jorgezanoni.com.br\/2019\/wp-content\/uploads\/2020\/05\/M\u00e3e-Andresa-Toyoda-Ito-e-a-do-meio-m\u00e3e-Luiza-Toyoda-Ito-do-lado-meu-filho-Satoru-Jos\u00e9.-696x696.jpg 696w, https:\/\/jorgezanoni.com.br\/2019\/wp-content\/uploads\/2020\/05\/M\u00e3e-Andresa-Toyoda-Ito-e-a-do-meio-m\u00e3e-Luiza-Toyoda-Ito-do-lado-meu-filho-Satoru-Jos\u00e9.-1068x1068.jpg 1068w, https:\/\/jorgezanoni.com.br\/2019\/wp-content\/uploads\/2020\/05\/M\u00e3e-Andresa-Toyoda-Ito-e-a-do-meio-m\u00e3e-Luiza-Toyoda-Ito-do-lado-meu-filho-Satoru-Jos\u00e9.-420x420.jpg 420w\" sizes=\"auto, (max-width: 1280px) 100vw, 1280px\" \/>M\u00e3e Andresa Toyoda Ido, M\u00e3e e Av\u00f3 Luiza Toyoda Ido e Satoru Jos\u00e9<\/p>\n<p><img loading=\"lazy\" decoding=\"async\" class=\"alignnone size-full wp-image-25716\" src=\"https:\/\/jorgezanoni.com.br\/2019\/wp-content\/uploads\/2020\/05\/m\u00e3e-Benedita-Graton-com-Marlene-Graton.jpg\" alt=\"\" width=\"720\" height=\"1280\" srcset=\"https:\/\/jorgezanoni.com.br\/2019\/wp-content\/uploads\/2020\/05\/m\u00e3e-Benedita-Graton-com-Marlene-Graton.jpg 720w, https:\/\/jorgezanoni.com.br\/2019\/wp-content\/uploads\/2020\/05\/m\u00e3e-Benedita-Graton-com-Marlene-Graton-169x300.jpg 169w, https:\/\/jorgezanoni.com.br\/2019\/wp-content\/uploads\/2020\/05\/m\u00e3e-Benedita-Graton-com-Marlene-Graton-576x1024.jpg 576w, https:\/\/jorgezanoni.com.br\/2019\/wp-content\/uploads\/2020\/05\/m\u00e3e-Benedita-Graton-com-Marlene-Graton-696x1237.jpg 696w, https:\/\/jorgezanoni.com.br\/2019\/wp-content\/uploads\/2020\/05\/m\u00e3e-Benedita-Graton-com-Marlene-Graton-236x420.jpg 236w\" sizes=\"auto, (max-width: 720px) 100vw, 720px\" \/>M\u00e3e Benedita Graton com a filha Marlene Graton<\/p>\n<p><img loading=\"lazy\" decoding=\"async\" class=\"alignnone size-full wp-image-25717\" src=\"https:\/\/jorgezanoni.com.br\/2019\/wp-content\/uploads\/2020\/05\/m\u00e3e-C\u00e9lia-Zaratini.-Meus-irm\u00e3os-Adriana-Luciana-e-Jo\u00e3o-Olavo.-Obrigado.-Abra\u00e7o-Rauce..jpg\" alt=\"\" width=\"960\" height=\"960\" srcset=\"https:\/\/jorgezanoni.com.br\/2019\/wp-content\/uploads\/2020\/05\/m\u00e3e-C\u00e9lia-Zaratini.-Meus-irm\u00e3os-Adriana-Luciana-e-Jo\u00e3o-Olavo.-Obrigado.-Abra\u00e7o-Rauce..jpg 960w, https:\/\/jorgezanoni.com.br\/2019\/wp-content\/uploads\/2020\/05\/m\u00e3e-C\u00e9lia-Zaratini.-Meus-irm\u00e3os-Adriana-Luciana-e-Jo\u00e3o-Olavo.-Obrigado.-Abra\u00e7o-Rauce.-300x300.jpg 300w, https:\/\/jorgezanoni.com.br\/2019\/wp-content\/uploads\/2020\/05\/m\u00e3e-C\u00e9lia-Zaratini.-Meus-irm\u00e3os-Adriana-Luciana-e-Jo\u00e3o-Olavo.-Obrigado.-Abra\u00e7o-Rauce.-150x150.jpg 150w, https:\/\/jorgezanoni.com.br\/2019\/wp-content\/uploads\/2020\/05\/m\u00e3e-C\u00e9lia-Zaratini.-Meus-irm\u00e3os-Adriana-Luciana-e-Jo\u00e3o-Olavo.-Obrigado.-Abra\u00e7o-Rauce.-768x768.jpg 768w, https:\/\/jorgezanoni.com.br\/2019\/wp-content\/uploads\/2020\/05\/m\u00e3e-C\u00e9lia-Zaratini.-Meus-irm\u00e3os-Adriana-Luciana-e-Jo\u00e3o-Olavo.-Obrigado.-Abra\u00e7o-Rauce.-696x696.jpg 696w, https:\/\/jorgezanoni.com.br\/2019\/wp-content\/uploads\/2020\/05\/m\u00e3e-C\u00e9lia-Zaratini.-Meus-irm\u00e3os-Adriana-Luciana-e-Jo\u00e3o-Olavo.-Obrigado.-Abra\u00e7o-Rauce.-420x420.jpg 420w\" sizes=\"auto, (max-width: 960px) 100vw, 960px\" \/>M\u00e3e C\u00e9lia Zaratini recebe os parab\u00e9ns dos filhos Ruce, Adriana, Luciana e Jo\u00e3o Olavo<\/p>\n<p><img loading=\"lazy\" decoding=\"async\" class=\"alignnone size-full wp-image-25718\" src=\"https:\/\/jorgezanoni.com.br\/2019\/wp-content\/uploads\/2020\/05\/M\u00e3e-D.-Cida-.-Filhos-Jo\u00e3o-Rafael-Ana-Carolina-e-Fabiana-.-Gaspareli.jpg\" alt=\"\" width=\"1280\" height=\"960\" srcset=\"https:\/\/jorgezanoni.com.br\/2019\/wp-content\/uploads\/2020\/05\/M\u00e3e-D.-Cida-.-Filhos-Jo\u00e3o-Rafael-Ana-Carolina-e-Fabiana-.-Gaspareli.jpg 1280w, https:\/\/jorgezanoni.com.br\/2019\/wp-content\/uploads\/2020\/05\/M\u00e3e-D.-Cida-.-Filhos-Jo\u00e3o-Rafael-Ana-Carolina-e-Fabiana-.-Gaspareli-300x225.jpg 300w, https:\/\/jorgezanoni.com.br\/2019\/wp-content\/uploads\/2020\/05\/M\u00e3e-D.-Cida-.-Filhos-Jo\u00e3o-Rafael-Ana-Carolina-e-Fabiana-.-Gaspareli-1024x768.jpg 1024w, https:\/\/jorgezanoni.com.br\/2019\/wp-content\/uploads\/2020\/05\/M\u00e3e-D.-Cida-.-Filhos-Jo\u00e3o-Rafael-Ana-Carolina-e-Fabiana-.-Gaspareli-768x576.jpg 768w, https:\/\/jorgezanoni.com.br\/2019\/wp-content\/uploads\/2020\/05\/M\u00e3e-D.-Cida-.-Filhos-Jo\u00e3o-Rafael-Ana-Carolina-e-Fabiana-.-Gaspareli-80x60.jpg 80w, https:\/\/jorgezanoni.com.br\/2019\/wp-content\/uploads\/2020\/05\/M\u00e3e-D.-Cida-.-Filhos-Jo\u00e3o-Rafael-Ana-Carolina-e-Fabiana-.-Gaspareli-265x198.jpg 265w, https:\/\/jorgezanoni.com.br\/2019\/wp-content\/uploads\/2020\/05\/M\u00e3e-D.-Cida-.-Filhos-Jo\u00e3o-Rafael-Ana-Carolina-e-Fabiana-.-Gaspareli-696x522.jpg 696w, https:\/\/jorgezanoni.com.br\/2019\/wp-content\/uploads\/2020\/05\/M\u00e3e-D.-Cida-.-Filhos-Jo\u00e3o-Rafael-Ana-Carolina-e-Fabiana-.-Gaspareli-1068x801.jpg 1068w, https:\/\/jorgezanoni.com.br\/2019\/wp-content\/uploads\/2020\/05\/M\u00e3e-D.-Cida-.-Filhos-Jo\u00e3o-Rafael-Ana-Carolina-e-Fabiana-.-Gaspareli-560x420.jpg 560w\" sizes=\"auto, (max-width: 1280px) 100vw, 1280px\" \/>M\u00e3e Cida com os filhos Jo\u00e3o Rafael, Ana Carolina e Fabiana Gaspareli<\/p>\n<p><img loading=\"lazy\" decoding=\"async\" class=\"alignnone size-full wp-image-25719\" src=\"https:\/\/jorgezanoni.com.br\/2019\/wp-content\/uploads\/2020\/05\/M\u00e3e-D\u00e9bora-Filha-Isis.jpg\" alt=\"\" width=\"590\" height=\"1280\" srcset=\"https:\/\/jorgezanoni.com.br\/2019\/wp-content\/uploads\/2020\/05\/M\u00e3e-D\u00e9bora-Filha-Isis.jpg 590w, https:\/\/jorgezanoni.com.br\/2019\/wp-content\/uploads\/2020\/05\/M\u00e3e-D\u00e9bora-Filha-Isis-138x300.jpg 138w, https:\/\/jorgezanoni.com.br\/2019\/wp-content\/uploads\/2020\/05\/M\u00e3e-D\u00e9bora-Filha-Isis-472x1024.jpg 472w, https:\/\/jorgezanoni.com.br\/2019\/wp-content\/uploads\/2020\/05\/M\u00e3e-D\u00e9bora-Filha-Isis-194x420.jpg 194w\" sizes=\"auto, (max-width: 590px) 100vw, 590px\" \/> M\u00e3e D\u00e9bora com a filha \u00edsis<\/p>\n<p><img loading=\"lazy\" decoding=\"async\" class=\"alignnone size-full wp-image-25720\" src=\"https:\/\/jorgezanoni.com.br\/2019\/wp-content\/uploads\/2020\/05\/M\u00c3E-DINHA-e-NEIDE.jpg\" alt=\"\" width=\"720\" height=\"1280\" srcset=\"https:\/\/jorgezanoni.com.br\/2019\/wp-content\/uploads\/2020\/05\/M\u00c3E-DINHA-e-NEIDE.jpg 720w, https:\/\/jorgezanoni.com.br\/2019\/wp-content\/uploads\/2020\/05\/M\u00c3E-DINHA-e-NEIDE-169x300.jpg 169w, https:\/\/jorgezanoni.com.br\/2019\/wp-content\/uploads\/2020\/05\/M\u00c3E-DINHA-e-NEIDE-576x1024.jpg 576w, https:\/\/jorgezanoni.com.br\/2019\/wp-content\/uploads\/2020\/05\/M\u00c3E-DINHA-e-NEIDE-696x1237.jpg 696w, https:\/\/jorgezanoni.com.br\/2019\/wp-content\/uploads\/2020\/05\/M\u00c3E-DINHA-e-NEIDE-236x420.jpg 236w\" sizes=\"auto, (max-width: 720px) 100vw, 720px\" \/>M\u00e3e Dinha com a filha Neide<\/p>\n<p><img loading=\"lazy\" decoding=\"async\" class=\"alignnone size-full wp-image-25721\" src=\"https:\/\/jorgezanoni.com.br\/2019\/wp-content\/uploads\/2020\/05\/M\u00c3E-EDITH-E-EU-CIDA-MELCHIADES.jpg\" alt=\"\" width=\"533\" height=\"960\" srcset=\"https:\/\/jorgezanoni.com.br\/2019\/wp-content\/uploads\/2020\/05\/M\u00c3E-EDITH-E-EU-CIDA-MELCHIADES.jpg 533w, https:\/\/jorgezanoni.com.br\/2019\/wp-content\/uploads\/2020\/05\/M\u00c3E-EDITH-E-EU-CIDA-MELCHIADES-167x300.jpg 167w, https:\/\/jorgezanoni.com.br\/2019\/wp-content\/uploads\/2020\/05\/M\u00c3E-EDITH-E-EU-CIDA-MELCHIADES-233x420.jpg 233w\" sizes=\"auto, (max-width: 533px) 100vw, 533px\" \/> M\u00e3e Edith com a filha Cida Melchiades<\/p>\n<p><img loading=\"lazy\" decoding=\"async\" class=\"alignnone size-full wp-image-25722\" src=\"https:\/\/jorgezanoni.com.br\/2019\/wp-content\/uploads\/2020\/05\/M\u00e3e-Fabiana-filhos-Jo\u00e3o-antonio-e-gianna-Vit\u00f3ria.jpg\" alt=\"\" width=\"864\" height=\"1186\" srcset=\"https:\/\/jorgezanoni.com.br\/2019\/wp-content\/uploads\/2020\/05\/M\u00e3e-Fabiana-filhos-Jo\u00e3o-antonio-e-gianna-Vit\u00f3ria.jpg 864w, https:\/\/jorgezanoni.com.br\/2019\/wp-content\/uploads\/2020\/05\/M\u00e3e-Fabiana-filhos-Jo\u00e3o-antonio-e-gianna-Vit\u00f3ria-219x300.jpg 219w, https:\/\/jorgezanoni.com.br\/2019\/wp-content\/uploads\/2020\/05\/M\u00e3e-Fabiana-filhos-Jo\u00e3o-antonio-e-gianna-Vit\u00f3ria-746x1024.jpg 746w, https:\/\/jorgezanoni.com.br\/2019\/wp-content\/uploads\/2020\/05\/M\u00e3e-Fabiana-filhos-Jo\u00e3o-antonio-e-gianna-Vit\u00f3ria-768x1054.jpg 768w, https:\/\/jorgezanoni.com.br\/2019\/wp-content\/uploads\/2020\/05\/M\u00e3e-Fabiana-filhos-Jo\u00e3o-antonio-e-gianna-Vit\u00f3ria-696x955.jpg 696w, https:\/\/jorgezanoni.com.br\/2019\/wp-content\/uploads\/2020\/05\/M\u00e3e-Fabiana-filhos-Jo\u00e3o-antonio-e-gianna-Vit\u00f3ria-306x420.jpg 306w\" sizes=\"auto, (max-width: 864px) 100vw, 864px\" \/>M\u00e3e Fabiana com os filhos Jo\u00e3o Antonio e Gianna Vit\u00f3ria<\/p>\n<p><img loading=\"lazy\" decoding=\"async\" class=\"alignnone size-full wp-image-25723\" src=\"https:\/\/jorgezanoni.com.br\/2019\/wp-content\/uploads\/2020\/05\/M\u00e3e-falecida-altina-o-meu-cleo-Pereira.jpg\" alt=\"\" width=\"480\" height=\"288\" srcset=\"https:\/\/jorgezanoni.com.br\/2019\/wp-content\/uploads\/2020\/05\/M\u00e3e-falecida-altina-o-meu-cleo-Pereira.jpg 480w, https:\/\/jorgezanoni.com.br\/2019\/wp-content\/uploads\/2020\/05\/M\u00e3e-falecida-altina-o-meu-cleo-Pereira-300x180.jpg 300w\" sizes=\"auto, (max-width: 480px) 100vw, 480px\" \/> Cleo Pereira com a m\u00e3e Altina (falecida)<img loading=\"lazy\" decoding=\"async\" class=\"alignnone size-full wp-image-25724\" src=\"https:\/\/jorgezanoni.com.br\/2019\/wp-content\/uploads\/2020\/05\/M\u00e3e-F\u00e1tima-e-as-filhas-M\u00f4nica-e-Fabiana.jpg\" alt=\"\" width=\"960\" height=\"720\" srcset=\"https:\/\/jorgezanoni.com.br\/2019\/wp-content\/uploads\/2020\/05\/M\u00e3e-F\u00e1tima-e-as-filhas-M\u00f4nica-e-Fabiana.jpg 960w, https:\/\/jorgezanoni.com.br\/2019\/wp-content\/uploads\/2020\/05\/M\u00e3e-F\u00e1tima-e-as-filhas-M\u00f4nica-e-Fabiana-300x225.jpg 300w, https:\/\/jorgezanoni.com.br\/2019\/wp-content\/uploads\/2020\/05\/M\u00e3e-F\u00e1tima-e-as-filhas-M\u00f4nica-e-Fabiana-768x576.jpg 768w, https:\/\/jorgezanoni.com.br\/2019\/wp-content\/uploads\/2020\/05\/M\u00e3e-F\u00e1tima-e-as-filhas-M\u00f4nica-e-Fabiana-80x60.jpg 80w, https:\/\/jorgezanoni.com.br\/2019\/wp-content\/uploads\/2020\/05\/M\u00e3e-F\u00e1tima-e-as-filhas-M\u00f4nica-e-Fabiana-265x198.jpg 265w, https:\/\/jorgezanoni.com.br\/2019\/wp-content\/uploads\/2020\/05\/M\u00e3e-F\u00e1tima-e-as-filhas-M\u00f4nica-e-Fabiana-696x522.jpg 696w, https:\/\/jorgezanoni.com.br\/2019\/wp-content\/uploads\/2020\/05\/M\u00e3e-F\u00e1tima-e-as-filhas-M\u00f4nica-e-Fabiana-560x420.jpg 560w\" sizes=\"auto, (max-width: 960px) 100vw, 960px\" \/>M\u00e3e F\u00e1tima com as filhas M\u00f4nica e Fabiana Paschoaloto<\/p>\n<p><img loading=\"lazy\" decoding=\"async\" class=\"alignnone size-full wp-image-25725\" src=\"https:\/\/jorgezanoni.com.br\/2019\/wp-content\/uploads\/2020\/05\/M\u00e3e-Ilma-filha-Bruna-e-neta-Melissa-Eduarda.jpg\" alt=\"\" width=\"960\" height=\"1280\" srcset=\"https:\/\/jorgezanoni.com.br\/2019\/wp-content\/uploads\/2020\/05\/M\u00e3e-Ilma-filha-Bruna-e-neta-Melissa-Eduarda.jpg 960w, https:\/\/jorgezanoni.com.br\/2019\/wp-content\/uploads\/2020\/05\/M\u00e3e-Ilma-filha-Bruna-e-neta-Melissa-Eduarda-225x300.jpg 225w, https:\/\/jorgezanoni.com.br\/2019\/wp-content\/uploads\/2020\/05\/M\u00e3e-Ilma-filha-Bruna-e-neta-Melissa-Eduarda-768x1024.jpg 768w, https:\/\/jorgezanoni.com.br\/2019\/wp-content\/uploads\/2020\/05\/M\u00e3e-Ilma-filha-Bruna-e-neta-Melissa-Eduarda-696x928.jpg 696w, https:\/\/jorgezanoni.com.br\/2019\/wp-content\/uploads\/2020\/05\/M\u00e3e-Ilma-filha-Bruna-e-neta-Melissa-Eduarda-315x420.jpg 315w\" sizes=\"auto, (max-width: 960px) 100vw, 960px\" \/>M\u00e3e Ilma, filha Bruna e neta Melissa Eduarda<\/p>\n<p><img loading=\"lazy\" decoding=\"async\" class=\"alignnone size-full wp-image-25726\" src=\"https:\/\/jorgezanoni.com.br\/2019\/wp-content\/uploads\/2020\/05\/m\u00e3e-Joana-e-eu-\u00c2ngela-Garcia-MADUREIRA-ALMEIDA.jpg\" alt=\"\" width=\"524\" height=\"476\" srcset=\"https:\/\/jorgezanoni.com.br\/2019\/wp-content\/uploads\/2020\/05\/m\u00e3e-Joana-e-eu-\u00c2ngela-Garcia-MADUREIRA-ALMEIDA.jpg 524w, https:\/\/jorgezanoni.com.br\/2019\/wp-content\/uploads\/2020\/05\/m\u00e3e-Joana-e-eu-\u00c2ngela-Garcia-MADUREIRA-ALMEIDA-300x273.jpg 300w, https:\/\/jorgezanoni.com.br\/2019\/wp-content\/uploads\/2020\/05\/m\u00e3e-Joana-e-eu-\u00c2ngela-Garcia-MADUREIRA-ALMEIDA-462x420.jpg 462w\" sizes=\"auto, (max-width: 524px) 100vw, 524px\" \/> M\u00e3e Joana e a filha Angela Garcia Madureira Almeida<\/p>\n<p><img loading=\"lazy\" decoding=\"async\" class=\"alignnone size-full wp-image-25727\" src=\"https:\/\/jorgezanoni.com.br\/2019\/wp-content\/uploads\/2020\/05\/m\u00e3e-Juliana-lanza-com-as-filhas-Emanuely-Lanza-e-yasmin-Lanza.jpg\" alt=\"\" width=\"960\" height=\"641\" srcset=\"https:\/\/jorgezanoni.com.br\/2019\/wp-content\/uploads\/2020\/05\/m\u00e3e-Juliana-lanza-com-as-filhas-Emanuely-Lanza-e-yasmin-Lanza.jpg 960w, https:\/\/jorgezanoni.com.br\/2019\/wp-content\/uploads\/2020\/05\/m\u00e3e-Juliana-lanza-com-as-filhas-Emanuely-Lanza-e-yasmin-Lanza-300x200.jpg 300w, https:\/\/jorgezanoni.com.br\/2019\/wp-content\/uploads\/2020\/05\/m\u00e3e-Juliana-lanza-com-as-filhas-Emanuely-Lanza-e-yasmin-Lanza-768x513.jpg 768w, https:\/\/jorgezanoni.com.br\/2019\/wp-content\/uploads\/2020\/05\/m\u00e3e-Juliana-lanza-com-as-filhas-Emanuely-Lanza-e-yasmin-Lanza-696x465.jpg 696w, https:\/\/jorgezanoni.com.br\/2019\/wp-content\/uploads\/2020\/05\/m\u00e3e-Juliana-lanza-com-as-filhas-Emanuely-Lanza-e-yasmin-Lanza-629x420.jpg 629w\" sizes=\"auto, (max-width: 960px) 100vw, 960px\" \/>Filhas Emanuely e Yasmim com a m\u00e3e Juliana Lanza<\/p>\n<p><img loading=\"lazy\" decoding=\"async\" class=\"alignnone size-full wp-image-25728\" src=\"https:\/\/jorgezanoni.com.br\/2019\/wp-content\/uploads\/2020\/05\/M\u00e3e-Keli-Leal-filho-Matheus-Miyagui.jpg\" alt=\"\" width=\"640\" height=\"1012\" srcset=\"https:\/\/jorgezanoni.com.br\/2019\/wp-content\/uploads\/2020\/05\/M\u00e3e-Keli-Leal-filho-Matheus-Miyagui.jpg 640w, https:\/\/jorgezanoni.com.br\/2019\/wp-content\/uploads\/2020\/05\/M\u00e3e-Keli-Leal-filho-Matheus-Miyagui-190x300.jpg 190w, https:\/\/jorgezanoni.com.br\/2019\/wp-content\/uploads\/2020\/05\/M\u00e3e-Keli-Leal-filho-Matheus-Miyagui-266x420.jpg 266w\" sizes=\"auto, (max-width: 640px) 100vw, 640px\" \/>M\u00e3e Keli Leal com o filho Matheus Miyagui<\/p>\n<p><img loading=\"lazy\" decoding=\"async\" class=\"alignnone size-full wp-image-25729\" src=\"https:\/\/jorgezanoni.com.br\/2019\/wp-content\/uploads\/2020\/05\/M\u00e3e-Lisiane-filha-Isabela.jpg\" alt=\"\" width=\"864\" height=\"1152\" srcset=\"https:\/\/jorgezanoni.com.br\/2019\/wp-content\/uploads\/2020\/05\/M\u00e3e-Lisiane-filha-Isabela.jpg 864w, https:\/\/jorgezanoni.com.br\/2019\/wp-content\/uploads\/2020\/05\/M\u00e3e-Lisiane-filha-Isabela-225x300.jpg 225w, https:\/\/jorgezanoni.com.br\/2019\/wp-content\/uploads\/2020\/05\/M\u00e3e-Lisiane-filha-Isabela-768x1024.jpg 768w, https:\/\/jorgezanoni.com.br\/2019\/wp-content\/uploads\/2020\/05\/M\u00e3e-Lisiane-filha-Isabela-696x928.jpg 696w, https:\/\/jorgezanoni.com.br\/2019\/wp-content\/uploads\/2020\/05\/M\u00e3e-Lisiane-filha-Isabela-315x420.jpg 315w\" sizes=\"auto, (max-width: 864px) 100vw, 864px\" \/>M\u00e3e Lisiane com a filha Isabela<\/p>\n<p><img loading=\"lazy\" decoding=\"async\" class=\"alignnone size-full wp-image-25730\" src=\"https:\/\/jorgezanoni.com.br\/2019\/wp-content\/uploads\/2020\/05\/M\u00e3e-Marcia-filha-Hawany-e-filho-Tiago.jpg\" alt=\"\" width=\"720\" height=\"960\" srcset=\"https:\/\/jorgezanoni.com.br\/2019\/wp-content\/uploads\/2020\/05\/M\u00e3e-Marcia-filha-Hawany-e-filho-Tiago.jpg 720w, https:\/\/jorgezanoni.com.br\/2019\/wp-content\/uploads\/2020\/05\/M\u00e3e-Marcia-filha-Hawany-e-filho-Tiago-225x300.jpg 225w, https:\/\/jorgezanoni.com.br\/2019\/wp-content\/uploads\/2020\/05\/M\u00e3e-Marcia-filha-Hawany-e-filho-Tiago-696x928.jpg 696w, https:\/\/jorgezanoni.com.br\/2019\/wp-content\/uploads\/2020\/05\/M\u00e3e-Marcia-filha-Hawany-e-filho-Tiago-315x420.jpg 315w\" sizes=\"auto, (max-width: 720px) 100vw, 720px\" \/>M\u00e3e Marcia com os filhos Hawany e Tiago<\/p>\n<p><img loading=\"lazy\" decoding=\"async\" class=\"alignnone size-full wp-image-25731\" src=\"https:\/\/jorgezanoni.com.br\/2019\/wp-content\/uploads\/2020\/05\/M\u00e3e-Maria-de-Lourdes-e-Joice-Bergamini.jpg\" alt=\"\" width=\"960\" height=\"1280\" srcset=\"https:\/\/jorgezanoni.com.br\/2019\/wp-content\/uploads\/2020\/05\/M\u00e3e-Maria-de-Lourdes-e-Joice-Bergamini.jpg 960w, https:\/\/jorgezanoni.com.br\/2019\/wp-content\/uploads\/2020\/05\/M\u00e3e-Maria-de-Lourdes-e-Joice-Bergamini-225x300.jpg 225w, https:\/\/jorgezanoni.com.br\/2019\/wp-content\/uploads\/2020\/05\/M\u00e3e-Maria-de-Lourdes-e-Joice-Bergamini-768x1024.jpg 768w, https:\/\/jorgezanoni.com.br\/2019\/wp-content\/uploads\/2020\/05\/M\u00e3e-Maria-de-Lourdes-e-Joice-Bergamini-696x928.jpg 696w, https:\/\/jorgezanoni.com.br\/2019\/wp-content\/uploads\/2020\/05\/M\u00e3e-Maria-de-Lourdes-e-Joice-Bergamini-315x420.jpg 315w\" sizes=\"auto, (max-width: 960px) 100vw, 960px\" \/>M\u00e3e Maria de Lourdes com a filha Joice Bergamini<\/p>\n<p><img loading=\"lazy\" decoding=\"async\" class=\"alignnone size-full wp-image-25732\" src=\"https:\/\/jorgezanoni.com.br\/2019\/wp-content\/uploads\/2020\/05\/m\u00e3e-Marlene.jpg\" alt=\"\" width=\"780\" height=\"1040\" srcset=\"https:\/\/jorgezanoni.com.br\/2019\/wp-content\/uploads\/2020\/05\/m\u00e3e-Marlene.jpg 780w, https:\/\/jorgezanoni.com.br\/2019\/wp-content\/uploads\/2020\/05\/m\u00e3e-Marlene-225x300.jpg 225w, https:\/\/jorgezanoni.com.br\/2019\/wp-content\/uploads\/2020\/05\/m\u00e3e-Marlene-768x1024.jpg 768w, https:\/\/jorgezanoni.com.br\/2019\/wp-content\/uploads\/2020\/05\/m\u00e3e-Marlene-696x928.jpg 696w, https:\/\/jorgezanoni.com.br\/2019\/wp-content\/uploads\/2020\/05\/m\u00e3e-Marlene-315x420.jpg 315w\" sizes=\"auto, (max-width: 780px) 100vw, 780px\" \/>M\u00e3e Marlene<\/p>\n<p><img loading=\"lazy\" decoding=\"async\" class=\"alignnone size-full wp-image-25734\" src=\"https:\/\/jorgezanoni.com.br\/2019\/wp-content\/uploads\/2020\/05\/M\u00e3e-Sandra-e-filhos-Giancarlo-e-Franciele.jpg\" alt=\"\" width=\"1032\" height=\"581\" srcset=\"https:\/\/jorgezanoni.com.br\/2019\/wp-content\/uploads\/2020\/05\/M\u00e3e-Sandra-e-filhos-Giancarlo-e-Franciele.jpg 1032w, https:\/\/jorgezanoni.com.br\/2019\/wp-content\/uploads\/2020\/05\/M\u00e3e-Sandra-e-filhos-Giancarlo-e-Franciele-300x169.jpg 300w, https:\/\/jorgezanoni.com.br\/2019\/wp-content\/uploads\/2020\/05\/M\u00e3e-Sandra-e-filhos-Giancarlo-e-Franciele-1024x576.jpg 1024w, https:\/\/jorgezanoni.com.br\/2019\/wp-content\/uploads\/2020\/05\/M\u00e3e-Sandra-e-filhos-Giancarlo-e-Franciele-768x432.jpg 768w, https:\/\/jorgezanoni.com.br\/2019\/wp-content\/uploads\/2020\/05\/M\u00e3e-Sandra-e-filhos-Giancarlo-e-Franciele-696x392.jpg 696w, https:\/\/jorgezanoni.com.br\/2019\/wp-content\/uploads\/2020\/05\/M\u00e3e-Sandra-e-filhos-Giancarlo-e-Franciele-746x420.jpg 746w\" sizes=\"auto, (max-width: 1032px) 100vw, 1032px\" \/>Filhos Giancarlo e Franciele ladeiam a m\u00e3e Sandra<\/p>\n<p><img loading=\"lazy\" decoding=\"async\" class=\"alignnone size-full wp-image-25735\" src=\"https:\/\/jorgezanoni.com.br\/2019\/wp-content\/uploads\/2020\/05\/M\u00e3e-Sim\u00f4nia-Maur\u00edcio-com-filha-Brenda.jpg\" alt=\"\" width=\"1066\" height=\"1280\" srcset=\"https:\/\/jorgezanoni.com.br\/2019\/wp-content\/uploads\/2020\/05\/M\u00e3e-Sim\u00f4nia-Maur\u00edcio-com-filha-Brenda.jpg 1066w, https:\/\/jorgezanoni.com.br\/2019\/wp-content\/uploads\/2020\/05\/M\u00e3e-Sim\u00f4nia-Maur\u00edcio-com-filha-Brenda-250x300.jpg 250w, https:\/\/jorgezanoni.com.br\/2019\/wp-content\/uploads\/2020\/05\/M\u00e3e-Sim\u00f4nia-Maur\u00edcio-com-filha-Brenda-853x1024.jpg 853w, https:\/\/jorgezanoni.com.br\/2019\/wp-content\/uploads\/2020\/05\/M\u00e3e-Sim\u00f4nia-Maur\u00edcio-com-filha-Brenda-768x922.jpg 768w, https:\/\/jorgezanoni.com.br\/2019\/wp-content\/uploads\/2020\/05\/M\u00e3e-Sim\u00f4nia-Maur\u00edcio-com-filha-Brenda-696x836.jpg 696w, https:\/\/jorgezanoni.com.br\/2019\/wp-content\/uploads\/2020\/05\/M\u00e3e-Sim\u00f4nia-Maur\u00edcio-com-filha-Brenda-350x420.jpg 350w\" sizes=\"auto, (max-width: 1066px) 100vw, 1066px\" \/>M\u00e3e Sim\u00f4nia Mauricio com a filha Brenda<\/p>\n<p><img loading=\"lazy\" decoding=\"async\" class=\"alignnone size-full wp-image-25737\" src=\"https:\/\/jorgezanoni.com.br\/2019\/wp-content\/uploads\/2020\/05\/M\u00e3e-Sueli-e-filha-Su\u00e9ri-T.-Pta..jpg\" alt=\"\" width=\"1080\" height=\"805\" srcset=\"https:\/\/jorgezanoni.com.br\/2019\/wp-content\/uploads\/2020\/05\/M\u00e3e-Sueli-e-filha-Su\u00e9ri-T.-Pta..jpg 1080w, https:\/\/jorgezanoni.com.br\/2019\/wp-content\/uploads\/2020\/05\/M\u00e3e-Sueli-e-filha-Su\u00e9ri-T.-Pta.-300x224.jpg 300w, https:\/\/jorgezanoni.com.br\/2019\/wp-content\/uploads\/2020\/05\/M\u00e3e-Sueli-e-filha-Su\u00e9ri-T.-Pta.-1024x763.jpg 1024w, https:\/\/jorgezanoni.com.br\/2019\/wp-content\/uploads\/2020\/05\/M\u00e3e-Sueli-e-filha-Su\u00e9ri-T.-Pta.-768x572.jpg 768w, https:\/\/jorgezanoni.com.br\/2019\/wp-content\/uploads\/2020\/05\/M\u00e3e-Sueli-e-filha-Su\u00e9ri-T.-Pta.-80x60.jpg 80w, https:\/\/jorgezanoni.com.br\/2019\/wp-content\/uploads\/2020\/05\/M\u00e3e-Sueli-e-filha-Su\u00e9ri-T.-Pta.-265x198.jpg 265w, https:\/\/jorgezanoni.com.br\/2019\/wp-content\/uploads\/2020\/05\/M\u00e3e-Sueli-e-filha-Su\u00e9ri-T.-Pta.-696x519.jpg 696w, https:\/\/jorgezanoni.com.br\/2019\/wp-content\/uploads\/2020\/05\/M\u00e3e-Sueli-e-filha-Su\u00e9ri-T.-Pta.-1068x796.jpg 1068w, https:\/\/jorgezanoni.com.br\/2019\/wp-content\/uploads\/2020\/05\/M\u00e3e-Sueli-e-filha-Su\u00e9ri-T.-Pta.-563x420.jpg 563w\" sizes=\"auto, (max-width: 1080px) 100vw, 1080px\" \/>M\u00e3e Sueli com a filha Su\u00e9ri de Tupi Paulista<\/p>\n<p>]<img loading=\"lazy\" decoding=\"async\" class=\"alignnone size-full wp-image-25738\" src=\"https:\/\/jorgezanoni.com.br\/2019\/wp-content\/uploads\/2020\/05\/M\u00e3e-Vera-lanza-com-os-filhos-juliana-lanza-e-Gilmar-lanza.jpg\" alt=\"\" width=\"480\" height=\"640\" srcset=\"https:\/\/jorgezanoni.com.br\/2019\/wp-content\/uploads\/2020\/05\/M\u00e3e-Vera-lanza-com-os-filhos-juliana-lanza-e-Gilmar-lanza.jpg 480w, https:\/\/jorgezanoni.com.br\/2019\/wp-content\/uploads\/2020\/05\/M\u00e3e-Vera-lanza-com-os-filhos-juliana-lanza-e-Gilmar-lanza-225x300.jpg 225w, https:\/\/jorgezanoni.com.br\/2019\/wp-content\/uploads\/2020\/05\/M\u00e3e-Vera-lanza-com-os-filhos-juliana-lanza-e-Gilmar-lanza-315x420.jpg 315w\" sizes=\"auto, (max-width: 480px) 100vw, 480px\" \/> M\u00e3e Vera Lanza com os filhos Juliana e Gilmar<\/p>\n<p><img loading=\"lazy\" decoding=\"async\" class=\"alignnone size-full wp-image-25739\" src=\"https:\/\/jorgezanoni.com.br\/2019\/wp-content\/uploads\/2020\/05\/M\u00e3e-Zelita-e-os-filhos-Cida-Ant\u00f4nio-Ant\u00f4nia-Pedro-Jos\u00e9-Jo\u00e3o-Maria.jpg\" alt=\"\" width=\"960\" height=\"576\" srcset=\"https:\/\/jorgezanoni.com.br\/2019\/wp-content\/uploads\/2020\/05\/M\u00e3e-Zelita-e-os-filhos-Cida-Ant\u00f4nio-Ant\u00f4nia-Pedro-Jos\u00e9-Jo\u00e3o-Maria.jpg 960w, https:\/\/jorgezanoni.com.br\/2019\/wp-content\/uploads\/2020\/05\/M\u00e3e-Zelita-e-os-filhos-Cida-Ant\u00f4nio-Ant\u00f4nia-Pedro-Jos\u00e9-Jo\u00e3o-Maria-300x180.jpg 300w, https:\/\/jorgezanoni.com.br\/2019\/wp-content\/uploads\/2020\/05\/M\u00e3e-Zelita-e-os-filhos-Cida-Ant\u00f4nio-Ant\u00f4nia-Pedro-Jos\u00e9-Jo\u00e3o-Maria-768x461.jpg 768w, https:\/\/jorgezanoni.com.br\/2019\/wp-content\/uploads\/2020\/05\/M\u00e3e-Zelita-e-os-filhos-Cida-Ant\u00f4nio-Ant\u00f4nia-Pedro-Jos\u00e9-Jo\u00e3o-Maria-696x418.jpg 696w, https:\/\/jorgezanoni.com.br\/2019\/wp-content\/uploads\/2020\/05\/M\u00e3e-Zelita-e-os-filhos-Cida-Ant\u00f4nio-Ant\u00f4nia-Pedro-Jos\u00e9-Jo\u00e3o-Maria-700x420.jpg 700w\" sizes=\"auto, (max-width: 960px) 100vw, 960px\" \/>M\u00e3e Zelita com os filhos Cida, Ant\u00f4nio, Ant\u00f4nia, Pedro, Jo\u00e3o, Jos\u00e9 e Maria<\/p>\n<p><img loading=\"lazy\" decoding=\"async\" class=\"alignnone size-full wp-image-25740\" src=\"https:\/\/jorgezanoni.com.br\/2019\/wp-content\/uploads\/2020\/05\/M\u00e3e..-.-Maria-Aparecida-Donizete.-filha...-Munique-Aparecida-Alves-Caramel.jpg\" alt=\"\" width=\"633\" height=\"863\" srcset=\"https:\/\/jorgezanoni.com.br\/2019\/wp-content\/uploads\/2020\/05\/M\u00e3e..-.-Maria-Aparecida-Donizete.-filha...-Munique-Aparecida-Alves-Caramel.jpg 633w, https:\/\/jorgezanoni.com.br\/2019\/wp-content\/uploads\/2020\/05\/M\u00e3e..-.-Maria-Aparecida-Donizete.-filha...-Munique-Aparecida-Alves-Caramel-220x300.jpg 220w, https:\/\/jorgezanoni.com.br\/2019\/wp-content\/uploads\/2020\/05\/M\u00e3e..-.-Maria-Aparecida-Donizete.-filha...-Munique-Aparecida-Alves-Caramel-308x420.jpg 308w\" sizes=\"auto, (max-width: 633px) 100vw, 633px\" \/> M\u00e3e Maria Aparecida Donizete com a filha Munique Aparecida Alves Caramel<\/p>\n<p><img loading=\"lazy\" decoding=\"async\" class=\"alignnone size-full wp-image-25741\" src=\"https:\/\/jorgezanoni.com.br\/2019\/wp-content\/uploads\/2020\/05\/Magda-Silva-e-M\u00e3e-Concei\u00e7\u00e3o.jpg\" alt=\"\" width=\"1280\" height=\"960\" srcset=\"https:\/\/jorgezanoni.com.br\/2019\/wp-content\/uploads\/2020\/05\/Magda-Silva-e-M\u00e3e-Concei\u00e7\u00e3o.jpg 1280w, https:\/\/jorgezanoni.com.br\/2019\/wp-content\/uploads\/2020\/05\/Magda-Silva-e-M\u00e3e-Concei\u00e7\u00e3o-300x225.jpg 300w, https:\/\/jorgezanoni.com.br\/2019\/wp-content\/uploads\/2020\/05\/Magda-Silva-e-M\u00e3e-Concei\u00e7\u00e3o-1024x768.jpg 1024w, https:\/\/jorgezanoni.com.br\/2019\/wp-content\/uploads\/2020\/05\/Magda-Silva-e-M\u00e3e-Concei\u00e7\u00e3o-768x576.jpg 768w, https:\/\/jorgezanoni.com.br\/2019\/wp-content\/uploads\/2020\/05\/Magda-Silva-e-M\u00e3e-Concei\u00e7\u00e3o-80x60.jpg 80w, https:\/\/jorgezanoni.com.br\/2019\/wp-content\/uploads\/2020\/05\/Magda-Silva-e-M\u00e3e-Concei\u00e7\u00e3o-265x198.jpg 265w, https:\/\/jorgezanoni.com.br\/2019\/wp-content\/uploads\/2020\/05\/Magda-Silva-e-M\u00e3e-Concei\u00e7\u00e3o-696x522.jpg 696w, https:\/\/jorgezanoni.com.br\/2019\/wp-content\/uploads\/2020\/05\/Magda-Silva-e-M\u00e3e-Concei\u00e7\u00e3o-1068x801.jpg 1068w, https:\/\/jorgezanoni.com.br\/2019\/wp-content\/uploads\/2020\/05\/Magda-Silva-e-M\u00e3e-Concei\u00e7\u00e3o-560x420.jpg 560w\" sizes=\"auto, (max-width: 1280px) 100vw, 1280px\" \/>M\u00e3e Concei\u00e7\u00e3o com a filha Magda Silva<\/p>\n<p><img loading=\"lazy\" decoding=\"async\" class=\"alignnone size-full wp-image-25742\" src=\"https:\/\/jorgezanoni.com.br\/2019\/wp-content\/uploads\/2020\/05\/MAM\u00c3E-ALINE-E-MAM\u00c3E-ESTER-QUE-DEUS-ABEN\u00c7OE-FORTE-ABRA\u00c7O-DO-FERNANDO-CARDOSO-DAVI-E-MIGUEL.jpg\" alt=\"\" width=\"1032\" height=\"581\" srcset=\"https:\/\/jorgezanoni.com.br\/2019\/wp-content\/uploads\/2020\/05\/MAM\u00c3E-ALINE-E-MAM\u00c3E-ESTER-QUE-DEUS-ABEN\u00c7OE-FORTE-ABRA\u00c7O-DO-FERNANDO-CARDOSO-DAVI-E-MIGUEL.jpg 1032w, https:\/\/jorgezanoni.com.br\/2019\/wp-content\/uploads\/2020\/05\/MAM\u00c3E-ALINE-E-MAM\u00c3E-ESTER-QUE-DEUS-ABEN\u00c7OE-FORTE-ABRA\u00c7O-DO-FERNANDO-CARDOSO-DAVI-E-MIGUEL-300x169.jpg 300w, https:\/\/jorgezanoni.com.br\/2019\/wp-content\/uploads\/2020\/05\/MAM\u00c3E-ALINE-E-MAM\u00c3E-ESTER-QUE-DEUS-ABEN\u00c7OE-FORTE-ABRA\u00c7O-DO-FERNANDO-CARDOSO-DAVI-E-MIGUEL-1024x576.jpg 1024w, https:\/\/jorgezanoni.com.br\/2019\/wp-content\/uploads\/2020\/05\/MAM\u00c3E-ALINE-E-MAM\u00c3E-ESTER-QUE-DEUS-ABEN\u00c7OE-FORTE-ABRA\u00c7O-DO-FERNANDO-CARDOSO-DAVI-E-MIGUEL-768x432.jpg 768w, https:\/\/jorgezanoni.com.br\/2019\/wp-content\/uploads\/2020\/05\/MAM\u00c3E-ALINE-E-MAM\u00c3E-ESTER-QUE-DEUS-ABEN\u00c7OE-FORTE-ABRA\u00c7O-DO-FERNANDO-CARDOSO-DAVI-E-MIGUEL-696x392.jpg 696w, https:\/\/jorgezanoni.com.br\/2019\/wp-content\/uploads\/2020\/05\/MAM\u00c3E-ALINE-E-MAM\u00c3E-ESTER-QUE-DEUS-ABEN\u00c7OE-FORTE-ABRA\u00c7O-DO-FERNANDO-CARDOSO-DAVI-E-MIGUEL-746x420.jpg 746w\" sizes=\"auto, (max-width: 1032px) 100vw, 1032px\" \/>M\u00e3e Aline e m\u00e3e Ester com Fernando Cardoso e os filhos Davi e Miguel<\/p>\n<p><img loading=\"lazy\" decoding=\"async\" class=\"alignnone size-full wp-image-25743\" src=\"https:\/\/jorgezanoni.com.br\/2019\/wp-content\/uploads\/2020\/05\/Mam\u00e3e-Diomar-e-as-filhas-Cinthia-e-Adriana-Alkmin.jpg\" alt=\"\" width=\"1280\" height=\"622\" srcset=\"https:\/\/jorgezanoni.com.br\/2019\/wp-content\/uploads\/2020\/05\/Mam\u00e3e-Diomar-e-as-filhas-Cinthia-e-Adriana-Alkmin.jpg 1280w, https:\/\/jorgezanoni.com.br\/2019\/wp-content\/uploads\/2020\/05\/Mam\u00e3e-Diomar-e-as-filhas-Cinthia-e-Adriana-Alkmin-300x146.jpg 300w, https:\/\/jorgezanoni.com.br\/2019\/wp-content\/uploads\/2020\/05\/Mam\u00e3e-Diomar-e-as-filhas-Cinthia-e-Adriana-Alkmin-1024x498.jpg 1024w, https:\/\/jorgezanoni.com.br\/2019\/wp-content\/uploads\/2020\/05\/Mam\u00e3e-Diomar-e-as-filhas-Cinthia-e-Adriana-Alkmin-768x373.jpg 768w, https:\/\/jorgezanoni.com.br\/2019\/wp-content\/uploads\/2020\/05\/Mam\u00e3e-Diomar-e-as-filhas-Cinthia-e-Adriana-Alkmin-696x338.jpg 696w, https:\/\/jorgezanoni.com.br\/2019\/wp-content\/uploads\/2020\/05\/Mam\u00e3e-Diomar-e-as-filhas-Cinthia-e-Adriana-Alkmin-1068x519.jpg 1068w, https:\/\/jorgezanoni.com.br\/2019\/wp-content\/uploads\/2020\/05\/Mam\u00e3e-Diomar-e-as-filhas-Cinthia-e-Adriana-Alkmin-864x420.jpg 864w\" sizes=\"auto, (max-width: 1280px) 100vw, 1280px\" \/>M\u00e3e Diomar ladeada pelas filhas Cinthia e Adriana Alkmin<\/p>\n<p><img loading=\"lazy\" decoding=\"async\" class=\"alignnone size-full wp-image-25744\" src=\"https:\/\/jorgezanoni.com.br\/2019\/wp-content\/uploads\/2020\/05\/Mam\u00e3e-e-vov\u00f3-Celina-Rosa-de-Mesquita-Marquet.jpg\" alt=\"\" width=\"532\" height=\"1152\" srcset=\"https:\/\/jorgezanoni.com.br\/2019\/wp-content\/uploads\/2020\/05\/Mam\u00e3e-e-vov\u00f3-Celina-Rosa-de-Mesquita-Marquet.jpg 532w, https:\/\/jorgezanoni.com.br\/2019\/wp-content\/uploads\/2020\/05\/Mam\u00e3e-e-vov\u00f3-Celina-Rosa-de-Mesquita-Marquet-139x300.jpg 139w, https:\/\/jorgezanoni.com.br\/2019\/wp-content\/uploads\/2020\/05\/Mam\u00e3e-e-vov\u00f3-Celina-Rosa-de-Mesquita-Marquet-473x1024.jpg 473w, https:\/\/jorgezanoni.com.br\/2019\/wp-content\/uploads\/2020\/05\/Mam\u00e3e-e-vov\u00f3-Celina-Rosa-de-Mesquita-Marquet-194x420.jpg 194w\" sizes=\"auto, (max-width: 532px) 100vw, 532px\" \/> M\u00e3e e av\u00f3 Celina Rosa de Mesquisa Marquet<\/p>\n<p><img loading=\"lazy\" decoding=\"async\" class=\"alignnone size-full wp-image-25745\" src=\"https:\/\/jorgezanoni.com.br\/2019\/wp-content\/uploads\/2020\/05\/mam\u00e3e-Irene-e-euzinha-Andr\u00e9ia.jpg\" alt=\"\" width=\"720\" height=\"954\" srcset=\"https:\/\/jorgezanoni.com.br\/2019\/wp-content\/uploads\/2020\/05\/mam\u00e3e-Irene-e-euzinha-Andr\u00e9ia.jpg 720w, https:\/\/jorgezanoni.com.br\/2019\/wp-content\/uploads\/2020\/05\/mam\u00e3e-Irene-e-euzinha-Andr\u00e9ia-226x300.jpg 226w, https:\/\/jorgezanoni.com.br\/2019\/wp-content\/uploads\/2020\/05\/mam\u00e3e-Irene-e-euzinha-Andr\u00e9ia-696x922.jpg 696w, https:\/\/jorgezanoni.com.br\/2019\/wp-content\/uploads\/2020\/05\/mam\u00e3e-Irene-e-euzinha-Andr\u00e9ia-317x420.jpg 317w\" sizes=\"auto, (max-width: 720px) 100vw, 720px\" \/>Andr\u00e9ia e a m\u00e3e Irene<\/p>\n<p><img loading=\"lazy\" decoding=\"async\" class=\"alignnone size-full wp-image-25746\" src=\"https:\/\/jorgezanoni.com.br\/2019\/wp-content\/uploads\/2020\/05\/Mam\u00e3e-Jana\u00edna-Mesquita-Marqueti.jpg\" alt=\"\" width=\"532\" height=\"1152\" srcset=\"https:\/\/jorgezanoni.com.br\/2019\/wp-content\/uploads\/2020\/05\/Mam\u00e3e-Jana\u00edna-Mesquita-Marqueti.jpg 532w, https:\/\/jorgezanoni.com.br\/2019\/wp-content\/uploads\/2020\/05\/Mam\u00e3e-Jana\u00edna-Mesquita-Marqueti-139x300.jpg 139w, https:\/\/jorgezanoni.com.br\/2019\/wp-content\/uploads\/2020\/05\/Mam\u00e3e-Jana\u00edna-Mesquita-Marqueti-473x1024.jpg 473w, https:\/\/jorgezanoni.com.br\/2019\/wp-content\/uploads\/2020\/05\/Mam\u00e3e-Jana\u00edna-Mesquita-Marqueti-194x420.jpg 194w\" sizes=\"auto, (max-width: 532px) 100vw, 532px\" \/>M\u00e3e Janaina Mesquita Marquet<\/p>\n<p><img loading=\"lazy\" decoding=\"async\" class=\"alignnone size-full wp-image-25747\" src=\"https:\/\/jorgezanoni.com.br\/2019\/wp-content\/uploads\/2020\/05\/Mam\u00e3e-Luci-Edgard-Ticha-e-Hugo.jpg\" alt=\"\" width=\"1280\" height=\"1034\" srcset=\"https:\/\/jorgezanoni.com.br\/2019\/wp-content\/uploads\/2020\/05\/Mam\u00e3e-Luci-Edgard-Ticha-e-Hugo.jpg 1280w, https:\/\/jorgezanoni.com.br\/2019\/wp-content\/uploads\/2020\/05\/Mam\u00e3e-Luci-Edgard-Ticha-e-Hugo-300x242.jpg 300w, https:\/\/jorgezanoni.com.br\/2019\/wp-content\/uploads\/2020\/05\/Mam\u00e3e-Luci-Edgard-Ticha-e-Hugo-1024x827.jpg 1024w, https:\/\/jorgezanoni.com.br\/2019\/wp-content\/uploads\/2020\/05\/Mam\u00e3e-Luci-Edgard-Ticha-e-Hugo-768x620.jpg 768w, https:\/\/jorgezanoni.com.br\/2019\/wp-content\/uploads\/2020\/05\/Mam\u00e3e-Luci-Edgard-Ticha-e-Hugo-696x562.jpg 696w, https:\/\/jorgezanoni.com.br\/2019\/wp-content\/uploads\/2020\/05\/Mam\u00e3e-Luci-Edgard-Ticha-e-Hugo-1068x863.jpg 1068w, https:\/\/jorgezanoni.com.br\/2019\/wp-content\/uploads\/2020\/05\/Mam\u00e3e-Luci-Edgard-Ticha-e-Hugo-520x420.jpg 520w\" sizes=\"auto, (max-width: 1280px) 100vw, 1280px\" \/>Edgard (Ticha), filho Hugo e M\u00e3e Luci<img loading=\"lazy\" decoding=\"async\" class=\"alignnone size-full wp-image-25748\" src=\"https:\/\/jorgezanoni.com.br\/2019\/wp-content\/uploads\/2020\/05\/Mam\u00e3e-Priscila-com-os-filhos-13-anos-Cau\u00e3-11-anos-Ryan-e-Al\u00edcia-6-anos.jpg\" alt=\"\" width=\"2048\" height=\"1365\" srcset=\"https:\/\/jorgezanoni.com.br\/2019\/wp-content\/uploads\/2020\/05\/Mam\u00e3e-Priscila-com-os-filhos-13-anos-Cau\u00e3-11-anos-Ryan-e-Al\u00edcia-6-anos.jpg 2048w, https:\/\/jorgezanoni.com.br\/2019\/wp-content\/uploads\/2020\/05\/Mam\u00e3e-Priscila-com-os-filhos-13-anos-Cau\u00e3-11-anos-Ryan-e-Al\u00edcia-6-anos-300x200.jpg 300w, https:\/\/jorgezanoni.com.br\/2019\/wp-content\/uploads\/2020\/05\/Mam\u00e3e-Priscila-com-os-filhos-13-anos-Cau\u00e3-11-anos-Ryan-e-Al\u00edcia-6-anos-1024x683.jpg 1024w, https:\/\/jorgezanoni.com.br\/2019\/wp-content\/uploads\/2020\/05\/Mam\u00e3e-Priscila-com-os-filhos-13-anos-Cau\u00e3-11-anos-Ryan-e-Al\u00edcia-6-anos-768x512.jpg 768w, https:\/\/jorgezanoni.com.br\/2019\/wp-content\/uploads\/2020\/05\/Mam\u00e3e-Priscila-com-os-filhos-13-anos-Cau\u00e3-11-anos-Ryan-e-Al\u00edcia-6-anos-1536x1024.jpg 1536w, https:\/\/jorgezanoni.com.br\/2019\/wp-content\/uploads\/2020\/05\/Mam\u00e3e-Priscila-com-os-filhos-13-anos-Cau\u00e3-11-anos-Ryan-e-Al\u00edcia-6-anos-696x464.jpg 696w, https:\/\/jorgezanoni.com.br\/2019\/wp-content\/uploads\/2020\/05\/Mam\u00e3e-Priscila-com-os-filhos-13-anos-Cau\u00e3-11-anos-Ryan-e-Al\u00edcia-6-anos-1068x712.jpg 1068w, https:\/\/jorgezanoni.com.br\/2019\/wp-content\/uploads\/2020\/05\/Mam\u00e3e-Priscila-com-os-filhos-13-anos-Cau\u00e3-11-anos-Ryan-e-Al\u00edcia-6-anos-630x420.jpg 630w\" sizes=\"auto, (max-width: 2048px) 100vw, 2048px\" \/>M\u00e3e Priscila com os filhos Cau\u00e3, Ryan e Alicia<\/p>\n<p><img loading=\"lazy\" decoding=\"async\" class=\"alignnone size-full wp-image-25749\" src=\"https:\/\/jorgezanoni.com.br\/2019\/wp-content\/uploads\/2020\/05\/Marcela-Oliveira.jpg\" alt=\"\" width=\"622\" height=\"1280\" srcset=\"https:\/\/jorgezanoni.com.br\/2019\/wp-content\/uploads\/2020\/05\/Marcela-Oliveira.jpg 622w, https:\/\/jorgezanoni.com.br\/2019\/wp-content\/uploads\/2020\/05\/Marcela-Oliveira-146x300.jpg 146w, https:\/\/jorgezanoni.com.br\/2019\/wp-content\/uploads\/2020\/05\/Marcela-Oliveira-498x1024.jpg 498w, https:\/\/jorgezanoni.com.br\/2019\/wp-content\/uploads\/2020\/05\/Marcela-Oliveira-204x420.jpg 204w\" sizes=\"auto, (max-width: 622px) 100vw, 622px\" \/> M\u00e3e Marcela Oliveira<\/p>\n<p><img loading=\"lazy\" decoding=\"async\" class=\"alignnone size-full wp-image-25750\" src=\"https:\/\/jorgezanoni.com.br\/2019\/wp-content\/uploads\/2020\/05\/Marcia-e-Madalena-Ferrari.jpg\" alt=\"\" width=\"717\" height=\"1244\" srcset=\"https:\/\/jorgezanoni.com.br\/2019\/wp-content\/uploads\/2020\/05\/Marcia-e-Madalena-Ferrari.jpg 717w, https:\/\/jorgezanoni.com.br\/2019\/wp-content\/uploads\/2020\/05\/Marcia-e-Madalena-Ferrari-173x300.jpg 173w, https:\/\/jorgezanoni.com.br\/2019\/wp-content\/uploads\/2020\/05\/Marcia-e-Madalena-Ferrari-590x1024.jpg 590w, https:\/\/jorgezanoni.com.br\/2019\/wp-content\/uploads\/2020\/05\/Marcia-e-Madalena-Ferrari-696x1208.jpg 696w, https:\/\/jorgezanoni.com.br\/2019\/wp-content\/uploads\/2020\/05\/Marcia-e-Madalena-Ferrari-242x420.jpg 242w\" sizes=\"auto, (max-width: 717px) 100vw, 717px\" \/>Marcia Ferrari e sua m\u00e3e Madalena Ferrari<img loading=\"lazy\" decoding=\"async\" class=\"alignnone size-full wp-image-25751\" src=\"https:\/\/jorgezanoni.com.br\/2019\/wp-content\/uploads\/2020\/05\/Marcia-Queiroz-Pinheiro-e-mae-lucia.jpg\" alt=\"\" width=\"720\" height=\"960\" srcset=\"https:\/\/jorgezanoni.com.br\/2019\/wp-content\/uploads\/2020\/05\/Marcia-Queiroz-Pinheiro-e-mae-lucia.jpg 720w, https:\/\/jorgezanoni.com.br\/2019\/wp-content\/uploads\/2020\/05\/Marcia-Queiroz-Pinheiro-e-mae-lucia-225x300.jpg 225w, https:\/\/jorgezanoni.com.br\/2019\/wp-content\/uploads\/2020\/05\/Marcia-Queiroz-Pinheiro-e-mae-lucia-696x928.jpg 696w, https:\/\/jorgezanoni.com.br\/2019\/wp-content\/uploads\/2020\/05\/Marcia-Queiroz-Pinheiro-e-mae-lucia-315x420.jpg 315w\" sizes=\"auto, (max-width: 720px) 100vw, 720px\" \/>Marcia Queiroz Pinheiro e sua m\u00e3e Lucia<\/p>\n<p><img loading=\"lazy\" decoding=\"async\" class=\"alignnone size-full wp-image-25752\" src=\"https:\/\/jorgezanoni.com.br\/2019\/wp-content\/uploads\/2020\/05\/Maria-Aparecida-David-de-Oliveira..jpg\" alt=\"\" width=\"1280\" height=\"720\" srcset=\"https:\/\/jorgezanoni.com.br\/2019\/wp-content\/uploads\/2020\/05\/Maria-Aparecida-David-de-Oliveira..jpg 1280w, https:\/\/jorgezanoni.com.br\/2019\/wp-content\/uploads\/2020\/05\/Maria-Aparecida-David-de-Oliveira.-300x169.jpg 300w, https:\/\/jorgezanoni.com.br\/2019\/wp-content\/uploads\/2020\/05\/Maria-Aparecida-David-de-Oliveira.-1024x576.jpg 1024w, https:\/\/jorgezanoni.com.br\/2019\/wp-content\/uploads\/2020\/05\/Maria-Aparecida-David-de-Oliveira.-768x432.jpg 768w, https:\/\/jorgezanoni.com.br\/2019\/wp-content\/uploads\/2020\/05\/Maria-Aparecida-David-de-Oliveira.-696x392.jpg 696w, https:\/\/jorgezanoni.com.br\/2019\/wp-content\/uploads\/2020\/05\/Maria-Aparecida-David-de-Oliveira.-1068x601.jpg 1068w, https:\/\/jorgezanoni.com.br\/2019\/wp-content\/uploads\/2020\/05\/Maria-Aparecida-David-de-Oliveira.-747x420.jpg 747w\" sizes=\"auto, (max-width: 1280px) 100vw, 1280px\" \/>M\u00e3e Maria Aparecida David de Oliveira<\/p>\n<p><img loading=\"lazy\" decoding=\"async\" class=\"alignnone size-full wp-image-25753\" src=\"https:\/\/jorgezanoni.com.br\/2019\/wp-content\/uploads\/2020\/05\/Maria-Aparecida-Gardesani.jpg\" alt=\"\" width=\"640\" height=\"640\" srcset=\"https:\/\/jorgezanoni.com.br\/2019\/wp-content\/uploads\/2020\/05\/Maria-Aparecida-Gardesani.jpg 640w, https:\/\/jorgezanoni.com.br\/2019\/wp-content\/uploads\/2020\/05\/Maria-Aparecida-Gardesani-300x300.jpg 300w, https:\/\/jorgezanoni.com.br\/2019\/wp-content\/uploads\/2020\/05\/Maria-Aparecida-Gardesani-150x150.jpg 150w, https:\/\/jorgezanoni.com.br\/2019\/wp-content\/uploads\/2020\/05\/Maria-Aparecida-Gardesani-420x420.jpg 420w\" sizes=\"auto, (max-width: 640px) 100vw, 640px\" \/> M\u00e3e e av\u00f3 Maria Aparecida Garesani<img loading=\"lazy\" decoding=\"async\" class=\"alignnone size-full wp-image-25754\" src=\"https:\/\/jorgezanoni.com.br\/2019\/wp-content\/uploads\/2020\/05\/Maria-Augusta-e-Alice.jpg\" alt=\"\" width=\"720\" height=\"1280\" srcset=\"https:\/\/jorgezanoni.com.br\/2019\/wp-content\/uploads\/2020\/05\/Maria-Augusta-e-Alice.jpg 720w, https:\/\/jorgezanoni.com.br\/2019\/wp-content\/uploads\/2020\/05\/Maria-Augusta-e-Alice-169x300.jpg 169w, https:\/\/jorgezanoni.com.br\/2019\/wp-content\/uploads\/2020\/05\/Maria-Augusta-e-Alice-576x1024.jpg 576w, https:\/\/jorgezanoni.com.br\/2019\/wp-content\/uploads\/2020\/05\/Maria-Augusta-e-Alice-696x1237.jpg 696w, https:\/\/jorgezanoni.com.br\/2019\/wp-content\/uploads\/2020\/05\/Maria-Augusta-e-Alice-236x420.jpg 236w\" sizes=\"auto, (max-width: 720px) 100vw, 720px\" \/>M\u00e3e Maria Augusta e Alice<\/p>\n<p><img loading=\"lazy\" decoding=\"async\" class=\"alignnone size-full wp-image-25755\" src=\"https:\/\/jorgezanoni.com.br\/2019\/wp-content\/uploads\/2020\/05\/Maria-Garcia-e-Carol.jpg\" alt=\"\" width=\"1280\" height=\"960\" srcset=\"https:\/\/jorgezanoni.com.br\/2019\/wp-content\/uploads\/2020\/05\/Maria-Garcia-e-Carol.jpg 1280w, https:\/\/jorgezanoni.com.br\/2019\/wp-content\/uploads\/2020\/05\/Maria-Garcia-e-Carol-300x225.jpg 300w, https:\/\/jorgezanoni.com.br\/2019\/wp-content\/uploads\/2020\/05\/Maria-Garcia-e-Carol-1024x768.jpg 1024w, https:\/\/jorgezanoni.com.br\/2019\/wp-content\/uploads\/2020\/05\/Maria-Garcia-e-Carol-768x576.jpg 768w, https:\/\/jorgezanoni.com.br\/2019\/wp-content\/uploads\/2020\/05\/Maria-Garcia-e-Carol-80x60.jpg 80w, https:\/\/jorgezanoni.com.br\/2019\/wp-content\/uploads\/2020\/05\/Maria-Garcia-e-Carol-265x198.jpg 265w, https:\/\/jorgezanoni.com.br\/2019\/wp-content\/uploads\/2020\/05\/Maria-Garcia-e-Carol-696x522.jpg 696w, https:\/\/jorgezanoni.com.br\/2019\/wp-content\/uploads\/2020\/05\/Maria-Garcia-e-Carol-1068x801.jpg 1068w, https:\/\/jorgezanoni.com.br\/2019\/wp-content\/uploads\/2020\/05\/Maria-Garcia-e-Carol-560x420.jpg 560w\" sizes=\"auto, (max-width: 1280px) 100vw, 1280px\" \/>Carol e m\u00e3e Maria Garcia<\/p>\n<p><img loading=\"lazy\" decoding=\"async\" class=\"alignnone size-full wp-image-25756\" src=\"https:\/\/jorgezanoni.com.br\/2019\/wp-content\/uploads\/2020\/05\/Maria-In\u00eas-e-Raquel-1.jpg\" alt=\"\" width=\"617\" height=\"682\" srcset=\"https:\/\/jorgezanoni.com.br\/2019\/wp-content\/uploads\/2020\/05\/Maria-In\u00eas-e-Raquel-1.jpg 617w, https:\/\/jorgezanoni.com.br\/2019\/wp-content\/uploads\/2020\/05\/Maria-In\u00eas-e-Raquel-1-271x300.jpg 271w, https:\/\/jorgezanoni.com.br\/2019\/wp-content\/uploads\/2020\/05\/Maria-In\u00eas-e-Raquel-1-380x420.jpg 380w\" sizes=\"auto, (max-width: 617px) 100vw, 617px\" \/>M\u00e3e Maria In\u00eas e a filha Raquel<\/p>\n<p><img loading=\"lazy\" decoding=\"async\" class=\"alignnone size-full wp-image-25758\" src=\"https:\/\/jorgezanoni.com.br\/2019\/wp-content\/uploads\/2020\/05\/Maria-Jos\u00e9-e-as-filhas-DJ-Mariana-Pl\u00e1cido-e-Gabriela-Pl\u00e1cido.jpg\" alt=\"\" width=\"576\" height=\"1024\" srcset=\"https:\/\/jorgezanoni.com.br\/2019\/wp-content\/uploads\/2020\/05\/Maria-Jos\u00e9-e-as-filhas-DJ-Mariana-Pl\u00e1cido-e-Gabriela-Pl\u00e1cido.jpg 576w, https:\/\/jorgezanoni.com.br\/2019\/wp-content\/uploads\/2020\/05\/Maria-Jos\u00e9-e-as-filhas-DJ-Mariana-Pl\u00e1cido-e-Gabriela-Pl\u00e1cido-169x300.jpg 169w, https:\/\/jorgezanoni.com.br\/2019\/wp-content\/uploads\/2020\/05\/Maria-Jos\u00e9-e-as-filhas-DJ-Mariana-Pl\u00e1cido-e-Gabriela-Pl\u00e1cido-236x420.jpg 236w\" sizes=\"auto, (max-width: 576px) 100vw, 576px\" \/> M\u00e3e Maria Jos\u00e9 e as filhas DJ Mariana Mariana Pl\u00e1cido e Gabriela Pl\u00e1cido<\/p>\n<p><img loading=\"lazy\" decoding=\"async\" class=\"alignnone size-full wp-image-25759\" src=\"https:\/\/jorgezanoni.com.br\/2019\/wp-content\/uploads\/2020\/05\/Maria-Tavares-Dos-Santos.-E.carlos.herique.dos_.santos.jpg\" alt=\"\" width=\"960\" height=\"1280\" srcset=\"https:\/\/jorgezanoni.com.br\/2019\/wp-content\/uploads\/2020\/05\/Maria-Tavares-Dos-Santos.-E.carlos.herique.dos_.santos.jpg 960w, https:\/\/jorgezanoni.com.br\/2019\/wp-content\/uploads\/2020\/05\/Maria-Tavares-Dos-Santos.-E.carlos.herique.dos_.santos-225x300.jpg 225w, https:\/\/jorgezanoni.com.br\/2019\/wp-content\/uploads\/2020\/05\/Maria-Tavares-Dos-Santos.-E.carlos.herique.dos_.santos-768x1024.jpg 768w, https:\/\/jorgezanoni.com.br\/2019\/wp-content\/uploads\/2020\/05\/Maria-Tavares-Dos-Santos.-E.carlos.herique.dos_.santos-696x928.jpg 696w, https:\/\/jorgezanoni.com.br\/2019\/wp-content\/uploads\/2020\/05\/Maria-Tavares-Dos-Santos.-E.carlos.herique.dos_.santos-315x420.jpg 315w\" sizes=\"auto, (max-width: 960px) 100vw, 960px\" \/>Carlos Henrique dos Santos e sua m\u00e3e Maria Tavares dos Santos<\/p>\n<p><img loading=\"lazy\" decoding=\"async\" class=\"alignnone size-full wp-image-25760\" src=\"https:\/\/jorgezanoni.com.br\/2019\/wp-content\/uploads\/2020\/05\/Maria-Tobias-..-filhas-Keli-Sandra-e-Camila.jpg\" alt=\"\" width=\"720\" height=\"1418\" srcset=\"https:\/\/jorgezanoni.com.br\/2019\/wp-content\/uploads\/2020\/05\/Maria-Tobias-..-filhas-Keli-Sandra-e-Camila.jpg 720w, https:\/\/jorgezanoni.com.br\/2019\/wp-content\/uploads\/2020\/05\/Maria-Tobias-..-filhas-Keli-Sandra-e-Camila-152x300.jpg 152w, https:\/\/jorgezanoni.com.br\/2019\/wp-content\/uploads\/2020\/05\/Maria-Tobias-..-filhas-Keli-Sandra-e-Camila-520x1024.jpg 520w, https:\/\/jorgezanoni.com.br\/2019\/wp-content\/uploads\/2020\/05\/Maria-Tobias-..-filhas-Keli-Sandra-e-Camila-696x1371.jpg 696w, https:\/\/jorgezanoni.com.br\/2019\/wp-content\/uploads\/2020\/05\/Maria-Tobias-..-filhas-Keli-Sandra-e-Camila-213x420.jpg 213w\" sizes=\"auto, (max-width: 720px) 100vw, 720px\" \/>M\u00e3e Maria Tobias recebe os parab\u00e9ns das filhas Keli, Sandra e Camila<\/p>\n<p><img loading=\"lazy\" decoding=\"async\" class=\"alignnone size-full wp-image-25761\" src=\"https:\/\/jorgezanoni.com.br\/2019\/wp-content\/uploads\/2020\/05\/Marlene-Gimenez-e-Eliane-Bog\u00e1s.jpg\" alt=\"\" width=\"244\" height=\"236\" \/> Eliana Bog\u00e1s e a m\u00e3e Marlene Gimenez<\/p>\n<p><img loading=\"lazy\" decoding=\"async\" class=\"alignnone size-full wp-image-25762\" src=\"https:\/\/jorgezanoni.com.br\/2019\/wp-content\/uploads\/2020\/05\/Matheus-Ferrari-Rakely-Ferrari-e-Marcia-C.-Ferrari-Costa.jpg\" alt=\"\" width=\"720\" height=\"1280\" srcset=\"https:\/\/jorgezanoni.com.br\/2019\/wp-content\/uploads\/2020\/05\/Matheus-Ferrari-Rakely-Ferrari-e-Marcia-C.-Ferrari-Costa.jpg 720w, https:\/\/jorgezanoni.com.br\/2019\/wp-content\/uploads\/2020\/05\/Matheus-Ferrari-Rakely-Ferrari-e-Marcia-C.-Ferrari-Costa-169x300.jpg 169w, https:\/\/jorgezanoni.com.br\/2019\/wp-content\/uploads\/2020\/05\/Matheus-Ferrari-Rakely-Ferrari-e-Marcia-C.-Ferrari-Costa-576x1024.jpg 576w, https:\/\/jorgezanoni.com.br\/2019\/wp-content\/uploads\/2020\/05\/Matheus-Ferrari-Rakely-Ferrari-e-Marcia-C.-Ferrari-Costa-696x1237.jpg 696w, https:\/\/jorgezanoni.com.br\/2019\/wp-content\/uploads\/2020\/05\/Matheus-Ferrari-Rakely-Ferrari-e-Marcia-C.-Ferrari-Costa-236x420.jpg 236w\" sizes=\"auto, (max-width: 720px) 100vw, 720px\" \/>M\u00e3e M\u00e1rcia Ferrari ladeada pelos filhos Matheus e Rakely<\/p>\n<p><img loading=\"lazy\" decoding=\"async\" class=\"alignnone size-full wp-image-25763\" src=\"https:\/\/jorgezanoni.com.br\/2019\/wp-content\/uploads\/2020\/05\/Meire-Galbiatti-m\u00e3e-Adelzita.jpg\" alt=\"\" width=\"360\" height=\"364\" srcset=\"https:\/\/jorgezanoni.com.br\/2019\/wp-content\/uploads\/2020\/05\/Meire-Galbiatti-m\u00e3e-Adelzita.jpg 360w, https:\/\/jorgezanoni.com.br\/2019\/wp-content\/uploads\/2020\/05\/Meire-Galbiatti-m\u00e3e-Adelzita-297x300.jpg 297w\" sizes=\"auto, (max-width: 360px) 100vw, 360px\" \/> Meire Galbiatti com a m\u00e3e Adelzita<\/p>\n<p><img loading=\"lazy\" decoding=\"async\" class=\"alignnone size-full wp-image-25764\" src=\"https:\/\/jorgezanoni.com.br\/2019\/wp-content\/uploads\/2020\/05\/Mercedes-Manzano.jpg\" alt=\"\" width=\"720\" height=\"1243\" srcset=\"https:\/\/jorgezanoni.com.br\/2019\/wp-content\/uploads\/2020\/05\/Mercedes-Manzano.jpg 720w, https:\/\/jorgezanoni.com.br\/2019\/wp-content\/uploads\/2020\/05\/Mercedes-Manzano-174x300.jpg 174w, https:\/\/jorgezanoni.com.br\/2019\/wp-content\/uploads\/2020\/05\/Mercedes-Manzano-593x1024.jpg 593w, https:\/\/jorgezanoni.com.br\/2019\/wp-content\/uploads\/2020\/05\/Mercedes-Manzano-696x1202.jpg 696w, https:\/\/jorgezanoni.com.br\/2019\/wp-content\/uploads\/2020\/05\/Mercedes-Manzano-243x420.jpg 243w\" sizes=\"auto, (max-width: 720px) 100vw, 720px\" \/>M\u00e3e Mercedes Manzano, Bruna Aparecida Ussifatti e Ta\u00eds Fernanda Manzano Ussifatti<\/p>\n<p><img loading=\"lazy\" decoding=\"async\" class=\"alignnone size-full wp-image-25765\" src=\"https:\/\/jorgezanoni.com.br\/2019\/wp-content\/uploads\/2020\/05\/Meu-nome-\u00e9-Robson...minha-m\u00e3e-Elizabete.jpg\" alt=\"\" width=\"560\" height=\"1152\" srcset=\"https:\/\/jorgezanoni.com.br\/2019\/wp-content\/uploads\/2020\/05\/Meu-nome-\u00e9-Robson...minha-m\u00e3e-Elizabete.jpg 560w, https:\/\/jorgezanoni.com.br\/2019\/wp-content\/uploads\/2020\/05\/Meu-nome-\u00e9-Robson...minha-m\u00e3e-Elizabete-146x300.jpg 146w, https:\/\/jorgezanoni.com.br\/2019\/wp-content\/uploads\/2020\/05\/Meu-nome-\u00e9-Robson...minha-m\u00e3e-Elizabete-498x1024.jpg 498w, https:\/\/jorgezanoni.com.br\/2019\/wp-content\/uploads\/2020\/05\/Meu-nome-\u00e9-Robson...minha-m\u00e3e-Elizabete-204x420.jpg 204w\" sizes=\"auto, (max-width: 560px) 100vw, 560px\" \/> Robson e sua m\u00e3e Elisabete<\/p>\n<p><img loading=\"lazy\" decoding=\"async\" class=\"alignnone size-full wp-image-25766\" src=\"https:\/\/jorgezanoni.com.br\/2019\/wp-content\/uploads\/2020\/05\/Minha-av\u00f3-An\u00e9sia-e-minha-m\u00e3e-Cl\u00e1udia-Cadeville.jpg\" alt=\"\" width=\"621\" height=\"621\" srcset=\"https:\/\/jorgezanoni.com.br\/2019\/wp-content\/uploads\/2020\/05\/Minha-av\u00f3-An\u00e9sia-e-minha-m\u00e3e-Cl\u00e1udia-Cadeville.jpg 621w, https:\/\/jorgezanoni.com.br\/2019\/wp-content\/uploads\/2020\/05\/Minha-av\u00f3-An\u00e9sia-e-minha-m\u00e3e-Cl\u00e1udia-Cadeville-300x300.jpg 300w, https:\/\/jorgezanoni.com.br\/2019\/wp-content\/uploads\/2020\/05\/Minha-av\u00f3-An\u00e9sia-e-minha-m\u00e3e-Cl\u00e1udia-Cadeville-150x150.jpg 150w, https:\/\/jorgezanoni.com.br\/2019\/wp-content\/uploads\/2020\/05\/Minha-av\u00f3-An\u00e9sia-e-minha-m\u00e3e-Cl\u00e1udia-Cadeville-420x420.jpg 420w\" sizes=\"auto, (max-width: 621px) 100vw, 621px\" \/>Av\u00f3 An\u00e9sia e M\u00e3e Cl\u00e1udia Cadeville<\/p>\n<p><img loading=\"lazy\" decoding=\"async\" class=\"alignnone size-full wp-image-25767\" src=\"https:\/\/jorgezanoni.com.br\/2019\/wp-content\/uploads\/2020\/05\/Minha-m\u00e3e-Claudina-e-eu-Daniele-Garcia.jpg\" alt=\"\" width=\"1280\" height=\"960\" srcset=\"https:\/\/jorgezanoni.com.br\/2019\/wp-content\/uploads\/2020\/05\/Minha-m\u00e3e-Claudina-e-eu-Daniele-Garcia.jpg 1280w, https:\/\/jorgezanoni.com.br\/2019\/wp-content\/uploads\/2020\/05\/Minha-m\u00e3e-Claudina-e-eu-Daniele-Garcia-300x225.jpg 300w, https:\/\/jorgezanoni.com.br\/2019\/wp-content\/uploads\/2020\/05\/Minha-m\u00e3e-Claudina-e-eu-Daniele-Garcia-1024x768.jpg 1024w, https:\/\/jorgezanoni.com.br\/2019\/wp-content\/uploads\/2020\/05\/Minha-m\u00e3e-Claudina-e-eu-Daniele-Garcia-768x576.jpg 768w, https:\/\/jorgezanoni.com.br\/2019\/wp-content\/uploads\/2020\/05\/Minha-m\u00e3e-Claudina-e-eu-Daniele-Garcia-80x60.jpg 80w, https:\/\/jorgezanoni.com.br\/2019\/wp-content\/uploads\/2020\/05\/Minha-m\u00e3e-Claudina-e-eu-Daniele-Garcia-265x198.jpg 265w, https:\/\/jorgezanoni.com.br\/2019\/wp-content\/uploads\/2020\/05\/Minha-m\u00e3e-Claudina-e-eu-Daniele-Garcia-696x522.jpg 696w, https:\/\/jorgezanoni.com.br\/2019\/wp-content\/uploads\/2020\/05\/Minha-m\u00e3e-Claudina-e-eu-Daniele-Garcia-1068x801.jpg 1068w, https:\/\/jorgezanoni.com.br\/2019\/wp-content\/uploads\/2020\/05\/Minha-m\u00e3e-Claudina-e-eu-Daniele-Garcia-560x420.jpg 560w\" sizes=\"auto, (max-width: 1280px) 100vw, 1280px\" \/>Daniele Garcia e a m\u00e3e Claudina<\/p>\n<p><img loading=\"lazy\" decoding=\"async\" class=\"alignnone size-full wp-image-25768\" src=\"https:\/\/jorgezanoni.com.br\/2019\/wp-content\/uploads\/2020\/05\/Minha-m\u00e3e-Maria-dos-Anjos-com-95-anos-e-eu-Maria-L\u00facia-C-Tavares-62-anos..jpg\" alt=\"\" width=\"640\" height=\"480\" srcset=\"https:\/\/jorgezanoni.com.br\/2019\/wp-content\/uploads\/2020\/05\/Minha-m\u00e3e-Maria-dos-Anjos-com-95-anos-e-eu-Maria-L\u00facia-C-Tavares-62-anos..jpg 640w, https:\/\/jorgezanoni.com.br\/2019\/wp-content\/uploads\/2020\/05\/Minha-m\u00e3e-Maria-dos-Anjos-com-95-anos-e-eu-Maria-L\u00facia-C-Tavares-62-anos.-300x225.jpg 300w, https:\/\/jorgezanoni.com.br\/2019\/wp-content\/uploads\/2020\/05\/Minha-m\u00e3e-Maria-dos-Anjos-com-95-anos-e-eu-Maria-L\u00facia-C-Tavares-62-anos.-80x60.jpg 80w, https:\/\/jorgezanoni.com.br\/2019\/wp-content\/uploads\/2020\/05\/Minha-m\u00e3e-Maria-dos-Anjos-com-95-anos-e-eu-Maria-L\u00facia-C-Tavares-62-anos.-265x198.jpg 265w, https:\/\/jorgezanoni.com.br\/2019\/wp-content\/uploads\/2020\/05\/Minha-m\u00e3e-Maria-dos-Anjos-com-95-anos-e-eu-Maria-L\u00facia-C-Tavares-62-anos.-560x420.jpg 560w\" sizes=\"auto, (max-width: 640px) 100vw, 640px\" \/>M\u00e3e Maria dos Anjos e Maria L\u00facia C. Tavares<\/p>\n<p><img loading=\"lazy\" decoding=\"async\" class=\"alignnone size-full wp-image-25769\" src=\"https:\/\/jorgezanoni.com.br\/2019\/wp-content\/uploads\/2020\/05\/Mirian-Jess\u00e9-e-minha-m\u00e3e-Maria-Helena.jpg\" alt=\"\" width=\"540\" height=\"960\" srcset=\"https:\/\/jorgezanoni.com.br\/2019\/wp-content\/uploads\/2020\/05\/Mirian-Jess\u00e9-e-minha-m\u00e3e-Maria-Helena.jpg 540w, https:\/\/jorgezanoni.com.br\/2019\/wp-content\/uploads\/2020\/05\/Mirian-Jess\u00e9-e-minha-m\u00e3e-Maria-Helena-169x300.jpg 169w, https:\/\/jorgezanoni.com.br\/2019\/wp-content\/uploads\/2020\/05\/Mirian-Jess\u00e9-e-minha-m\u00e3e-Maria-Helena-236x420.jpg 236w\" sizes=\"auto, (max-width: 540px) 100vw, 540px\" \/> Mirian, Jess\u00e9 e a m\u00e3e Maria Helena<\/p>\n<p><img loading=\"lazy\" decoding=\"async\" class=\"alignnone size-full wp-image-25770\" src=\"https:\/\/jorgezanoni.com.br\/2019\/wp-content\/uploads\/2020\/05\/Murad-...minha-m\u00e3e-Tereza...ela-de-Rond\u00f4nia-eu-aki-em-dracena.jpg\" alt=\"\" width=\"622\" height=\"1280\" srcset=\"https:\/\/jorgezanoni.com.br\/2019\/wp-content\/uploads\/2020\/05\/Murad-...minha-m\u00e3e-Tereza...ela-de-Rond\u00f4nia-eu-aki-em-dracena.jpg 622w, https:\/\/jorgezanoni.com.br\/2019\/wp-content\/uploads\/2020\/05\/Murad-...minha-m\u00e3e-Tereza...ela-de-Rond\u00f4nia-eu-aki-em-dracena-146x300.jpg 146w, https:\/\/jorgezanoni.com.br\/2019\/wp-content\/uploads\/2020\/05\/Murad-...minha-m\u00e3e-Tereza...ela-de-Rond\u00f4nia-eu-aki-em-dracena-498x1024.jpg 498w, https:\/\/jorgezanoni.com.br\/2019\/wp-content\/uploads\/2020\/05\/Murad-...minha-m\u00e3e-Tereza...ela-de-Rond\u00f4nia-eu-aki-em-dracena-204x420.jpg 204w\" sizes=\"auto, (max-width: 622px) 100vw, 622px\" \/> Murad com a m\u00e3e Tereza de Rond\u00f4nia<img loading=\"lazy\" decoding=\"async\" class=\"alignnone size-full wp-image-25771\" src=\"https:\/\/jorgezanoni.com.br\/2019\/wp-content\/uploads\/2020\/05\/Nat\u00e1lia-e-Simone-Gregolim.jpg\" alt=\"\" width=\"1125\" height=\"1125\" srcset=\"https:\/\/jorgezanoni.com.br\/2019\/wp-content\/uploads\/2020\/05\/Nat\u00e1lia-e-Simone-Gregolim.jpg 1125w, https:\/\/jorgezanoni.com.br\/2019\/wp-content\/uploads\/2020\/05\/Nat\u00e1lia-e-Simone-Gregolim-300x300.jpg 300w, https:\/\/jorgezanoni.com.br\/2019\/wp-content\/uploads\/2020\/05\/Nat\u00e1lia-e-Simone-Gregolim-1024x1024.jpg 1024w, https:\/\/jorgezanoni.com.br\/2019\/wp-content\/uploads\/2020\/05\/Nat\u00e1lia-e-Simone-Gregolim-150x150.jpg 150w, https:\/\/jorgezanoni.com.br\/2019\/wp-content\/uploads\/2020\/05\/Nat\u00e1lia-e-Simone-Gregolim-768x768.jpg 768w, https:\/\/jorgezanoni.com.br\/2019\/wp-content\/uploads\/2020\/05\/Nat\u00e1lia-e-Simone-Gregolim-696x696.jpg 696w, https:\/\/jorgezanoni.com.br\/2019\/wp-content\/uploads\/2020\/05\/Nat\u00e1lia-e-Simone-Gregolim-1068x1068.jpg 1068w, https:\/\/jorgezanoni.com.br\/2019\/wp-content\/uploads\/2020\/05\/Nat\u00e1lia-e-Simone-Gregolim-420x420.jpg 420w\" sizes=\"auto, (max-width: 1125px) 100vw, 1125px\" \/>Nat\u00e1lia com a m\u00e3e Simone Gregolim<\/p>\n<p><img loading=\"lazy\" decoding=\"async\" class=\"alignnone size-full wp-image-25772\" src=\"https:\/\/jorgezanoni.com.br\/2019\/wp-content\/uploads\/2020\/05\/N\u00e9ia-e-a-filha-Maria-Eduarda.jpg\" alt=\"\" width=\"853\" height=\"1280\" srcset=\"https:\/\/jorgezanoni.com.br\/2019\/wp-content\/uploads\/2020\/05\/N\u00e9ia-e-a-filha-Maria-Eduarda.jpg 853w, https:\/\/jorgezanoni.com.br\/2019\/wp-content\/uploads\/2020\/05\/N\u00e9ia-e-a-filha-Maria-Eduarda-200x300.jpg 200w, https:\/\/jorgezanoni.com.br\/2019\/wp-content\/uploads\/2020\/05\/N\u00e9ia-e-a-filha-Maria-Eduarda-682x1024.jpg 682w, https:\/\/jorgezanoni.com.br\/2019\/wp-content\/uploads\/2020\/05\/N\u00e9ia-e-a-filha-Maria-Eduarda-768x1152.jpg 768w, https:\/\/jorgezanoni.com.br\/2019\/wp-content\/uploads\/2020\/05\/N\u00e9ia-e-a-filha-Maria-Eduarda-696x1044.jpg 696w, https:\/\/jorgezanoni.com.br\/2019\/wp-content\/uploads\/2020\/05\/N\u00e9ia-e-a-filha-Maria-Eduarda-280x420.jpg 280w\" sizes=\"auto, (max-width: 853px) 100vw, 853px\" \/>M\u00e3e N\u00e9ia com a filha Maria Eduarda<\/p>\n<p><img loading=\"lazy\" decoding=\"async\" class=\"alignnone size-full wp-image-25773\" src=\"https:\/\/jorgezanoni.com.br\/2019\/wp-content\/uploads\/2020\/05\/N\u00e9ia-e-minha-m\u00e3e-Lourdes-Garcia.jpg\" alt=\"\" width=\"508\" height=\"438\" srcset=\"https:\/\/jorgezanoni.com.br\/2019\/wp-content\/uploads\/2020\/05\/N\u00e9ia-e-minha-m\u00e3e-Lourdes-Garcia.jpg 508w, https:\/\/jorgezanoni.com.br\/2019\/wp-content\/uploads\/2020\/05\/N\u00e9ia-e-minha-m\u00e3e-Lourdes-Garcia-300x259.jpg 300w, https:\/\/jorgezanoni.com.br\/2019\/wp-content\/uploads\/2020\/05\/N\u00e9ia-e-minha-m\u00e3e-Lourdes-Garcia-487x420.jpg 487w\" sizes=\"auto, (max-width: 508px) 100vw, 508px\" \/> M\u00e3e Lourdes Garcia com a filha N\u00e9ia<\/p>\n<p><img loading=\"lazy\" decoding=\"async\" class=\"alignnone size-full wp-image-25774\" src=\"https:\/\/jorgezanoni.com.br\/2019\/wp-content\/uploads\/2020\/05\/Neuci-Rejani-com-os-filhos-Reginaldo-Alessandra-e-Juliano.jpg\" alt=\"\" width=\"1080\" height=\"810\" srcset=\"https:\/\/jorgezanoni.com.br\/2019\/wp-content\/uploads\/2020\/05\/Neuci-Rejani-com-os-filhos-Reginaldo-Alessandra-e-Juliano.jpg 1080w, https:\/\/jorgezanoni.com.br\/2019\/wp-content\/uploads\/2020\/05\/Neuci-Rejani-com-os-filhos-Reginaldo-Alessandra-e-Juliano-300x225.jpg 300w, https:\/\/jorgezanoni.com.br\/2019\/wp-content\/uploads\/2020\/05\/Neuci-Rejani-com-os-filhos-Reginaldo-Alessandra-e-Juliano-1024x768.jpg 1024w, https:\/\/jorgezanoni.com.br\/2019\/wp-content\/uploads\/2020\/05\/Neuci-Rejani-com-os-filhos-Reginaldo-Alessandra-e-Juliano-768x576.jpg 768w, https:\/\/jorgezanoni.com.br\/2019\/wp-content\/uploads\/2020\/05\/Neuci-Rejani-com-os-filhos-Reginaldo-Alessandra-e-Juliano-80x60.jpg 80w, https:\/\/jorgezanoni.com.br\/2019\/wp-content\/uploads\/2020\/05\/Neuci-Rejani-com-os-filhos-Reginaldo-Alessandra-e-Juliano-265x198.jpg 265w, https:\/\/jorgezanoni.com.br\/2019\/wp-content\/uploads\/2020\/05\/Neuci-Rejani-com-os-filhos-Reginaldo-Alessandra-e-Juliano-696x522.jpg 696w, https:\/\/jorgezanoni.com.br\/2019\/wp-content\/uploads\/2020\/05\/Neuci-Rejani-com-os-filhos-Reginaldo-Alessandra-e-Juliano-1068x801.jpg 1068w, https:\/\/jorgezanoni.com.br\/2019\/wp-content\/uploads\/2020\/05\/Neuci-Rejani-com-os-filhos-Reginaldo-Alessandra-e-Juliano-560x420.jpg 560w\" sizes=\"auto, (max-width: 1080px) 100vw, 1080px\" \/>Juliano, Alessandra e Reginaldo com a m\u00e3e Neuci Rejani<\/p>\n<p><img loading=\"lazy\" decoding=\"async\" class=\"alignnone size-full wp-image-25775\" src=\"https:\/\/jorgezanoni.com.br\/2019\/wp-content\/uploads\/2020\/05\/Nilc\u00e9a-e-meu-filho-Rodrigo-Barreto.jpg\" alt=\"\" width=\"720\" height=\"567\" srcset=\"https:\/\/jorgezanoni.com.br\/2019\/wp-content\/uploads\/2020\/05\/Nilc\u00e9a-e-meu-filho-Rodrigo-Barreto.jpg 720w, https:\/\/jorgezanoni.com.br\/2019\/wp-content\/uploads\/2020\/05\/Nilc\u00e9a-e-meu-filho-Rodrigo-Barreto-300x236.jpg 300w, https:\/\/jorgezanoni.com.br\/2019\/wp-content\/uploads\/2020\/05\/Nilc\u00e9a-e-meu-filho-Rodrigo-Barreto-696x548.jpg 696w, https:\/\/jorgezanoni.com.br\/2019\/wp-content\/uploads\/2020\/05\/Nilc\u00e9a-e-meu-filho-Rodrigo-Barreto-533x420.jpg 533w\" sizes=\"auto, (max-width: 720px) 100vw, 720px\" \/>Rodrigo Barreto com a m\u00e3e Nilc\u00e9ia<\/p>\n<p><img loading=\"lazy\" decoding=\"async\" class=\"alignnone size-full wp-image-25776\" src=\"https:\/\/jorgezanoni.com.br\/2019\/wp-content\/uploads\/2020\/05\/Odair-Matheus-com-minha-Vovozinha-Diva.jpg\" alt=\"\" width=\"518\" height=\"922\" srcset=\"https:\/\/jorgezanoni.com.br\/2019\/wp-content\/uploads\/2020\/05\/Odair-Matheus-com-minha-Vovozinha-Diva.jpg 518w, https:\/\/jorgezanoni.com.br\/2019\/wp-content\/uploads\/2020\/05\/Odair-Matheus-com-minha-Vovozinha-Diva-169x300.jpg 169w, https:\/\/jorgezanoni.com.br\/2019\/wp-content\/uploads\/2020\/05\/Odair-Matheus-com-minha-Vovozinha-Diva-236x420.jpg 236w\" sizes=\"auto, (max-width: 518px) 100vw, 518px\" \/>Odair Matheus com a vov\u00f3<\/p>\n<p><img loading=\"lazy\" decoding=\"async\" class=\"alignnone size-full wp-image-25777\" src=\"https:\/\/jorgezanoni.com.br\/2019\/wp-content\/uploads\/2020\/05\/pai-Carlos-canato-minha-m\u00e3e-Luzia-Jacob-canato-eu-Adriano-canato-e-a-minha-esposa-que-tamb\u00e9m-\u00e9-uma-super-m\u00e3e-Adriano-Francisca-santos-canato-filha-vitoria.jpg\" alt=\"\" width=\"1024\" height=\"768\" srcset=\"https:\/\/jorgezanoni.com.br\/2019\/wp-content\/uploads\/2020\/05\/pai-Carlos-canato-minha-m\u00e3e-Luzia-Jacob-canato-eu-Adriano-canato-e-a-minha-esposa-que-tamb\u00e9m-\u00e9-uma-super-m\u00e3e-Adriano-Francisca-santos-canato-filha-vitoria.jpg 1024w, https:\/\/jorgezanoni.com.br\/2019\/wp-content\/uploads\/2020\/05\/pai-Carlos-canato-minha-m\u00e3e-Luzia-Jacob-canato-eu-Adriano-canato-e-a-minha-esposa-que-tamb\u00e9m-\u00e9-uma-super-m\u00e3e-Adriano-Francisca-santos-canato-filha-vitoria-300x225.jpg 300w, https:\/\/jorgezanoni.com.br\/2019\/wp-content\/uploads\/2020\/05\/pai-Carlos-canato-minha-m\u00e3e-Luzia-Jacob-canato-eu-Adriano-canato-e-a-minha-esposa-que-tamb\u00e9m-\u00e9-uma-super-m\u00e3e-Adriano-Francisca-santos-canato-filha-vitoria-768x576.jpg 768w, https:\/\/jorgezanoni.com.br\/2019\/wp-content\/uploads\/2020\/05\/pai-Carlos-canato-minha-m\u00e3e-Luzia-Jacob-canato-eu-Adriano-canato-e-a-minha-esposa-que-tamb\u00e9m-\u00e9-uma-super-m\u00e3e-Adriano-Francisca-santos-canato-filha-vitoria-80x60.jpg 80w, https:\/\/jorgezanoni.com.br\/2019\/wp-content\/uploads\/2020\/05\/pai-Carlos-canato-minha-m\u00e3e-Luzia-Jacob-canato-eu-Adriano-canato-e-a-minha-esposa-que-tamb\u00e9m-\u00e9-uma-super-m\u00e3e-Adriano-Francisca-santos-canato-filha-vitoria-265x198.jpg 265w, https:\/\/jorgezanoni.com.br\/2019\/wp-content\/uploads\/2020\/05\/pai-Carlos-canato-minha-m\u00e3e-Luzia-Jacob-canato-eu-Adriano-canato-e-a-minha-esposa-que-tamb\u00e9m-\u00e9-uma-super-m\u00e3e-Adriano-Francisca-santos-canato-filha-vitoria-696x522.jpg 696w, https:\/\/jorgezanoni.com.br\/2019\/wp-content\/uploads\/2020\/05\/pai-Carlos-canato-minha-m\u00e3e-Luzia-Jacob-canato-eu-Adriano-canato-e-a-minha-esposa-que-tamb\u00e9m-\u00e9-uma-super-m\u00e3e-Adriano-Francisca-santos-canato-filha-vitoria-560x420.jpg 560w\" sizes=\"auto, (max-width: 1024px) 100vw, 1024px\" \/>Carlos Canato, esposa e m\u00e3e Luzia Jacob, Adriano, m\u00e3e Adriana Francisca e a filha Vit\u00f3ria<\/p>\n<p><img loading=\"lazy\" decoding=\"async\" class=\"alignnone size-full wp-image-25778\" src=\"https:\/\/jorgezanoni.com.br\/2019\/wp-content\/uploads\/2020\/05\/Parab\u00e9ns.jpg\" alt=\"\" width=\"508\" height=\"948\" srcset=\"https:\/\/jorgezanoni.com.br\/2019\/wp-content\/uploads\/2020\/05\/Parab\u00e9ns.jpg 508w, https:\/\/jorgezanoni.com.br\/2019\/wp-content\/uploads\/2020\/05\/Parab\u00e9ns-161x300.jpg 161w, https:\/\/jorgezanoni.com.br\/2019\/wp-content\/uploads\/2020\/05\/Parab\u00e9ns-225x420.jpg 225w\" sizes=\"auto, (max-width: 508px) 100vw, 508px\" \/> Parab\u00e9ns m\u00e3e Janaina<\/p>\n<p><img loading=\"lazy\" decoding=\"async\" class=\"alignnone size-full wp-image-25779\" src=\"https:\/\/jorgezanoni.com.br\/2019\/wp-content\/uploads\/2020\/05\/Poliana-com-os-filhos-Ytalo-e-Vallentina.jpg\" alt=\"\" width=\"1280\" height=\"960\" srcset=\"https:\/\/jorgezanoni.com.br\/2019\/wp-content\/uploads\/2020\/05\/Poliana-com-os-filhos-Ytalo-e-Vallentina.jpg 1280w, https:\/\/jorgezanoni.com.br\/2019\/wp-content\/uploads\/2020\/05\/Poliana-com-os-filhos-Ytalo-e-Vallentina-300x225.jpg 300w, https:\/\/jorgezanoni.com.br\/2019\/wp-content\/uploads\/2020\/05\/Poliana-com-os-filhos-Ytalo-e-Vallentina-1024x768.jpg 1024w, https:\/\/jorgezanoni.com.br\/2019\/wp-content\/uploads\/2020\/05\/Poliana-com-os-filhos-Ytalo-e-Vallentina-768x576.jpg 768w, https:\/\/jorgezanoni.com.br\/2019\/wp-content\/uploads\/2020\/05\/Poliana-com-os-filhos-Ytalo-e-Vallentina-80x60.jpg 80w, https:\/\/jorgezanoni.com.br\/2019\/wp-content\/uploads\/2020\/05\/Poliana-com-os-filhos-Ytalo-e-Vallentina-265x198.jpg 265w, https:\/\/jorgezanoni.com.br\/2019\/wp-content\/uploads\/2020\/05\/Poliana-com-os-filhos-Ytalo-e-Vallentina-696x522.jpg 696w, https:\/\/jorgezanoni.com.br\/2019\/wp-content\/uploads\/2020\/05\/Poliana-com-os-filhos-Ytalo-e-Vallentina-1068x801.jpg 1068w, https:\/\/jorgezanoni.com.br\/2019\/wp-content\/uploads\/2020\/05\/Poliana-com-os-filhos-Ytalo-e-Vallentina-560x420.jpg 560w\" sizes=\"auto, (max-width: 1280px) 100vw, 1280px\" \/>M\u00e3e Poliana com os filhos Ytalo e Vallentina<\/p>\n<p><img loading=\"lazy\" decoding=\"async\" class=\"alignnone size-full wp-image-25780\" src=\"https:\/\/jorgezanoni.com.br\/2019\/wp-content\/uploads\/2020\/05\/Rafael-com-a-m\u00e3e-Beatriz.jpg\" alt=\"\" width=\"540\" height=\"720\" srcset=\"https:\/\/jorgezanoni.com.br\/2019\/wp-content\/uploads\/2020\/05\/Rafael-com-a-m\u00e3e-Beatriz.jpg 540w, https:\/\/jorgezanoni.com.br\/2019\/wp-content\/uploads\/2020\/05\/Rafael-com-a-m\u00e3e-Beatriz-225x300.jpg 225w, https:\/\/jorgezanoni.com.br\/2019\/wp-content\/uploads\/2020\/05\/Rafael-com-a-m\u00e3e-Beatriz-315x420.jpg 315w\" sizes=\"auto, (max-width: 540px) 100vw, 540px\" \/> Rafael com a m\u00e3e Beatriz<\/p>\n<p><img loading=\"lazy\" decoding=\"async\" class=\"alignnone size-full wp-image-25781\" src=\"https:\/\/jorgezanoni.com.br\/2019\/wp-content\/uploads\/2020\/05\/Rafaela-Costa-Machado.jpg\" alt=\"\" width=\"960\" height=\"1280\" srcset=\"https:\/\/jorgezanoni.com.br\/2019\/wp-content\/uploads\/2020\/05\/Rafaela-Costa-Machado.jpg 960w, https:\/\/jorgezanoni.com.br\/2019\/wp-content\/uploads\/2020\/05\/Rafaela-Costa-Machado-225x300.jpg 225w, https:\/\/jorgezanoni.com.br\/2019\/wp-content\/uploads\/2020\/05\/Rafaela-Costa-Machado-768x1024.jpg 768w, https:\/\/jorgezanoni.com.br\/2019\/wp-content\/uploads\/2020\/05\/Rafaela-Costa-Machado-696x928.jpg 696w, https:\/\/jorgezanoni.com.br\/2019\/wp-content\/uploads\/2020\/05\/Rafaela-Costa-Machado-315x420.jpg 315w\" sizes=\"auto, (max-width: 960px) 100vw, 960px\" \/>M\u00e3e Rafaela Costa Machado<\/p>\n<p><img loading=\"lazy\" decoding=\"async\" class=\"alignnone size-full wp-image-25782\" src=\"https:\/\/jorgezanoni.com.br\/2019\/wp-content\/uploads\/2020\/05\/Regi-Gomes-filhas-Bia-e-Eduarda.jpg\" alt=\"\" width=\"719\" height=\"1280\" srcset=\"https:\/\/jorgezanoni.com.br\/2019\/wp-content\/uploads\/2020\/05\/Regi-Gomes-filhas-Bia-e-Eduarda.jpg 719w, https:\/\/jorgezanoni.com.br\/2019\/wp-content\/uploads\/2020\/05\/Regi-Gomes-filhas-Bia-e-Eduarda-169x300.jpg 169w, https:\/\/jorgezanoni.com.br\/2019\/wp-content\/uploads\/2020\/05\/Regi-Gomes-filhas-Bia-e-Eduarda-575x1024.jpg 575w, https:\/\/jorgezanoni.com.br\/2019\/wp-content\/uploads\/2020\/05\/Regi-Gomes-filhas-Bia-e-Eduarda-696x1239.jpg 696w, https:\/\/jorgezanoni.com.br\/2019\/wp-content\/uploads\/2020\/05\/Regi-Gomes-filhas-Bia-e-Eduarda-236x420.jpg 236w\" sizes=\"auto, (max-width: 719px) 100vw, 719px\" \/>M\u00e3e Regi Gomes com as filhas Bia e Eduarda<\/p>\n<p><img loading=\"lazy\" decoding=\"async\" class=\"alignnone size-full wp-image-25783\" src=\"https:\/\/jorgezanoni.com.br\/2019\/wp-content\/uploads\/2020\/05\/Renata-Costa.jpg\" alt=\"\" width=\"1280\" height=\"960\" srcset=\"https:\/\/jorgezanoni.com.br\/2019\/wp-content\/uploads\/2020\/05\/Renata-Costa.jpg 1280w, https:\/\/jorgezanoni.com.br\/2019\/wp-content\/uploads\/2020\/05\/Renata-Costa-300x225.jpg 300w, https:\/\/jorgezanoni.com.br\/2019\/wp-content\/uploads\/2020\/05\/Renata-Costa-1024x768.jpg 1024w, https:\/\/jorgezanoni.com.br\/2019\/wp-content\/uploads\/2020\/05\/Renata-Costa-768x576.jpg 768w, https:\/\/jorgezanoni.com.br\/2019\/wp-content\/uploads\/2020\/05\/Renata-Costa-80x60.jpg 80w, https:\/\/jorgezanoni.com.br\/2019\/wp-content\/uploads\/2020\/05\/Renata-Costa-265x198.jpg 265w, https:\/\/jorgezanoni.com.br\/2019\/wp-content\/uploads\/2020\/05\/Renata-Costa-696x522.jpg 696w, https:\/\/jorgezanoni.com.br\/2019\/wp-content\/uploads\/2020\/05\/Renata-Costa-1068x801.jpg 1068w, https:\/\/jorgezanoni.com.br\/2019\/wp-content\/uploads\/2020\/05\/Renata-Costa-560x420.jpg 560w\" sizes=\"auto, (max-width: 1280px) 100vw, 1280px\" \/>M\u00e3e Renata Costa<\/p>\n<p><img loading=\"lazy\" decoding=\"async\" class=\"alignnone size-full wp-image-25784\" src=\"https:\/\/jorgezanoni.com.br\/2019\/wp-content\/uploads\/2020\/05\/Renata-Voltani-m\u00e3e-Geni-sobrinho-Emanuel.jpg\" alt=\"\" width=\"960\" height=\"1280\" srcset=\"https:\/\/jorgezanoni.com.br\/2019\/wp-content\/uploads\/2020\/05\/Renata-Voltani-m\u00e3e-Geni-sobrinho-Emanuel.jpg 960w, https:\/\/jorgezanoni.com.br\/2019\/wp-content\/uploads\/2020\/05\/Renata-Voltani-m\u00e3e-Geni-sobrinho-Emanuel-225x300.jpg 225w, https:\/\/jorgezanoni.com.br\/2019\/wp-content\/uploads\/2020\/05\/Renata-Voltani-m\u00e3e-Geni-sobrinho-Emanuel-768x1024.jpg 768w, https:\/\/jorgezanoni.com.br\/2019\/wp-content\/uploads\/2020\/05\/Renata-Voltani-m\u00e3e-Geni-sobrinho-Emanuel-696x928.jpg 696w, https:\/\/jorgezanoni.com.br\/2019\/wp-content\/uploads\/2020\/05\/Renata-Voltani-m\u00e3e-Geni-sobrinho-Emanuel-315x420.jpg 315w\" sizes=\"auto, (max-width: 960px) 100vw, 960px\" \/>Renata Voltani, sobrinho Emanuel, m\u00e3e e av\u00f3 Geni<\/p>\n<p><img loading=\"lazy\" decoding=\"async\" class=\"alignnone size-full wp-image-25785\" src=\"https:\/\/jorgezanoni.com.br\/2019\/wp-content\/uploads\/2020\/05\/Rita-Brandino-filhos-Miguel-Brandino-e-Davi-Brandino.jpg\" alt=\"\" width=\"720\" height=\"1280\" srcset=\"https:\/\/jorgezanoni.com.br\/2019\/wp-content\/uploads\/2020\/05\/Rita-Brandino-filhos-Miguel-Brandino-e-Davi-Brandino.jpg 720w, https:\/\/jorgezanoni.com.br\/2019\/wp-content\/uploads\/2020\/05\/Rita-Brandino-filhos-Miguel-Brandino-e-Davi-Brandino-169x300.jpg 169w, https:\/\/jorgezanoni.com.br\/2019\/wp-content\/uploads\/2020\/05\/Rita-Brandino-filhos-Miguel-Brandino-e-Davi-Brandino-576x1024.jpg 576w, https:\/\/jorgezanoni.com.br\/2019\/wp-content\/uploads\/2020\/05\/Rita-Brandino-filhos-Miguel-Brandino-e-Davi-Brandino-696x1237.jpg 696w, https:\/\/jorgezanoni.com.br\/2019\/wp-content\/uploads\/2020\/05\/Rita-Brandino-filhos-Miguel-Brandino-e-Davi-Brandino-236x420.jpg 236w\" sizes=\"auto, (max-width: 720px) 100vw, 720px\" \/>M\u00e3e Rita Brandino com os filhos Miguel e Davi<\/p>\n<p><img loading=\"lazy\" decoding=\"async\" class=\"alignnone size-full wp-image-25786\" src=\"https:\/\/jorgezanoni.com.br\/2019\/wp-content\/uploads\/2020\/05\/Rita-Santana-voltani-e-Emanuel.jpg\" alt=\"\" width=\"591\" height=\"600\" srcset=\"https:\/\/jorgezanoni.com.br\/2019\/wp-content\/uploads\/2020\/05\/Rita-Santana-voltani-e-Emanuel.jpg 591w, https:\/\/jorgezanoni.com.br\/2019\/wp-content\/uploads\/2020\/05\/Rita-Santana-voltani-e-Emanuel-296x300.jpg 296w, https:\/\/jorgezanoni.com.br\/2019\/wp-content\/uploads\/2020\/05\/Rita-Santana-voltani-e-Emanuel-414x420.jpg 414w\" sizes=\"auto, (max-width: 591px) 100vw, 591px\" \/>Emanuel com a m\u00e3e Rita Voltani<\/p>\n<p><img loading=\"lazy\" decoding=\"async\" class=\"alignnone size-full wp-image-25787\" src=\"https:\/\/jorgezanoni.com.br\/2019\/wp-content\/uploads\/2020\/05\/Rosa-dos-Santos-Aleixo-filha-Jacira-dos-Santos-Aleixo.jpg\" alt=\"\" width=\"720\" height=\"405\" srcset=\"https:\/\/jorgezanoni.com.br\/2019\/wp-content\/uploads\/2020\/05\/Rosa-dos-Santos-Aleixo-filha-Jacira-dos-Santos-Aleixo.jpg 720w, https:\/\/jorgezanoni.com.br\/2019\/wp-content\/uploads\/2020\/05\/Rosa-dos-Santos-Aleixo-filha-Jacira-dos-Santos-Aleixo-300x169.jpg 300w, https:\/\/jorgezanoni.com.br\/2019\/wp-content\/uploads\/2020\/05\/Rosa-dos-Santos-Aleixo-filha-Jacira-dos-Santos-Aleixo-696x392.jpg 696w\" sizes=\"auto, (max-width: 720px) 100vw, 720px\" \/>Jacira dos Santos Aleixo com a m\u00e3e Rosa dos Santos Aleixo e genro<img loading=\"lazy\" decoding=\"async\" class=\"alignnone size-full wp-image-25788\" src=\"https:\/\/jorgezanoni.com.br\/2019\/wp-content\/uploads\/2020\/05\/Rosa-e-mami-thereza.jpg\" alt=\"\" width=\"1152\" height=\"648\" srcset=\"https:\/\/jorgezanoni.com.br\/2019\/wp-content\/uploads\/2020\/05\/Rosa-e-mami-thereza.jpg 1152w, https:\/\/jorgezanoni.com.br\/2019\/wp-content\/uploads\/2020\/05\/Rosa-e-mami-thereza-300x169.jpg 300w, https:\/\/jorgezanoni.com.br\/2019\/wp-content\/uploads\/2020\/05\/Rosa-e-mami-thereza-1024x576.jpg 1024w, https:\/\/jorgezanoni.com.br\/2019\/wp-content\/uploads\/2020\/05\/Rosa-e-mami-thereza-768x432.jpg 768w, https:\/\/jorgezanoni.com.br\/2019\/wp-content\/uploads\/2020\/05\/Rosa-e-mami-thereza-696x392.jpg 696w, https:\/\/jorgezanoni.com.br\/2019\/wp-content\/uploads\/2020\/05\/Rosa-e-mami-thereza-1068x601.jpg 1068w, https:\/\/jorgezanoni.com.br\/2019\/wp-content\/uploads\/2020\/05\/Rosa-e-mami-thereza-747x420.jpg 747w\" sizes=\"auto, (max-width: 1152px) 100vw, 1152px\" \/>Rosa e a sua m\u00e3e Tereza<\/p>\n<p><img loading=\"lazy\" decoding=\"async\" class=\"alignnone size-full wp-image-25789\" src=\"https:\/\/jorgezanoni.com.br\/2019\/wp-content\/uploads\/2020\/05\/Roseli-Bento-Maria-Rosa-e-Ana-Lu\u00edsa.jpg\" alt=\"\" width=\"1032\" height=\"774\" srcset=\"https:\/\/jorgezanoni.com.br\/2019\/wp-content\/uploads\/2020\/05\/Roseli-Bento-Maria-Rosa-e-Ana-Lu\u00edsa.jpg 1032w, https:\/\/jorgezanoni.com.br\/2019\/wp-content\/uploads\/2020\/05\/Roseli-Bento-Maria-Rosa-e-Ana-Lu\u00edsa-300x225.jpg 300w, https:\/\/jorgezanoni.com.br\/2019\/wp-content\/uploads\/2020\/05\/Roseli-Bento-Maria-Rosa-e-Ana-Lu\u00edsa-1024x768.jpg 1024w, https:\/\/jorgezanoni.com.br\/2019\/wp-content\/uploads\/2020\/05\/Roseli-Bento-Maria-Rosa-e-Ana-Lu\u00edsa-768x576.jpg 768w, https:\/\/jorgezanoni.com.br\/2019\/wp-content\/uploads\/2020\/05\/Roseli-Bento-Maria-Rosa-e-Ana-Lu\u00edsa-80x60.jpg 80w, https:\/\/jorgezanoni.com.br\/2019\/wp-content\/uploads\/2020\/05\/Roseli-Bento-Maria-Rosa-e-Ana-Lu\u00edsa-265x198.jpg 265w, https:\/\/jorgezanoni.com.br\/2019\/wp-content\/uploads\/2020\/05\/Roseli-Bento-Maria-Rosa-e-Ana-Lu\u00edsa-696x522.jpg 696w, https:\/\/jorgezanoni.com.br\/2019\/wp-content\/uploads\/2020\/05\/Roseli-Bento-Maria-Rosa-e-Ana-Lu\u00edsa-560x420.jpg 560w\" sizes=\"auto, (max-width: 1032px) 100vw, 1032px\" \/>M\u00e3e Roseli Bento com as filhas Maria Rosa e Ana Lu\u00edsa<\/p>\n<p><img loading=\"lazy\" decoding=\"async\" class=\"alignnone size-full wp-image-25790\" src=\"https:\/\/jorgezanoni.com.br\/2019\/wp-content\/uploads\/2020\/05\/Rosilene-com-a-minha-M\u00e3e-Alcidia-79-anos.jpg\" alt=\"\" width=\"960\" height=\"1280\" srcset=\"https:\/\/jorgezanoni.com.br\/2019\/wp-content\/uploads\/2020\/05\/Rosilene-com-a-minha-M\u00e3e-Alcidia-79-anos.jpg 960w, https:\/\/jorgezanoni.com.br\/2019\/wp-content\/uploads\/2020\/05\/Rosilene-com-a-minha-M\u00e3e-Alcidia-79-anos-225x300.jpg 225w, https:\/\/jorgezanoni.com.br\/2019\/wp-content\/uploads\/2020\/05\/Rosilene-com-a-minha-M\u00e3e-Alcidia-79-anos-768x1024.jpg 768w, https:\/\/jorgezanoni.com.br\/2019\/wp-content\/uploads\/2020\/05\/Rosilene-com-a-minha-M\u00e3e-Alcidia-79-anos-696x928.jpg 696w, https:\/\/jorgezanoni.com.br\/2019\/wp-content\/uploads\/2020\/05\/Rosilene-com-a-minha-M\u00e3e-Alcidia-79-anos-315x420.jpg 315w\" sizes=\"auto, (max-width: 960px) 100vw, 960px\" \/>Rosilene com a m\u00e3e Alcidia<\/p>\n<p><img loading=\"lazy\" decoding=\"async\" class=\"alignnone size-full wp-image-25791\" src=\"https:\/\/jorgezanoni.com.br\/2019\/wp-content\/uploads\/2020\/05\/Rotary.jpg\" alt=\"\" width=\"873\" height=\"778\" srcset=\"https:\/\/jorgezanoni.com.br\/2019\/wp-content\/uploads\/2020\/05\/Rotary.jpg 873w, https:\/\/jorgezanoni.com.br\/2019\/wp-content\/uploads\/2020\/05\/Rotary-300x267.jpg 300w, https:\/\/jorgezanoni.com.br\/2019\/wp-content\/uploads\/2020\/05\/Rotary-768x684.jpg 768w, https:\/\/jorgezanoni.com.br\/2019\/wp-content\/uploads\/2020\/05\/Rotary-696x620.jpg 696w, https:\/\/jorgezanoni.com.br\/2019\/wp-content\/uploads\/2020\/05\/Rotary-471x420.jpg 471w\" sizes=\"auto, (max-width: 873px) 100vw, 873px\" \/>Homenagem do Rotary Club de Dracena a todas as m\u00e3es atrav\u00e9s do Site JZ<\/p>\n<p><img loading=\"lazy\" decoding=\"async\" class=\"alignnone size-full wp-image-25792\" src=\"https:\/\/jorgezanoni.com.br\/2019\/wp-content\/uploads\/2020\/05\/Samara-m\u00e3e-Nilda-falecida.jpg\" alt=\"\" width=\"512\" height=\"768\" srcset=\"https:\/\/jorgezanoni.com.br\/2019\/wp-content\/uploads\/2020\/05\/Samara-m\u00e3e-Nilda-falecida.jpg 512w, https:\/\/jorgezanoni.com.br\/2019\/wp-content\/uploads\/2020\/05\/Samara-m\u00e3e-Nilda-falecida-200x300.jpg 200w, https:\/\/jorgezanoni.com.br\/2019\/wp-content\/uploads\/2020\/05\/Samara-m\u00e3e-Nilda-falecida-280x420.jpg 280w\" sizes=\"auto, (max-width: 512px) 100vw, 512px\" \/> Samara com a m\u00e3e Nilda (falecida)<\/p>\n<p><img loading=\"lazy\" decoding=\"async\" class=\"alignnone size-full wp-image-25793\" src=\"https:\/\/jorgezanoni.com.br\/2019\/wp-content\/uploads\/2020\/05\/Sandra-com-minha-maezinha-que-amo-Diva.jpg\" alt=\"\" width=\"534\" height=\"400\" srcset=\"https:\/\/jorgezanoni.com.br\/2019\/wp-content\/uploads\/2020\/05\/Sandra-com-minha-maezinha-que-amo-Diva.jpg 534w, https:\/\/jorgezanoni.com.br\/2019\/wp-content\/uploads\/2020\/05\/Sandra-com-minha-maezinha-que-amo-Diva-300x225.jpg 300w, https:\/\/jorgezanoni.com.br\/2019\/wp-content\/uploads\/2020\/05\/Sandra-com-minha-maezinha-que-amo-Diva-80x60.jpg 80w, https:\/\/jorgezanoni.com.br\/2019\/wp-content\/uploads\/2020\/05\/Sandra-com-minha-maezinha-que-amo-Diva-265x198.jpg 265w\" sizes=\"auto, (max-width: 534px) 100vw, 534px\" \/> Sandra com sua m\u00e3e Diva<\/p>\n<p><img loading=\"lazy\" decoding=\"async\" class=\"alignnone size-full wp-image-25794\" src=\"https:\/\/jorgezanoni.com.br\/2019\/wp-content\/uploads\/2020\/05\/Selma-autina-e-Bruno-Henrique.jpg\" alt=\"\" width=\"552\" height=\"309\" srcset=\"https:\/\/jorgezanoni.com.br\/2019\/wp-content\/uploads\/2020\/05\/Selma-autina-e-Bruno-Henrique.jpg 552w, https:\/\/jorgezanoni.com.br\/2019\/wp-content\/uploads\/2020\/05\/Selma-autina-e-Bruno-Henrique-300x168.jpg 300w\" sizes=\"auto, (max-width: 552px) 100vw, 552px\" \/> M\u00e3e Selma Autina com o filho Bruno Henrique<\/p>\n<p><img loading=\"lazy\" decoding=\"async\" class=\"alignnone size-full wp-image-25795\" src=\"https:\/\/jorgezanoni.com.br\/2019\/wp-content\/uploads\/2020\/05\/Silvana-e-m\u00e3e-Elizabete.jpg\" alt=\"\" width=\"960\" height=\"1280\" srcset=\"https:\/\/jorgezanoni.com.br\/2019\/wp-content\/uploads\/2020\/05\/Silvana-e-m\u00e3e-Elizabete.jpg 960w, https:\/\/jorgezanoni.com.br\/2019\/wp-content\/uploads\/2020\/05\/Silvana-e-m\u00e3e-Elizabete-225x300.jpg 225w, https:\/\/jorgezanoni.com.br\/2019\/wp-content\/uploads\/2020\/05\/Silvana-e-m\u00e3e-Elizabete-768x1024.jpg 768w, https:\/\/jorgezanoni.com.br\/2019\/wp-content\/uploads\/2020\/05\/Silvana-e-m\u00e3e-Elizabete-696x928.jpg 696w, https:\/\/jorgezanoni.com.br\/2019\/wp-content\/uploads\/2020\/05\/Silvana-e-m\u00e3e-Elizabete-315x420.jpg 315w\" sizes=\"auto, (max-width: 960px) 100vw, 960px\" \/>Silvana com sua m\u00e3e Elizabete<\/p>\n<p><img loading=\"lazy\" decoding=\"async\" class=\"alignnone size-full wp-image-25796\" src=\"https:\/\/jorgezanoni.com.br\/2019\/wp-content\/uploads\/2020\/05\/Silvia-minha-m\u00e3e-chama-Lurdes.jpg\" alt=\"\" width=\"622\" height=\"1280\" srcset=\"https:\/\/jorgezanoni.com.br\/2019\/wp-content\/uploads\/2020\/05\/Silvia-minha-m\u00e3e-chama-Lurdes.jpg 622w, https:\/\/jorgezanoni.com.br\/2019\/wp-content\/uploads\/2020\/05\/Silvia-minha-m\u00e3e-chama-Lurdes-146x300.jpg 146w, https:\/\/jorgezanoni.com.br\/2019\/wp-content\/uploads\/2020\/05\/Silvia-minha-m\u00e3e-chama-Lurdes-498x1024.jpg 498w, https:\/\/jorgezanoni.com.br\/2019\/wp-content\/uploads\/2020\/05\/Silvia-minha-m\u00e3e-chama-Lurdes-204x420.jpg 204w\" sizes=\"auto, (max-width: 622px) 100vw, 622px\" \/>Silvia com sua m\u00e3e Lurdes<\/p>\n<p><img loading=\"lazy\" decoding=\"async\" class=\"alignnone size-full wp-image-25797\" src=\"https:\/\/jorgezanoni.com.br\/2019\/wp-content\/uploads\/2020\/05\/Sonia-buffulin-com-o-Gabriel-Buffulin.jpg\" alt=\"\" width=\"774\" height=\"1032\" srcset=\"https:\/\/jorgezanoni.com.br\/2019\/wp-content\/uploads\/2020\/05\/Sonia-buffulin-com-o-Gabriel-Buffulin.jpg 774w, https:\/\/jorgezanoni.com.br\/2019\/wp-content\/uploads\/2020\/05\/Sonia-buffulin-com-o-Gabriel-Buffulin-225x300.jpg 225w, https:\/\/jorgezanoni.com.br\/2019\/wp-content\/uploads\/2020\/05\/Sonia-buffulin-com-o-Gabriel-Buffulin-768x1024.jpg 768w, https:\/\/jorgezanoni.com.br\/2019\/wp-content\/uploads\/2020\/05\/Sonia-buffulin-com-o-Gabriel-Buffulin-696x928.jpg 696w, https:\/\/jorgezanoni.com.br\/2019\/wp-content\/uploads\/2020\/05\/Sonia-buffulin-com-o-Gabriel-Buffulin-315x420.jpg 315w\" sizes=\"auto, (max-width: 774px) 100vw, 774px\" \/>M\u00e3e e av\u00f3 Sonia Bufflin com o neto Gabriel<\/p>\n<p><img loading=\"lazy\" decoding=\"async\" class=\"alignnone size-full wp-image-25798\" src=\"https:\/\/jorgezanoni.com.br\/2019\/wp-content\/uploads\/2020\/05\/Sou-Lucineia-e-minha-m\u00e3e-Maria-Aparecida-de-Ouro-Verde..jpg\" alt=\"\" width=\"481\" height=\"497\" srcset=\"https:\/\/jorgezanoni.com.br\/2019\/wp-content\/uploads\/2020\/05\/Sou-Lucineia-e-minha-m\u00e3e-Maria-Aparecida-de-Ouro-Verde..jpg 481w, https:\/\/jorgezanoni.com.br\/2019\/wp-content\/uploads\/2020\/05\/Sou-Lucineia-e-minha-m\u00e3e-Maria-Aparecida-de-Ouro-Verde.-290x300.jpg 290w, https:\/\/jorgezanoni.com.br\/2019\/wp-content\/uploads\/2020\/05\/Sou-Lucineia-e-minha-m\u00e3e-Maria-Aparecida-de-Ouro-Verde.-406x420.jpg 406w\" sizes=\"auto, (max-width: 481px) 100vw, 481px\" \/> Lucin\u00e9ia com a m\u00e3e Maria Aparecida de Ouro Verde<\/p>\n<p><img loading=\"lazy\" decoding=\"async\" class=\"alignnone size-full wp-image-25799\" src=\"https:\/\/jorgezanoni.com.br\/2019\/wp-content\/uploads\/2020\/05\/Sou-Ta\u00eds-Fernanda-e-minha-m\u00e3e-Creusa-Maria.jpg\" alt=\"\" width=\"1114\" height=\"1114\" srcset=\"https:\/\/jorgezanoni.com.br\/2019\/wp-content\/uploads\/2020\/05\/Sou-Ta\u00eds-Fernanda-e-minha-m\u00e3e-Creusa-Maria.jpg 1114w, https:\/\/jorgezanoni.com.br\/2019\/wp-content\/uploads\/2020\/05\/Sou-Ta\u00eds-Fernanda-e-minha-m\u00e3e-Creusa-Maria-300x300.jpg 300w, https:\/\/jorgezanoni.com.br\/2019\/wp-content\/uploads\/2020\/05\/Sou-Ta\u00eds-Fernanda-e-minha-m\u00e3e-Creusa-Maria-1024x1024.jpg 1024w, https:\/\/jorgezanoni.com.br\/2019\/wp-content\/uploads\/2020\/05\/Sou-Ta\u00eds-Fernanda-e-minha-m\u00e3e-Creusa-Maria-150x150.jpg 150w, https:\/\/jorgezanoni.com.br\/2019\/wp-content\/uploads\/2020\/05\/Sou-Ta\u00eds-Fernanda-e-minha-m\u00e3e-Creusa-Maria-768x768.jpg 768w, https:\/\/jorgezanoni.com.br\/2019\/wp-content\/uploads\/2020\/05\/Sou-Ta\u00eds-Fernanda-e-minha-m\u00e3e-Creusa-Maria-696x696.jpg 696w, https:\/\/jorgezanoni.com.br\/2019\/wp-content\/uploads\/2020\/05\/Sou-Ta\u00eds-Fernanda-e-minha-m\u00e3e-Creusa-Maria-1068x1068.jpg 1068w, https:\/\/jorgezanoni.com.br\/2019\/wp-content\/uploads\/2020\/05\/Sou-Ta\u00eds-Fernanda-e-minha-m\u00e3e-Creusa-Maria-420x420.jpg 420w\" sizes=\"auto, (max-width: 1114px) 100vw, 1114px\" \/>Ta\u00eds Fernanda com a m\u00e3e Creusa Maria<\/p>\n<p><img loading=\"lazy\" decoding=\"async\" class=\"alignnone size-full wp-image-25800\" src=\"https:\/\/jorgezanoni.com.br\/2019\/wp-content\/uploads\/2020\/05\/Sueli-Alves-de-Tupi-Paulista.....Mae-Clarice-Longato-de-Santa-Mercedes..jpg\" alt=\"\" width=\"720\" height=\"1280\" srcset=\"https:\/\/jorgezanoni.com.br\/2019\/wp-content\/uploads\/2020\/05\/Sueli-Alves-de-Tupi-Paulista.....Mae-Clarice-Longato-de-Santa-Mercedes..jpg 720w, https:\/\/jorgezanoni.com.br\/2019\/wp-content\/uploads\/2020\/05\/Sueli-Alves-de-Tupi-Paulista.....Mae-Clarice-Longato-de-Santa-Mercedes.-169x300.jpg 169w, https:\/\/jorgezanoni.com.br\/2019\/wp-content\/uploads\/2020\/05\/Sueli-Alves-de-Tupi-Paulista.....Mae-Clarice-Longato-de-Santa-Mercedes.-576x1024.jpg 576w, https:\/\/jorgezanoni.com.br\/2019\/wp-content\/uploads\/2020\/05\/Sueli-Alves-de-Tupi-Paulista.....Mae-Clarice-Longato-de-Santa-Mercedes.-696x1237.jpg 696w, https:\/\/jorgezanoni.com.br\/2019\/wp-content\/uploads\/2020\/05\/Sueli-Alves-de-Tupi-Paulista.....Mae-Clarice-Longato-de-Santa-Mercedes.-236x420.jpg 236w\" sizes=\"auto, (max-width: 720px) 100vw, 720px\" \/>M\u00e3e Clarice Longato de Santa Mercedes com a filha Sueli Alves de Tupi Paulista<\/p>\n<p><img loading=\"lazy\" decoding=\"async\" class=\"alignnone size-full wp-image-25801\" src=\"https:\/\/jorgezanoni.com.br\/2019\/wp-content\/uploads\/2020\/05\/Sueli-Vieira-e-Shayene-Vieira.jpg\" alt=\"\" width=\"540\" height=\"960\" srcset=\"https:\/\/jorgezanoni.com.br\/2019\/wp-content\/uploads\/2020\/05\/Sueli-Vieira-e-Shayene-Vieira.jpg 540w, https:\/\/jorgezanoni.com.br\/2019\/wp-content\/uploads\/2020\/05\/Sueli-Vieira-e-Shayene-Vieira-169x300.jpg 169w, https:\/\/jorgezanoni.com.br\/2019\/wp-content\/uploads\/2020\/05\/Sueli-Vieira-e-Shayene-Vieira-236x420.jpg 236w\" sizes=\"auto, (max-width: 540px) 100vw, 540px\" \/> Shayene Vieira com sua m\u00e3e Sueli Vieira<\/p>\n<p><img loading=\"lazy\" decoding=\"async\" class=\"alignnone size-full wp-image-25802\" src=\"https:\/\/jorgezanoni.com.br\/2019\/wp-content\/uploads\/2020\/05\/t-Raimunda-D.Garcia.jpg\" alt=\"\" width=\"773\" height=\"1280\" srcset=\"https:\/\/jorgezanoni.com.br\/2019\/wp-content\/uploads\/2020\/05\/t-Raimunda-D.Garcia.jpg 773w, https:\/\/jorgezanoni.com.br\/2019\/wp-content\/uploads\/2020\/05\/t-Raimunda-D.Garcia-181x300.jpg 181w, https:\/\/jorgezanoni.com.br\/2019\/wp-content\/uploads\/2020\/05\/t-Raimunda-D.Garcia-618x1024.jpg 618w, https:\/\/jorgezanoni.com.br\/2019\/wp-content\/uploads\/2020\/05\/t-Raimunda-D.Garcia-768x1272.jpg 768w, https:\/\/jorgezanoni.com.br\/2019\/wp-content\/uploads\/2020\/05\/t-Raimunda-D.Garcia-696x1152.jpg 696w, https:\/\/jorgezanoni.com.br\/2019\/wp-content\/uploads\/2020\/05\/t-Raimunda-D.Garcia-254x420.jpg 254w\" sizes=\"auto, (max-width: 773px) 100vw, 773px\" \/>M\u00e3e Raimunda Duarte Garcia (na foto abaixo os filhos)<\/p>\n<p><img loading=\"lazy\" decoding=\"async\" class=\"alignnone size-full wp-image-25803\" src=\"https:\/\/jorgezanoni.com.br\/2019\/wp-content\/uploads\/2020\/05\/t-WashingtonMaira-Edgard-TichaAna-e-Jo\u00e3o..jpg\" alt=\"\" width=\"1280\" height=\"960\" srcset=\"https:\/\/jorgezanoni.com.br\/2019\/wp-content\/uploads\/2020\/05\/t-WashingtonMaira-Edgard-TichaAna-e-Jo\u00e3o..jpg 1280w, https:\/\/jorgezanoni.com.br\/2019\/wp-content\/uploads\/2020\/05\/t-WashingtonMaira-Edgard-TichaAna-e-Jo\u00e3o.-300x225.jpg 300w, https:\/\/jorgezanoni.com.br\/2019\/wp-content\/uploads\/2020\/05\/t-WashingtonMaira-Edgard-TichaAna-e-Jo\u00e3o.-1024x768.jpg 1024w, https:\/\/jorgezanoni.com.br\/2019\/wp-content\/uploads\/2020\/05\/t-WashingtonMaira-Edgard-TichaAna-e-Jo\u00e3o.-768x576.jpg 768w, https:\/\/jorgezanoni.com.br\/2019\/wp-content\/uploads\/2020\/05\/t-WashingtonMaira-Edgard-TichaAna-e-Jo\u00e3o.-80x60.jpg 80w, https:\/\/jorgezanoni.com.br\/2019\/wp-content\/uploads\/2020\/05\/t-WashingtonMaira-Edgard-TichaAna-e-Jo\u00e3o.-265x198.jpg 265w, https:\/\/jorgezanoni.com.br\/2019\/wp-content\/uploads\/2020\/05\/t-WashingtonMaira-Edgard-TichaAna-e-Jo\u00e3o.-696x522.jpg 696w, https:\/\/jorgezanoni.com.br\/2019\/wp-content\/uploads\/2020\/05\/t-WashingtonMaira-Edgard-TichaAna-e-Jo\u00e3o.-1068x801.jpg 1068w, https:\/\/jorgezanoni.com.br\/2019\/wp-content\/uploads\/2020\/05\/t-WashingtonMaira-Edgard-TichaAna-e-Jo\u00e3o.-560x420.jpg 560w\" sizes=\"auto, (max-width: 1280px) 100vw, 1280px\" \/>Filhos Washington, Maira, Edgard (Ticha), Ana e Jo\u00e3o (na foto acima a m\u00e3e)<\/p>\n<p><img loading=\"lazy\" decoding=\"async\" class=\"alignnone size-full wp-image-25804\" src=\"https:\/\/jorgezanoni.com.br\/2019\/wp-content\/uploads\/2020\/05\/Tacisio-e-a-m\u00e3e-dona-Alzira.jpg\" alt=\"\" width=\"719\" height=\"1280\" srcset=\"https:\/\/jorgezanoni.com.br\/2019\/wp-content\/uploads\/2020\/05\/Tacisio-e-a-m\u00e3e-dona-Alzira.jpg 719w, https:\/\/jorgezanoni.com.br\/2019\/wp-content\/uploads\/2020\/05\/Tacisio-e-a-m\u00e3e-dona-Alzira-169x300.jpg 169w, https:\/\/jorgezanoni.com.br\/2019\/wp-content\/uploads\/2020\/05\/Tacisio-e-a-m\u00e3e-dona-Alzira-575x1024.jpg 575w, https:\/\/jorgezanoni.com.br\/2019\/wp-content\/uploads\/2020\/05\/Tacisio-e-a-m\u00e3e-dona-Alzira-696x1239.jpg 696w, https:\/\/jorgezanoni.com.br\/2019\/wp-content\/uploads\/2020\/05\/Tacisio-e-a-m\u00e3e-dona-Alzira-236x420.jpg 236w\" sizes=\"auto, (max-width: 719px) 100vw, 719px\" \/>M\u00e3e Alzira e o filho Tarcisio<\/p>\n<p><img loading=\"lazy\" decoding=\"async\" class=\"alignnone size-full wp-image-25805\" src=\"https:\/\/jorgezanoni.com.br\/2019\/wp-content\/uploads\/2020\/05\/Talita-Garcia-M\u00e3e-Aparecida-e-Av\u00f3-Marisia.jpg\" alt=\"\" width=\"560\" height=\"1152\" srcset=\"https:\/\/jorgezanoni.com.br\/2019\/wp-content\/uploads\/2020\/05\/Talita-Garcia-M\u00e3e-Aparecida-e-Av\u00f3-Marisia.jpg 560w, https:\/\/jorgezanoni.com.br\/2019\/wp-content\/uploads\/2020\/05\/Talita-Garcia-M\u00e3e-Aparecida-e-Av\u00f3-Marisia-146x300.jpg 146w, https:\/\/jorgezanoni.com.br\/2019\/wp-content\/uploads\/2020\/05\/Talita-Garcia-M\u00e3e-Aparecida-e-Av\u00f3-Marisia-498x1024.jpg 498w, https:\/\/jorgezanoni.com.br\/2019\/wp-content\/uploads\/2020\/05\/Talita-Garcia-M\u00e3e-Aparecida-e-Av\u00f3-Marisia-204x420.jpg 204w\" sizes=\"auto, (max-width: 560px) 100vw, 560px\" \/> Talita Garcia, m\u00e3e Aparecida e av\u00f3 Marisia<\/p>\n<p><img loading=\"lazy\" decoding=\"async\" class=\"alignnone size-full wp-image-25806\" src=\"https:\/\/jorgezanoni.com.br\/2019\/wp-content\/uploads\/2020\/05\/Talita-Russo-e-m\u00e3e-Marcia-Russo.jpg\" alt=\"\" width=\"960\" height=\"1280\" srcset=\"https:\/\/jorgezanoni.com.br\/2019\/wp-content\/uploads\/2020\/05\/Talita-Russo-e-m\u00e3e-Marcia-Russo.jpg 960w, https:\/\/jorgezanoni.com.br\/2019\/wp-content\/uploads\/2020\/05\/Talita-Russo-e-m\u00e3e-Marcia-Russo-225x300.jpg 225w, https:\/\/jorgezanoni.com.br\/2019\/wp-content\/uploads\/2020\/05\/Talita-Russo-e-m\u00e3e-Marcia-Russo-768x1024.jpg 768w, https:\/\/jorgezanoni.com.br\/2019\/wp-content\/uploads\/2020\/05\/Talita-Russo-e-m\u00e3e-Marcia-Russo-696x928.jpg 696w, https:\/\/jorgezanoni.com.br\/2019\/wp-content\/uploads\/2020\/05\/Talita-Russo-e-m\u00e3e-Marcia-Russo-315x420.jpg 315w\" sizes=\"auto, (max-width: 960px) 100vw, 960px\" \/>Talita Russo e sua m\u00e3e M\u00e1rcia Russo<\/p>\n<p><img loading=\"lazy\" decoding=\"async\" class=\"alignnone size-full wp-image-25807\" src=\"https:\/\/jorgezanoni.com.br\/2019\/wp-content\/uploads\/2020\/05\/T\u00e2nia-e-minha-filha-Tain\u00e1-e-Isabela.jpg\" alt=\"\" width=\"640\" height=\"960\" srcset=\"https:\/\/jorgezanoni.com.br\/2019\/wp-content\/uploads\/2020\/05\/T\u00e2nia-e-minha-filha-Tain\u00e1-e-Isabela.jpg 640w, https:\/\/jorgezanoni.com.br\/2019\/wp-content\/uploads\/2020\/05\/T\u00e2nia-e-minha-filha-Tain\u00e1-e-Isabela-200x300.jpg 200w, https:\/\/jorgezanoni.com.br\/2019\/wp-content\/uploads\/2020\/05\/T\u00e2nia-e-minha-filha-Tain\u00e1-e-Isabela-280x420.jpg 280w\" sizes=\"auto, (max-width: 640px) 100vw, 640px\" \/> M\u00e3e T\u00e2nia com as filhas Tain\u00e1 e Isabela<\/p>\n<p><img loading=\"lazy\" decoding=\"async\" class=\"alignnone size-full wp-image-25808\" src=\"https:\/\/jorgezanoni.com.br\/2019\/wp-content\/uploads\/2020\/05\/T\u00e2nia-e-minha-m\u00e3e-Odete.jpg\" alt=\"\" width=\"720\" height=\"960\" srcset=\"https:\/\/jorgezanoni.com.br\/2019\/wp-content\/uploads\/2020\/05\/T\u00e2nia-e-minha-m\u00e3e-Odete.jpg 720w, https:\/\/jorgezanoni.com.br\/2019\/wp-content\/uploads\/2020\/05\/T\u00e2nia-e-minha-m\u00e3e-Odete-225x300.jpg 225w, https:\/\/jorgezanoni.com.br\/2019\/wp-content\/uploads\/2020\/05\/T\u00e2nia-e-minha-m\u00e3e-Odete-696x928.jpg 696w, https:\/\/jorgezanoni.com.br\/2019\/wp-content\/uploads\/2020\/05\/T\u00e2nia-e-minha-m\u00e3e-Odete-315x420.jpg 315w\" sizes=\"auto, (max-width: 720px) 100vw, 720px\" \/>T\u00e2nia e sua m\u00e3e Odete<\/p>\n<p><img loading=\"lazy\" decoding=\"async\" class=\"alignnone size-full wp-image-25809\" src=\"https:\/\/jorgezanoni.com.br\/2019\/wp-content\/uploads\/2020\/05\/Tatiane-Maymoni.jpg\" alt=\"\" width=\"1074\" height=\"935\" srcset=\"https:\/\/jorgezanoni.com.br\/2019\/wp-content\/uploads\/2020\/05\/Tatiane-Maymoni.jpg 1074w, https:\/\/jorgezanoni.com.br\/2019\/wp-content\/uploads\/2020\/05\/Tatiane-Maymoni-300x261.jpg 300w, https:\/\/jorgezanoni.com.br\/2019\/wp-content\/uploads\/2020\/05\/Tatiane-Maymoni-1024x891.jpg 1024w, https:\/\/jorgezanoni.com.br\/2019\/wp-content\/uploads\/2020\/05\/Tatiane-Maymoni-768x669.jpg 768w, https:\/\/jorgezanoni.com.br\/2019\/wp-content\/uploads\/2020\/05\/Tatiane-Maymoni-696x606.jpg 696w, https:\/\/jorgezanoni.com.br\/2019\/wp-content\/uploads\/2020\/05\/Tatiane-Maymoni-1068x930.jpg 1068w, https:\/\/jorgezanoni.com.br\/2019\/wp-content\/uploads\/2020\/05\/Tatiane-Maymoni-482x420.jpg 482w\" sizes=\"auto, (max-width: 1074px) 100vw, 1074px\" \/>M\u00e3e\u00a0Tatiane Maymoni<\/p>\n<p><img loading=\"lazy\" decoding=\"async\" class=\"alignnone size-full wp-image-25810\" src=\"https:\/\/jorgezanoni.com.br\/2019\/wp-content\/uploads\/2020\/05\/Tereza-e-a-filha-Patricia-Ferreira-de-Oliveira-Pocaia.jpg\" alt=\"\" width=\"543\" height=\"540\" srcset=\"https:\/\/jorgezanoni.com.br\/2019\/wp-content\/uploads\/2020\/05\/Tereza-e-a-filha-Patricia-Ferreira-de-Oliveira-Pocaia.jpg 543w, https:\/\/jorgezanoni.com.br\/2019\/wp-content\/uploads\/2020\/05\/Tereza-e-a-filha-Patricia-Ferreira-de-Oliveira-Pocaia-300x298.jpg 300w, https:\/\/jorgezanoni.com.br\/2019\/wp-content\/uploads\/2020\/05\/Tereza-e-a-filha-Patricia-Ferreira-de-Oliveira-Pocaia-150x150.jpg 150w, https:\/\/jorgezanoni.com.br\/2019\/wp-content\/uploads\/2020\/05\/Tereza-e-a-filha-Patricia-Ferreira-de-Oliveira-Pocaia-422x420.jpg 422w\" sizes=\"auto, (max-width: 543px) 100vw, 543px\" \/> M\u00e3e Tereza com a filha Patrica Ferreira de Oliveira Pocaia<\/p>\n<p><img loading=\"lazy\" decoding=\"async\" class=\"alignnone size-full wp-image-25811\" src=\"https:\/\/jorgezanoni.com.br\/2019\/wp-content\/uploads\/2020\/05\/Terezinha-Freitas-e-seu-filho-Bruno-Brandino..jpg\" alt=\"\" width=\"1280\" height=\"853\" srcset=\"https:\/\/jorgezanoni.com.br\/2019\/wp-content\/uploads\/2020\/05\/Terezinha-Freitas-e-seu-filho-Bruno-Brandino..jpg 1280w, https:\/\/jorgezanoni.com.br\/2019\/wp-content\/uploads\/2020\/05\/Terezinha-Freitas-e-seu-filho-Bruno-Brandino.-300x200.jpg 300w, https:\/\/jorgezanoni.com.br\/2019\/wp-content\/uploads\/2020\/05\/Terezinha-Freitas-e-seu-filho-Bruno-Brandino.-1024x682.jpg 1024w, https:\/\/jorgezanoni.com.br\/2019\/wp-content\/uploads\/2020\/05\/Terezinha-Freitas-e-seu-filho-Bruno-Brandino.-768x512.jpg 768w, https:\/\/jorgezanoni.com.br\/2019\/wp-content\/uploads\/2020\/05\/Terezinha-Freitas-e-seu-filho-Bruno-Brandino.-696x464.jpg 696w, https:\/\/jorgezanoni.com.br\/2019\/wp-content\/uploads\/2020\/05\/Terezinha-Freitas-e-seu-filho-Bruno-Brandino.-1068x712.jpg 1068w, https:\/\/jorgezanoni.com.br\/2019\/wp-content\/uploads\/2020\/05\/Terezinha-Freitas-e-seu-filho-Bruno-Brandino.-630x420.jpg 630w\" sizes=\"auto, (max-width: 1280px) 100vw, 1280px\" \/>Bruno Brandino com sua m\u00e3e Terezinha Freitas<\/p>\n<p><img loading=\"lazy\" decoding=\"async\" class=\"alignnone size-full wp-image-25812\" src=\"https:\/\/jorgezanoni.com.br\/2019\/wp-content\/uploads\/2020\/05\/Terezinha-Santos-Balotin.jpg\" alt=\"\" width=\"606\" height=\"1280\" srcset=\"https:\/\/jorgezanoni.com.br\/2019\/wp-content\/uploads\/2020\/05\/Terezinha-Santos-Balotin.jpg 606w, https:\/\/jorgezanoni.com.br\/2019\/wp-content\/uploads\/2020\/05\/Terezinha-Santos-Balotin-142x300.jpg 142w, https:\/\/jorgezanoni.com.br\/2019\/wp-content\/uploads\/2020\/05\/Terezinha-Santos-Balotin-485x1024.jpg 485w, https:\/\/jorgezanoni.com.br\/2019\/wp-content\/uploads\/2020\/05\/Terezinha-Santos-Balotin-199x420.jpg 199w\" sizes=\"auto, (max-width: 606px) 100vw, 606px\" \/> M\u00e3e Terezinha Santos Balotin<\/p>\n<p><img loading=\"lazy\" decoding=\"async\" class=\"alignnone size-full wp-image-25813\" src=\"https:\/\/jorgezanoni.com.br\/2019\/wp-content\/uploads\/2020\/05\/UM-GRANDE-ABRA\u00c7O-\u00c0-TODAS-MAM\u00c3ES-EM-ESPECIAL-PRA-MINHA-M\u00c3E-ELZA-BEIJOS-DO-SEU-FILHO-ALESSANDRO-QUE-DEUS-TE-ILUMINE..jpg\" alt=\"\" width=\"1080\" height=\"1440\" srcset=\"https:\/\/jorgezanoni.com.br\/2019\/wp-content\/uploads\/2020\/05\/UM-GRANDE-ABRA\u00c7O-\u00c0-TODAS-MAM\u00c3ES-EM-ESPECIAL-PRA-MINHA-M\u00c3E-ELZA-BEIJOS-DO-SEU-FILHO-ALESSANDRO-QUE-DEUS-TE-ILUMINE..jpg 1080w, https:\/\/jorgezanoni.com.br\/2019\/wp-content\/uploads\/2020\/05\/UM-GRANDE-ABRA\u00c7O-\u00c0-TODAS-MAM\u00c3ES-EM-ESPECIAL-PRA-MINHA-M\u00c3E-ELZA-BEIJOS-DO-SEU-FILHO-ALESSANDRO-QUE-DEUS-TE-ILUMINE.-225x300.jpg 225w, https:\/\/jorgezanoni.com.br\/2019\/wp-content\/uploads\/2020\/05\/UM-GRANDE-ABRA\u00c7O-\u00c0-TODAS-MAM\u00c3ES-EM-ESPECIAL-PRA-MINHA-M\u00c3E-ELZA-BEIJOS-DO-SEU-FILHO-ALESSANDRO-QUE-DEUS-TE-ILUMINE.-768x1024.jpg 768w, https:\/\/jorgezanoni.com.br\/2019\/wp-content\/uploads\/2020\/05\/UM-GRANDE-ABRA\u00c7O-\u00c0-TODAS-MAM\u00c3ES-EM-ESPECIAL-PRA-MINHA-M\u00c3E-ELZA-BEIJOS-DO-SEU-FILHO-ALESSANDRO-QUE-DEUS-TE-ILUMINE.-696x928.jpg 696w, https:\/\/jorgezanoni.com.br\/2019\/wp-content\/uploads\/2020\/05\/UM-GRANDE-ABRA\u00c7O-\u00c0-TODAS-MAM\u00c3ES-EM-ESPECIAL-PRA-MINHA-M\u00c3E-ELZA-BEIJOS-DO-SEU-FILHO-ALESSANDRO-QUE-DEUS-TE-ILUMINE.-1068x1424.jpg 1068w, https:\/\/jorgezanoni.com.br\/2019\/wp-content\/uploads\/2020\/05\/UM-GRANDE-ABRA\u00c7O-\u00c0-TODAS-MAM\u00c3ES-EM-ESPECIAL-PRA-MINHA-M\u00c3E-ELZA-BEIJOS-DO-SEU-FILHO-ALESSANDRO-QUE-DEUS-TE-ILUMINE.-315x420.jpg 315w\" sizes=\"auto, (max-width: 1080px) 100vw, 1080px\" \/>Alessandro e sua m\u00e3e Elza<\/p>\n<p><img loading=\"lazy\" decoding=\"async\" class=\"alignnone size-full wp-image-25814\" src=\"https:\/\/jorgezanoni.com.br\/2019\/wp-content\/uploads\/2020\/05\/Valentina-e-Jaqueline-Guimar\u00e3es.jpg\" alt=\"\" width=\"512\" height=\"384\" srcset=\"https:\/\/jorgezanoni.com.br\/2019\/wp-content\/uploads\/2020\/05\/Valentina-e-Jaqueline-Guimar\u00e3es.jpg 512w, https:\/\/jorgezanoni.com.br\/2019\/wp-content\/uploads\/2020\/05\/Valentina-e-Jaqueline-Guimar\u00e3es-300x225.jpg 300w, https:\/\/jorgezanoni.com.br\/2019\/wp-content\/uploads\/2020\/05\/Valentina-e-Jaqueline-Guimar\u00e3es-80x60.jpg 80w, https:\/\/jorgezanoni.com.br\/2019\/wp-content\/uploads\/2020\/05\/Valentina-e-Jaqueline-Guimar\u00e3es-265x198.jpg 265w\" sizes=\"auto, (max-width: 512px) 100vw, 512px\" \/> M\u00e3e Valentina e Jaqueline Guimar\u00e3es<\/p>\n<p><img loading=\"lazy\" decoding=\"async\" class=\"alignnone size-full wp-image-25815\" src=\"https:\/\/jorgezanoni.com.br\/2019\/wp-content\/uploads\/2020\/05\/Vanda-09-05.jpg\" alt=\"\" width=\"960\" height=\"1280\" srcset=\"https:\/\/jorgezanoni.com.br\/2019\/wp-content\/uploads\/2020\/05\/Vanda-09-05.jpg 960w, https:\/\/jorgezanoni.com.br\/2019\/wp-content\/uploads\/2020\/05\/Vanda-09-05-225x300.jpg 225w, https:\/\/jorgezanoni.com.br\/2019\/wp-content\/uploads\/2020\/05\/Vanda-09-05-768x1024.jpg 768w, https:\/\/jorgezanoni.com.br\/2019\/wp-content\/uploads\/2020\/05\/Vanda-09-05-696x928.jpg 696w, https:\/\/jorgezanoni.com.br\/2019\/wp-content\/uploads\/2020\/05\/Vanda-09-05-315x420.jpg 315w\" sizes=\"auto, (max-width: 960px) 100vw, 960px\" \/>M\u00e3e Vanda Matias<\/p>\n<p><img loading=\"lazy\" decoding=\"async\" class=\"alignnone size-full wp-image-25817\" src=\"https:\/\/jorgezanoni.com.br\/2019\/wp-content\/uploads\/2020\/05\/Vanilza-m\u00e3e-com-Larissa-Scarabelli-filha.jpg\" alt=\"\" width=\"796\" height=\"770\" srcset=\"https:\/\/jorgezanoni.com.br\/2019\/wp-content\/uploads\/2020\/05\/Vanilza-m\u00e3e-com-Larissa-Scarabelli-filha.jpg 796w, https:\/\/jorgezanoni.com.br\/2019\/wp-content\/uploads\/2020\/05\/Vanilza-m\u00e3e-com-Larissa-Scarabelli-filha-300x290.jpg 300w, https:\/\/jorgezanoni.com.br\/2019\/wp-content\/uploads\/2020\/05\/Vanilza-m\u00e3e-com-Larissa-Scarabelli-filha-768x743.jpg 768w, https:\/\/jorgezanoni.com.br\/2019\/wp-content\/uploads\/2020\/05\/Vanilza-m\u00e3e-com-Larissa-Scarabelli-filha-696x673.jpg 696w, https:\/\/jorgezanoni.com.br\/2019\/wp-content\/uploads\/2020\/05\/Vanilza-m\u00e3e-com-Larissa-Scarabelli-filha-434x420.jpg 434w\" sizes=\"auto, (max-width: 796px) 100vw, 796px\" \/>Larissa Scarabelli com a m\u00e3e Vanilza<\/p>\n<p><img loading=\"lazy\" decoding=\"async\" class=\"alignnone size-full wp-image-25818\" src=\"https:\/\/jorgezanoni.com.br\/2019\/wp-content\/uploads\/2020\/05\/Viviane-Helena-e-Gabriel-Buffulin.jpg\" alt=\"\" width=\"1280\" height=\"1280\" srcset=\"https:\/\/jorgezanoni.com.br\/2019\/wp-content\/uploads\/2020\/05\/Viviane-Helena-e-Gabriel-Buffulin.jpg 1280w, https:\/\/jorgezanoni.com.br\/2019\/wp-content\/uploads\/2020\/05\/Viviane-Helena-e-Gabriel-Buffulin-300x300.jpg 300w, https:\/\/jorgezanoni.com.br\/2019\/wp-content\/uploads\/2020\/05\/Viviane-Helena-e-Gabriel-Buffulin-1024x1024.jpg 1024w, https:\/\/jorgezanoni.com.br\/2019\/wp-content\/uploads\/2020\/05\/Viviane-Helena-e-Gabriel-Buffulin-150x150.jpg 150w, https:\/\/jorgezanoni.com.br\/2019\/wp-content\/uploads\/2020\/05\/Viviane-Helena-e-Gabriel-Buffulin-768x768.jpg 768w, https:\/\/jorgezanoni.com.br\/2019\/wp-content\/uploads\/2020\/05\/Viviane-Helena-e-Gabriel-Buffulin-696x696.jpg 696w, https:\/\/jorgezanoni.com.br\/2019\/wp-content\/uploads\/2020\/05\/Viviane-Helena-e-Gabriel-Buffulin-1068x1068.jpg 1068w, https:\/\/jorgezanoni.com.br\/2019\/wp-content\/uploads\/2020\/05\/Viviane-Helena-e-Gabriel-Buffulin-420x420.jpg 420w\" sizes=\"auto, (max-width: 1280px) 100vw, 1280px\" \/>Gabriel Bufflin com a m\u00e3e Viviane Helena<\/p>\n<p><img loading=\"lazy\" decoding=\"async\" class=\"alignnone size-full wp-image-25819\" src=\"https:\/\/jorgezanoni.com.br\/2019\/wp-content\/uploads\/2020\/05\/V\u00f3-Cida...M\u00e3e-Karen-e-os-filhos-Mariana-e-Miguel.jpg\" alt=\"\" width=\"1032\" height=\"581\" srcset=\"https:\/\/jorgezanoni.com.br\/2019\/wp-content\/uploads\/2020\/05\/V\u00f3-Cida...M\u00e3e-Karen-e-os-filhos-Mariana-e-Miguel.jpg 1032w, https:\/\/jorgezanoni.com.br\/2019\/wp-content\/uploads\/2020\/05\/V\u00f3-Cida...M\u00e3e-Karen-e-os-filhos-Mariana-e-Miguel-300x169.jpg 300w, https:\/\/jorgezanoni.com.br\/2019\/wp-content\/uploads\/2020\/05\/V\u00f3-Cida...M\u00e3e-Karen-e-os-filhos-Mariana-e-Miguel-1024x576.jpg 1024w, https:\/\/jorgezanoni.com.br\/2019\/wp-content\/uploads\/2020\/05\/V\u00f3-Cida...M\u00e3e-Karen-e-os-filhos-Mariana-e-Miguel-768x432.jpg 768w, https:\/\/jorgezanoni.com.br\/2019\/wp-content\/uploads\/2020\/05\/V\u00f3-Cida...M\u00e3e-Karen-e-os-filhos-Mariana-e-Miguel-696x392.jpg 696w, https:\/\/jorgezanoni.com.br\/2019\/wp-content\/uploads\/2020\/05\/V\u00f3-Cida...M\u00e3e-Karen-e-os-filhos-Mariana-e-Miguel-746x420.jpg 746w\" sizes=\"auto, (max-width: 1032px) 100vw, 1032px\" \/>V\u00f3 Cida, m\u00e3e Karen e os filhos Mariana e Miguel<\/p>\n<p><img loading=\"lazy\" decoding=\"async\" class=\"alignnone size-full wp-image-25820\" src=\"https:\/\/jorgezanoni.com.br\/2019\/wp-content\/uploads\/2020\/05\/Zilma-Alves-filhos-Flavio-Ricardo-e-Andr\u00e9.jpg\" alt=\"\" width=\"528\" height=\"960\" srcset=\"https:\/\/jorgezanoni.com.br\/2019\/wp-content\/uploads\/2020\/05\/Zilma-Alves-filhos-Flavio-Ricardo-e-Andr\u00e9.jpg 528w, https:\/\/jorgezanoni.com.br\/2019\/wp-content\/uploads\/2020\/05\/Zilma-Alves-filhos-Flavio-Ricardo-e-Andr\u00e9-165x300.jpg 165w, https:\/\/jorgezanoni.com.br\/2019\/wp-content\/uploads\/2020\/05\/Zilma-Alves-filhos-Flavio-Ricardo-e-Andr\u00e9-231x420.jpg 231w\" sizes=\"auto, (max-width: 528px) 100vw, 528px\" \/>Filhos Fl\u00e1vio, Ricardo e Andr\u00e9 com a m\u00e3e Zilma Alves<\/p>\n<p>O SITE JZ PARABENIZA TODAS AS M\u00c3ES, ESPECIALMENTE AQUELAS QUE ACOMPANHAM NOSSO SITE&#8230;.&#8221;FELIZ DIA DAS M\u00c3ES&#8221;.<\/p>\n<p>&nbsp;<\/p>\n<p>&nbsp;<\/p>\n","protected":false},"excerpt":{"rendered":"<p>Inovando, parabenizando e agradecendo a cada &#8220;M\u00e3e&#8221; que nos d\u00e1 a honra de ser frequentadora ass\u00edduo das not\u00edcias do Site Jorge Zanoni todos os dias, presenteamos voc\u00ea com uma singela homenagem daqueles que te amam. Feliz &#8220;Dia das M\u00e3es&#8221; Ac\u00farcio Alfredo Gomes e a m\u00e3e dona Adelina M\u00e3es Adelina Pereira Rodrigues, Juliana Souza e Suh [&hellip;]<\/p>\n","protected":false},"author":1,"featured_media":25821,"comment_status":"closed","ping_status":"open","sticky":false,"template":"","format":"standard","meta":{"footnotes":""},"categories":[181,110],"tags":[],"class_list":["post-25586","post","type-post","status-publish","format-standard","has-post-thumbnail","hentry","category-galeriadefotos","category-noticiasdestaque"],"_links":{"self":[{"href":"https:\/\/jorgezanoni.com.br\/2019\/wp-json\/wp\/v2\/posts\/25586","targetHints":{"allow":["GET"]}}],"collection":[{"href":"https:\/\/jorgezanoni.com.br\/2019\/wp-json\/wp\/v2\/posts"}],"about":[{"href":"https:\/\/jorgezanoni.com.br\/2019\/wp-json\/wp\/v2\/types\/post"}],"author":[{"embeddable":true,"href":"https:\/\/jorgezanoni.com.br\/2019\/wp-json\/wp\/v2\/users\/1"}],"replies":[{"embeddable":true,"href":"https:\/\/jorgezanoni.com.br\/2019\/wp-json\/wp\/v2\/comments?post=25586"}],"version-history":[{"count":0,"href":"https:\/\/jorgezanoni.com.br\/2019\/wp-json\/wp\/v2\/posts\/25586\/revisions"}],"wp:featuredmedia":[{"embeddable":true,"href":"https:\/\/jorgezanoni.com.br\/2019\/wp-json\/wp\/v2\/media\/25821"}],"wp:attachment":[{"href":"https:\/\/jorgezanoni.com.br\/2019\/wp-json\/wp\/v2\/media?parent=25586"}],"wp:term":[{"taxonomy":"category","embeddable":true,"href":"https:\/\/jorgezanoni.com.br\/2019\/wp-json\/wp\/v2\/categories?post=25586"},{"taxonomy":"post_tag","embeddable":true,"href":"https:\/\/jorgezanoni.com.br\/2019\/wp-json\/wp\/v2\/tags?post=25586"}],"curies":[{"name":"wp","href":"https:\/\/api.w.org\/{rel}","templated":true}]}}