{"id":25563,"date":"2020-05-09T19:46:00","date_gmt":"2020-05-09T19:46:00","guid":{"rendered":"https:\/\/jorgezanoni.com.br\/2019\/?p=25563"},"modified":"2020-05-09T19:46:00","modified_gmt":"2020-05-09T19:46:00","slug":"parceria-entre-santa-casa-de-dracena-e-fundec-capacita-profissionais-para-operar-respiradores","status":"publish","type":"post","link":"https:\/\/jorgezanoni.com.br\/2019\/parceria-entre-santa-casa-de-dracena-e-fundec-capacita-profissionais-para-operar-respiradores\/","title":{"rendered":"Parceria entre Santa Casa de Dracena e Fundec capacita profissionais para operar respiradores"},"content":{"rendered":"<p style=\"text-align: justify;\"><strong><u>CAPACITA\u00c7\u00c3O EM RESPIRADORES <\/u><\/strong><\/p>\n<p style=\"text-align: justify;\"><strong><u>PELA EQUIPE DA SANTA CASA DE DRACENA<\/u><\/strong><\/p>\n<p style=\"text-align: justify;\">Os profissionais que laboram na unidade de tratamento intensivo da <strong>SANTA CASA DE DRACENA<\/strong>, promoveu em conjunto com a <strong>Funda\u00e7\u00e3o Dracenense de Educa\u00e7\u00e3o e Cultura \u2013 FUNDEC<\/strong>, no \u00e2mbito do enfrentamento da pandemia causada pela SARS-COV2, capacita\u00e7\u00e3o t\u00e9cnica dos profissionais da sa\u00fade em Manobras de Intuba\u00e7\u00e3o Orotraqueal e Manuten\u00e7\u00e3o dos Par\u00e2metros Ventilat\u00f3rios com Respiradores Pulmonares, realizada na Faculdade de Medicina local, com participantes dos servi\u00e7os de sa\u00fade dos Munic\u00edpios de Tupi Paulista e Junqueir\u00f3polis.<\/p>\n<p style=\"text-align: justify;\">A capacita\u00e7\u00e3o foi ministrada pelo Diretor Cl\u00ednico, M\u00e9dico Regulador e atuante no servi\u00e7o de tratamento da Santa Casa \u2013 <strong>Dr. Adolfo Mansano Garcia<\/strong>, pelo gerente de enfermagem do hospital, enfermeiro <strong>Ismael Fabiano Batista<\/strong> e pelafisioterapeuta atuante na \u00e1rea de terapia intensiva<strong>Ana Gabriela Nogueira da Silva.<\/strong><\/p>\n<p style=\"text-align: justify;\">O evento serviu para treinar e capacitar os profissionais m\u00e9dicos e fisioterapeutas que na pr\u00e1tica laboram na intuba\u00e7\u00e3o e manuten\u00e7\u00e3o de ventila\u00e7\u00e3o mec\u00e2nica necess\u00e1rios para o tratamento da forma grave do Novo Coronavirus &#8211; SARS-COV2.<\/p>\n<p style=\"text-align: justify;\">Os participantes receberam a capacita\u00e7\u00e3o gratuitamente, num trabalho de coopera\u00e7\u00e3o da <strong>SANTA CASA DE DRACENA<\/strong>, a Funda\u00e7\u00e3o Dracenense de Educa\u00e7\u00e3o e Cultura e a empresa Center F\u00edsio Dracena Ltda., que ao final do treinamento manifestaram contentamento pelos conhecimentos adquiridos, ressaltando a necessidade do interc\u00e2mbio de informa\u00e7\u00f5es para melhor desempenho das fun\u00e7\u00f5es, acentuadamente em per\u00edodo de crise na sa\u00fade p\u00fablica.<\/p>\n<p><img loading=\"lazy\" decoding=\"async\" class=\"alignnone size-full wp-image-25564\" src=\"https:\/\/jorgezanoni.com.br\/2019\/wp-content\/uploads\/2020\/05\/santa-1.jpg\" alt=\"\" width=\"1280\" height=\"720\" srcset=\"https:\/\/jorgezanoni.com.br\/2019\/wp-content\/uploads\/2020\/05\/santa-1.jpg 1280w, https:\/\/jorgezanoni.com.br\/2019\/wp-content\/uploads\/2020\/05\/santa-1-300x169.jpg 300w, https:\/\/jorgezanoni.com.br\/2019\/wp-content\/uploads\/2020\/05\/santa-1-1024x576.jpg 1024w, https:\/\/jorgezanoni.com.br\/2019\/wp-content\/uploads\/2020\/05\/santa-1-768x432.jpg 768w, https:\/\/jorgezanoni.com.br\/2019\/wp-content\/uploads\/2020\/05\/santa-1-696x392.jpg 696w, https:\/\/jorgezanoni.com.br\/2019\/wp-content\/uploads\/2020\/05\/santa-1-1068x601.jpg 1068w, https:\/\/jorgezanoni.com.br\/2019\/wp-content\/uploads\/2020\/05\/santa-1-747x420.jpg 747w\" sizes=\"auto, (max-width: 1280px) 100vw, 1280px\" \/> <img loading=\"lazy\" decoding=\"async\" class=\"alignnone size-full wp-image-25565\" src=\"https:\/\/jorgezanoni.com.br\/2019\/wp-content\/uploads\/2020\/05\/santa1-2.jpg\" alt=\"\" width=\"1280\" height=\"720\" srcset=\"https:\/\/jorgezanoni.com.br\/2019\/wp-content\/uploads\/2020\/05\/santa1-2.jpg 1280w, https:\/\/jorgezanoni.com.br\/2019\/wp-content\/uploads\/2020\/05\/santa1-2-300x169.jpg 300w, https:\/\/jorgezanoni.com.br\/2019\/wp-content\/uploads\/2020\/05\/santa1-2-1024x576.jpg 1024w, https:\/\/jorgezanoni.com.br\/2019\/wp-content\/uploads\/2020\/05\/santa1-2-768x432.jpg 768w, https:\/\/jorgezanoni.com.br\/2019\/wp-content\/uploads\/2020\/05\/santa1-2-696x392.jpg 696w, https:\/\/jorgezanoni.com.br\/2019\/wp-content\/uploads\/2020\/05\/santa1-2-1068x601.jpg 1068w, https:\/\/jorgezanoni.com.br\/2019\/wp-content\/uploads\/2020\/05\/santa1-2-747x420.jpg 747w\" sizes=\"auto, (max-width: 1280px) 100vw, 1280px\" \/> <img loading=\"lazy\" decoding=\"async\" class=\"alignnone size-full wp-image-25566\" src=\"https:\/\/jorgezanoni.com.br\/2019\/wp-content\/uploads\/2020\/05\/santa2-1.jpg\" alt=\"\" width=\"1280\" height=\"720\" srcset=\"https:\/\/jorgezanoni.com.br\/2019\/wp-content\/uploads\/2020\/05\/santa2-1.jpg 1280w, https:\/\/jorgezanoni.com.br\/2019\/wp-content\/uploads\/2020\/05\/santa2-1-300x169.jpg 300w, https:\/\/jorgezanoni.com.br\/2019\/wp-content\/uploads\/2020\/05\/santa2-1-1024x576.jpg 1024w, https:\/\/jorgezanoni.com.br\/2019\/wp-content\/uploads\/2020\/05\/santa2-1-768x432.jpg 768w, https:\/\/jorgezanoni.com.br\/2019\/wp-content\/uploads\/2020\/05\/santa2-1-696x392.jpg 696w, https:\/\/jorgezanoni.com.br\/2019\/wp-content\/uploads\/2020\/05\/santa2-1-1068x601.jpg 1068w, https:\/\/jorgezanoni.com.br\/2019\/wp-content\/uploads\/2020\/05\/santa2-1-747x420.jpg 747w\" sizes=\"auto, (max-width: 1280px) 100vw, 1280px\" \/> <img loading=\"lazy\" decoding=\"async\" class=\"alignnone size-full wp-image-25567\" src=\"https:\/\/jorgezanoni.com.br\/2019\/wp-content\/uploads\/2020\/05\/santa3.jpg\" alt=\"\" width=\"1280\" height=\"720\" srcset=\"https:\/\/jorgezanoni.com.br\/2019\/wp-content\/uploads\/2020\/05\/santa3.jpg 1280w, https:\/\/jorgezanoni.com.br\/2019\/wp-content\/uploads\/2020\/05\/santa3-300x169.jpg 300w, https:\/\/jorgezanoni.com.br\/2019\/wp-content\/uploads\/2020\/05\/santa3-1024x576.jpg 1024w, https:\/\/jorgezanoni.com.br\/2019\/wp-content\/uploads\/2020\/05\/santa3-768x432.jpg 768w, https:\/\/jorgezanoni.com.br\/2019\/wp-content\/uploads\/2020\/05\/santa3-696x392.jpg 696w, https:\/\/jorgezanoni.com.br\/2019\/wp-content\/uploads\/2020\/05\/santa3-1068x601.jpg 1068w, https:\/\/jorgezanoni.com.br\/2019\/wp-content\/uploads\/2020\/05\/santa3-747x420.jpg 747w\" sizes=\"auto, (max-width: 1280px) 100vw, 1280px\" \/> <img loading=\"lazy\" decoding=\"async\" class=\"alignnone size-full wp-image-25568\" src=\"https:\/\/jorgezanoni.com.br\/2019\/wp-content\/uploads\/2020\/05\/santa4.jpg\" alt=\"\" width=\"1280\" height=\"960\" srcset=\"https:\/\/jorgezanoni.com.br\/2019\/wp-content\/uploads\/2020\/05\/santa4.jpg 1280w, https:\/\/jorgezanoni.com.br\/2019\/wp-content\/uploads\/2020\/05\/santa4-300x225.jpg 300w, https:\/\/jorgezanoni.com.br\/2019\/wp-content\/uploads\/2020\/05\/santa4-1024x768.jpg 1024w, https:\/\/jorgezanoni.com.br\/2019\/wp-content\/uploads\/2020\/05\/santa4-768x576.jpg 768w, https:\/\/jorgezanoni.com.br\/2019\/wp-content\/uploads\/2020\/05\/santa4-80x60.jpg 80w, https:\/\/jorgezanoni.com.br\/2019\/wp-content\/uploads\/2020\/05\/santa4-265x198.jpg 265w, https:\/\/jorgezanoni.com.br\/2019\/wp-content\/uploads\/2020\/05\/santa4-696x522.jpg 696w, https:\/\/jorgezanoni.com.br\/2019\/wp-content\/uploads\/2020\/05\/santa4-1068x801.jpg 1068w, https:\/\/jorgezanoni.com.br\/2019\/wp-content\/uploads\/2020\/05\/santa4-560x420.jpg 560w\" sizes=\"auto, (max-width: 1280px) 100vw, 1280px\" \/> <img loading=\"lazy\" decoding=\"async\" class=\"alignnone size-full wp-image-25570\" src=\"https:\/\/jorgezanoni.com.br\/2019\/wp-content\/uploads\/2020\/05\/santa6.jpg\" alt=\"\" width=\"1280\" height=\"720\" srcset=\"https:\/\/jorgezanoni.com.br\/2019\/wp-content\/uploads\/2020\/05\/santa6.jpg 1280w, https:\/\/jorgezanoni.com.br\/2019\/wp-content\/uploads\/2020\/05\/santa6-300x169.jpg 300w, https:\/\/jorgezanoni.com.br\/2019\/wp-content\/uploads\/2020\/05\/santa6-1024x576.jpg 1024w, https:\/\/jorgezanoni.com.br\/2019\/wp-content\/uploads\/2020\/05\/santa6-768x432.jpg 768w, https:\/\/jorgezanoni.com.br\/2019\/wp-content\/uploads\/2020\/05\/santa6-696x392.jpg 696w, https:\/\/jorgezanoni.com.br\/2019\/wp-content\/uploads\/2020\/05\/santa6-1068x601.jpg 1068w, https:\/\/jorgezanoni.com.br\/2019\/wp-content\/uploads\/2020\/05\/santa6-747x420.jpg 747w\" sizes=\"auto, (max-width: 1280px) 100vw, 1280px\" \/><\/p>\n<p style=\"text-align: justify;\">Fonte: Assessoria Santa Casa<\/p>\n<p style=\"text-align: justify;\">\n<p style=\"text-align: justify;\">\n","protected":false},"excerpt":{"rendered":"<p>CAPACITA\u00c7\u00c3O EM RESPIRADORES PELA EQUIPE DA SANTA CASA DE DRACENA Os profissionais que laboram na unidade de tratamento intensivo da SANTA CASA DE DRACENA, promoveu em conjunto com a Funda\u00e7\u00e3o Dracenense de Educa\u00e7\u00e3o e Cultura \u2013 FUNDEC, no \u00e2mbito do enfrentamento da pandemia causada pela SARS-COV2, capacita\u00e7\u00e3o t\u00e9cnica dos profissionais da sa\u00fade em Manobras de [&hellip;]<\/p>\n","protected":false},"author":1,"featured_media":25569,"comment_status":"closed","ping_status":"open","sticky":false,"template":"","format":"standard","meta":{"footnotes":""},"categories":[110,122],"tags":[],"class_list":["post-25563","post","type-post","status-publish","format-standard","has-post-thumbnail","hentry","category-noticiasdestaque","category-saudeeducacaoeconcurso"],"_links":{"self":[{"href":"https:\/\/jorgezanoni.com.br\/2019\/wp-json\/wp\/v2\/posts\/25563","targetHints":{"allow":["GET"]}}],"collection":[{"href":"https:\/\/jorgezanoni.com.br\/2019\/wp-json\/wp\/v2\/posts"}],"about":[{"href":"https:\/\/jorgezanoni.com.br\/2019\/wp-json\/wp\/v2\/types\/post"}],"author":[{"embeddable":true,"href":"https:\/\/jorgezanoni.com.br\/2019\/wp-json\/wp\/v2\/users\/1"}],"replies":[{"embeddable":true,"href":"https:\/\/jorgezanoni.com.br\/2019\/wp-json\/wp\/v2\/comments?post=25563"}],"version-history":[{"count":0,"href":"https:\/\/jorgezanoni.com.br\/2019\/wp-json\/wp\/v2\/posts\/25563\/revisions"}],"wp:featuredmedia":[{"embeddable":true,"href":"https:\/\/jorgezanoni.com.br\/2019\/wp-json\/wp\/v2\/media\/25569"}],"wp:attachment":[{"href":"https:\/\/jorgezanoni.com.br\/2019\/wp-json\/wp\/v2\/media?parent=25563"}],"wp:term":[{"taxonomy":"category","embeddable":true,"href":"https:\/\/jorgezanoni.com.br\/2019\/wp-json\/wp\/v2\/categories?post=25563"},{"taxonomy":"post_tag","embeddable":true,"href":"https:\/\/jorgezanoni.com.br\/2019\/wp-json\/wp\/v2\/tags?post=25563"}],"curies":[{"name":"wp","href":"https:\/\/api.w.org\/{rel}","templated":true}]}}