{"id":25560,"date":"2020-05-09T19:29:24","date_gmt":"2020-05-09T19:29:24","guid":{"rendered":"https:\/\/jorgezanoni.com.br\/2019\/?p=25560"},"modified":"2020-05-09T19:29:24","modified_gmt":"2020-05-09T19:29:24","slug":"confira-o-plantao-policial-da-ultimas-horas-09-05-20","status":"publish","type":"post","link":"https:\/\/jorgezanoni.com.br\/2019\/confira-o-plantao-policial-da-ultimas-horas-09-05-20\/","title":{"rendered":"Confira o Plant\u00e3o Policial da \u00faltimas horas 09\/05\/20"},"content":{"rendered":"<p style=\"text-align: justify;\"><strong>EM DRACENA FLAGRANTE: POL\u00cdCIA MILITAR EVITA FURTO A ESTABELECIMENTO COMERCIAL.\u00a0 <\/strong><\/p>\n<p style=\"text-align: justify;\">Tentativa de furto &#8211; flagrante.<\/p>\n<p style=\"text-align: justify;\">Data: 08MAI20 \u00e0s 02h10min.<\/p>\n<p style=\"text-align: justify;\">Local: Rua Ana Beatriz Ramalho Pereira\u2013Dracena\/SP.<\/p>\n<p style=\"text-align: justify;\">Indiciado: masculino 47anos.<\/p>\n<p style=\"text-align: justify;\">Na data de hoje (08) por volta das 02h10min equipe da For\u00e7a T\u00e1tica do 25\u00ba BPM\/I em patrulhamento pela cidade de Dracena, deparou-se com um indiv\u00edduo de 47 anos sentado no ch\u00e3o for\u00e7ando uma das portas de um minimercado, assim foi abordado e questionado a respeito, confessando a inten\u00e7\u00e3o de cometer furto naquele local.<\/p>\n<p style=\"text-align: justify;\">Durante vistoria foram constatados o arrombamento de uma porta de grade e o dano em uma porta met\u00e1lica, realizado por uma talhadeira.<\/p>\n<p style=\"text-align: justify;\">Dado voz de pris\u00e3o ao indiv\u00edduo permanecendo a disposi\u00e7\u00e3o da Justi\u00e7a.<strong>\u00a0<\/strong><\/p>\n<p style=\"text-align: justify;\"><strong>EM PANORAMA, MAIS UMA A\u00c7\u00c3O DE FOR\u00c7A T\u00c1TICA ADOLESCENTE \u00c9 FLAGRADO VENDENDO DROGAS, TERMINA SEM SEU ESTOQUE DE VENDAS E ATR\u00c1S DAS GRADES.<\/strong><\/p>\n<p style=\"text-align: justify;\">Ato infracional\/Tr\u00e1fico de drogas &#8211; Flagrante.<\/p>\n<p style=\"text-align: justify;\">Data: 07MAI20 \u00e0s 21h40min.<\/p>\n<p style=\"text-align: justify;\">Local: Avenida Prestes Maia x Rua Quintino Maudonet \u2013 Panorama\/SP.<\/p>\n<p style=\"text-align: justify;\">Sindicado: masculino 15 anos.<\/p>\n<p style=\"text-align: justify;\">Apreens\u00f5es: 10 por\u00e7\u00f5es de crack (0,004 kg) e 01 celular marca Xiaomi.<\/p>\n<p style=\"text-align: justify;\">Na noite de ontem (07) por volta das 21h40min na cidade de Panorama, equipes da Pol\u00edcia Militar de For\u00e7a T\u00e1tica visualizaram um adolescente (15 anos) entregando algo a um indiv\u00edduo de bicicleta, ao perceber que seria abordado correu pulando muros e cercas nas proximidades sendo alcan\u00e7ado e abordado no interior da caixa d\u2019\u00e1gua da linha f\u00e9rrea, vindo a confessar a pr\u00e1tica de tr\u00e1fico de drogas, inclusive que teria vendido uma pedra de crack para o indiv\u00edduo de bicicleta, e indicou as equipes policiais o local onde estaria escondido as demais por\u00e7\u00f5es da mesma droga apreendida. Dado voz de apreens\u00e3o, permanecendo apreendido a disposi\u00e7\u00e3o da Justi\u00e7a.\u00a0<strong>\u00a0<\/strong><\/p>\n<p style=\"text-align: justify;\"><strong>EM TUPI PAULISTA: POL\u00cdCIA MILITAR ESCLARECE FURTO \u00c0 RESID\u00caNCIA.<\/strong><\/p>\n<p style=\"text-align: justify;\">Furto &#8211; Flagrante.<\/p>\n<p style=\"text-align: justify;\">Data: 07MAI20 \u00e0s 22h58min.<\/p>\n<p style=\"text-align: justify;\">Local: Rua Rafael Arielo \u2013 Jardim Aparecida &#8211; Tupi Paulista\/SP.<\/p>\n<p style=\"text-align: justify;\">Indiciado: masculino 37 anos.<\/p>\n<p style=\"text-align: justify;\">V\u00edtima: masculino 61 anos<\/p>\n<p style=\"text-align: justify;\">Na noite de ontem (07) por volta das 22h58min ap\u00f3s observa\u00e7\u00e3o de imagens de c\u00e2meras em uma resid\u00eancia furtada no dia 06\/05\/2020 foi poss\u00edvel o reconhecimento da autor e em patrulhamento ele foi localizado pela rua Rafael Aielo, pela via, sendo de imediato abordado e questionado sobre o fato de in\u00edcio negou a autoria, mas depois relatou a pr\u00e1tica do furto e informou que as vestimentas que ele trajava estava em sua casa e que autorizava a entrada dos policiais militares e entregaria as vestimentas. Na resid\u00eancia do autor foram localizados a camiseta e o bon\u00e9 que ele trajava na data dos fatos. Foi dado voz de pris\u00e3o em flagrante.<\/p>\n<p style=\"text-align: justify;\"><strong>HOMEM ROUBA IDOSA EM JUNQUEIR\u00d3POLIS.\u00a0 <\/strong><\/p>\n<p style=\"text-align: justify;\">Roubo.<\/p>\n<p style=\"text-align: justify;\">Data: 07MAI20 \u00e0s 20h15min.<\/p>\n<p style=\"text-align: justify;\">Local: Rua Porto Alegre \u2013 Centro &#8211; Junqueiropolis\/SP.<\/p>\n<p style=\"text-align: justify;\">V\u00edtima: feminino73 anos.<\/p>\n<p style=\"text-align: justify;\">Na data de ontem (06) por volta das 20h15min a Pol\u00edcia Militar na cidade de Junqueir\u00f3polis, foi acionada para uma ocorr\u00eancia de roubo, em que segundo declara\u00e7\u00f5es da v\u00edtima, uma mulher de 73 anos, que nesta noite quando estava no interior de sua casa esperando sua filha que viria para lhe fazer companhia, e adentrou ao local uma pessoa estatura baixa, com chap\u00e9u, trajando camiseta cinza e short e anunciou o roubo exigindo dinheiro e fazendo men\u00e7\u00e3o de estar armado, que neste momento ela foi at\u00e9 o quarto para pegar R$ 100,00 que tinha guardado , quando retornou o indiv\u00edduo estava tentando retirar a TV, ent\u00e3o pediu a ele que n\u00e3o levasse o objeto e lhe entregou o dinheiro, vindo o indiv\u00edduo a fugir. Foi efetuado intensas buscas, entretanto o autor n\u00e3o foi localizado<strong>.<\/strong><strong>\u00a0<\/strong><\/p>\n<p><strong>#25BPMI\u00a0\u00a0\u00a0\u00a0\u00a0\u00a0\u00a0\u00a0\u00a0\u00a0\u00a0\u00a0\u00a0\u00a0\u00a0\u00a0\u00a0 <\/strong><\/p>\n<p><strong>#POLICIAMILITARSP<\/strong><\/p>\n<p><strong>#AFOR\u00c7AP\u00daBLICADES\u00c3OPAULO<\/strong><\/p>\n<p><strong>COMUNICA\u00c7\u00c3O SOCIAL DO 25\u00ba BPM\/I &#8211; Dracena e regi\u00e3o.<\/strong><\/p>\n","protected":false},"excerpt":{"rendered":"<p>EM DRACENA FLAGRANTE: POL\u00cdCIA MILITAR EVITA FURTO A ESTABELECIMENTO COMERCIAL.\u00a0 Tentativa de furto &#8211; flagrante. Data: 08MAI20 \u00e0s 02h10min. Local: Rua Ana Beatriz Ramalho Pereira\u2013Dracena\/SP. Indiciado: masculino 47anos. Na data de hoje (08) por volta das 02h10min equipe da For\u00e7a T\u00e1tica do 25\u00ba BPM\/I em patrulhamento pela cidade de Dracena, deparou-se com um indiv\u00edduo de [&hellip;]<\/p>\n","protected":false},"author":1,"featured_media":25561,"comment_status":"closed","ping_status":"open","sticky":false,"template":"","format":"standard","meta":{"footnotes":""},"categories":[110,2],"tags":[],"class_list":["post-25560","post","type-post","status-publish","format-standard","has-post-thumbnail","hentry","category-noticiasdestaque","category-policial"],"_links":{"self":[{"href":"https:\/\/jorgezanoni.com.br\/2019\/wp-json\/wp\/v2\/posts\/25560","targetHints":{"allow":["GET"]}}],"collection":[{"href":"https:\/\/jorgezanoni.com.br\/2019\/wp-json\/wp\/v2\/posts"}],"about":[{"href":"https:\/\/jorgezanoni.com.br\/2019\/wp-json\/wp\/v2\/types\/post"}],"author":[{"embeddable":true,"href":"https:\/\/jorgezanoni.com.br\/2019\/wp-json\/wp\/v2\/users\/1"}],"replies":[{"embeddable":true,"href":"https:\/\/jorgezanoni.com.br\/2019\/wp-json\/wp\/v2\/comments?post=25560"}],"version-history":[{"count":0,"href":"https:\/\/jorgezanoni.com.br\/2019\/wp-json\/wp\/v2\/posts\/25560\/revisions"}],"wp:featuredmedia":[{"embeddable":true,"href":"https:\/\/jorgezanoni.com.br\/2019\/wp-json\/wp\/v2\/media\/25561"}],"wp:attachment":[{"href":"https:\/\/jorgezanoni.com.br\/2019\/wp-json\/wp\/v2\/media?parent=25560"}],"wp:term":[{"taxonomy":"category","embeddable":true,"href":"https:\/\/jorgezanoni.com.br\/2019\/wp-json\/wp\/v2\/categories?post=25560"},{"taxonomy":"post_tag","embeddable":true,"href":"https:\/\/jorgezanoni.com.br\/2019\/wp-json\/wp\/v2\/tags?post=25560"}],"curies":[{"name":"wp","href":"https:\/\/api.w.org\/{rel}","templated":true}]}}