{"id":25520,"date":"2020-05-09T03:43:34","date_gmt":"2020-05-09T03:43:34","guid":{"rendered":"https:\/\/jorgezanoni.com.br\/2019\/?p=25520"},"modified":"2020-05-09T03:43:34","modified_gmt":"2020-05-09T03:43:34","slug":"ordem-e-progresso","status":"publish","type":"post","link":"https:\/\/jorgezanoni.com.br\/2019\/ordem-e-progresso\/","title":{"rendered":"Ordem e Progresso"},"content":{"rendered":"<p style=\"text-align: justify;\"><strong>ORDEM E PROGRESSO<\/strong><\/p>\n<p style=\"text-align: justify;\"><strong>*CLAUDIVAL CLEMENTE.<\/strong><\/p>\n<p style=\"text-align: justify;\"><strong>**CLAUDIVAL MOURA CLEMENTE<\/strong><\/p>\n<p style=\"text-align: justify;\">A verdadeira democracia \u00e9 constitu\u00edda de alguns valores b\u00e1sicos, que em hip\u00f3tese alguma podem ser dispensados ou sequer afastados, pois colocam em risco a exist\u00eancia de uma sociedade civilizada.<\/p>\n<p style=\"text-align: justify;\">Alguns fatos recentes est\u00e3o demonstrando que certos valores s\u00e3o esquecidos, prejudicando o trabalho dos nossos antepassados na constru\u00e7\u00e3o de uma democracia moderna, n\u00e3o deixando de comentar, \u00e9 claro, os efeitos negativos que a intensa corrup\u00e7\u00e3o que assolou os cofres p\u00fablicos durante 13 anos, quando alguns partidos, tomaram a administra\u00e7\u00e3o federal do pa\u00eds, praticando o chamado \u201cgoverno de coaliz\u00e3o\u201d. Coaliz\u00e3o \u00e9 quando v\u00e1rios partidos se unem para governar um Estado, composto de partidos maiores e partidos menores, proporcionando ao governante a maioria no parlamento para aprova\u00e7\u00e3o de todos os projetos.<\/p>\n<p style=\"text-align: justify;\">No \u00faltimo domingo, por conta de uma manifesta\u00e7\u00e3o chamada de \u201cpac\u00edfica\u201d, soube-se da agress\u00e3o \u00e0 um fot\u00f3grafo de um grande jornal do pa\u00eds, simplesmente porque estava cumprindo a sua tarefa profissional de tirar fotos das autoridades presentes ao evento. O profissional foi derrubado ao ch\u00e3o e recebeu v\u00e1rios chutes, pontap\u00e9s e quando conseguiu se levantar para sair do local em que estava sendo atacado, gra\u00e7as ao aux\u00edlio de um colega de jornal, passou por um \u201ccorredor polon\u00eas\u201d, tendo ainda recebido v\u00e1rios tapas e socos. \u201cCorredor polon\u00eas\u201d \u00e9 uma express\u00e3o comumente utilizada para denominar uma passagem estreita formada por duas fileiras de pessoas que se colocam lado a lado, uma defronte \u00e0 outra, com a inten\u00e7\u00e3o de castigar quem tenha de percorr\u00ea-la.<\/p>\n<p style=\"text-align: justify;\">Tamb\u00e9m em Bras\u00edlia, capital do pa\u00eds, um grupo de enfermeiros e enfermeiras protestavam pacifica e silenciosamente na Pra\u00e7a dos Tr\u00eas Poderes, quando foram agredidos por alguns manifestantes, sendo que uma destas profissional recebeu uma agress\u00e3o corporal.<\/p>\n<p style=\"text-align: justify;\">Comportamentos semelhantes a esses devem ser reprimidos por toda a sociedade e mesmo aqueles que aplaudem estas agress\u00f5es, por entenderem que tal comportamento \u00e9 uma resposta aos desmandos e corrup\u00e7\u00e3o ocorridos no passado recente, devem pensar se realmente compensa os brasileiros irem pelo caminho da viol\u00eancia e agress\u00e3o.<\/p>\n<p style=\"text-align: justify;\">As cores verde e amarelo geralmente usadas pelos manifestantes\/agressores, s\u00e3o duas cores da Bandeira Brasileira, um dos s\u00edmbolos nacionais, sendo que a frase \u201cOrdem e Progresso\u201d representa os ideais republicanos, baseados no positivismo, como a busca de condi\u00e7\u00f5es sociais b\u00e1sicas atrav\u00e9s do respeito aos seres humanos, sal\u00e1rios dignos, bem como o melhoramento do pa\u00eds em termos materiais, intelectuais e, principalmente, morais.<\/p>\n<p style=\"text-align: justify;\">O Brasil atravessa uma crise nunca antes vivida, tanto pelos efeitos da pandemia, que tem consumido vidas e todos os recursos do Estado e tamb\u00e9m das pessoas e empresas, pois o isolamento social tem impedido a realiza\u00e7\u00e3o da maior parte das atividades, assim como tamb\u00e9m uma situa\u00e7\u00e3o grave atingindo os poderes da Rep\u00fablica e justamente por isso a popula\u00e7\u00e3o deve redobrar todos os cuidados e relembrar os princ\u00edpios b\u00e1sicos de uma sociedade civilizada, especialmente o respeito pelo pr\u00f3ximo e o direito \u00e0 liberdade de manifesta\u00e7\u00e3o e de pensamento.<\/p>\n<p style=\"text-align: justify;\">Os exemplos negativos de comportamento inadequado de agressividade ou viol\u00eancia, mesmo partindo das mais altas autoridades do pa\u00eds devem ser afastados a todo custo, dando lugar \u00e0 educa\u00e7\u00e3o, civilidade e respeito ao pr\u00f3ximo.<\/p>\n<p style=\"text-align: justify;\">Em uma democracia \u00e9 saud\u00e1vel as manifesta\u00e7\u00f5es populares, mas nos dias atuais, em raz\u00e3o da gravidade da pandemia de propor\u00e7\u00f5es planet\u00e1rias devem ser reduzidas para evitar as aglomera\u00e7\u00f5es. Contudo, um grupo n\u00e3o deve agredir um outro grupo e tampouco os profissionais da imprensa ou de enfermagem, devem ser atacados, pois cada qual tem as suas responsabilidades e reivindica\u00e7\u00f5es.<\/p>\n<p style=\"text-align: justify;\">Continuemos nosso combate ao inimigo mortal e invis\u00edvel, evitando aglomera\u00e7\u00f5es, mantendo dist\u00e2ncia segura entre as pessoas, usando as m\u00e1scaras e mantendo as m\u00e3os limpas com \u00e1gua e sab\u00e3o ou \u00e1lcool gel.<\/p>\n<p style=\"text-align: justify;\">Juntos somos mais fortes, juntos venceremos. O Brasil ir\u00e1 vencer o v\u00edrus. O Brasil precisa de todos n\u00f3s.<\/p>\n<p style=\"text-align: justify;\">Envie d\u00favidas, coment\u00e1rios ou sugest\u00f5es para <a href=\"mailto:bcrcconsultoria@gmail.com\">bcrcconsultoria@gmail.com<\/a>. At\u00e9 a pr\u00f3xima.<\/p>\n<p style=\"text-align: justify;\">*Formado em Direito pela Universidade Estadual de Direito do Norte Pioneiro em Jacarezinho e em Administra\u00e7\u00e3o de Empresas nas Faculdades Integradas de Ourinhos. MBA em Comunica\u00e7\u00e3o Corporativa pela Universidade Est\u00e1cio de S\u00e1(em curso) . S\u00f3cio s\u00eanior da BCRC Consultoria em Comunica\u00e7\u00e3o.<\/p>\n<p style=\"text-align: justify;\">** Revis\u00e3o e colabora\u00e7\u00e3o\u00a0 &#8211; Acad\u00eamico de Administra\u00e7\u00e3o de Empresas na UNICID.<\/p>\n","protected":false},"excerpt":{"rendered":"<p>ORDEM E PROGRESSO *CLAUDIVAL CLEMENTE. **CLAUDIVAL MOURA CLEMENTE A verdadeira democracia \u00e9 constitu\u00edda de alguns valores b\u00e1sicos, que em hip\u00f3tese alguma podem ser dispensados ou sequer afastados, pois colocam em risco a exist\u00eancia de uma sociedade civilizada. Alguns fatos recentes est\u00e3o demonstrando que certos valores s\u00e3o esquecidos, prejudicando o trabalho dos nossos antepassados na constru\u00e7\u00e3o [&hellip;]<\/p>\n","protected":false},"author":1,"featured_media":25521,"comment_status":"closed","ping_status":"open","sticky":false,"template":"","format":"standard","meta":{"footnotes":""},"categories":[175],"tags":[],"class_list":["post-25520","post","type-post","status-publish","format-standard","has-post-thumbnail","hentry","category-artigos"],"_links":{"self":[{"href":"https:\/\/jorgezanoni.com.br\/2019\/wp-json\/wp\/v2\/posts\/25520","targetHints":{"allow":["GET"]}}],"collection":[{"href":"https:\/\/jorgezanoni.com.br\/2019\/wp-json\/wp\/v2\/posts"}],"about":[{"href":"https:\/\/jorgezanoni.com.br\/2019\/wp-json\/wp\/v2\/types\/post"}],"author":[{"embeddable":true,"href":"https:\/\/jorgezanoni.com.br\/2019\/wp-json\/wp\/v2\/users\/1"}],"replies":[{"embeddable":true,"href":"https:\/\/jorgezanoni.com.br\/2019\/wp-json\/wp\/v2\/comments?post=25520"}],"version-history":[{"count":0,"href":"https:\/\/jorgezanoni.com.br\/2019\/wp-json\/wp\/v2\/posts\/25520\/revisions"}],"wp:featuredmedia":[{"embeddable":true,"href":"https:\/\/jorgezanoni.com.br\/2019\/wp-json\/wp\/v2\/media\/25521"}],"wp:attachment":[{"href":"https:\/\/jorgezanoni.com.br\/2019\/wp-json\/wp\/v2\/media?parent=25520"}],"wp:term":[{"taxonomy":"category","embeddable":true,"href":"https:\/\/jorgezanoni.com.br\/2019\/wp-json\/wp\/v2\/categories?post=25520"},{"taxonomy":"post_tag","embeddable":true,"href":"https:\/\/jorgezanoni.com.br\/2019\/wp-json\/wp\/v2\/tags?post=25520"}],"curies":[{"name":"wp","href":"https:\/\/api.w.org\/{rel}","templated":true}]}}