{"id":25473,"date":"2020-05-08T16:39:58","date_gmt":"2020-05-08T16:39:58","guid":{"rendered":"https:\/\/jorgezanoni.com.br\/2019\/?p=25473"},"modified":"2020-05-08T16:39:58","modified_gmt":"2020-05-08T16:39:58","slug":"david-uip-se-afasta-da-coordenacao-do-combate-ao-coronavirus-em-sp","status":"publish","type":"post","link":"https:\/\/jorgezanoni.com.br\/2019\/david-uip-se-afasta-da-coordenacao-do-combate-ao-coronavirus-em-sp\/","title":{"rendered":"David Uip se afasta da coordena\u00e7\u00e3o do combate ao coronav\u00edrus em SP"},"content":{"rendered":"<h2 class=\"subtitle\" style=\"text-align: justify;\"><strong>M\u00e9dico alegou quest\u00e3o de sa\u00fade e afirmou que ficar\u00e1 alguns dias longe de sua fun\u00e7\u00e3o. Ele j\u00e1 havia ficado afastado ap\u00f3s contrair a covid-19.<\/strong><\/h2>\n<p style=\"text-align: justify;\">O infectologista David Uip, coordenador do Centro de Conting\u00eancia do Coronav\u00edrus do Estado de S\u00e3o Paulo, pediu afastamento de suas fun\u00e7\u00f5es. O an\u00fancio foi feito pelo governador Jo\u00e3o Doria nesta sexta-feira (8).<\/p>\n<p style=\"text-align: justify;\">Ele divulgou carta na qual Uip afirma que sentiu um mal-estar e teve altera\u00e7\u00f5es cardiol\u00f3gicas e cl\u00ednicas. Dessa forma, precisar\u00e1 descansar por alguns dias.<\/p>\n<div id=\"sc_intxt_container\" style=\"text-align: justify;\">\n<div>\n<div id=\"r7ad-teads\" class=\"r7ad-mobile\" data-google-query-id=\"CJTc0erZpOkCFbEN1AodAgcLew\">\n<div id=\"google_ads_iframe_\/7542\/r7noticias\/saopaulo\/internas_4__container__\">N\u00e3o \u00e9 a primeira vez que o m\u00e9dico se afasta de suas fun\u00e7\u00f5es. Ele j\u00e1 havia ficado cerca de 15 dias em casa ap\u00f3s anunciar que havia contra\u00eddo a covid-19.<\/div>\n<\/div>\n<\/div>\n<\/div>\n<p style=\"text-align: justify;\">Em seu lugar no comando das a\u00e7\u00f5es no estado fica Dimas Covas, diretor do Instituto Butantan.<\/p>\n<p style=\"text-align: justify;\">Veja abaixo a \u00edntegra da carta divulgada por Uip:<\/p>\n<p style=\"text-align: justify;\"><em>Na \u00faltima quarta-feira, dia 6 de maio, senti um mal-estar, com altera\u00e7\u00f5es cardiol\u00f3gicas e cl\u00ednicas. Ap\u00f3s avalia\u00e7\u00e3o m\u00e9dica, iniciei uma bateria de exames para elucida\u00e7\u00e3o diagn\u00f3stica.<\/em><\/p>\n<div id=\"inner-ad-container\" class=\"open full-width\" style=\"text-align: justify;\">\n<div class=\"inner-ad-close-button show\"><em>Hoje me sinto melhor, mas, por recomenda\u00e7\u00e3o m\u00e9dica, precisarei ficar afastado das minhas atividades do Centro de Conting\u00eancia do Coronav\u00edrus do Estado de S\u00e3o Paulo por alguns dias.<\/em><\/div>\n<\/div>\n<p style=\"text-align: justify;\"><em>Fico entristecido de, neste momento dif\u00edcil de crise, de uma pandemia muito s\u00e9ria, que tem causado tantos \u00f3bitos em nosso Estado e gerado grande sofrimento entre os brasileiros de S\u00e3o Paulo que perderam familiares e amigos queridos, n\u00e3o poder estar fisicamente presente.<\/em><\/p>\n<p style=\"text-align: justify;\"><em>No entanto, tenho a plena convic\u00e7\u00e3o de que S\u00e3o Paulo est\u00e1 no caminho certo. E est\u00e1 salvando vidas.<\/em><\/p>\n<p style=\"text-align: justify;\"><em>A colabora\u00e7\u00e3o dos meus 15 colegas do Centro de Conting\u00eancia, formado por m\u00e9dicos, cientistas, virologistas, professores e pesquisadores, tem sido fant\u00e1stica.<\/em><\/p>\n<p style=\"text-align: justify;\"><em>A uni\u00e3o de esfor\u00e7os desse grupo de volunt\u00e1rios tem contribu\u00eddo de forma inequ\u00edvoca para definir estrat\u00e9gias tanto de enfrentamento da epidemia quanto de assist\u00eancia \u00e0 popula\u00e7\u00e3o na rede p\u00fablica de sa\u00fade.<\/em><\/p>\n<p style=\"text-align: justify;\"><em>Agrade\u00e7o ao Governador Jo\u00e3o Doria e aos secret\u00e1rios de Estado e ao vice-governador Rodrigo Garcia por todo o apoio e suporte que nos tem oferecido.<br \/>\nFico temporariamente afastado e espero estar recuperado, para retomar minha contribui\u00e7\u00e3o ao Centro de Conting\u00eancia do Coronav\u00edrus, o Comit\u00ea de Sa\u00fade do Estado de S\u00e3o Paulo.<\/em><\/p>\n<p style=\"text-align: justify;\"><em>Muito obrigado e at\u00e9 breve.<\/em><\/p>\n<p style=\"text-align: justify;\">Fonte: https:\/\/noticias.r7.com\/<\/p>\n","protected":false},"excerpt":{"rendered":"<p>M\u00e9dico alegou quest\u00e3o de sa\u00fade e afirmou que ficar\u00e1 alguns dias longe de sua fun\u00e7\u00e3o. Ele j\u00e1 havia ficado afastado ap\u00f3s contrair a covid-19. O infectologista David Uip, coordenador do Centro de Conting\u00eancia do Coronav\u00edrus do Estado de S\u00e3o Paulo, pediu afastamento de suas fun\u00e7\u00f5es. O an\u00fancio foi feito pelo governador Jo\u00e3o Doria nesta sexta-feira [&hellip;]<\/p>\n","protected":false},"author":1,"featured_media":25474,"comment_status":"closed","ping_status":"open","sticky":false,"template":"","format":"standard","meta":{"footnotes":""},"categories":[110,116],"tags":[],"class_list":["post-25473","post","type-post","status-publish","format-standard","has-post-thumbnail","hentry","category-noticiasdestaque","category-politicaeeconomia"],"_links":{"self":[{"href":"https:\/\/jorgezanoni.com.br\/2019\/wp-json\/wp\/v2\/posts\/25473","targetHints":{"allow":["GET"]}}],"collection":[{"href":"https:\/\/jorgezanoni.com.br\/2019\/wp-json\/wp\/v2\/posts"}],"about":[{"href":"https:\/\/jorgezanoni.com.br\/2019\/wp-json\/wp\/v2\/types\/post"}],"author":[{"embeddable":true,"href":"https:\/\/jorgezanoni.com.br\/2019\/wp-json\/wp\/v2\/users\/1"}],"replies":[{"embeddable":true,"href":"https:\/\/jorgezanoni.com.br\/2019\/wp-json\/wp\/v2\/comments?post=25473"}],"version-history":[{"count":0,"href":"https:\/\/jorgezanoni.com.br\/2019\/wp-json\/wp\/v2\/posts\/25473\/revisions"}],"wp:featuredmedia":[{"embeddable":true,"href":"https:\/\/jorgezanoni.com.br\/2019\/wp-json\/wp\/v2\/media\/25474"}],"wp:attachment":[{"href":"https:\/\/jorgezanoni.com.br\/2019\/wp-json\/wp\/v2\/media?parent=25473"}],"wp:term":[{"taxonomy":"category","embeddable":true,"href":"https:\/\/jorgezanoni.com.br\/2019\/wp-json\/wp\/v2\/categories?post=25473"},{"taxonomy":"post_tag","embeddable":true,"href":"https:\/\/jorgezanoni.com.br\/2019\/wp-json\/wp\/v2\/tags?post=25473"}],"curies":[{"name":"wp","href":"https:\/\/api.w.org\/{rel}","templated":true}]}}