{"id":25469,"date":"2020-05-08T16:21:26","date_gmt":"2020-05-08T16:21:26","guid":{"rendered":"https:\/\/jorgezanoni.com.br\/2019\/?p=25469"},"modified":"2020-05-08T16:25:11","modified_gmt":"2020-05-08T16:25:11","slug":"cemiterio-de-dracena-e-alguns-da-regiao-permanecem-fechados-no-domingo-dia-das-maes","status":"publish","type":"post","link":"https:\/\/jorgezanoni.com.br\/2019\/cemiterio-de-dracena-e-alguns-da-regiao-permanecem-fechados-no-domingo-dia-das-maes\/","title":{"rendered":"Cemit\u00e9rio de Dracena e alguns da regi\u00e3o permanecem fechados no domingo &#8220;Dia das M\u00e3es&#8221;"},"content":{"rendered":"<p style=\"text-align: justify;\"><strong>Em fun\u00e7\u00e3o da Pandemia da COVID-19 os Cemit\u00e9rios de Dracena e alguns da regi\u00e3o estar\u00e3o fechados domingo &#8220;Dia das M\u00e3es&#8221;<\/strong><\/p>\n<p style=\"text-align: justify;\">O Minist\u00e9rio P\u00fablico atrav\u00e9s do Promotor Dr. Antonio Simini J\u00fanior, determinou o fechamento do Cemit\u00e9rio Municipal neste domingo (10), &#8220;Dia das M\u00e3es&#8221;.<\/p>\n<p style=\"text-align: justify;\">A princ\u00edpio a Prefeitura Municipal teria liberado a visita, mas a decis\u00e3o ser\u00e1 acatada. Amanh\u00e3 (s\u00e1bado) dia 9 funcionar\u00e1 normalmente das 7 \u00e0s 17 Hs.<\/p>\n<p style=\"text-align: justify;\">Outros Cemit\u00e9rios da regi\u00e3o seguir\u00e3o o mesmo crit\u00e9rio de Dracena, caso por exemplo de Tupi Paulista e Ouro Verde.<\/p>\n<p style=\"text-align: justify;\">Jorge Zanoni<\/p>\n<p style=\"text-align: justify;\">Foto Arquivo<\/p>\n","protected":false},"excerpt":{"rendered":"<p>Em fun\u00e7\u00e3o da Pandemia da COVID-19 os Cemit\u00e9rios de Dracena e alguns da regi\u00e3o estar\u00e3o fechados domingo &#8220;Dia das M\u00e3es&#8221; O Minist\u00e9rio P\u00fablico atrav\u00e9s do Promotor Dr. Antonio Simini J\u00fanior, determinou o fechamento do Cemit\u00e9rio Municipal neste domingo (10), &#8220;Dia das M\u00e3es&#8221;. A princ\u00edpio a Prefeitura Municipal teria liberado a visita, mas a decis\u00e3o ser\u00e1 [&hellip;]<\/p>\n","protected":false},"author":1,"featured_media":25470,"comment_status":"closed","ping_status":"open","sticky":false,"template":"","format":"standard","meta":{"footnotes":""},"categories":[179,184,110],"tags":[],"class_list":["post-25469","post","type-post","status-publish","format-standard","has-post-thumbnail","hentry","category-cidadeseregiao","category-dracena","category-noticiasdestaque"],"_links":{"self":[{"href":"https:\/\/jorgezanoni.com.br\/2019\/wp-json\/wp\/v2\/posts\/25469","targetHints":{"allow":["GET"]}}],"collection":[{"href":"https:\/\/jorgezanoni.com.br\/2019\/wp-json\/wp\/v2\/posts"}],"about":[{"href":"https:\/\/jorgezanoni.com.br\/2019\/wp-json\/wp\/v2\/types\/post"}],"author":[{"embeddable":true,"href":"https:\/\/jorgezanoni.com.br\/2019\/wp-json\/wp\/v2\/users\/1"}],"replies":[{"embeddable":true,"href":"https:\/\/jorgezanoni.com.br\/2019\/wp-json\/wp\/v2\/comments?post=25469"}],"version-history":[{"count":0,"href":"https:\/\/jorgezanoni.com.br\/2019\/wp-json\/wp\/v2\/posts\/25469\/revisions"}],"wp:featuredmedia":[{"embeddable":true,"href":"https:\/\/jorgezanoni.com.br\/2019\/wp-json\/wp\/v2\/media\/25470"}],"wp:attachment":[{"href":"https:\/\/jorgezanoni.com.br\/2019\/wp-json\/wp\/v2\/media?parent=25469"}],"wp:term":[{"taxonomy":"category","embeddable":true,"href":"https:\/\/jorgezanoni.com.br\/2019\/wp-json\/wp\/v2\/categories?post=25469"},{"taxonomy":"post_tag","embeddable":true,"href":"https:\/\/jorgezanoni.com.br\/2019\/wp-json\/wp\/v2\/tags?post=25469"}],"curies":[{"name":"wp","href":"https:\/\/api.w.org\/{rel}","templated":true}]}}