{"id":25466,"date":"2020-05-08T16:02:30","date_gmt":"2020-05-08T16:02:30","guid":{"rendered":"https:\/\/jorgezanoni.com.br\/2019\/?p=25466"},"modified":"2020-05-08T16:02:30","modified_gmt":"2020-05-08T16:02:30","slug":"governo-de-sp-prorroga-quarentena-ate-31-de-maio","status":"publish","type":"post","link":"https:\/\/jorgezanoni.com.br\/2019\/governo-de-sp-prorroga-quarentena-ate-31-de-maio\/","title":{"rendered":"Governo de SP prorroga quarentena at\u00e9 31 de maio"},"content":{"rendered":"<h2 class=\"content-head__subtitle\" style=\"text-align: justify;\"><strong>&#8216;Autorizar o relaxamento agora seria colocar em risco milhares de vida, o sistema de sa\u00fade e, por \u00f3bvio, a recupera\u00e7\u00e3o econ\u00f4mica&#8217;, disse Jo\u00e3o Doria nesta sexta (8). Medida, que teve in\u00edcio em 24 de mar\u00e7o, mant\u00e9m regras de funcionamento apenas de servi\u00e7os essenciais.<\/strong><\/h2>\n<div class=\"mc-column content-text active-extra-styles active-capital-letter\" data-block-type=\"unstyled\" data-block-weight=\"45\" data-block-id=\"1\">\n<p class=\"content-text__container theme-color-primary-first-letter\" style=\"text-align: justify;\" data-track-category=\"Link no Texto\" data-track-links=\"\">O governador Jo\u00e3o Doria (PSDB) prorrogou a quarentena em todo o estado de S\u00e3o Paulo at\u00e9 o dia 31 de maio. O an\u00fancio foi feito no in\u00edcio da tarde desta sexta-feira (8) em coletiva no Pal\u00e1cio dos Bandeirantes, na Zona Sul da capital paulista.<\/p>\n<\/div>\n<div class=\"wall protected-content\">\n<div class=\"mc-column content-text active-extra-styles \" style=\"text-align: justify;\" data-block-type=\"unstyled\" data-block-weight=\"58\" data-block-id=\"2\">\n<p class=\"content-text__container \" data-track-category=\"Link no Texto\" data-track-links=\"\">&#8220;Teremos que prorrogar a quarentena at\u00e9 o dia 31 de maio. Queremos, sim, em breve juntos poder anunciar a retomada gradual da economia como, ali\u00e1s, est\u00e1 previsto no Plano S\u00e3o Paulo. A experi\u00eancia de outros pa\u00edses, e n\u00f3s temos utilizado essas experi\u00eancias aqui, mostra claramente o colapso da sa\u00fade e, quando isso acontece, paralisa tudo&#8221;, disse Doria.<\/p>\n<\/div>\n<div class=\"mc-column content-text active-extra-styles \" style=\"text-align: justify;\" data-block-type=\"unstyled\" data-block-weight=\"18\" data-block-id=\"3\">\n<p class=\"content-text__container \" data-track-category=\"Link no Texto\" data-track-links=\"\">Doria defendeu que a flexibiliza\u00e7\u00e3o da quarentena, neste momento, prejudicaria o sistema de sa\u00fade e a recupera\u00e7\u00e3o econ\u00f4mica.<\/p>\n<\/div>\n<div class=\"mc-column content-text active-extra-styles\" style=\"text-align: justify;\" data-block-type=\"raw\" data-block-weight=\"60\" data-block-id=\"4\">\n<blockquote class=\"content-blockquote theme-border-color-primary-before\"><p>&#8220;Na regi\u00e3o metropolitana um aumento de 760% em apenas 30 dias. Em um m\u00eas, 760%. Estamos todos atravessando o pior momento desta pandemia. S\u00f3 n\u00e3o reconhece, v\u00ea, percebe, aqueles que est\u00e3o cegos pelo \u00f3dio ou pela ambi\u00e7\u00e3o pessoal.\u00a0<strong>Autorizar o relaxamento agora seria colocar em risco milhares de vida, o sistema de sa\u00fade e, por \u00f3bvio, a recupera\u00e7\u00e3o econ\u00f4mica<\/strong>&#8220;, afirmou.<\/p><\/blockquote>\n<\/div>\n<div class=\"mc-column content-text active-extra-styles \" style=\"text-align: justify;\" data-block-type=\"unstyled\" data-block-weight=\"29\" data-block-id=\"5\">\n<p class=\"content-text__container \" data-track-category=\"Link no Texto\" data-track-links=\"\">Com a decis\u00e3o, permanecem autorizados a funcionar apenas servi\u00e7os essenciais. A amplia\u00e7\u00e3o do isolamento se deve ao aumento do n\u00famero de casos e mortes em raz\u00e3o do coronav\u00edrus.<\/p>\n<\/div>\n<div class=\"mc-column content-text active-extra-styles \" style=\"text-align: justify;\" data-block-type=\"unstyled\" data-block-weight=\"31\" data-block-id=\"6\">\n<p class=\"content-text__container \" data-track-category=\"Link no Texto\" data-track-links=\"\">Atualmente, o\u00a0<a href=\"https:\/\/g1.globo.com\/sp\/sao-paulo\/noticia\/2020\/05\/07\/estado-de-sp-tem-161-novas-mortes-e-mais-2075-casos-de-coronavirus-total-de-mortes-chega-a-3206.ghtml\">estado tem 3.206 mortes pela doen\u00e7a\u00a0<\/a>e a\u00a0<a href=\"https:\/\/g1.globo.com\/sp\/sao-paulo\/noticia\/2020\/05\/07\/taxa-de-de-isolamento-desta-quarta-se-mantem-em-47percent-no-estado-de-sp-e-cai-um-ponto-percentual-na-capital.ghtml\">taxa de isolamento social se manteve em 47%<\/a>\u00a0na quarta-feira (6), considerada abaixo do ideal para diminuir a velocidade de cont\u00e1gio.<\/p>\n<\/div>\n<div class=\"mc-column content-text active-extra-styles \" style=\"text-align: justify;\" data-block-type=\"unstyled\" data-block-weight=\"62\" data-block-id=\"7\">\n<p class=\"content-text__container \" data-track-category=\"Link no Texto\" data-track-links=\"\">&#8220;O medo \u00e9 o pior conselheiro da economia, prejudica o consumo, afugenta investimentos e ataca os empregos. A quarentena, felizmente, est\u00e1 salvando vidas em S\u00e3o Paulo e em outros estados brasileiros. Pessoas que poderia ter adoecido e falecido est\u00e3o em vida e agradecendo por estarem vivendo e convivendo com seus familiares e desfrutando ainda a vida&#8221;, defendeu o jovernador nesta tarde.<\/p>\n<\/div>\n<div class=\"content-ads content-ads--reveal\" style=\"text-align: justify;\" data-block-type=\"ads\" data-block-id=\"8\"><\/div>\n<div class=\"mc-column content-text active-extra-styles \" style=\"text-align: justify;\" data-block-type=\"unstyled\" data-block-weight=\"44\" data-block-id=\"9\">\n<p class=\"content-text__container \" data-track-category=\"Link no Texto\" data-track-links=\"\">O governo buscava entre 50% e 60% para iniciar a flexibiliza\u00e7\u00e3o da quarentena, mas as autoridades de sa\u00fade apontam que a taxa ideal seria de 70%. O estado nunca chegou ao valor ideal, sendo as maiores taxas de 59% sendo registradas apenas em domingos.<\/p>\n<\/div>\n<div class=\"mc-column content-text active-extra-styles \" style=\"text-align: justify;\" data-block-type=\"unstyled\" data-block-weight=\"38\" data-block-id=\"10\">\n<p class=\"content-text__container \" data-track-category=\"Link no Texto\" data-track-links=\"\">Nas \u00faltimas 24 horas, dez novas cidades do estado registraram casos de coronav\u00edrus.\u00a0<a href=\"https:\/\/g1.globo.com\/sp\/sao-paulo\/noticia\/2020\/05\/07\/coronavirus-avanca-4-vezes-mais-rapido-fora-da-capital-e-chegara-a-todas-as-645-cidades-de-sp-ate-o-fim-de-maio-diz-governo.ghtml\">A propaga\u00e7\u00e3o cresce quatro vezes mais rapidamente nas cidades do interior e do litoral<\/a>\u00a0do que na Grande S\u00e3o Paulo, segundo dados do governo.<\/p>\n<\/div>\n<div class=\"mc-column content-text active-extra-styles \" style=\"text-align: justify;\" data-block-type=\"unstyled\" data-block-weight=\"21\" data-block-id=\"11\">\n<p class=\"content-text__container \" data-track-category=\"Link no Texto\" data-track-links=\"\">A administra\u00e7\u00e3o estadual acredita que at\u00e9 o final de maio todas as 645 cidades do estado ter\u00e3o casos confirmados da doen\u00e7a.<\/p>\n<\/div>\n<div class=\"mc-column content-text active-extra-styles\" style=\"text-align: justify;\" data-block-type=\"raw\" data-block-weight=\"2\" data-block-id=\"12\">\n<div class=\"content-intertitle\">\n<h2>Luto oficial<\/h2>\n<\/div>\n<\/div>\n<div class=\"mc-column content-text active-extra-styles \" style=\"text-align: justify;\" data-block-type=\"unstyled\" data-block-weight=\"23\" data-block-id=\"13\">\n<p class=\"content-text__container \" data-track-category=\"Link no Texto\" data-track-links=\"\">Na quarta (6), Doria decretou\u00a0<a href=\"https:\/\/g1.globo.com\/sp\/sao-paulo\/noticia\/2020\/05\/06\/estado-de-sp-chega-a-3-mil-mortes-por-coronavirus-e-declara-luto-oficial.ghtml\">luto oficial em todo o estado de S\u00e3o Paulo ap\u00f3s o n\u00famero de mortes ultrapassar tr\u00eas mil<\/a>.<\/p>\n<\/div>\n<div class=\"mc-column content-text active-extra-styles \" style=\"text-align: justify;\" data-block-type=\"unstyled\" data-block-weight=\"39\" data-block-id=\"14\">\n<p class=\"content-text__container \" data-track-category=\"Link no Texto\" data-track-links=\"\">Desde o in\u00edcio da pandemia, o estado de S\u00e3o Paulo se mant\u00e9m no epicentro da doen\u00e7a no pa\u00eds. Segundo a Organiza\u00e7\u00e3o Mundial de Sa\u00fade (OMS), o distanciamento ainda \u00e9 a medida mais eficaz para evitar a propaga\u00e7\u00e3o da Covid-19.<\/p>\n<\/div>\n<div class=\"mc-column content-text active-extra-styles \" style=\"text-align: justify;\" data-block-type=\"unstyled\" data-block-weight=\"35\" data-block-id=\"15\">\n<p class=\"content-text__container \" data-track-category=\"Link no Texto\" data-track-links=\"\">Em 22 de abril, Doria chegou a anunciar a reabertura gradual da economia no estado a partir de 11 de maio e afirmou que os detalhes s\u00f3 seriam divulgados no dia 8 de maio.<\/p>\n<\/div>\n<div class=\"mc-column content-text active-extra-styles \" style=\"text-align: justify;\" data-block-type=\"unstyled\" data-block-weight=\"21\" data-block-id=\"16\">\n<p class=\"content-text__container \" data-track-category=\"Link no Texto\" data-track-links=\"\">A decis\u00e3o de manter a quarentena foi balizada pelo Centro de Conting\u00eancia da Covid-19, que \u00e9 liderado pelo infectologista David Uip.<\/p>\n<\/div>\n<div class=\"mc-column content-text active-extra-styles \" style=\"text-align: justify;\" data-block-type=\"unstyled\" data-block-weight=\"27\" data-block-id=\"17\">\n<p class=\"content-text__container \" data-track-category=\"Link no Texto\" data-track-links=\"\">De acordo com balan\u00e7o divulgado nesta quinta (7), as Unidades de Tratamento Intensivo (UTIs) do estado de S\u00e3o Paulo operam com taxa de ocupa\u00e7\u00e3o de 66,9%.<\/p>\n<\/div>\n<div class=\"mc-column content-text active-extra-styles \" style=\"text-align: justify;\" data-block-type=\"unstyled\" data-block-weight=\"33\" data-block-id=\"18\">\n<p class=\"content-text__container \" data-track-category=\"Link no Texto\" data-track-links=\"\">Na Grande S\u00e3o Paulo, a lota\u00e7\u00e3o \u00e9 ainda maior: 89,6% dos leitos deste tipo est\u00e3o ocupados na regi\u00e3o metropolitana, segundo dados oficiais divulgados nesta quinta. Na quarta-feira (6), a ocupa\u00e7\u00e3o era de 86,7%.<\/p>\n<\/div>\n<div class=\"mc-column content-text active-extra-styles\" style=\"text-align: justify;\" data-block-type=\"raw\" data-block-weight=\"1\" data-block-id=\"19\">\n<div class=\"content-intertitle\">\n<h2>Par\u00e2metros<\/h2>\n<\/div>\n<\/div>\n<div class=\"mc-column content-text active-extra-styles \" style=\"text-align: justify;\" data-block-type=\"unstyled\" data-block-weight=\"62\" data-block-id=\"20\">\n<p class=\"content-text__container \" data-track-category=\"Link no Texto\" data-track-links=\"\">Em coletivas mais recentes, o governador disse que n\u00e3o iria flexibilizar se as cidades que n\u00e3o atingissem o \u00edndice m\u00ednimo de 50% (o ideal \u00e9 70%), outro dado utilizado para analisar que cidades poderiam ter condi\u00e7\u00f5es de reabrir o com\u00e9rcio e outras atividades econ\u00f4micas n\u00e3o essenciais. Na quarta-feira (6), a taxa de isolamento social no estado e na capital estavam em 47%.<\/p>\n<\/div>\n<div class=\"content-ads content-ads--reveal\" style=\"text-align: justify;\" data-block-type=\"ads\" data-block-id=\"21\"><\/div>\n<div class=\"mc-column content-text active-extra-styles \" style=\"text-align: justify;\" data-block-type=\"unstyled\" data-block-weight=\"22\" data-block-id=\"22\">\n<p class=\"content-text__container \" data-track-category=\"Link no Texto\" data-track-links=\"\">E poucos cidades conseguiram manter uma m\u00e9dia acima do \u00edndice m\u00ednimo exigido. S\u00e3o Sebasti\u00e3o e Ubatuba, no litoral, estariam nesse grupo.<\/p>\n<\/div>\n<div class=\"mc-column content-text active-extra-styles \" style=\"text-align: justify;\" data-block-type=\"unstyled\" data-block-weight=\"46\" data-block-id=\"23\">\n<p class=\"content-text__container \" data-track-category=\"Link no Texto\" data-track-links=\"\">A um dia do an\u00fancio previsto nesta sexta sobre quais cidades poderiam flexibilizar a quarentena no estado, o governo paulista classificou o risco de cont\u00e1gio pelo coronav\u00edrus como grave e preocupante nas regi\u00f5es da Grande S\u00e3o Paulo, Campinas, no interior, e Baixada Santista, no litoral.<\/p>\n<\/div>\n<div class=\"mc-column content-text active-extra-styles \" style=\"text-align: justify;\" data-block-type=\"unstyled\" data-block-weight=\"31\" data-block-id=\"24\">\n<p class=\"content-text__container \" data-track-category=\"Link no Texto\" data-track-links=\"\">A medida de flexibiliza\u00e7\u00e3o do isolamento social devido ao coronav\u00edrus deve ser feita em etapas, com autoriza\u00e7\u00f5es espec\u00edficas para cada regi\u00e3o do estado, de acordo com o avan\u00e7o da doen\u00e7a.<\/p>\n<\/div>\n<div class=\"mc-column content-text active-extra-styles\" style=\"text-align: justify;\" data-block-type=\"raw\" data-block-weight=\"41\" data-block-id=\"25\">\n<blockquote class=\"content-blockquote theme-border-color-primary-before\"><p>\u201cTodas as regi\u00f5es tiveram situa\u00e7\u00f5es crescentes. Algumas regi\u00f5es t\u00eam situa\u00e7\u00f5es mais graves, como a Baixada Santista, Campinas, Regi\u00e3o metropolitana de S\u00e3o Paulo. H\u00e1 uma preocupa\u00e7\u00e3o muito grande com esses n\u00fameros\u201d, diz o secret\u00e1rio Desenvolvimento Regional,\u00a0<strong>Marco Vinholi,<\/strong>\u00a0na quinta-feira ao\u00a0<strong>G1<\/strong>.<\/p><\/blockquote>\n<\/div>\n<div class=\"mc-column content-text active-extra-styles \" style=\"text-align: justify;\" data-block-type=\"unstyled\" data-block-weight=\"19\" data-block-id=\"26\">\n<p class=\"content-text__container \" data-track-category=\"Link no Texto\" data-track-links=\"\">A regi\u00e3o metropolitana de S\u00e3o Paulo tem 39 cidades, a Baixada Santista, 9, e a regi\u00e3o de Campinas, 24.<\/p>\n<\/div>\n<div class=\"mc-column content-text active-extra-styles \" style=\"text-align: justify;\" data-block-type=\"unstyled\" data-block-weight=\"44\" data-block-id=\"27\">\n<p class=\"content-text__container \" data-track-category=\"Link no Texto\" data-track-links=\"\">Os \u201cn\u00fameros\u201d a que o titular da pasta do Desenvolvimento se referiu s\u00e3o dados estat\u00edsticos que poderiam indicar se os munic\u00edpios dessas tr\u00eas regi\u00f5es t\u00eam condi\u00e7\u00f5es de relaxar o isolamento social e, dessa maneira, poder reabrir gradualmente o com\u00e9rcio local e outras atividades econ\u00f4micas.<\/p>\n<\/div>\n<div class=\"mc-column content-text active-extra-styles \" style=\"text-align: justify;\" data-block-type=\"unstyled\" data-block-weight=\"22\" data-block-id=\"28\">\n<p class=\"content-text__container \" data-track-category=\"Link no Texto\" data-track-links=\"\">Ao todo, o estado possui\u00a0<strong>15 regi\u00f5es metropolitanas<\/strong>. Cada regi\u00e3o tem um n\u00famero diferente de munic\u00edpios em torno de uma cidade maior.<\/p>\n<\/div>\n<div class=\"mc-column content-text active-extra-styles\" style=\"text-align: justify;\" data-block-type=\"raw\" data-block-weight=\"2\" data-block-id=\"29\">\n<div class=\"content-intertitle\">\n<h2>3 regi\u00f5es<\/h2>\n<p><img decoding=\"async\" class=\"image content-media__image progressive-loaded\" title=\"Covas no cemit\u00e9rio Vila Nova Caichoeirinha, em S\u00e3o Paulo. Novas valas est\u00e3o sendo abertas devido ao aumento de mortes por coronav\u00edrus. \u2014 Foto: Rog\u00e9rio Galasse\/Estad\u00e3o Conte\u00fado\" src=\"https:\/\/s2.glbimg.com\/aMQrUGKcq07Wl3Jc_wuF0LkeSi4=\/0x0:3000x2000\/984x0\/smart\/filters:strip_icc()\/i.s3.glbimg.com\/v1\/AUTH_59edd422c0c84a879bd37670ae4f538a\/internal_photos\/bs\/2020\/j\/X\/mGkWd7SumfjYIjfMGTBA\/fup20200505449.jpg\" alt=\"Covas no cemit\u00e9rio Vila Nova Caichoeirinha, em S\u00e3o Paulo. Novas valas est\u00e3o sendo abertas devido ao aumento de mortes por coronav\u00edrus. \u2014 Foto: Rog\u00e9rio Galasse\/Estad\u00e3o Conte\u00fado\" data-src=\"https:\/\/s2.glbimg.com\/aMQrUGKcq07Wl3Jc_wuF0LkeSi4=\/0x0:3000x2000\/984x0\/smart\/filters:strip_icc()\/i.s3.glbimg.com\/v1\/AUTH_59edd422c0c84a879bd37670ae4f538a\/internal_photos\/bs\/2020\/j\/X\/mGkWd7SumfjYIjfMGTBA\/fup20200505449.jpg\" \/><\/p>\n<\/div>\n<\/div>\n<div class=\"row medium-uncollapsed content-media content-photo\" style=\"text-align: justify;\" data-block-type=\"backstage-photo\" data-block-id=\"30\">\n<div class=\"mc-column content-media__container\">\n<p class=\"content-media__description \">Covas no cemit\u00e9rio Vila Nova Caichoeirinha, em S\u00e3o Paulo. Novas valas est\u00e3o sendo abertas devido ao aumento de mortes por coronav\u00edrus. \u2014 Foto: Rog\u00e9rio Galasse\/Estad\u00e3o Conte\u00fado<\/p>\n<\/div>\n<\/div>\n<div class=\"mc-column content-text active-extra-styles \" style=\"text-align: justify;\" data-block-type=\"unstyled\" data-block-weight=\"35\" data-block-id=\"32\">\n<p class=\"content-text__container \" data-track-category=\"Link no Texto\" data-track-links=\"\">De acordo com o secret\u00e1rio de Desenvolvimento, S\u00e3o Paulo, Campinas e Santos \u201cs\u00e3o regi\u00f5es que a gente registra um risco importante\u201d em raz\u00e3o do aumento nos n\u00fameros de mortes e casos devido \u00e0 doen\u00e7a.<\/p>\n<\/div>\n<div class=\"mc-column content-text active-extra-styles \" style=\"text-align: justify;\" data-block-type=\"unstyled\" data-block-weight=\"13\" data-block-id=\"33\">\n<p class=\"content-text__container \" data-track-category=\"Link no Texto\" data-track-links=\"\">\u201cA\u00a0<strong>regi\u00e3o metropolitana de S\u00e3o Paulo<\/strong>\u00a0tem tido um crescimento grande\u201d, justifica Vinholi.<\/p>\n<\/div>\n<div class=\"mc-column content-text active-extra-styles \" style=\"text-align: justify;\" data-block-type=\"unstyled\" data-block-weight=\"34\" data-block-id=\"34\">\n<p class=\"content-text__container \" data-track-category=\"Link no Texto\" data-track-links=\"\">\u201cA\u00a0<strong>regi\u00e3o de Campinas<\/strong>\u00a0tamb\u00e9m \u00e9 uma regi\u00e3o [que preocupa]. Pela proximidade com S\u00e3o Paulo, pela acelera\u00e7\u00e3o, por todos os dados \u00e9 uma regi\u00e3o que tem um impacto importante tamb\u00e9m\u201d, comenta o secret\u00e1rio.<\/p>\n<\/div>\n<div class=\"mc-column content-text active-extra-styles \" data-block-type=\"unstyled\" data-block-weight=\"59\" data-block-id=\"35\">\n<p class=\"content-text__container \" style=\"text-align: justify;\" data-track-category=\"Link no Texto\" data-track-links=\"\">\u201cPosso registrar a preocupa\u00e7\u00e3o grande com a\u00a0<strong>Baixada Santista<\/strong>, al\u00e9m de ter tido um crescimento de 272% [no n\u00famero de casos da doen\u00e7a] do per\u00edodo de mar\u00e7o e queda na taxa de isolamento social, tem uma popula\u00e7\u00e3o acima de 60 anos maior que a m\u00e9dia estadual\u201d, fala Vinholi. \u201cGrupo de risco \u00e9 maior e \u00e9 uma regi\u00e3o preocupante.\u201d<\/p>\n<p style=\"text-align: justify;\" data-track-category=\"Link no Texto\" data-track-links=\"\">Fonte: https:\/\/g1.globo.com\/sp\/sao-paulo\/noticia\/2020\/05\/08\/governo-de-sp-prorroga-quarentena-ate-31-de-maio.ghtml<\/p>\n<\/div>\n<\/div>\n","protected":false},"excerpt":{"rendered":"<p>&#8216;Autorizar o relaxamento agora seria colocar em risco milhares de vida, o sistema de sa\u00fade e, por \u00f3bvio, a recupera\u00e7\u00e3o econ\u00f4mica&#8217;, disse Jo\u00e3o Doria nesta sexta (8). Medida, que teve in\u00edcio em 24 de mar\u00e7o, mant\u00e9m regras de funcionamento apenas de servi\u00e7os essenciais. O governador Jo\u00e3o Doria (PSDB) prorrogou a quarentena em todo o estado [&hellip;]<\/p>\n","protected":false},"author":1,"featured_media":25467,"comment_status":"closed","ping_status":"open","sticky":false,"template":"","format":"standard","meta":{"footnotes":""},"categories":[110,116],"tags":[],"class_list":["post-25466","post","type-post","status-publish","format-standard","has-post-thumbnail","hentry","category-noticiasdestaque","category-politicaeeconomia"],"_links":{"self":[{"href":"https:\/\/jorgezanoni.com.br\/2019\/wp-json\/wp\/v2\/posts\/25466","targetHints":{"allow":["GET"]}}],"collection":[{"href":"https:\/\/jorgezanoni.com.br\/2019\/wp-json\/wp\/v2\/posts"}],"about":[{"href":"https:\/\/jorgezanoni.com.br\/2019\/wp-json\/wp\/v2\/types\/post"}],"author":[{"embeddable":true,"href":"https:\/\/jorgezanoni.com.br\/2019\/wp-json\/wp\/v2\/users\/1"}],"replies":[{"embeddable":true,"href":"https:\/\/jorgezanoni.com.br\/2019\/wp-json\/wp\/v2\/comments?post=25466"}],"version-history":[{"count":0,"href":"https:\/\/jorgezanoni.com.br\/2019\/wp-json\/wp\/v2\/posts\/25466\/revisions"}],"wp:featuredmedia":[{"embeddable":true,"href":"https:\/\/jorgezanoni.com.br\/2019\/wp-json\/wp\/v2\/media\/25467"}],"wp:attachment":[{"href":"https:\/\/jorgezanoni.com.br\/2019\/wp-json\/wp\/v2\/media?parent=25466"}],"wp:term":[{"taxonomy":"category","embeddable":true,"href":"https:\/\/jorgezanoni.com.br\/2019\/wp-json\/wp\/v2\/categories?post=25466"},{"taxonomy":"post_tag","embeddable":true,"href":"https:\/\/jorgezanoni.com.br\/2019\/wp-json\/wp\/v2\/tags?post=25466"}],"curies":[{"name":"wp","href":"https:\/\/api.w.org\/{rel}","templated":true}]}}