{"id":25402,"date":"2020-05-07T23:34:00","date_gmt":"2020-05-07T23:34:00","guid":{"rendered":"https:\/\/jorgezanoni.com.br\/2019\/?p=25402"},"modified":"2020-05-08T00:17:21","modified_gmt":"2020-05-08T00:17:21","slug":"meliante-flagrado-por-cameras-furtando-fiacao-foi-localizado-porem-nao-foi-preso-pois-nao-se-encontrava-em-situacao-de-flagrante-delito","status":"publish","type":"post","link":"https:\/\/jorgezanoni.com.br\/2019\/meliante-flagrado-por-cameras-furtando-fiacao-foi-localizado-porem-nao-foi-preso-pois-nao-se-encontrava-em-situacao-de-flagrante-delito\/","title":{"rendered":"Meliante flagrado por c\u00e2meras furtando fia\u00e7\u00e3o foi localizado por\u00e9m n\u00e3o foi preso, pois n\u00e3o se encontrava em situa\u00e7\u00e3o de flagrante delito"},"content":{"rendered":"<p style=\"text-align: justify;\">O Meliante flagrado por c\u00e2meras de seguran\u00e7a furtando fia\u00e7\u00e3o el\u00e9trica pela segunda vez, em resid\u00eancia na rua Dom Pedro no bairro S\u00e3o Francisco na ter\u00e7a-feira (5), foi localizado e preso por Policiais Militares por volta das 12 Hs de ontem (6).<\/p>\n<p style=\"text-align: justify;\">Ele j\u00e1 \u00e9 conhecido da Pol\u00edcia e usu\u00e1rio de Drogas. No momento da abordagem estava na casa dos pais onde reside com os mesmos e usava as mesmas roupas do dia do furto.<\/p>\n<p style=\"text-align: justify;\">Foi conduzido ao Plant\u00e3o Central onde foi ouvido, confessou o furto e por n\u00e3o estarem presentes os requisitos que autorizavam no dia da pris\u00e3o em flagrante, previstos no c\u00f3digo de processo penal, foi\u00a0 liberado para responder criminalmente por suas condutas em liberdade.<\/p>\n<p style=\"text-align: justify;\">Jorge Zanoni<\/p>\n","protected":false},"excerpt":{"rendered":"<p>O Meliante flagrado por c\u00e2meras de seguran\u00e7a furtando fia\u00e7\u00e3o el\u00e9trica pela segunda vez, em resid\u00eancia na rua Dom Pedro no bairro S\u00e3o Francisco na ter\u00e7a-feira (5), foi localizado e preso por Policiais Militares por volta das 12 Hs de ontem (6). Ele j\u00e1 \u00e9 conhecido da Pol\u00edcia e usu\u00e1rio de Drogas. No momento da abordagem [&hellip;]<\/p>\n","protected":false},"author":1,"featured_media":25403,"comment_status":"closed","ping_status":"open","sticky":false,"template":"","format":"standard","meta":{"footnotes":""},"categories":[110,2],"tags":[],"class_list":["post-25402","post","type-post","status-publish","format-standard","has-post-thumbnail","hentry","category-noticiasdestaque","category-policial"],"_links":{"self":[{"href":"https:\/\/jorgezanoni.com.br\/2019\/wp-json\/wp\/v2\/posts\/25402","targetHints":{"allow":["GET"]}}],"collection":[{"href":"https:\/\/jorgezanoni.com.br\/2019\/wp-json\/wp\/v2\/posts"}],"about":[{"href":"https:\/\/jorgezanoni.com.br\/2019\/wp-json\/wp\/v2\/types\/post"}],"author":[{"embeddable":true,"href":"https:\/\/jorgezanoni.com.br\/2019\/wp-json\/wp\/v2\/users\/1"}],"replies":[{"embeddable":true,"href":"https:\/\/jorgezanoni.com.br\/2019\/wp-json\/wp\/v2\/comments?post=25402"}],"version-history":[{"count":0,"href":"https:\/\/jorgezanoni.com.br\/2019\/wp-json\/wp\/v2\/posts\/25402\/revisions"}],"wp:featuredmedia":[{"embeddable":true,"href":"https:\/\/jorgezanoni.com.br\/2019\/wp-json\/wp\/v2\/media\/25403"}],"wp:attachment":[{"href":"https:\/\/jorgezanoni.com.br\/2019\/wp-json\/wp\/v2\/media?parent=25402"}],"wp:term":[{"taxonomy":"category","embeddable":true,"href":"https:\/\/jorgezanoni.com.br\/2019\/wp-json\/wp\/v2\/categories?post=25402"},{"taxonomy":"post_tag","embeddable":true,"href":"https:\/\/jorgezanoni.com.br\/2019\/wp-json\/wp\/v2\/tags?post=25402"}],"curies":[{"name":"wp","href":"https:\/\/api.w.org\/{rel}","templated":true}]}}