{"id":25386,"date":"2020-05-07T17:47:40","date_gmt":"2020-05-07T17:47:40","guid":{"rendered":"https:\/\/jorgezanoni.com.br\/2019\/?p=25386"},"modified":"2020-05-09T03:58:19","modified_gmt":"2020-05-09T03:58:19","slug":"morador-de-irapuru-morre-na-santa-casa-de-dracena-com-suspeita-de-covid-19","status":"publish","type":"post","link":"https:\/\/jorgezanoni.com.br\/2019\/morador-de-irapuru-morre-na-santa-casa-de-dracena-com-suspeita-de-covid-19\/","title":{"rendered":"Morador de Irapuru morre na Santa Casa de Dracena com suspeita de COVID 19"},"content":{"rendered":"<p style=\"text-align: justify;\">A Santa Casa de Dracena informa hoje que um paciente com suspeita de COVID 19 que estava hospitalizado faleceu. Ele era morador em Irapuru e tinha 74 anos.<\/p>\n<p style=\"text-align: justify;\">Familiares aguardam o resultado do exame para saber ao certo a causa da morte.<\/p>\n<p style=\"text-align: justify;\">Ainda est\u00e3o internados outros dois paciente suspeitos de estar com a doen\u00e7a. H\u00e1 um paciente internado com o novo coronav\u00edrus confirmado.<\/p>\n<p>Fonte: Portal Regional<\/p>\n<p>Imagem Arquivo<\/p>\n","protected":false},"excerpt":{"rendered":"<p>A Santa Casa de Dracena informa hoje que um paciente com suspeita de COVID 19 que estava hospitalizado faleceu. Ele era morador em Irapuru e tinha 74 anos. Familiares aguardam o resultado do exame para saber ao certo a causa da morte. Ainda est\u00e3o internados outros dois paciente suspeitos de estar com a doen\u00e7a. H\u00e1 [&hellip;]<\/p>\n","protected":false},"author":1,"featured_media":25387,"comment_status":"closed","ping_status":"open","sticky":false,"template":"","format":"standard","meta":{"footnotes":""},"categories":[179,192,110],"tags":[],"class_list":["post-25386","post","type-post","status-publish","format-standard","has-post-thumbnail","hentry","category-cidadeseregiao","category-irapuru","category-noticiasdestaque"],"_links":{"self":[{"href":"https:\/\/jorgezanoni.com.br\/2019\/wp-json\/wp\/v2\/posts\/25386","targetHints":{"allow":["GET"]}}],"collection":[{"href":"https:\/\/jorgezanoni.com.br\/2019\/wp-json\/wp\/v2\/posts"}],"about":[{"href":"https:\/\/jorgezanoni.com.br\/2019\/wp-json\/wp\/v2\/types\/post"}],"author":[{"embeddable":true,"href":"https:\/\/jorgezanoni.com.br\/2019\/wp-json\/wp\/v2\/users\/1"}],"replies":[{"embeddable":true,"href":"https:\/\/jorgezanoni.com.br\/2019\/wp-json\/wp\/v2\/comments?post=25386"}],"version-history":[{"count":0,"href":"https:\/\/jorgezanoni.com.br\/2019\/wp-json\/wp\/v2\/posts\/25386\/revisions"}],"wp:featuredmedia":[{"embeddable":true,"href":"https:\/\/jorgezanoni.com.br\/2019\/wp-json\/wp\/v2\/media\/25387"}],"wp:attachment":[{"href":"https:\/\/jorgezanoni.com.br\/2019\/wp-json\/wp\/v2\/media?parent=25386"}],"wp:term":[{"taxonomy":"category","embeddable":true,"href":"https:\/\/jorgezanoni.com.br\/2019\/wp-json\/wp\/v2\/categories?post=25386"},{"taxonomy":"post_tag","embeddable":true,"href":"https:\/\/jorgezanoni.com.br\/2019\/wp-json\/wp\/v2\/tags?post=25386"}],"curies":[{"name":"wp","href":"https:\/\/api.w.org\/{rel}","templated":true}]}}