{"id":2536,"date":"2019-08-01T12:23:31","date_gmt":"2019-08-01T12:23:31","guid":{"rendered":"https:\/\/jorgezanoni.com.br\/2019\/?p=2536"},"modified":"2019-08-01T15:43:48","modified_gmt":"2019-08-01T15:43:48","slug":"operacao-dedo-podre-prende-envolvidos-em-transferencia-de-pontos-e-renovacao-ilicitas-de-cnh","status":"publish","type":"post","link":"https:\/\/jorgezanoni.com.br\/2019\/operacao-dedo-podre-prende-envolvidos-em-transferencia-de-pontos-e-renovacao-ilicitas-de-cnh\/","title":{"rendered":"Opera\u00e7\u00e3o Dedo Podre prende envolvidos em transfer\u00eancia de pontos e renova\u00e7\u00e3o il\u00edcitas de CNH"},"content":{"rendered":"<h2 class=\"content-head__subtitle\" style=\"text-align: justify;\"><strong>Quatro indiv\u00edduos tiveram suas pris\u00f5es tempor\u00e1rias decretadas e cumpridas por serem os mentores do esquema criminoso.<\/strong><\/h2>\n<div class=\"mc-column content-text active-extra-styles active-capital-letter\" style=\"text-align: justify;\" data-block-type=\"unstyled\" data-block-weight=\"22\" data-block-id=\"1\">\n<p class=\"content-text__container theme-color-primary-first-letter\" data-track-category=\"Link no Texto\" data-track-links=\"\">A Opera\u00e7\u00e3o Dedo Podre, da Pol\u00edcia Civil, prendeu quatro pessoas nesta quinta-feira (1\u00ba), em Dracena, Ilha Solteira (SP) e em Selv\u00edria (MS).<\/p>\n<\/div>\n<div class=\"wall protected-content\">\n<div class=\"mc-column content-text active-extra-styles \" style=\"text-align: justify;\" data-block-type=\"unstyled\" data-block-weight=\"41\" data-block-id=\"2\">\n<p class=\"content-text__container \" data-track-category=\"Link no Texto\" data-track-links=\"\">Durante aproximadamente um ano e meio, a Pol\u00edcia Civil investigou crimes de associa\u00e7\u00e3o criminosa, corrup\u00e7\u00e3o ativa, corrup\u00e7\u00e3o passiva, falsidade ideol\u00f3gica e inser\u00e7\u00e3o de dados falsos em sistema de informa\u00e7\u00f5es, relacionado transfer\u00eancia de pontos e renova\u00e7\u00e3o de CNH de forma il\u00edcita.<\/p>\n<\/div>\n<div class=\"mc-column content-text active-extra-styles \" style=\"text-align: justify;\" data-block-type=\"unstyled\" data-block-weight=\"25\" data-block-id=\"3\">\n<p class=\"content-text__container \" data-track-category=\"Link no Texto\" data-track-links=\"\">Ao todo, foram investigadas 191 pessoas, sendo que quatro indiv\u00edduos tiveram suas pris\u00f5es tempor\u00e1rias decretadas e cumpridas por serem os mentores do esquema criminoso.<\/p>\n<\/div>\n<div class=\"mc-column content-text active-extra-styles \" style=\"text-align: justify;\" data-block-type=\"unstyled\" data-block-weight=\"50\" data-block-id=\"4\">\n<p class=\"content-text__container \" data-track-category=\"Link no Texto\" data-track-links=\"\">Em Dracena foi preso um propriet\u00e1rio de um escrit\u00f3rio de recursos de multas de tr\u00e2nsito, em Ilha Solteira foram detidos dois propriet\u00e1rios de um escrit\u00f3rio despachante e em Selv\u00edria foi preso um servidor da autarquia de Ag\u00eancia de Tr\u00e2nsito, do Departamento Estadual de Tr\u00e2nsito do Mato Grosso do Sul.<\/p>\n<\/div>\n<div data-track-category=\"multicontent\" data-track-action=\"ultimo chunk conteudo\" data-track-noninteraction=\"false\" data-track-scroll=\"view\">\n<div class=\"mc-column content-text active-extra-styles \" data-block-type=\"unstyled\" data-block-weight=\"30\" data-block-id=\"5\">\n<p class=\"content-text__container \" style=\"text-align: justify;\" data-track-category=\"Link no Texto\" data-track-links=\"\">A Pol\u00edcia Civil do Estado de S\u00e3o Paulo contou com o apoio da Pol\u00edcia Civil do Estado do Mato Grosso do Sul para execu\u00e7\u00e3o dos servi\u00e7os naquela unidade da federa\u00e7\u00e3o.<\/p>\n<p style=\"text-align: justify;\" data-track-category=\"Link no Texto\" data-track-links=\"\">Fonte: G1<\/p>\n<p style=\"text-align: justify;\" data-track-category=\"Link no Texto\" data-track-links=\"\"><strong>Comunica\u00e7\u00e3o de entrevista coletiva sobre \u201cOpera\u00e7\u00e3o Dedo Podre\u201d<\/strong><br \/>\nEntrevista: 10:00 no audit\u00f3rio da Delegacia Seccional de Pol\u00edcia de Dracena<br \/>\nDelegado: Cleber Augusto Batista &#8211; Titular da Delegacia de Investiga\u00e7\u00f5es Gerais<br \/>\nDelegado: Victor Fernando Cangane Biroli &#8211; Titular da Delegacia de Investiga\u00e7\u00e3o Sobre Entorpecentes<br \/>\nDelegado: Alexandre Luis Luengo Lopes &#8211; Coordenador do Centro de Intelig\u00eancia Policial<\/p>\n<p data-track-category=\"Link no Texto\" data-track-links=\"\"><img loading=\"lazy\" decoding=\"async\" class=\"alignnone size-full wp-image-2538\" src=\"https:\/\/jorgezanoni.com.br\/2019\/wp-content\/uploads\/2019\/08\/Opera\u00e7\u00e31.jpg\" alt=\"\" width=\"1280\" height=\"720\" srcset=\"https:\/\/jorgezanoni.com.br\/2019\/wp-content\/uploads\/2019\/08\/Opera\u00e7\u00e31.jpg 1280w, https:\/\/jorgezanoni.com.br\/2019\/wp-content\/uploads\/2019\/08\/Opera\u00e7\u00e31-300x169.jpg 300w, https:\/\/jorgezanoni.com.br\/2019\/wp-content\/uploads\/2019\/08\/Opera\u00e7\u00e31-768x432.jpg 768w, https:\/\/jorgezanoni.com.br\/2019\/wp-content\/uploads\/2019\/08\/Opera\u00e7\u00e31-1024x576.jpg 1024w, https:\/\/jorgezanoni.com.br\/2019\/wp-content\/uploads\/2019\/08\/Opera\u00e7\u00e31-696x392.jpg 696w, https:\/\/jorgezanoni.com.br\/2019\/wp-content\/uploads\/2019\/08\/Opera\u00e7\u00e31-1068x601.jpg 1068w, https:\/\/jorgezanoni.com.br\/2019\/wp-content\/uploads\/2019\/08\/Opera\u00e7\u00e31-747x420.jpg 747w\" sizes=\"auto, (max-width: 1280px) 100vw, 1280px\" \/> <img loading=\"lazy\" decoding=\"async\" class=\"alignnone size-full wp-image-2539\" src=\"https:\/\/jorgezanoni.com.br\/2019\/wp-content\/uploads\/2019\/08\/Opera\u00e7\u00e3o.jpg\" alt=\"\" width=\"1280\" height=\"720\" srcset=\"https:\/\/jorgezanoni.com.br\/2019\/wp-content\/uploads\/2019\/08\/Opera\u00e7\u00e3o.jpg 1280w, https:\/\/jorgezanoni.com.br\/2019\/wp-content\/uploads\/2019\/08\/Opera\u00e7\u00e3o-300x169.jpg 300w, https:\/\/jorgezanoni.com.br\/2019\/wp-content\/uploads\/2019\/08\/Opera\u00e7\u00e3o-768x432.jpg 768w, https:\/\/jorgezanoni.com.br\/2019\/wp-content\/uploads\/2019\/08\/Opera\u00e7\u00e3o-1024x576.jpg 1024w, https:\/\/jorgezanoni.com.br\/2019\/wp-content\/uploads\/2019\/08\/Opera\u00e7\u00e3o-696x392.jpg 696w, https:\/\/jorgezanoni.com.br\/2019\/wp-content\/uploads\/2019\/08\/Opera\u00e7\u00e3o-1068x601.jpg 1068w, https:\/\/jorgezanoni.com.br\/2019\/wp-content\/uploads\/2019\/08\/Opera\u00e7\u00e3o-747x420.jpg 747w\" sizes=\"auto, (max-width: 1280px) 100vw, 1280px\" \/><img loading=\"lazy\" decoding=\"async\" class=\"alignnone size-full wp-image-2540\" src=\"https:\/\/jorgezanoni.com.br\/2019\/wp-content\/uploads\/2019\/08\/Opera\u00e7\u00e3o2.jpg\" alt=\"\" width=\"720\" height=\"1280\" srcset=\"https:\/\/jorgezanoni.com.br\/2019\/wp-content\/uploads\/2019\/08\/Opera\u00e7\u00e3o2.jpg 720w, https:\/\/jorgezanoni.com.br\/2019\/wp-content\/uploads\/2019\/08\/Opera\u00e7\u00e3o2-169x300.jpg 169w, https:\/\/jorgezanoni.com.br\/2019\/wp-content\/uploads\/2019\/08\/Opera\u00e7\u00e3o2-576x1024.jpg 576w, https:\/\/jorgezanoni.com.br\/2019\/wp-content\/uploads\/2019\/08\/Opera\u00e7\u00e3o2-696x1237.jpg 696w, https:\/\/jorgezanoni.com.br\/2019\/wp-content\/uploads\/2019\/08\/Opera\u00e7\u00e3o2-236x420.jpg 236w\" sizes=\"auto, (max-width: 720px) 100vw, 720px\" \/><\/p>\n<p style=\"text-align: justify;\"><strong>DRACENA &#8211; OPERA\u00c7\u00c3O DEDO PODRE &#8211; POL\u00cdCIA CIVIL DEFLAGRA OPERA\u00c7\u00c3O INTERESTADUAL DE COMBATE A CORRUP\u00c7\u00c3O E PRENDE 4 INTEGRANTES DE ASSOCIA\u00c7\u00c3O CRIMINOSA<\/strong><\/p>\n<p style=\"text-align: justify;\"><strong>GRUPO CRIMINOSO PRESO TRANSFERIA ILICITAMENTE, MEDIANTE PAGAMENTO DE PROPINA, CNHs DO ESTADO DE S\u00c3O PAULO PARA O ESTADO DO MATO GROSSO DO SUL VISANDO EVITAR CUMPRIMENTO DE PENALIDADES ADMINISTRATIVAS DE SUSPENS\u00c3O OU CASSA\u00c7\u00c3O DO DIREITO DE DIRIGIR<\/strong><\/p>\n<p style=\"text-align: justify;\">A Pol\u00edcia Civil do Estado de S\u00e3o Paulo deflagrou nesta manh\u00e3 a a\u00e7\u00e3o operacional denominada \u201cDedo Podre\u201d, que tinha como finalidade o cumprimento de 04 mandados de pris\u00e3o e 07 mandados de busca e apreens\u00e3o expedidos pela Justi\u00e7a ap\u00f3s representa\u00e7\u00e3o das Autoridades Policiais.<br \/>\nAs investiga\u00e7\u00f5es tiveram in\u00edcio na DIG\/DISE\/CIP de Dracena\/SP, em mar\u00e7o de 2018, e visavam investigar uma associa\u00e7\u00e3o criminosa respons\u00e1vel por efetuar transfer\u00eancias il\u00edcitas e mediante pagamento de propina, de CNH\u2019s de condutores de ve\u00edculos residentes no Estado de S\u00e3o Paulo para o Estado do Mato Grosso do Sul, visando, assim, escapar do cumprimento de penalidades administrativas j\u00e1 impostas ou em vias de s\u00ea-lo, em decorr\u00eancia de autua\u00e7\u00f5es e penalidades de tr\u00e2nsito por eles praticadas.<br \/>\nEntretanto, atrav\u00e9s de t\u00e9cnicas de intelig\u00eancia policial, foi poss\u00edvel investigar a conduta da associa\u00e7\u00e3o criminosa desde o ano de 2015.<br \/>\nDurante os trabalhos foram identificados 187 condutores de ve\u00edculos, moradores de Dracena e regi\u00e3o, tendo ficado constatado que ao menos 107 deles, os quais possu\u00edam cassa\u00e7\u00e3o ou suspens\u00e3o da CNH ou outras penalidades administrativas, pagaram propina ao grupo e transferiram ilicitamente a habilita\u00e7\u00e3o para o Estado do Mato Grosso do Sul.<br \/>\nNa ocasi\u00e3o, por orienta\u00e7\u00e3o do grupo criminoso, o condutor do ve\u00edculo declarava endere\u00e7o falso no Estado vizinho, visando, assim, dar uma apar\u00eancia l\u00edcita na transfer\u00eancia efetuada.<br \/>\nSegundo restou apurado a associa\u00e7\u00e3o criminosa teria movimentado o valor aproximado de R$ 200.000,00 (duzentos mil reais) a t\u00edtulo de suborno.<br \/>\nUm dos integrantes morador de Dracena, de 40 anos, propriet\u00e1rio de uma empresa de presta\u00e7\u00e3o de servi\u00e7os de recursos de multas de tr\u00e2nsito, o qual seria respons\u00e1vel pela capta\u00e7\u00e3o dos clientes que possu\u00edam penalidades administrativas em suas CNHs, e, ap\u00f3s o pagamento de propina, os dados eram repassados para um escrit\u00f3rio de despachante, localizado na cidade de Ilha Solteira, de propriedade de dois outros presos, ambos irm\u00e3os, de 47 e 56 anos.<br \/>\nDe posse do dinheiro e dos dados pessoais, estes outros dois integrantes repassavam a propina para o gerente executivo, de 45 anos, da Ag\u00eancia de Tr\u00e2nsito de Selv\u00edria, \u00f3rg\u00e3o vinculado ao Departamento de Tr\u00e2nsito do Mato Grosso do Sul, qual fazia \u201cvistas grossas\u201d para as penalidades, em raz\u00e3o do pagamento do suborno, e inseria os dados falsos nos sistemas do DETRAN\/MS.<br \/>\nCom isso, o condutor do ve\u00edculo, que havia pago a propina e declarado endere\u00e7o falso, conseguiam efetuar a transfer\u00eancia da CNH sem que fosse preciso cumprir as penalidades impostas ou a ser imposta pelo \u00f3rg\u00e3o de tr\u00e2nsito do Estado de S\u00e3o Paulo\/SP.<\/p>\n<p style=\"text-align: justify;\">Os 04 integrantes da associa\u00e7\u00e3o criminosa foram presos temporariamente pelo prazo de 05 dias, podendo ser a pris\u00e3o prorrogada por igual per\u00edodo.<\/p>\n<p style=\"text-align: justify;\">Eles ser\u00e3o indiciados pela pr\u00e1tica de crime de associa\u00e7\u00e3o criminosa, corrup\u00e7\u00e3o ativa e passiva, falsidade ideol\u00f3gica e inser\u00e7\u00e3o de dados falsos em sistema informatizados.<\/p>\n<p style=\"text-align: justify;\">J\u00e1 os condutores que utilizaram dos servi\u00e7os il\u00edcitos da associa\u00e7\u00e3o criminosa, ser\u00e3o responsabilizados criminalmente, atrav\u00e9s da instaura\u00e7\u00e3o de inqu\u00e9rito policial visando a apura\u00e7\u00e3o de delitos de falsidade ideol\u00f3gica e corrup\u00e7\u00e3o ativa, al\u00e9m de poderem ter suas CNHs bloqueadas e apreendidas em raz\u00e3o da ilicitude.<\/p>\n<p style=\"text-align: justify;\">Al\u00e9m das 04 pris\u00f5es, tamb\u00e9m foram cumpridos pela Pol\u00edcia Civil do Estado de S\u00e3o Paulo 02 mandados de busca e apreens\u00e3o na cidade de Dracena, 03 na cidade de Ilha Solteira, e 02 no munic\u00edpio de Selv\u00edria, sendo que um deles no \u00f3rg\u00e3o de tr\u00e2nsito (DETRAN\/MS).<\/p>\n<p style=\"text-align: justify;\">Tamb\u00e9m foram apreendidos 4 ve\u00edculos pertencentes aos integrantes da associa\u00e7\u00e3o criminosa, al\u00e9m de celulares, computadores e outros documentos.<\/p>\n<p style=\"text-align: justify;\">A associa\u00e7\u00e3o foi desencadeada simultaneamente em Dracena\/SP, Ilha Solteira\/SP e Selv\u00edria\/MS, por policiais civis do Estado de S\u00e3o Paulo, contando na execu\u00e7\u00e3o com o apoio da Pol\u00edcia Civil do Estado do Mato Grosso do Sul e da Corredoria da Pol\u00edcia de Tr\u00e2nsito (DETRAN\/MS).<\/p>\n<p style=\"text-align: justify;\">As investiga\u00e7\u00f5es policiais continuam a fim de identificar outros condutores que transferiram ilicitamente as suas CNHs, j\u00e1 havendo ind\u00edcios de transfer\u00eancias para outras cidades do Mato Grosso do Sul\/MS, Goi\u00e1s\/GO, Paran\u00e1\/PR e Par\u00e1\/PA.<\/p>\n<p style=\"text-align: justify;\" data-track-category=\"Link no Texto\" data-track-links=\"\">Fonte: Com. Social da Pol\u00edcia Civil<\/p>\n<p style=\"text-align: justify;\" data-track-category=\"Link no Texto\" data-track-links=\"\">\n<\/div>\n<\/div>\n<\/div>\n","protected":false},"excerpt":{"rendered":"<p>Quatro indiv\u00edduos tiveram suas pris\u00f5es tempor\u00e1rias decretadas e cumpridas por serem os mentores do esquema criminoso. A Opera\u00e7\u00e3o Dedo Podre, da Pol\u00edcia Civil, prendeu quatro pessoas nesta quinta-feira (1\u00ba), em Dracena, Ilha Solteira (SP) e em Selv\u00edria (MS). Durante aproximadamente um ano e meio, a Pol\u00edcia Civil investigou crimes de associa\u00e7\u00e3o criminosa, corrup\u00e7\u00e3o ativa, corrup\u00e7\u00e3o [&hellip;]<\/p>\n","protected":false},"author":1,"featured_media":2541,"comment_status":"closed","ping_status":"open","sticky":false,"template":"","format":"standard","meta":{"footnotes":""},"categories":[110,2],"tags":[],"class_list":["post-2536","post","type-post","status-publish","format-standard","has-post-thumbnail","hentry","category-noticiasdestaque","category-policial"],"_links":{"self":[{"href":"https:\/\/jorgezanoni.com.br\/2019\/wp-json\/wp\/v2\/posts\/2536","targetHints":{"allow":["GET"]}}],"collection":[{"href":"https:\/\/jorgezanoni.com.br\/2019\/wp-json\/wp\/v2\/posts"}],"about":[{"href":"https:\/\/jorgezanoni.com.br\/2019\/wp-json\/wp\/v2\/types\/post"}],"author":[{"embeddable":true,"href":"https:\/\/jorgezanoni.com.br\/2019\/wp-json\/wp\/v2\/users\/1"}],"replies":[{"embeddable":true,"href":"https:\/\/jorgezanoni.com.br\/2019\/wp-json\/wp\/v2\/comments?post=2536"}],"version-history":[{"count":0,"href":"https:\/\/jorgezanoni.com.br\/2019\/wp-json\/wp\/v2\/posts\/2536\/revisions"}],"wp:featuredmedia":[{"embeddable":true,"href":"https:\/\/jorgezanoni.com.br\/2019\/wp-json\/wp\/v2\/media\/2541"}],"wp:attachment":[{"href":"https:\/\/jorgezanoni.com.br\/2019\/wp-json\/wp\/v2\/media?parent=2536"}],"wp:term":[{"taxonomy":"category","embeddable":true,"href":"https:\/\/jorgezanoni.com.br\/2019\/wp-json\/wp\/v2\/categories?post=2536"},{"taxonomy":"post_tag","embeddable":true,"href":"https:\/\/jorgezanoni.com.br\/2019\/wp-json\/wp\/v2\/tags?post=2536"}],"curies":[{"name":"wp","href":"https:\/\/api.w.org\/{rel}","templated":true}]}}